{"id":15199,"date":"2022-01-31T16:31:49","date_gmt":"2022-01-31T15:31:49","guid":{"rendered":"https:\/\/www.predsjednik.hr\/?post_type=news&#038;p=15199"},"modified":"2022-01-31T16:31:56","modified_gmt":"2022-01-31T15:31:56","slug":"president-milanovic-meets-with-participants-of-military-police-operation-otkos-10","status":"publish","type":"news","link":"https:\/\/www.predsjednik.hr\/en\/news\/president-milanovic-meets-with-participants-of-military-police-operation-otkos-10\/","title":{"rendered":"President Milanovi\u0107 Meets with Participants of Military Police Operation \u201cOtkos 10\u201c"},"content":{"rendered":"\n<p>The President of the Republic Zoran Milanovi\u0107 held a meeting today in the Office of the President of the Republic with participants of the military police operation \u201cOtkos 10\u201d, one of the Croatian army\u2019s first liberating operations in the Homeland War.<\/p>\n\n\n\n<p>They discussed the military police operation \u201cOtkos 10\u201d, which was already successfully carried out towards the end of 1991 on the western Slavonian battlefield liberating the occupied parts of Bilogora. Underlining the importance of this first and, as they said, very significant military police operation in the Homeland War, the participants informed President Milanovi\u0107 of their initiative to institute a memorial medal that would be dedicated to the first liberating military police operations in western Slavonia in 1991.<\/p>\n\n\n\n<p>The military police operation \u201cOtkos 10\u201d \u2013 along with operations \u201cOrkan 91\u201d and \u201cPapuk\u201d were significant for the defense and liberation of occupied parts of Croatia and in some way heralded Operation Flash. The participants told President Milanovi\u0107 that it\u2019s high time that this military police operation be valued and given the status it deserves.<\/p>\n\n\n\n<p>Attending the meeting with President Milanovi\u0107 were participants of the military police operation \u201cOtkos 10\u201d Vedran \u010cerny, Franjo Kova\u010devi\u0107, Hamdija Ma\u0161inovi\u0107, Milan Filipovi\u0107, Ivan Koreni\u0107 and the director of the Croatian Memorial Documentation Centre of the Homeland War Ante Nazor.<\/p>\n\n\n\n<p>Alongside President Milanovi\u0107 was the Special Adviser to the President for Homeland War Veterans Marijan Marekovi\u0107.<\/p>\n\n\n<!--GALLERY BLOCK-->\n<div class=\"c-lightbox-gallery js-lightbox\">\n                <!--single-->\n            <a data-no-swup class=\"c-lightbox-gallery__single js-lightbox-single\"\n               href=\"https:\/\/www.predsjednik.hr\/wp-content\/uploads\/2022\/01\/DSC_1920-1024x576.jpg\"\n               style=\"background-image: url('https:\/\/www.predsjednik.hr\/wp-content\/uploads\/2022\/01\/DSC_1920-768x432.jpg')\"><\/a>\n            <!--end single-->\n                    <!--single-->\n            <a data-no-swup class=\"c-lightbox-gallery__single js-lightbox-single\"\n               href=\"https:\/\/www.predsjednik.hr\/wp-content\/uploads\/2022\/01\/DSC_1927-1024x683.jpg\"\n               style=\"background-image: url('https:\/\/www.predsjednik.hr\/wp-content\/uploads\/2022\/01\/DSC_1927-768x512.jpg')\"><\/a>\n            <!--end single-->\n                    <!--single-->\n            <a data-no-swup class=\"c-lightbox-gallery__single js-lightbox-single\"\n               href=\"https:\/\/www.predsjednik.hr\/wp-content\/uploads\/2022\/01\/DSC_1939-1024x683.jpg\"\n               style=\"background-image: url('https:\/\/www.predsjednik.hr\/wp-content\/uploads\/2022\/01\/DSC_1939-768x512.jpg')\"><\/a>\n            <!--end single-->\n                    <!--single-->\n            <a data-no-swup class=\"c-lightbox-gallery__single js-lightbox-single\"\n               href=\"https:\/\/www.predsjednik.hr\/wp-content\/uploads\/2022\/01\/DSC_1950-1024x683.jpg\"\n               style=\"background-image: url('https:\/\/www.predsjednik.hr\/wp-content\/uploads\/2022\/01\/DSC_1950-768x512.jpg')\"><\/a>\n            <!--end single-->\n        <\/div>\n<!--end GALLERY BLOCK-->\n\n\n\n<p>PHOTO: Office of the President of the Republic of Croatia \/ Tomislav Bu\u0161ljeta<\/p>\n","protected":false},"excerpt":{"rendered":"<p>The President of the Republic Zoran Milanovi\u0107 held a meeting today in the Office of the President of the Republic with participants of the military police operation \u201cOtkos 10\u201d, one of the Croatian army\u2019s first liberating operations in the Homeland War.<\/p>\n","protected":false},"featured_media":15188,"template":"","news-cat":[12],"class_list":["post-15199","news","type-news","status-publish","has-post-thumbnail","hentry","news-cat-news"],"acf":[],"yoast_head":"<!-- This site is optimized with the Yoast SEO plugin v27.5 - https:\/\/yoast.com\/product\/yoast-seo-wordpress\/ -->\n<title>President Milanovi\u0107 Meets with Participants of Military Police Operation \u201cOtkos 10\u201c - President of the Republic of Croatia - Zoran Milanovi\u0107<\/title>\n<meta name=\"robots\" content=\"index, follow, max-snippet:-1, max-image-preview:large, max-video-preview:-1\" \/>\n<link rel=\"canonical\" href=\"https:\/\/www.predsjednik.hr\/en\/news\/president-milanovic-meets-with-participants-of-military-police-operation-otkos-10\/\" \/>\n<meta property=\"og:locale\" content=\"en_US\" \/>\n<meta property=\"og:type\" content=\"article\" \/>\n<meta property=\"og:title\" content=\"President Milanovi\u0107 Meets with Participants of Military Police Operation \u201cOtkos 10\u201c - President of the Republic of Croatia - Zoran Milanovi\u0107\" \/>\n<meta property=\"og:description\" content=\"The President of the Republic Zoran Milanovi\u0107 held a meeting today in the Office of the President of the Republic with participants of the military police operation \u201cOtkos 10\u201d, one of the Croatian army\u2019s first liberating operations in the Homeland War.\" \/>\n<meta property=\"og:url\" content=\"https:\/\/www.predsjednik.hr\/en\/news\/president-milanovic-meets-with-participants-of-military-police-operation-otkos-10\/\" \/>\n<meta property=\"og:site_name\" content=\"President of the Republic of Croatia - Zoran Milanovi\u0107\" \/>\n<meta property=\"article:modified_time\" content=\"2022-01-31T15:31:56+00:00\" \/>\n<meta property=\"og:image\" content=\"https:\/\/www.predsjednik.hr\/wp-content\/uploads\/2022\/01\/DSC_1920.jpg\" \/>\n\t<meta property=\"og:image:width\" content=\"4415\" \/>\n\t<meta property=\"og:image:height\" content=\"2483\" \/>\n\t<meta property=\"og:image:type\" content=\"image\/jpeg\" \/>\n<meta name=\"twitter:card\" content=\"summary_large_image\" \/>\n<meta name=\"twitter:label1\" content=\"Est. reading time\" \/>\n\t<meta name=\"twitter:data1\" content=\"2 minutes\" \/>\n<script type=\"application\/ld+json\" class=\"yoast-schema-graph\">{\"@context\":\"https:\\\/\\\/schema.org\",\"@graph\":[{\"@type\":\"WebPage\",\"@id\":\"https:\\\/\\\/www.predsjednik.hr\\\/en\\\/news\\\/president-milanovic-meets-with-participants-of-military-police-operation-otkos-10\\\/\",\"url\":\"https:\\\/\\\/www.predsjednik.hr\\\/en\\\/news\\\/president-milanovic-meets-with-participants-of-military-police-operation-otkos-10\\\/\",\"name\":\"President Milanovi\u0107 Meets with Participants of Military Police Operation \u201cOtkos 10\u201c - President of the Republic of Croatia - Zoran Milanovi\u0107\",\"isPartOf\":{\"@id\":\"https:\\\/\\\/www.predsjednik.hr\\\/en\\\/#website\"},\"primaryImageOfPage\":{\"@id\":\"https:\\\/\\\/www.predsjednik.hr\\\/en\\\/news\\\/president-milanovic-meets-with-participants-of-military-police-operation-otkos-10\\\/#primaryimage\"},\"image\":{\"@id\":\"https:\\\/\\\/www.predsjednik.hr\\\/en\\\/news\\\/president-milanovic-meets-with-participants-of-military-police-operation-otkos-10\\\/#primaryimage\"},\"thumbnailUrl\":\"https:\\\/\\\/www.predsjednik.hr\\\/wp-content\\\/uploads\\\/2022\\\/01\\\/DSC_1920.jpg\",\"datePublished\":\"2022-01-31T15:31:49+00:00\",\"dateModified\":\"2022-01-31T15:31:56+00:00\",\"breadcrumb\":{\"@id\":\"https:\\\/\\\/www.predsjednik.hr\\\/en\\\/news\\\/president-milanovic-meets-with-participants-of-military-police-operation-otkos-10\\\/#breadcrumb\"},\"inLanguage\":\"en-US\",\"potentialAction\":[{\"@type\":\"ReadAction\",\"target\":[\"https:\\\/\\\/www.predsjednik.hr\\\/en\\\/news\\\/president-milanovic-meets-with-participants-of-military-police-operation-otkos-10\\\/\"]}]},{\"@type\":\"ImageObject\",\"inLanguage\":\"en-US\",\"@id\":\"https:\\\/\\\/www.predsjednik.hr\\\/en\\\/news\\\/president-milanovic-meets-with-participants-of-military-police-operation-otkos-10\\\/#primaryimage\",\"url\":\"https:\\\/\\\/www.predsjednik.hr\\\/wp-content\\\/uploads\\\/2022\\\/01\\\/DSC_1920.jpg\",\"contentUrl\":\"https:\\\/\\\/www.predsjednik.hr\\\/wp-content\\\/uploads\\\/2022\\\/01\\\/DSC_1920.jpg\",\"width\":4415,\"height\":2483,\"caption\":\"President Milanovi\u0107 Meets with Participants of Military Police Operation \u201cOtkos 10\u201c\"},{\"@type\":\"BreadcrumbList\",\"@id\":\"https:\\\/\\\/www.predsjednik.hr\\\/en\\\/news\\\/president-milanovic-meets-with-participants-of-military-police-operation-otkos-10\\\/#breadcrumb\",\"itemListElement\":[{\"@type\":\"ListItem\",\"position\":1,\"name\":\"Home\",\"item\":\"https:\\\/\\\/www.predsjednik.hr\\\/en\\\/\"},{\"@type\":\"ListItem\",\"position\":2,\"name\":\"Vijesti\",\"item\":\"https:\\\/\\\/www.predsjednik.hr\\\/en\\\/news\\\/\"},{\"@type\":\"ListItem\",\"position\":3,\"name\":\"President Milanovi\u0107 Meets with Participants of Military Police Operation \u201cOtkos 10\u201c\"}]},{\"@type\":\"WebSite\",\"@id\":\"https:\\\/\\\/www.predsjednik.hr\\\/en\\\/#website\",\"url\":\"https:\\\/\\\/www.predsjednik.hr\\\/en\\\/\",\"name\":\"President of the Republic of Croatia - Zoran Milanovi\u0107\",\"description\":\"Just another WordPress site\",\"potentialAction\":[{\"@type\":\"SearchAction\",\"target\":{\"@type\":\"EntryPoint\",\"urlTemplate\":\"https:\\\/\\\/www.predsjednik.hr\\\/en\\\/?s={search_term_string}\"},\"query-input\":{\"@type\":\"PropertyValueSpecification\",\"valueRequired\":true,\"valueName\":\"search_term_string\"}}],\"inLanguage\":\"en-US\"}]}<\/script>\n<!-- \/ Yoast SEO plugin. -->","yoast_head_json":{"title":"President Milanovi\u0107 Meets with Participants of Military Police Operation \u201cOtkos 10\u201c - President of the Republic of Croatia - Zoran Milanovi\u0107","robots":{"index":"index","follow":"follow","max-snippet":"max-snippet:-1","max-image-preview":"max-image-preview:large","max-video-preview":"max-video-preview:-1"},"canonical":"https:\/\/www.predsjednik.hr\/en\/news\/president-milanovic-meets-with-participants-of-military-police-operation-otkos-10\/","og_locale":"en_US","og_type":"article","og_title":"President Milanovi\u0107 Meets with Participants of Military Police Operation \u201cOtkos 10\u201c - President of the Republic of Croatia - Zoran Milanovi\u0107","og_description":"The President of the Republic Zoran Milanovi\u0107 held a meeting today in the Office of the President of the Republic with participants of the military police operation \u201cOtkos 10\u201d, one of the Croatian army\u2019s first liberating operations in the Homeland War.","og_url":"https:\/\/www.predsjednik.hr\/en\/news\/president-milanovic-meets-with-participants-of-military-police-operation-otkos-10\/","og_site_name":"President of the Republic of Croatia - Zoran Milanovi\u0107","article_modified_time":"2022-01-31T15:31:56+00:00","og_image":[{"width":4415,"height":2483,"url":"https:\/\/www.predsjednik.hr\/wp-content\/uploads\/2022\/01\/DSC_1920.jpg","type":"image\/jpeg"}],"twitter_card":"summary_large_image","twitter_misc":{"Est. reading time":"2 minutes"},"schema":{"@context":"https:\/\/schema.org","@graph":[{"@type":"WebPage","@id":"https:\/\/www.predsjednik.hr\/en\/news\/president-milanovic-meets-with-participants-of-military-police-operation-otkos-10\/","url":"https:\/\/www.predsjednik.hr\/en\/news\/president-milanovic-meets-with-participants-of-military-police-operation-otkos-10\/","name":"President Milanovi\u0107 Meets with Participants of Military Police Operation \u201cOtkos 10\u201c - President of the Republic of Croatia - Zoran Milanovi\u0107","isPartOf":{"@id":"https:\/\/www.predsjednik.hr\/en\/#website"},"primaryImageOfPage":{"@id":"https:\/\/www.predsjednik.hr\/en\/news\/president-milanovic-meets-with-participants-of-military-police-operation-otkos-10\/#primaryimage"},"image":{"@id":"https:\/\/www.predsjednik.hr\/en\/news\/president-milanovic-meets-with-participants-of-military-police-operation-otkos-10\/#primaryimage"},"thumbnailUrl":"https:\/\/www.predsjednik.hr\/wp-content\/uploads\/2022\/01\/DSC_1920.jpg","datePublished":"2022-01-31T15:31:49+00:00","dateModified":"2022-01-31T15:31:56+00:00","breadcrumb":{"@id":"https:\/\/www.predsjednik.hr\/en\/news\/president-milanovic-meets-with-participants-of-military-police-operation-otkos-10\/#breadcrumb"},"inLanguage":"en-US","potentialAction":[{"@type":"ReadAction","target":["https:\/\/www.predsjednik.hr\/en\/news\/president-milanovic-meets-with-participants-of-military-police-operation-otkos-10\/"]}]},{"@type":"ImageObject","inLanguage":"en-US","@id":"https:\/\/www.predsjednik.hr\/en\/news\/president-milanovic-meets-with-participants-of-military-police-operation-otkos-10\/#primaryimage","url":"https:\/\/www.predsjednik.hr\/wp-content\/uploads\/2022\/01\/DSC_1920.jpg","contentUrl":"https:\/\/www.predsjednik.hr\/wp-content\/uploads\/2022\/01\/DSC_1920.jpg","width":4415,"height":2483,"caption":"President Milanovi\u0107 Meets with Participants of Military Police Operation \u201cOtkos 10\u201c"},{"@type":"BreadcrumbList","@id":"https:\/\/www.predsjednik.hr\/en\/news\/president-milanovic-meets-with-participants-of-military-police-operation-otkos-10\/#breadcrumb","itemListElement":[{"@type":"ListItem","position":1,"name":"Home","item":"https:\/\/www.predsjednik.hr\/en\/"},{"@type":"ListItem","position":2,"name":"Vijesti","item":"https:\/\/www.predsjednik.hr\/en\/news\/"},{"@type":"ListItem","position":3,"name":"President Milanovi\u0107 Meets with Participants of Military Police Operation \u201cOtkos 10\u201c"}]},{"@type":"WebSite","@id":"https:\/\/www.predsjednik.hr\/en\/#website","url":"https:\/\/www.predsjednik.hr\/en\/","name":"President of the Republic of Croatia - Zoran Milanovi\u0107","description":"Just another WordPress site","potentialAction":[{"@type":"SearchAction","target":{"@type":"EntryPoint","urlTemplate":"https:\/\/www.predsjednik.hr\/en\/?s={search_term_string}"},"query-input":{"@type":"PropertyValueSpecification","valueRequired":true,"valueName":"search_term_string"}}],"inLanguage":"en-US"}]}},"_links":{"self":[{"href":"https:\/\/www.predsjednik.hr\/en\/wp-json\/wp\/v2\/news\/15199","targetHints":{"allow":["GET"]}}],"collection":[{"href":"https:\/\/www.predsjednik.hr\/en\/wp-json\/wp\/v2\/news"}],"about":[{"href":"https:\/\/www.predsjednik.hr\/en\/wp-json\/wp\/v2\/types\/news"}],"wp:featuredmedia":[{"embeddable":true,"href":"https:\/\/www.predsjednik.hr\/en\/wp-json\/wp\/v2\/media\/15188"}],"wp:attachment":[{"href":"https:\/\/www.predsjednik.hr\/en\/wp-json\/wp\/v2\/media?parent=15199"}],"wp:term":[{"taxonomy":"news-cat","embeddable":true,"href":"https:\/\/www.predsjednik.hr\/en\/wp-json\/wp\/v2\/news-cat?post=15199"}],"curies":[{"name":"wp","href":"https:\/\/api.w.org\/{rel}","templated":true}]}}