{"id":15220,"date":"2022-02-01T14:57:08","date_gmt":"2022-02-01T13:57:08","guid":{"rendered":"https:\/\/www.predsjednik.hr\/?post_type=news&#038;p=15220"},"modified":"2022-02-01T14:57:11","modified_gmt":"2022-02-01T13:57:11","slug":"president-milanovic-receives-representative-of-dutch-green-trust-company","status":"publish","type":"news","link":"https:\/\/www.predsjednik.hr\/en\/news\/president-milanovic-receives-representative-of-dutch-green-trust-company\/","title":{"rendered":"President Milanovi\u0107 Receives Representative of Dutch Green Trust Company"},"content":{"rendered":"\n<p>The President of the Republic Zoran Milanovi\u0107 held a meeting with representatives of the Dutch Green Trust Company: director Jeroen Boerkamps, project manager of the \u201cLi\u010dki Medvjed\u201d Wind Farm Project Jorick Messink and Croatia manager Goran Tr\u0161ka.<\/p>\n\n\n\n<p>The Company\u2019s representatives made a presentation of the \u201cLi\u010dki Medvjed\u201d Wind Farm Project to President Milanovi\u0107, which Green Trust is preparing in conjunction with its German partner Enercon in the vicinity of Oto\u010dac. The \u201cLi\u010dki Medvjed\u201d Wind Farm Project is currently the largest project of this kind in Croatia with planned investments of 500 million euros. Green Trust representatives underlined that the planned capacity of the wind farm is 425 MW and the planned annual production is 1 TWh of green energy.<\/p>\n\n\n\n<p>In addition to creating new jobs, the \u201cLi\u010dki Medvjed\u201d Wind Farm Project plans to directly assist local sustainable projects and initiatives as stated by Green Trust representatives who explained that they plan to set up a 200 thousand euro annual fund to support local sustainable projects aimed at improving the economic, social and environmental living conditions. Furthermore, they noted that the construction of the wind farm will improve the infrastructure in the area of Oto\u010dac and surrounding communities given that the project\u2019s realization will require the construction of 25 kilometres of roads and invest in the construction of a new high voltage network.<\/p>\n\n\n\n<p>Alongside President Milanovi\u0107 at the presentation of the project was the Special Adviser to the President for Energy and Climate Julije Domac.<\/p>\n\n\n<!--GALLERY BLOCK-->\n<div class=\"c-lightbox-gallery js-lightbox\">\n                <!--single-->\n            <a data-no-swup class=\"c-lightbox-gallery__single js-lightbox-single\"\n               href=\"https:\/\/www.predsjednik.hr\/wp-content\/uploads\/2022\/02\/DSC_2202-1024x576.jpg\"\n               style=\"background-image: url('https:\/\/www.predsjednik.hr\/wp-content\/uploads\/2022\/02\/DSC_2202-768x432.jpg')\"><\/a>\n            <!--end single-->\n                    <!--single-->\n            <a data-no-swup class=\"c-lightbox-gallery__single js-lightbox-single\"\n               href=\"https:\/\/www.predsjednik.hr\/wp-content\/uploads\/2022\/02\/DSC_2230-1024x576.jpg\"\n               style=\"background-image: url('https:\/\/www.predsjednik.hr\/wp-content\/uploads\/2022\/02\/DSC_2230-768x432.jpg')\"><\/a>\n            <!--end single-->\n                    <!--single-->\n            <a data-no-swup class=\"c-lightbox-gallery__single js-lightbox-single\"\n               href=\"https:\/\/www.predsjednik.hr\/wp-content\/uploads\/2022\/02\/DSC_2237-1024x576.jpg\"\n               style=\"background-image: url('https:\/\/www.predsjednik.hr\/wp-content\/uploads\/2022\/02\/DSC_2237-768x432.jpg')\"><\/a>\n            <!--end single-->\n        <\/div>\n<!--end GALLERY BLOCK-->\n\n\n\n<p>PHOTO: Office of the President of the Republic of Croatia \/ Marko Beljan<\/p>\n","protected":false},"excerpt":{"rendered":"<p>The President of the Republic Zoran Milanovi\u0107 held a meeting with representatives of the Dutch Green Trust Company: director Jeroen Boerkamps, project manager of the \u201cLi\u010dki Medvjed\u201d Wind Farm Project Jorick Messink and Croatia manager Goran Tr\u0161ka.<\/p>\n","protected":false},"featured_media":15214,"template":"","news-cat":[12],"class_list":["post-15220","news","type-news","status-publish","has-post-thumbnail","hentry","news-cat-news"],"acf":[],"yoast_head":"<!-- This site is optimized with the Yoast SEO plugin v27.5 - https:\/\/yoast.com\/product\/yoast-seo-wordpress\/ -->\n<title>President Milanovi\u0107 Receives Representative of Dutch Green Trust Company - President of the Republic of Croatia - Zoran Milanovi\u0107<\/title>\n<meta name=\"robots\" content=\"index, follow, max-snippet:-1, max-image-preview:large, max-video-preview:-1\" \/>\n<link rel=\"canonical\" href=\"https:\/\/www.predsjednik.hr\/en\/news\/president-milanovic-receives-representative-of-dutch-green-trust-company\/\" \/>\n<meta property=\"og:locale\" content=\"en_US\" \/>\n<meta property=\"og:type\" content=\"article\" \/>\n<meta property=\"og:title\" content=\"President Milanovi\u0107 Receives Representative of Dutch Green Trust Company - President of the Republic of Croatia - Zoran Milanovi\u0107\" \/>\n<meta property=\"og:description\" content=\"The President of the Republic Zoran Milanovi\u0107 held a meeting with representatives of the Dutch Green Trust Company: director Jeroen Boerkamps, project manager of the \u201cLi\u010dki Medvjed\u201d Wind Farm Project Jorick Messink and Croatia manager Goran Tr\u0161ka.\" \/>\n<meta property=\"og:url\" content=\"https:\/\/www.predsjednik.hr\/en\/news\/president-milanovic-receives-representative-of-dutch-green-trust-company\/\" \/>\n<meta property=\"og:site_name\" content=\"President of the Republic of Croatia - Zoran Milanovi\u0107\" \/>\n<meta property=\"article:modified_time\" content=\"2022-02-01T13:57:11+00:00\" \/>\n<meta property=\"og:image\" content=\"https:\/\/www.predsjednik.hr\/wp-content\/uploads\/2022\/02\/DSC_2230.jpg\" \/>\n\t<meta property=\"og:image:width\" content=\"5238\" \/>\n\t<meta property=\"og:image:height\" content=\"2946\" \/>\n\t<meta property=\"og:image:type\" content=\"image\/jpeg\" \/>\n<meta name=\"twitter:card\" content=\"summary_large_image\" \/>\n<meta name=\"twitter:label1\" content=\"Est. reading time\" \/>\n\t<meta name=\"twitter:data1\" content=\"2 minutes\" \/>\n<script type=\"application\/ld+json\" class=\"yoast-schema-graph\">{\"@context\":\"https:\\\/\\\/schema.org\",\"@graph\":[{\"@type\":\"WebPage\",\"@id\":\"https:\\\/\\\/www.predsjednik.hr\\\/en\\\/news\\\/president-milanovic-receives-representative-of-dutch-green-trust-company\\\/\",\"url\":\"https:\\\/\\\/www.predsjednik.hr\\\/en\\\/news\\\/president-milanovic-receives-representative-of-dutch-green-trust-company\\\/\",\"name\":\"President Milanovi\u0107 Receives Representative of Dutch Green Trust Company - President of the Republic of Croatia - Zoran Milanovi\u0107\",\"isPartOf\":{\"@id\":\"https:\\\/\\\/www.predsjednik.hr\\\/en\\\/#website\"},\"primaryImageOfPage\":{\"@id\":\"https:\\\/\\\/www.predsjednik.hr\\\/en\\\/news\\\/president-milanovic-receives-representative-of-dutch-green-trust-company\\\/#primaryimage\"},\"image\":{\"@id\":\"https:\\\/\\\/www.predsjednik.hr\\\/en\\\/news\\\/president-milanovic-receives-representative-of-dutch-green-trust-company\\\/#primaryimage\"},\"thumbnailUrl\":\"https:\\\/\\\/www.predsjednik.hr\\\/wp-content\\\/uploads\\\/2022\\\/02\\\/DSC_2230.jpg\",\"datePublished\":\"2022-02-01T13:57:08+00:00\",\"dateModified\":\"2022-02-01T13:57:11+00:00\",\"breadcrumb\":{\"@id\":\"https:\\\/\\\/www.predsjednik.hr\\\/en\\\/news\\\/president-milanovic-receives-representative-of-dutch-green-trust-company\\\/#breadcrumb\"},\"inLanguage\":\"en-US\",\"potentialAction\":[{\"@type\":\"ReadAction\",\"target\":[\"https:\\\/\\\/www.predsjednik.hr\\\/en\\\/news\\\/president-milanovic-receives-representative-of-dutch-green-trust-company\\\/\"]}]},{\"@type\":\"ImageObject\",\"inLanguage\":\"en-US\",\"@id\":\"https:\\\/\\\/www.predsjednik.hr\\\/en\\\/news\\\/president-milanovic-receives-representative-of-dutch-green-trust-company\\\/#primaryimage\",\"url\":\"https:\\\/\\\/www.predsjednik.hr\\\/wp-content\\\/uploads\\\/2022\\\/02\\\/DSC_2230.jpg\",\"contentUrl\":\"https:\\\/\\\/www.predsjednik.hr\\\/wp-content\\\/uploads\\\/2022\\\/02\\\/DSC_2230.jpg\",\"width\":5238,\"height\":2946,\"caption\":\"President Milanovi\u0107 Receives Representative of Dutch Green Trust Company\"},{\"@type\":\"BreadcrumbList\",\"@id\":\"https:\\\/\\\/www.predsjednik.hr\\\/en\\\/news\\\/president-milanovic-receives-representative-of-dutch-green-trust-company\\\/#breadcrumb\",\"itemListElement\":[{\"@type\":\"ListItem\",\"position\":1,\"name\":\"Home\",\"item\":\"https:\\\/\\\/www.predsjednik.hr\\\/en\\\/\"},{\"@type\":\"ListItem\",\"position\":2,\"name\":\"Vijesti\",\"item\":\"https:\\\/\\\/www.predsjednik.hr\\\/en\\\/news\\\/\"},{\"@type\":\"ListItem\",\"position\":3,\"name\":\"President Milanovi\u0107 Receives Representative of Dutch Green Trust Company\"}]},{\"@type\":\"WebSite\",\"@id\":\"https:\\\/\\\/www.predsjednik.hr\\\/en\\\/#website\",\"url\":\"https:\\\/\\\/www.predsjednik.hr\\\/en\\\/\",\"name\":\"President of the Republic of Croatia - Zoran Milanovi\u0107\",\"description\":\"Just another WordPress site\",\"potentialAction\":[{\"@type\":\"SearchAction\",\"target\":{\"@type\":\"EntryPoint\",\"urlTemplate\":\"https:\\\/\\\/www.predsjednik.hr\\\/en\\\/?s={search_term_string}\"},\"query-input\":{\"@type\":\"PropertyValueSpecification\",\"valueRequired\":true,\"valueName\":\"search_term_string\"}}],\"inLanguage\":\"en-US\"}]}<\/script>\n<!-- \/ Yoast SEO plugin. -->","yoast_head_json":{"title":"President Milanovi\u0107 Receives Representative of Dutch Green Trust Company - President of the Republic of Croatia - Zoran Milanovi\u0107","robots":{"index":"index","follow":"follow","max-snippet":"max-snippet:-1","max-image-preview":"max-image-preview:large","max-video-preview":"max-video-preview:-1"},"canonical":"https:\/\/www.predsjednik.hr\/en\/news\/president-milanovic-receives-representative-of-dutch-green-trust-company\/","og_locale":"en_US","og_type":"article","og_title":"President Milanovi\u0107 Receives Representative of Dutch Green Trust Company - President of the Republic of Croatia - Zoran Milanovi\u0107","og_description":"The President of the Republic Zoran Milanovi\u0107 held a meeting with representatives of the Dutch Green Trust Company: director Jeroen Boerkamps, project manager of the \u201cLi\u010dki Medvjed\u201d Wind Farm Project Jorick Messink and Croatia manager Goran Tr\u0161ka.","og_url":"https:\/\/www.predsjednik.hr\/en\/news\/president-milanovic-receives-representative-of-dutch-green-trust-company\/","og_site_name":"President of the Republic of Croatia - Zoran Milanovi\u0107","article_modified_time":"2022-02-01T13:57:11+00:00","og_image":[{"width":5238,"height":2946,"url":"https:\/\/www.predsjednik.hr\/wp-content\/uploads\/2022\/02\/DSC_2230.jpg","type":"image\/jpeg"}],"twitter_card":"summary_large_image","twitter_misc":{"Est. reading time":"2 minutes"},"schema":{"@context":"https:\/\/schema.org","@graph":[{"@type":"WebPage","@id":"https:\/\/www.predsjednik.hr\/en\/news\/president-milanovic-receives-representative-of-dutch-green-trust-company\/","url":"https:\/\/www.predsjednik.hr\/en\/news\/president-milanovic-receives-representative-of-dutch-green-trust-company\/","name":"President Milanovi\u0107 Receives Representative of Dutch Green Trust Company - President of the Republic of Croatia - Zoran Milanovi\u0107","isPartOf":{"@id":"https:\/\/www.predsjednik.hr\/en\/#website"},"primaryImageOfPage":{"@id":"https:\/\/www.predsjednik.hr\/en\/news\/president-milanovic-receives-representative-of-dutch-green-trust-company\/#primaryimage"},"image":{"@id":"https:\/\/www.predsjednik.hr\/en\/news\/president-milanovic-receives-representative-of-dutch-green-trust-company\/#primaryimage"},"thumbnailUrl":"https:\/\/www.predsjednik.hr\/wp-content\/uploads\/2022\/02\/DSC_2230.jpg","datePublished":"2022-02-01T13:57:08+00:00","dateModified":"2022-02-01T13:57:11+00:00","breadcrumb":{"@id":"https:\/\/www.predsjednik.hr\/en\/news\/president-milanovic-receives-representative-of-dutch-green-trust-company\/#breadcrumb"},"inLanguage":"en-US","potentialAction":[{"@type":"ReadAction","target":["https:\/\/www.predsjednik.hr\/en\/news\/president-milanovic-receives-representative-of-dutch-green-trust-company\/"]}]},{"@type":"ImageObject","inLanguage":"en-US","@id":"https:\/\/www.predsjednik.hr\/en\/news\/president-milanovic-receives-representative-of-dutch-green-trust-company\/#primaryimage","url":"https:\/\/www.predsjednik.hr\/wp-content\/uploads\/2022\/02\/DSC_2230.jpg","contentUrl":"https:\/\/www.predsjednik.hr\/wp-content\/uploads\/2022\/02\/DSC_2230.jpg","width":5238,"height":2946,"caption":"President Milanovi\u0107 Receives Representative of Dutch Green Trust Company"},{"@type":"BreadcrumbList","@id":"https:\/\/www.predsjednik.hr\/en\/news\/president-milanovic-receives-representative-of-dutch-green-trust-company\/#breadcrumb","itemListElement":[{"@type":"ListItem","position":1,"name":"Home","item":"https:\/\/www.predsjednik.hr\/en\/"},{"@type":"ListItem","position":2,"name":"Vijesti","item":"https:\/\/www.predsjednik.hr\/en\/news\/"},{"@type":"ListItem","position":3,"name":"President Milanovi\u0107 Receives Representative of Dutch Green Trust Company"}]},{"@type":"WebSite","@id":"https:\/\/www.predsjednik.hr\/en\/#website","url":"https:\/\/www.predsjednik.hr\/en\/","name":"President of the Republic of Croatia - Zoran Milanovi\u0107","description":"Just another WordPress site","potentialAction":[{"@type":"SearchAction","target":{"@type":"EntryPoint","urlTemplate":"https:\/\/www.predsjednik.hr\/en\/?s={search_term_string}"},"query-input":{"@type":"PropertyValueSpecification","valueRequired":true,"valueName":"search_term_string"}}],"inLanguage":"en-US"}]}},"_links":{"self":[{"href":"https:\/\/www.predsjednik.hr\/en\/wp-json\/wp\/v2\/news\/15220","targetHints":{"allow":["GET"]}}],"collection":[{"href":"https:\/\/www.predsjednik.hr\/en\/wp-json\/wp\/v2\/news"}],"about":[{"href":"https:\/\/www.predsjednik.hr\/en\/wp-json\/wp\/v2\/types\/news"}],"wp:featuredmedia":[{"embeddable":true,"href":"https:\/\/www.predsjednik.hr\/en\/wp-json\/wp\/v2\/media\/15214"}],"wp:attachment":[{"href":"https:\/\/www.predsjednik.hr\/en\/wp-json\/wp\/v2\/media?parent=15220"}],"wp:term":[{"taxonomy":"news-cat","embeddable":true,"href":"https:\/\/www.predsjednik.hr\/en\/wp-json\/wp\/v2\/news-cat?post=15220"}],"curies":[{"name":"wp","href":"https:\/\/api.w.org\/{rel}","templated":true}]}}