{"id":15288,"date":"2022-02-02T16:04:43","date_gmt":"2022-02-02T15:04:43","guid":{"rendered":"https:\/\/www.predsjednik.hr\/?post_type=news&#038;p=15288"},"modified":"2022-02-02T16:04:45","modified_gmt":"2022-02-02T15:04:45","slug":"president-milanovic-in-dubrovnik-i-expect-all-authorities-to-manage-money-honestly-and-not-for-their-self-interest","status":"publish","type":"news","link":"https:\/\/www.predsjednik.hr\/en\/news\/president-milanovic-in-dubrovnik-i-expect-all-authorities-to-manage-money-honestly-and-not-for-their-self-interest\/","title":{"rendered":"President Milanovi\u0107 in Dubrovnik: I expect all authorities to manage money honestly and not for their self-interest"},"content":{"rendered":"\n<p>The President of the Republic Zoran Milanovi\u0107 attended in Dubrovnik a special session of the Municipal Council that was held in Marin Dr\u017ei\u0107 Theatre on the occasion of Dubrovnik\u2019s Municipal Day.<\/p>\n\n\n\n<p>In congratulating the residents of Dubrovnik on their Municipal Day and the Feast of St. Blaise, President Milanovi\u0107 told the city leaders that he will not give them advice on how to run the city because \u201cyou yourselves know what is best for your city\u201d. This is your responsibility, those are your people, this is your money that was created and earned here\u201d, the President stated and wished them success in absorbing EU funds.<\/p>\n\n\n\n<p>In this context President Milanovi\u0107 said that he considers the European Union a complex, deep, emotional and prospective community of national states, peoples and nations. \u201cI wish that you absorb funds from Europe, everything else is a matter for constant debate and constant caution. Neither are we all the same, nor is it acceptable for us to impose our cultural values. They are similar, yet different. And in this diversity and awareness of being different, and within our Croatian national body, we can ensure a normal, good and respectable civic life\u201d, President Milanovi\u0107 said, adding that we shall never put aside ideological differences, but that today they are perhaps fewer than ever before. \u201cAnd that is good. My expectations from all authorities are to manage their own and the common goods honestly and effectively, not to use resources for their personal profit and personal interests, to be strict with themselves and responsible towards the area administered\u201d, the President stated.<\/p>\n\n\n\n<p>Furthermore, President Milanovi\u0107 commented on the inclusion of Gunduli\u0107, Dr\u017ei\u0107 and the literature of Dubrovnik into the Serbian Act on Cultural Legacy saying it is an example of cultural appropriation. \u201cWhat is taking place in Belgrade and is a constant is cultural appropriation, it is a type of addiction, the doings of parasites. It is not an attempt to rob something because it is impossible. We should be proud that someone covets a certain thing, but cannot get it\u201d, President Milanovi\u0107 said, telling Dubrovnik residents to be cool-headed and a bit arrogant in this matter.<\/p>\n\n\n\n<p>At the end of his address President Milanovi\u0107 spoke about the status of Croats in Bosnia and Herzegovina: \u201cMany of us originate from Bosnia and Herzegovina, a friendly state with which we share a border of several thousand kilometres and in which things are happening that are not good for the Croatian people and for the residents of Bosnia and Herzegovina. They do not lead to something good\u201d, the President noted, and underlined that the Croatian political people in Bosnia and Herzegovina need our support and our solidarity. \u201cOur support can be louder, it can be such as to make use of instruments at our disposal in the European Union and NATO, whose members we are. For years we have been listening to rebukes, complaints, advice, ultimatums, wishes and greetings from others, and we responded patiently, persistently, quietly, and did our job. Now, in this situation, we are fully aware of who and what we are, we have the right to set certain demands, quietly and in a civilized manner, without threats, but with very clear-cut positions. The person who is not ready to do this does not use the state as it can be used\u201d, President Milanovi\u0107 said in concluding his address.<\/p>\n\n\n\n<p>Attending the special session of the Municipal Council of Dubrovnik in addition to President Milanovi\u0107 were the president of the Municipal Council Marko Potrebica, the mayor of Dubrovnik Mato Frankovi\u0107, Dubrovnik-Neretva County Prefect Nikola Dobroslavi\u0107, the Minister of Culture and Media and envoy of the Prime Minister Nina Obuljen Kor\u017einek and member of the Croatian Parliament and envoy of the Speaker of the Croatian Parliament Branko Ba\u010di\u0107. The special session concluded with a presentation of the City of Dubrovnik award to the winners.<\/p>\n\n\n\n<p>Prior to the special session President Milanovi\u0107 visited the Inter-University Centre Dubrovnik and held a meeting with the Director General of the IUC Krunoslav Pisk, executive secretary Nada Bruer Ljubi\u0161i\u0107 and their associates. &nbsp;They discussed the activities that are taking place at this international organization of 170 universities around the world, which is celebrating its 50<sup>th<\/sup> anniversary this year, and its significance for the Croatian academic and scientific community.<\/p>\n\n\n\n<p>Alongside President Milanovi\u0107 were the Head of the Cabinet of the President Bartol \u0160imuni\u0107 and the Adviser to the President for Human Rights and Civil Society Melita Muli\u0107.<\/p>\n\n\n<!--GALLERY BLOCK-->\n<div class=\"c-lightbox-gallery js-lightbox\">\n                <!--single-->\n            <a data-no-swup class=\"c-lightbox-gallery__single js-lightbox-single\"\n               href=\"https:\/\/www.predsjednik.hr\/wp-content\/uploads\/2022\/02\/DSC_2839-1024x731.jpg\"\n               style=\"background-image: url('https:\/\/www.predsjednik.hr\/wp-content\/uploads\/2022\/02\/DSC_2839-768x548.jpg')\"><\/a>\n            <!--end single-->\n                    <!--single-->\n            <a data-no-swup class=\"c-lightbox-gallery__single js-lightbox-single\"\n               href=\"https:\/\/www.predsjednik.hr\/wp-content\/uploads\/2022\/02\/DSC_2859-1024x731.jpg\"\n               style=\"background-image: url('https:\/\/www.predsjednik.hr\/wp-content\/uploads\/2022\/02\/DSC_2859-768x549.jpg')\"><\/a>\n            <!--end single-->\n                    <!--single-->\n            <a data-no-swup class=\"c-lightbox-gallery__single js-lightbox-single\"\n               href=\"https:\/\/www.predsjednik.hr\/wp-content\/uploads\/2022\/02\/DSC_2868-1024x731.jpg\"\n               style=\"background-image: url('https:\/\/www.predsjednik.hr\/wp-content\/uploads\/2022\/02\/DSC_2868-768x548.jpg')\"><\/a>\n            <!--end single-->\n                    <!--single-->\n            <a data-no-swup class=\"c-lightbox-gallery__single js-lightbox-single\"\n               href=\"https:\/\/www.predsjednik.hr\/wp-content\/uploads\/2022\/02\/DSC_2877-1024x576.jpg\"\n               style=\"background-image: url('https:\/\/www.predsjednik.hr\/wp-content\/uploads\/2022\/02\/DSC_2877-768x432.jpg')\"><\/a>\n            <!--end single-->\n                    <!--single-->\n            <a data-no-swup class=\"c-lightbox-gallery__single js-lightbox-single\"\n               href=\"https:\/\/www.predsjednik.hr\/wp-content\/uploads\/2022\/02\/DSC_2939-1024x576.jpg\"\n               style=\"background-image: url('https:\/\/www.predsjednik.hr\/wp-content\/uploads\/2022\/02\/DSC_2939-768x432.jpg')\"><\/a>\n            <!--end single-->\n                    <!--single-->\n            <a data-no-swup class=\"c-lightbox-gallery__single js-lightbox-single\"\n               href=\"https:\/\/www.predsjednik.hr\/wp-content\/uploads\/2022\/02\/DSC_2963-1024x576.jpg\"\n               style=\"background-image: url('https:\/\/www.predsjednik.hr\/wp-content\/uploads\/2022\/02\/DSC_2963-768x432.jpg')\"><\/a>\n            <!--end single-->\n                    <!--single-->\n            <a data-no-swup class=\"c-lightbox-gallery__single js-lightbox-single\"\n               href=\"https:\/\/www.predsjednik.hr\/wp-content\/uploads\/2022\/02\/DSC_2986-1024x731.jpg\"\n               style=\"background-image: url('https:\/\/www.predsjednik.hr\/wp-content\/uploads\/2022\/02\/DSC_2986-768x548.jpg')\"><\/a>\n            <!--end single-->\n                    <!--single-->\n            <a data-no-swup class=\"c-lightbox-gallery__single js-lightbox-single\"\n               href=\"https:\/\/www.predsjednik.hr\/wp-content\/uploads\/2022\/02\/DSC_3008-1024x576.jpg\"\n               style=\"background-image: url('https:\/\/www.predsjednik.hr\/wp-content\/uploads\/2022\/02\/DSC_3008-768x432.jpg')\"><\/a>\n            <!--end single-->\n                    <!--single-->\n            <a data-no-swup class=\"c-lightbox-gallery__single js-lightbox-single\"\n               href=\"https:\/\/www.predsjednik.hr\/wp-content\/uploads\/2022\/02\/DSC_3276-1024x576.jpg\"\n               style=\"background-image: url('https:\/\/www.predsjednik.hr\/wp-content\/uploads\/2022\/02\/DSC_3276-768x432.jpg')\"><\/a>\n            <!--end single-->\n        <\/div>\n<!--end GALLERY BLOCK-->\n\n\n\n<p>PHOTO: Office of the President of the Republic of Croatia \/ Ana Marija Kati\u0107<\/p>\n","protected":false},"excerpt":{"rendered":"<p>The President of the Republic Zoran Milanovi\u0107 attended in Dubrovnik a special session of the Municipal Council that was held in Marin Dr\u017ei\u0107 Theatre on the occasion of Dubrovnik\u2019s Municipal Day.<\/p>\n","protected":false},"featured_media":15281,"template":"","news-cat":[12],"class_list":["post-15288","news","type-news","status-publish","has-post-thumbnail","hentry","news-cat-news"],"acf":[],"yoast_head":"<!-- This site is optimized with the Yoast SEO plugin v27.5 - https:\/\/yoast.com\/product\/yoast-seo-wordpress\/ -->\n<title>President Milanovi\u0107 in Dubrovnik: I expect all authorities to manage money honestly and not for their self-interest - President of the Republic of Croatia - Zoran Milanovi\u0107<\/title>\n<meta name=\"robots\" content=\"index, follow, max-snippet:-1, max-image-preview:large, max-video-preview:-1\" \/>\n<link rel=\"canonical\" href=\"https:\/\/www.predsjednik.hr\/en\/news\/president-milanovic-in-dubrovnik-i-expect-all-authorities-to-manage-money-honestly-and-not-for-their-self-interest\/\" \/>\n<meta property=\"og:locale\" content=\"en_US\" \/>\n<meta property=\"og:type\" content=\"article\" \/>\n<meta property=\"og:title\" content=\"President Milanovi\u0107 in Dubrovnik: I expect all authorities to manage money honestly and not for their self-interest - President of the Republic of Croatia - Zoran Milanovi\u0107\" \/>\n<meta property=\"og:description\" content=\"The President of the Republic Zoran Milanovi\u0107 attended in Dubrovnik a special session of the Municipal Council that was held in Marin Dr\u017ei\u0107 Theatre on the occasion of Dubrovnik\u2019s Municipal Day.\" \/>\n<meta property=\"og:url\" content=\"https:\/\/www.predsjednik.hr\/en\/news\/president-milanovic-in-dubrovnik-i-expect-all-authorities-to-manage-money-honestly-and-not-for-their-self-interest\/\" \/>\n<meta property=\"og:site_name\" content=\"President of the Republic of Croatia - Zoran Milanovi\u0107\" \/>\n<meta property=\"article:modified_time\" content=\"2022-02-02T15:04:45+00:00\" \/>\n<meta property=\"og:image\" content=\"https:\/\/www.predsjednik.hr\/wp-content\/uploads\/2022\/02\/DSC_3276.jpg\" \/>\n\t<meta property=\"og:image:width\" content=\"6134\" \/>\n\t<meta property=\"og:image:height\" content=\"3450\" \/>\n\t<meta property=\"og:image:type\" content=\"image\/jpeg\" \/>\n<meta name=\"twitter:card\" content=\"summary_large_image\" \/>\n<meta name=\"twitter:label1\" content=\"Est. reading time\" \/>\n\t<meta name=\"twitter:data1\" content=\"5 minutes\" \/>\n<script type=\"application\/ld+json\" class=\"yoast-schema-graph\">{\"@context\":\"https:\\\/\\\/schema.org\",\"@graph\":[{\"@type\":\"WebPage\",\"@id\":\"https:\\\/\\\/www.predsjednik.hr\\\/en\\\/news\\\/president-milanovic-in-dubrovnik-i-expect-all-authorities-to-manage-money-honestly-and-not-for-their-self-interest\\\/\",\"url\":\"https:\\\/\\\/www.predsjednik.hr\\\/en\\\/news\\\/president-milanovic-in-dubrovnik-i-expect-all-authorities-to-manage-money-honestly-and-not-for-their-self-interest\\\/\",\"name\":\"President Milanovi\u0107 in Dubrovnik: I expect all authorities to manage money honestly and not for their self-interest - President of the Republic of Croatia - Zoran Milanovi\u0107\",\"isPartOf\":{\"@id\":\"https:\\\/\\\/www.predsjednik.hr\\\/en\\\/#website\"},\"primaryImageOfPage\":{\"@id\":\"https:\\\/\\\/www.predsjednik.hr\\\/en\\\/news\\\/president-milanovic-in-dubrovnik-i-expect-all-authorities-to-manage-money-honestly-and-not-for-their-self-interest\\\/#primaryimage\"},\"image\":{\"@id\":\"https:\\\/\\\/www.predsjednik.hr\\\/en\\\/news\\\/president-milanovic-in-dubrovnik-i-expect-all-authorities-to-manage-money-honestly-and-not-for-their-self-interest\\\/#primaryimage\"},\"thumbnailUrl\":\"https:\\\/\\\/www.predsjednik.hr\\\/wp-content\\\/uploads\\\/2022\\\/02\\\/DSC_3276.jpg\",\"datePublished\":\"2022-02-02T15:04:43+00:00\",\"dateModified\":\"2022-02-02T15:04:45+00:00\",\"breadcrumb\":{\"@id\":\"https:\\\/\\\/www.predsjednik.hr\\\/en\\\/news\\\/president-milanovic-in-dubrovnik-i-expect-all-authorities-to-manage-money-honestly-and-not-for-their-self-interest\\\/#breadcrumb\"},\"inLanguage\":\"en-US\",\"potentialAction\":[{\"@type\":\"ReadAction\",\"target\":[\"https:\\\/\\\/www.predsjednik.hr\\\/en\\\/news\\\/president-milanovic-in-dubrovnik-i-expect-all-authorities-to-manage-money-honestly-and-not-for-their-self-interest\\\/\"]}]},{\"@type\":\"ImageObject\",\"inLanguage\":\"en-US\",\"@id\":\"https:\\\/\\\/www.predsjednik.hr\\\/en\\\/news\\\/president-milanovic-in-dubrovnik-i-expect-all-authorities-to-manage-money-honestly-and-not-for-their-self-interest\\\/#primaryimage\",\"url\":\"https:\\\/\\\/www.predsjednik.hr\\\/wp-content\\\/uploads\\\/2022\\\/02\\\/DSC_3276.jpg\",\"contentUrl\":\"https:\\\/\\\/www.predsjednik.hr\\\/wp-content\\\/uploads\\\/2022\\\/02\\\/DSC_3276.jpg\",\"width\":6134,\"height\":3450,\"caption\":\"The President of the Republic Zoran Milanovi\u0107 attended in Dubrovnik a special session of the Municipal Council that was held in Marin Dr\u017ei\u0107 Theatre on the occasion of Dubrovnik\u2019s Municipal Day.\"},{\"@type\":\"BreadcrumbList\",\"@id\":\"https:\\\/\\\/www.predsjednik.hr\\\/en\\\/news\\\/president-milanovic-in-dubrovnik-i-expect-all-authorities-to-manage-money-honestly-and-not-for-their-self-interest\\\/#breadcrumb\",\"itemListElement\":[{\"@type\":\"ListItem\",\"position\":1,\"name\":\"Home\",\"item\":\"https:\\\/\\\/www.predsjednik.hr\\\/en\\\/\"},{\"@type\":\"ListItem\",\"position\":2,\"name\":\"Vijesti\",\"item\":\"https:\\\/\\\/www.predsjednik.hr\\\/en\\\/news\\\/\"},{\"@type\":\"ListItem\",\"position\":3,\"name\":\"President Milanovi\u0107 in Dubrovnik: I expect all authorities to manage money honestly and not for their self-interest\"}]},{\"@type\":\"WebSite\",\"@id\":\"https:\\\/\\\/www.predsjednik.hr\\\/en\\\/#website\",\"url\":\"https:\\\/\\\/www.predsjednik.hr\\\/en\\\/\",\"name\":\"President of the Republic of Croatia - Zoran Milanovi\u0107\",\"description\":\"Just another WordPress site\",\"potentialAction\":[{\"@type\":\"SearchAction\",\"target\":{\"@type\":\"EntryPoint\",\"urlTemplate\":\"https:\\\/\\\/www.predsjednik.hr\\\/en\\\/?s={search_term_string}\"},\"query-input\":{\"@type\":\"PropertyValueSpecification\",\"valueRequired\":true,\"valueName\":\"search_term_string\"}}],\"inLanguage\":\"en-US\"}]}<\/script>\n<!-- \/ Yoast SEO plugin. -->","yoast_head_json":{"title":"President Milanovi\u0107 in Dubrovnik: I expect all authorities to manage money honestly and not for their self-interest - President of the Republic of Croatia - Zoran Milanovi\u0107","robots":{"index":"index","follow":"follow","max-snippet":"max-snippet:-1","max-image-preview":"max-image-preview:large","max-video-preview":"max-video-preview:-1"},"canonical":"https:\/\/www.predsjednik.hr\/en\/news\/president-milanovic-in-dubrovnik-i-expect-all-authorities-to-manage-money-honestly-and-not-for-their-self-interest\/","og_locale":"en_US","og_type":"article","og_title":"President Milanovi\u0107 in Dubrovnik: I expect all authorities to manage money honestly and not for their self-interest - President of the Republic of Croatia - Zoran Milanovi\u0107","og_description":"The President of the Republic Zoran Milanovi\u0107 attended in Dubrovnik a special session of the Municipal Council that was held in Marin Dr\u017ei\u0107 Theatre on the occasion of Dubrovnik\u2019s Municipal Day.","og_url":"https:\/\/www.predsjednik.hr\/en\/news\/president-milanovic-in-dubrovnik-i-expect-all-authorities-to-manage-money-honestly-and-not-for-their-self-interest\/","og_site_name":"President of the Republic of Croatia - Zoran Milanovi\u0107","article_modified_time":"2022-02-02T15:04:45+00:00","og_image":[{"width":6134,"height":3450,"url":"https:\/\/www.predsjednik.hr\/wp-content\/uploads\/2022\/02\/DSC_3276.jpg","type":"image\/jpeg"}],"twitter_card":"summary_large_image","twitter_misc":{"Est. reading time":"5 minutes"},"schema":{"@context":"https:\/\/schema.org","@graph":[{"@type":"WebPage","@id":"https:\/\/www.predsjednik.hr\/en\/news\/president-milanovic-in-dubrovnik-i-expect-all-authorities-to-manage-money-honestly-and-not-for-their-self-interest\/","url":"https:\/\/www.predsjednik.hr\/en\/news\/president-milanovic-in-dubrovnik-i-expect-all-authorities-to-manage-money-honestly-and-not-for-their-self-interest\/","name":"President Milanovi\u0107 in Dubrovnik: I expect all authorities to manage money honestly and not for their self-interest - President of the Republic of Croatia - Zoran Milanovi\u0107","isPartOf":{"@id":"https:\/\/www.predsjednik.hr\/en\/#website"},"primaryImageOfPage":{"@id":"https:\/\/www.predsjednik.hr\/en\/news\/president-milanovic-in-dubrovnik-i-expect-all-authorities-to-manage-money-honestly-and-not-for-their-self-interest\/#primaryimage"},"image":{"@id":"https:\/\/www.predsjednik.hr\/en\/news\/president-milanovic-in-dubrovnik-i-expect-all-authorities-to-manage-money-honestly-and-not-for-their-self-interest\/#primaryimage"},"thumbnailUrl":"https:\/\/www.predsjednik.hr\/wp-content\/uploads\/2022\/02\/DSC_3276.jpg","datePublished":"2022-02-02T15:04:43+00:00","dateModified":"2022-02-02T15:04:45+00:00","breadcrumb":{"@id":"https:\/\/www.predsjednik.hr\/en\/news\/president-milanovic-in-dubrovnik-i-expect-all-authorities-to-manage-money-honestly-and-not-for-their-self-interest\/#breadcrumb"},"inLanguage":"en-US","potentialAction":[{"@type":"ReadAction","target":["https:\/\/www.predsjednik.hr\/en\/news\/president-milanovic-in-dubrovnik-i-expect-all-authorities-to-manage-money-honestly-and-not-for-their-self-interest\/"]}]},{"@type":"ImageObject","inLanguage":"en-US","@id":"https:\/\/www.predsjednik.hr\/en\/news\/president-milanovic-in-dubrovnik-i-expect-all-authorities-to-manage-money-honestly-and-not-for-their-self-interest\/#primaryimage","url":"https:\/\/www.predsjednik.hr\/wp-content\/uploads\/2022\/02\/DSC_3276.jpg","contentUrl":"https:\/\/www.predsjednik.hr\/wp-content\/uploads\/2022\/02\/DSC_3276.jpg","width":6134,"height":3450,"caption":"The President of the Republic Zoran Milanovi\u0107 attended in Dubrovnik a special session of the Municipal Council that was held in Marin Dr\u017ei\u0107 Theatre on the occasion of Dubrovnik\u2019s Municipal Day."},{"@type":"BreadcrumbList","@id":"https:\/\/www.predsjednik.hr\/en\/news\/president-milanovic-in-dubrovnik-i-expect-all-authorities-to-manage-money-honestly-and-not-for-their-self-interest\/#breadcrumb","itemListElement":[{"@type":"ListItem","position":1,"name":"Home","item":"https:\/\/www.predsjednik.hr\/en\/"},{"@type":"ListItem","position":2,"name":"Vijesti","item":"https:\/\/www.predsjednik.hr\/en\/news\/"},{"@type":"ListItem","position":3,"name":"President Milanovi\u0107 in Dubrovnik: I expect all authorities to manage money honestly and not for their self-interest"}]},{"@type":"WebSite","@id":"https:\/\/www.predsjednik.hr\/en\/#website","url":"https:\/\/www.predsjednik.hr\/en\/","name":"President of the Republic of Croatia - Zoran Milanovi\u0107","description":"Just another WordPress site","potentialAction":[{"@type":"SearchAction","target":{"@type":"EntryPoint","urlTemplate":"https:\/\/www.predsjednik.hr\/en\/?s={search_term_string}"},"query-input":{"@type":"PropertyValueSpecification","valueRequired":true,"valueName":"search_term_string"}}],"inLanguage":"en-US"}]}},"_links":{"self":[{"href":"https:\/\/www.predsjednik.hr\/en\/wp-json\/wp\/v2\/news\/15288","targetHints":{"allow":["GET"]}}],"collection":[{"href":"https:\/\/www.predsjednik.hr\/en\/wp-json\/wp\/v2\/news"}],"about":[{"href":"https:\/\/www.predsjednik.hr\/en\/wp-json\/wp\/v2\/types\/news"}],"wp:featuredmedia":[{"embeddable":true,"href":"https:\/\/www.predsjednik.hr\/en\/wp-json\/wp\/v2\/media\/15281"}],"wp:attachment":[{"href":"https:\/\/www.predsjednik.hr\/en\/wp-json\/wp\/v2\/media?parent=15288"}],"wp:term":[{"taxonomy":"news-cat","embeddable":true,"href":"https:\/\/www.predsjednik.hr\/en\/wp-json\/wp\/v2\/news-cat?post=15288"}],"curies":[{"name":"wp","href":"https:\/\/api.w.org\/{rel}","templated":true}]}}