{"id":15323,"date":"2022-02-03T15:59:18","date_gmt":"2022-02-03T14:59:18","guid":{"rendered":"https:\/\/www.predsjednik.hr\/?post_type=news&#038;p=15323"},"modified":"2022-02-03T15:59:21","modified_gmt":"2022-02-03T14:59:21","slug":"president-milanovic-bestows-order-of-duke-domagoj-with-ribbon-upon-danijel-borovic-for-bravery-and-heroism-in-the-homeland-war","status":"publish","type":"news","link":"https:\/\/www.predsjednik.hr\/en\/news\/president-milanovic-bestows-order-of-duke-domagoj-with-ribbon-upon-danijel-borovic-for-bravery-and-heroism-in-the-homeland-war\/","title":{"rendered":"President Milanovi\u0107 Bestows Order of Duke Domagoj with Ribbon upon Danijel Borovi\u0107 for Bravery and Heroism in the Homeland War"},"content":{"rendered":"\n<p>The President of the Republic Zoran Milanovi\u0107 has bestowed the Order of Duke Domagoj with Ribbon upon Lieutenant Colonel Danijel Borovi\u0107 (retd) of the Croatian Armed Forces for bravery and heroism displayed in the Homeland War.<\/p>\n\n\n\n<p>Presenting the decoration to Lieutenant Colonel Danijel Borovi\u0107 (retd), President Milanovi\u0107 said that his name is unjustifiably and without reason among those names that are not well known in the general public. \u201cDanijel Borovi\u0107, a Lieutenant Colonel of the Croatian Armed Forces and the Croatian Air Force, is the first man to bring into Croatia\u2019s possession and under its ownership a supersonic fighter jet,\u201d President Milanovi\u0107 recalled, also mentioning the pilot Rudolf Pere\u0161in, who had previously flown a fighter jet over the border.<\/p>\n\n\n\n<p>\u201cYou landed at Pula Airport in the dark, after perilously, skilfully and heroically separating from a fighter jet formation. You landed that MIG on Croatian soil, in the darkness of a wintry Istria, with the light of several truck headlights, placing it under the ownership and functional use of the Croatian Armed Forces and the Croatian Air Force, which was only then being formed,\u201d President Milanovi\u0107 told those present, emphasizing that this was a great heroic act.<\/p>\n\n\n\n<p>Underscoring that Danijel Borovi\u0107 was risking his life to transport a fighter jet to Croatia, President Milanovi\u0107 concluded: \u201cIt was a very significant, visible and bold way of strengthening morale in Croatia, as well as the awareness, courage and conviction that we are all one and that there are people who are willing to take risks. They have congratulated you many times, and I thank you.\u201d<\/p>\n\n\n\n<p>Expressing his gratitude to President Milanovi\u0107 for the decoration, Lieutenant Colonel Danijel Borovi\u0107 said that in his opinion such awards should have been presented even earlier. He added that he and three other pilots, who handed over fighter jets from the former Yugoslav People\u2019s Army, were also deprived of their ranks. \u201cMany ask me why it was like that, why that was ignored, including the promotions. There were four pilots who took four supersonic MIG 21 fighter jets from the former Yugoslav Army. None of us became generals and at least one of us should have, if not two of us. That is a fact that will, I hope, be corrected one day,\u201d said Lieutenant Colonel Borovi\u0107.<\/p>\n\n\n\n<p>\u201cNo matter how disappointed we were because of what was happening to us, my wife and I still managed to write this story as the authors of the book \u201cPrelet za Hrvatsku\u201d [Flyover for Croatia], which can serve as a historical document,\u201d Lieutenant Colonel Borovi\u0107 said, expressing gratitude for the support of the Plitvice Lakes Veterans\u2019 Association, Veterans\u2019 Affairs Minister Tomo Medved and former Defence Minister Damir Krsti\u010devi\u0107, who, as he put it, encouraged him in 2017 to tell his story because it is about a significant event that should be marked.<\/p>\n\n\n\n<p>President Milanovi\u0107 decorated Lieutenant Colonel Danijel Borovi\u0107 (retd) on the eve of the 30<sup>th<\/sup> anniversary of the \u201cFlyover for Croatia,\u201d which was undertaken by Lieutenant Colonel Borovi\u0107 on 4 February 1992 when he piloted a MIG 21 fighter jet from Biha\u0107 Airport to Pula, making himself available to the Croatian Armed Forces. As a result of his venture, Croatia acquired its first supersonic fighter jet.<\/p>\n\n\n\n<p>Attending the ceremony at the Office of the President with Lieutenant Colonel Danijel Borovi\u0107 were his family members, wife Snje\u017eana and son Vanja, as well as Deputy Commander of the Croatian Air Force Colonel Marinko Galovi\u0107 and Commander of the 191<sup>st<\/sup> Fighter Squadron Lieutenant Colonel Zvonimir Milatovi\u0107. &nbsp;&nbsp;&nbsp;<\/p>\n\n\n\n<p>The Head of the Cabinet of the President of the Republic Bartol \u0160imuni\u0107, Adviser to the President of the Republic for Foreign and European Policy Neven Pelicari\u0107 and Special Adviser to the President of the Republic for Homeland War Veterans Marijan Marekovi\u0107 were at the ceremony alongside President Milanovi\u0107.<\/p>\n\n\n<!--GALLERY BLOCK-->\n<div class=\"c-lightbox-gallery js-lightbox\">\n                <!--single-->\n            <a data-no-swup class=\"c-lightbox-gallery__single js-lightbox-single\"\n               href=\"https:\/\/www.predsjednik.hr\/wp-content\/uploads\/2022\/02\/DSC_0201-1024x576.jpg\"\n               style=\"background-image: url('https:\/\/www.predsjednik.hr\/wp-content\/uploads\/2022\/02\/DSC_0201-768x432.jpg')\"><\/a>\n            <!--end single-->\n                    <!--single-->\n            <a data-no-swup class=\"c-lightbox-gallery__single js-lightbox-single\"\n               href=\"https:\/\/www.predsjednik.hr\/wp-content\/uploads\/2022\/02\/DSC_0220-1024x576.jpg\"\n               style=\"background-image: url('https:\/\/www.predsjednik.hr\/wp-content\/uploads\/2022\/02\/DSC_0220-768x432.jpg')\"><\/a>\n            <!--end single-->\n                    <!--single-->\n            <a data-no-swup class=\"c-lightbox-gallery__single js-lightbox-single\"\n               href=\"https:\/\/www.predsjednik.hr\/wp-content\/uploads\/2022\/02\/DSC_0247-1024x576.jpg\"\n               style=\"background-image: url('https:\/\/www.predsjednik.hr\/wp-content\/uploads\/2022\/02\/DSC_0247-768x432.jpg')\"><\/a>\n            <!--end single-->\n                    <!--single-->\n            <a data-no-swup class=\"c-lightbox-gallery__single js-lightbox-single\"\n               href=\"https:\/\/www.predsjednik.hr\/wp-content\/uploads\/2022\/02\/DSC_0272-1024x731.jpg\"\n               style=\"background-image: url('https:\/\/www.predsjednik.hr\/wp-content\/uploads\/2022\/02\/DSC_0272-768x549.jpg')\"><\/a>\n            <!--end single-->\n                    <!--single-->\n            <a data-no-swup class=\"c-lightbox-gallery__single js-lightbox-single\"\n               href=\"https:\/\/www.predsjednik.hr\/wp-content\/uploads\/2022\/02\/DSC_0289-1024x731.jpg\"\n               style=\"background-image: url('https:\/\/www.predsjednik.hr\/wp-content\/uploads\/2022\/02\/DSC_0289-768x548.jpg')\"><\/a>\n            <!--end single-->\n                    <!--single-->\n            <a data-no-swup class=\"c-lightbox-gallery__single js-lightbox-single\"\n               href=\"https:\/\/www.predsjednik.hr\/wp-content\/uploads\/2022\/02\/DSC_0386-1024x682.jpg\"\n               style=\"background-image: url('https:\/\/www.predsjednik.hr\/wp-content\/uploads\/2022\/02\/DSC_0386-768x512.jpg')\"><\/a>\n            <!--end single-->\n                    <!--single-->\n            <a data-no-swup class=\"c-lightbox-gallery__single js-lightbox-single\"\n               href=\"https:\/\/www.predsjednik.hr\/wp-content\/uploads\/2022\/02\/2DSC_0411-1024x732.jpg\"\n               style=\"background-image: url('https:\/\/www.predsjednik.hr\/wp-content\/uploads\/2022\/02\/2DSC_0411-768x549.jpg')\"><\/a>\n            <!--end single-->\n        <\/div>\n<!--end GALLERY BLOCK-->\n\n\n\n<p>PHOTO: Office of the President of the Republic of Croatia \/ Dario Andri\u0161ek<\/p>\n","protected":false},"excerpt":{"rendered":"<p>Presenting the decoration to Lieutenant Colonel Danijel Borovi\u0107 (retd), President Milanovi\u0107 said that his name is unjustifiably and without reason among those names that are not well known in the general public. \u201cDanijel Borovi\u0107, a Lieutenant Colonel of the Croatian Armed Forces and the Croatian Air Force, is the first man to bring into Croatia\u2019s possession and under its ownership a supersonic fighter jet,\u201d President Milanovi\u0107 recalled, also mentioning the pilot Rudolf Pere\u0161in, who had previously flown a fighter jet over the border.<\/p>\n","protected":false},"featured_media":15319,"template":"","news-cat":[12],"class_list":["post-15323","news","type-news","status-publish","has-post-thumbnail","hentry","news-cat-news"],"acf":[],"yoast_head":"<!-- This site is optimized with the Yoast SEO plugin v27.5 - https:\/\/yoast.com\/product\/yoast-seo-wordpress\/ -->\n<title>President Milanovi\u0107 Bestows Order of Duke Domagoj with Ribbon upon Danijel Borovi\u0107 for Bravery and Heroism in the Homeland War - President of the Republic of Croatia - Zoran Milanovi\u0107<\/title>\n<meta name=\"robots\" content=\"index, follow, max-snippet:-1, max-image-preview:large, max-video-preview:-1\" \/>\n<link rel=\"canonical\" href=\"https:\/\/www.predsjednik.hr\/en\/news\/president-milanovic-bestows-order-of-duke-domagoj-with-ribbon-upon-danijel-borovic-for-bravery-and-heroism-in-the-homeland-war\/\" \/>\n<meta property=\"og:locale\" content=\"en_US\" \/>\n<meta property=\"og:type\" content=\"article\" \/>\n<meta property=\"og:title\" content=\"President Milanovi\u0107 Bestows Order of Duke Domagoj with Ribbon upon Danijel Borovi\u0107 for Bravery and Heroism in the Homeland War - President of the Republic of Croatia - Zoran Milanovi\u0107\" \/>\n<meta property=\"og:description\" content=\"Presenting the decoration to Lieutenant Colonel Danijel Borovi\u0107 (retd), President Milanovi\u0107 said that his name is unjustifiably and without reason among those names that are not well known in the general public. \u201cDanijel Borovi\u0107, a Lieutenant Colonel of the Croatian Armed Forces and the Croatian Air Force, is the first man to bring into Croatia\u2019s possession and under its ownership a supersonic fighter jet,\u201d President Milanovi\u0107 recalled, also mentioning the pilot Rudolf Pere\u0161in, who had previously flown a fighter jet over the border.\" \/>\n<meta property=\"og:url\" content=\"https:\/\/www.predsjednik.hr\/en\/news\/president-milanovic-bestows-order-of-duke-domagoj-with-ribbon-upon-danijel-borovic-for-bravery-and-heroism-in-the-homeland-war\/\" \/>\n<meta property=\"og:site_name\" content=\"President of the Republic of Croatia - Zoran Milanovi\u0107\" \/>\n<meta property=\"article:modified_time\" content=\"2022-02-03T14:59:21+00:00\" \/>\n<meta property=\"og:image\" content=\"https:\/\/www.predsjednik.hr\/wp-content\/uploads\/2022\/02\/DSC_0272-crop.jpg\" \/>\n\t<meta property=\"og:image:width\" content=\"3479\" \/>\n\t<meta property=\"og:image:height\" content=\"1957\" \/>\n\t<meta property=\"og:image:type\" content=\"image\/jpeg\" \/>\n<meta name=\"twitter:card\" content=\"summary_large_image\" \/>\n<meta name=\"twitter:label1\" content=\"Est. reading time\" \/>\n\t<meta name=\"twitter:data1\" content=\"4 minutes\" \/>\n<script type=\"application\/ld+json\" class=\"yoast-schema-graph\">{\"@context\":\"https:\\\/\\\/schema.org\",\"@graph\":[{\"@type\":\"WebPage\",\"@id\":\"https:\\\/\\\/www.predsjednik.hr\\\/en\\\/news\\\/president-milanovic-bestows-order-of-duke-domagoj-with-ribbon-upon-danijel-borovic-for-bravery-and-heroism-in-the-homeland-war\\\/\",\"url\":\"https:\\\/\\\/www.predsjednik.hr\\\/en\\\/news\\\/president-milanovic-bestows-order-of-duke-domagoj-with-ribbon-upon-danijel-borovic-for-bravery-and-heroism-in-the-homeland-war\\\/\",\"name\":\"President Milanovi\u0107 Bestows Order of Duke Domagoj with Ribbon upon Danijel Borovi\u0107 for Bravery and Heroism in the Homeland War - President of the Republic of Croatia - Zoran Milanovi\u0107\",\"isPartOf\":{\"@id\":\"https:\\\/\\\/www.predsjednik.hr\\\/en\\\/#website\"},\"primaryImageOfPage\":{\"@id\":\"https:\\\/\\\/www.predsjednik.hr\\\/en\\\/news\\\/president-milanovic-bestows-order-of-duke-domagoj-with-ribbon-upon-danijel-borovic-for-bravery-and-heroism-in-the-homeland-war\\\/#primaryimage\"},\"image\":{\"@id\":\"https:\\\/\\\/www.predsjednik.hr\\\/en\\\/news\\\/president-milanovic-bestows-order-of-duke-domagoj-with-ribbon-upon-danijel-borovic-for-bravery-and-heroism-in-the-homeland-war\\\/#primaryimage\"},\"thumbnailUrl\":\"https:\\\/\\\/www.predsjednik.hr\\\/wp-content\\\/uploads\\\/2022\\\/02\\\/DSC_0272-crop.jpg\",\"datePublished\":\"2022-02-03T14:59:18+00:00\",\"dateModified\":\"2022-02-03T14:59:21+00:00\",\"breadcrumb\":{\"@id\":\"https:\\\/\\\/www.predsjednik.hr\\\/en\\\/news\\\/president-milanovic-bestows-order-of-duke-domagoj-with-ribbon-upon-danijel-borovic-for-bravery-and-heroism-in-the-homeland-war\\\/#breadcrumb\"},\"inLanguage\":\"en-US\",\"potentialAction\":[{\"@type\":\"ReadAction\",\"target\":[\"https:\\\/\\\/www.predsjednik.hr\\\/en\\\/news\\\/president-milanovic-bestows-order-of-duke-domagoj-with-ribbon-upon-danijel-borovic-for-bravery-and-heroism-in-the-homeland-war\\\/\"]}]},{\"@type\":\"ImageObject\",\"inLanguage\":\"en-US\",\"@id\":\"https:\\\/\\\/www.predsjednik.hr\\\/en\\\/news\\\/president-milanovic-bestows-order-of-duke-domagoj-with-ribbon-upon-danijel-borovic-for-bravery-and-heroism-in-the-homeland-war\\\/#primaryimage\",\"url\":\"https:\\\/\\\/www.predsjednik.hr\\\/wp-content\\\/uploads\\\/2022\\\/02\\\/DSC_0272-crop.jpg\",\"contentUrl\":\"https:\\\/\\\/www.predsjednik.hr\\\/wp-content\\\/uploads\\\/2022\\\/02\\\/DSC_0272-crop.jpg\",\"width\":3479,\"height\":1957,\"caption\":\"Predsjednik Milanovi\u0107 odlikovao Danijela Borovi\u0107a Redom kneza Domagoja s ogrlicom za pokazanu osvjedo\u010denu hrabrost i juna\u0161tvo u Domovinskom ratu\"},{\"@type\":\"BreadcrumbList\",\"@id\":\"https:\\\/\\\/www.predsjednik.hr\\\/en\\\/news\\\/president-milanovic-bestows-order-of-duke-domagoj-with-ribbon-upon-danijel-borovic-for-bravery-and-heroism-in-the-homeland-war\\\/#breadcrumb\",\"itemListElement\":[{\"@type\":\"ListItem\",\"position\":1,\"name\":\"Home\",\"item\":\"https:\\\/\\\/www.predsjednik.hr\\\/en\\\/\"},{\"@type\":\"ListItem\",\"position\":2,\"name\":\"Vijesti\",\"item\":\"https:\\\/\\\/www.predsjednik.hr\\\/en\\\/news\\\/\"},{\"@type\":\"ListItem\",\"position\":3,\"name\":\"President Milanovi\u0107 Bestows Order of Duke Domagoj with Ribbon upon Danijel Borovi\u0107 for Bravery and Heroism in the Homeland War\"}]},{\"@type\":\"WebSite\",\"@id\":\"https:\\\/\\\/www.predsjednik.hr\\\/en\\\/#website\",\"url\":\"https:\\\/\\\/www.predsjednik.hr\\\/en\\\/\",\"name\":\"President of the Republic of Croatia - Zoran Milanovi\u0107\",\"description\":\"Just another WordPress site\",\"potentialAction\":[{\"@type\":\"SearchAction\",\"target\":{\"@type\":\"EntryPoint\",\"urlTemplate\":\"https:\\\/\\\/www.predsjednik.hr\\\/en\\\/?s={search_term_string}\"},\"query-input\":{\"@type\":\"PropertyValueSpecification\",\"valueRequired\":true,\"valueName\":\"search_term_string\"}}],\"inLanguage\":\"en-US\"}]}<\/script>\n<!-- \/ Yoast SEO plugin. -->","yoast_head_json":{"title":"President Milanovi\u0107 Bestows Order of Duke Domagoj with Ribbon upon Danijel Borovi\u0107 for Bravery and Heroism in the Homeland War - President of the Republic of Croatia - Zoran Milanovi\u0107","robots":{"index":"index","follow":"follow","max-snippet":"max-snippet:-1","max-image-preview":"max-image-preview:large","max-video-preview":"max-video-preview:-1"},"canonical":"https:\/\/www.predsjednik.hr\/en\/news\/president-milanovic-bestows-order-of-duke-domagoj-with-ribbon-upon-danijel-borovic-for-bravery-and-heroism-in-the-homeland-war\/","og_locale":"en_US","og_type":"article","og_title":"President Milanovi\u0107 Bestows Order of Duke Domagoj with Ribbon upon Danijel Borovi\u0107 for Bravery and Heroism in the Homeland War - President of the Republic of Croatia - Zoran Milanovi\u0107","og_description":"Presenting the decoration to Lieutenant Colonel Danijel Borovi\u0107 (retd), President Milanovi\u0107 said that his name is unjustifiably and without reason among those names that are not well known in the general public. \u201cDanijel Borovi\u0107, a Lieutenant Colonel of the Croatian Armed Forces and the Croatian Air Force, is the first man to bring into Croatia\u2019s possession and under its ownership a supersonic fighter jet,\u201d President Milanovi\u0107 recalled, also mentioning the pilot Rudolf Pere\u0161in, who had previously flown a fighter jet over the border.","og_url":"https:\/\/www.predsjednik.hr\/en\/news\/president-milanovic-bestows-order-of-duke-domagoj-with-ribbon-upon-danijel-borovic-for-bravery-and-heroism-in-the-homeland-war\/","og_site_name":"President of the Republic of Croatia - Zoran Milanovi\u0107","article_modified_time":"2022-02-03T14:59:21+00:00","og_image":[{"width":3479,"height":1957,"url":"https:\/\/www.predsjednik.hr\/wp-content\/uploads\/2022\/02\/DSC_0272-crop.jpg","type":"image\/jpeg"}],"twitter_card":"summary_large_image","twitter_misc":{"Est. reading time":"4 minutes"},"schema":{"@context":"https:\/\/schema.org","@graph":[{"@type":"WebPage","@id":"https:\/\/www.predsjednik.hr\/en\/news\/president-milanovic-bestows-order-of-duke-domagoj-with-ribbon-upon-danijel-borovic-for-bravery-and-heroism-in-the-homeland-war\/","url":"https:\/\/www.predsjednik.hr\/en\/news\/president-milanovic-bestows-order-of-duke-domagoj-with-ribbon-upon-danijel-borovic-for-bravery-and-heroism-in-the-homeland-war\/","name":"President Milanovi\u0107 Bestows Order of Duke Domagoj with Ribbon upon Danijel Borovi\u0107 for Bravery and Heroism in the Homeland War - President of the Republic of Croatia - Zoran Milanovi\u0107","isPartOf":{"@id":"https:\/\/www.predsjednik.hr\/en\/#website"},"primaryImageOfPage":{"@id":"https:\/\/www.predsjednik.hr\/en\/news\/president-milanovic-bestows-order-of-duke-domagoj-with-ribbon-upon-danijel-borovic-for-bravery-and-heroism-in-the-homeland-war\/#primaryimage"},"image":{"@id":"https:\/\/www.predsjednik.hr\/en\/news\/president-milanovic-bestows-order-of-duke-domagoj-with-ribbon-upon-danijel-borovic-for-bravery-and-heroism-in-the-homeland-war\/#primaryimage"},"thumbnailUrl":"https:\/\/www.predsjednik.hr\/wp-content\/uploads\/2022\/02\/DSC_0272-crop.jpg","datePublished":"2022-02-03T14:59:18+00:00","dateModified":"2022-02-03T14:59:21+00:00","breadcrumb":{"@id":"https:\/\/www.predsjednik.hr\/en\/news\/president-milanovic-bestows-order-of-duke-domagoj-with-ribbon-upon-danijel-borovic-for-bravery-and-heroism-in-the-homeland-war\/#breadcrumb"},"inLanguage":"en-US","potentialAction":[{"@type":"ReadAction","target":["https:\/\/www.predsjednik.hr\/en\/news\/president-milanovic-bestows-order-of-duke-domagoj-with-ribbon-upon-danijel-borovic-for-bravery-and-heroism-in-the-homeland-war\/"]}]},{"@type":"ImageObject","inLanguage":"en-US","@id":"https:\/\/www.predsjednik.hr\/en\/news\/president-milanovic-bestows-order-of-duke-domagoj-with-ribbon-upon-danijel-borovic-for-bravery-and-heroism-in-the-homeland-war\/#primaryimage","url":"https:\/\/www.predsjednik.hr\/wp-content\/uploads\/2022\/02\/DSC_0272-crop.jpg","contentUrl":"https:\/\/www.predsjednik.hr\/wp-content\/uploads\/2022\/02\/DSC_0272-crop.jpg","width":3479,"height":1957,"caption":"Predsjednik Milanovi\u0107 odlikovao Danijela Borovi\u0107a Redom kneza Domagoja s ogrlicom za pokazanu osvjedo\u010denu hrabrost i juna\u0161tvo u Domovinskom ratu"},{"@type":"BreadcrumbList","@id":"https:\/\/www.predsjednik.hr\/en\/news\/president-milanovic-bestows-order-of-duke-domagoj-with-ribbon-upon-danijel-borovic-for-bravery-and-heroism-in-the-homeland-war\/#breadcrumb","itemListElement":[{"@type":"ListItem","position":1,"name":"Home","item":"https:\/\/www.predsjednik.hr\/en\/"},{"@type":"ListItem","position":2,"name":"Vijesti","item":"https:\/\/www.predsjednik.hr\/en\/news\/"},{"@type":"ListItem","position":3,"name":"President Milanovi\u0107 Bestows Order of Duke Domagoj with Ribbon upon Danijel Borovi\u0107 for Bravery and Heroism in the Homeland War"}]},{"@type":"WebSite","@id":"https:\/\/www.predsjednik.hr\/en\/#website","url":"https:\/\/www.predsjednik.hr\/en\/","name":"President of the Republic of Croatia - Zoran Milanovi\u0107","description":"Just another WordPress site","potentialAction":[{"@type":"SearchAction","target":{"@type":"EntryPoint","urlTemplate":"https:\/\/www.predsjednik.hr\/en\/?s={search_term_string}"},"query-input":{"@type":"PropertyValueSpecification","valueRequired":true,"valueName":"search_term_string"}}],"inLanguage":"en-US"}]}},"_links":{"self":[{"href":"https:\/\/www.predsjednik.hr\/en\/wp-json\/wp\/v2\/news\/15323","targetHints":{"allow":["GET"]}}],"collection":[{"href":"https:\/\/www.predsjednik.hr\/en\/wp-json\/wp\/v2\/news"}],"about":[{"href":"https:\/\/www.predsjednik.hr\/en\/wp-json\/wp\/v2\/types\/news"}],"wp:featuredmedia":[{"embeddable":true,"href":"https:\/\/www.predsjednik.hr\/en\/wp-json\/wp\/v2\/media\/15319"}],"wp:attachment":[{"href":"https:\/\/www.predsjednik.hr\/en\/wp-json\/wp\/v2\/media?parent=15323"}],"wp:term":[{"taxonomy":"news-cat","embeddable":true,"href":"https:\/\/www.predsjednik.hr\/en\/wp-json\/wp\/v2\/news-cat?post=15323"}],"curies":[{"name":"wp","href":"https:\/\/api.w.org\/{rel}","templated":true}]}}