{"id":15430,"date":"2022-02-11T14:25:49","date_gmt":"2022-02-11T13:25:49","guid":{"rendered":"https:\/\/www.predsjednik.hr\/?post_type=news&#038;p=15430"},"modified":"2022-02-11T14:25:53","modified_gmt":"2022-02-11T13:25:53","slug":"president-milanovic-meets-with-croatian-epilepsy-association-delegation","status":"publish","type":"news","link":"https:\/\/www.predsjednik.hr\/en\/news\/president-milanovic-meets-with-croatian-epilepsy-association-delegation\/","title":{"rendered":"President Milanovi\u0107 Meets with Croatian Epilepsy Association Delegation"},"content":{"rendered":"\n<p>The President of the Republic Zoran Milanovi\u0107 met today in the Office of the President with representatives of the Croatian Epilepsy Association on the occasion of World Day of the Sick, International Epilepsy Day and National Day of Patients with Epilepsy, which fall on the same day this year, Monday, 14 February.<\/p>\n\n\n\n<p>Association representatives whose members are professionals specifically involved in the treatment of epilepsy, patients with epilepsy and members of their families made a presentation to President Milanovi\u0107 on the goals and activities of their Association, and talked about their vast experience. The Croatian Epilepsy Association has been in operation since 1997 and its goal is to improve the quality of life of patients with epilepsy and their loved ones, and enhance understanding of the nature of epilepsy as well as of the needs of patients with epilepsy.<\/p>\n\n\n\n<p>They further stated that, from the start, the Association has organized many activities including education of patients with epilepsy, members of their families and the broader community on the medical and social aspects of epilepsy, and has provided support to patients with epilepsy and raised awareness on epilepsy. They underlined that epilepsy represents a major public health issue due to the large number of patients with epilepsy according to statistics. It is estimated that there are some 50 million patients with epilepsy worldwide, six million in Europe and 40,000 in Croatia.<\/p>\n\n\n\n<p>At the meeting in the Office of the President were Association president Primarius Ana Sruk, MD, Neurology specialist; Latica Friedrich, MD, Neurology specialist; Primarius Matilda Kova\u010d \u0160i\u017egori\u0107, MD, Pediatrics specialist; Monika Kukuruzovi\u0107, PhD, MD, Neurology specialist, and epilepsy patients Maja Bokuni\u0107, Sanja Kobe\u0161\u0107ak, MSc, Veselka \u0160o\u0161tari\u0107, and Damir \u0110uri\u0107. Alongside President Milanovi\u0107 was Assoc. Prof. \u017deljko Jovanovi\u0107, PhD.<\/p>\n\n\n<!--GALLERY BLOCK-->\n<div class=\"c-lightbox-gallery js-lightbox\">\n                <!--single-->\n            <a data-no-swup class=\"c-lightbox-gallery__single js-lightbox-single\"\n               href=\"https:\/\/www.predsjednik.hr\/wp-content\/uploads\/2022\/02\/DSC_1017-1024x576.jpg\"\n               style=\"background-image: url('https:\/\/www.predsjednik.hr\/wp-content\/uploads\/2022\/02\/DSC_1017-768x432.jpg')\"><\/a>\n            <!--end single-->\n                    <!--single-->\n            <a data-no-swup class=\"c-lightbox-gallery__single js-lightbox-single\"\n               href=\"https:\/\/www.predsjednik.hr\/wp-content\/uploads\/2022\/02\/DSC_1027-1024x576.jpg\"\n               style=\"background-image: url('https:\/\/www.predsjednik.hr\/wp-content\/uploads\/2022\/02\/DSC_1027-768x432.jpg')\"><\/a>\n            <!--end single-->\n                    <!--single-->\n            <a data-no-swup class=\"c-lightbox-gallery__single js-lightbox-single\"\n               href=\"https:\/\/www.predsjednik.hr\/wp-content\/uploads\/2022\/02\/DSC_1048-1024x576.jpg\"\n               style=\"background-image: url('https:\/\/www.predsjednik.hr\/wp-content\/uploads\/2022\/02\/DSC_1048-768x432.jpg')\"><\/a>\n            <!--end single-->\n        <\/div>\n<!--end GALLERY BLOCK-->\n\n\n\n<p>PHOTO: Office of the President of the Republic of Croatia \/ Tomislav Bu\u0161ljeta<\/p>\n","protected":false},"excerpt":{"rendered":"<p>The President of the Republic Zoran Milanovi\u0107 met today in the Office of the President with representatives of the Croatian Epilepsy Association on the occasion of World Day of the Sick, International Epilepsy Day and National Day of Patients with Epilepsy, which fall on the same day this year, Monday, 14 February.<\/p>\n","protected":false},"featured_media":15425,"template":"","news-cat":[12],"class_list":["post-15430","news","type-news","status-publish","has-post-thumbnail","hentry","news-cat-news"],"acf":[],"yoast_head":"<!-- This site is optimized with the Yoast SEO plugin v27.5 - https:\/\/yoast.com\/product\/yoast-seo-wordpress\/ -->\n<title>President Milanovi\u0107 Meets with Croatian Epilepsy Association Delegation - President of the Republic of Croatia - Zoran Milanovi\u0107<\/title>\n<meta name=\"robots\" content=\"index, follow, max-snippet:-1, max-image-preview:large, max-video-preview:-1\" \/>\n<link rel=\"canonical\" href=\"https:\/\/www.predsjednik.hr\/en\/news\/president-milanovic-meets-with-croatian-epilepsy-association-delegation\/\" \/>\n<meta property=\"og:locale\" content=\"en_US\" \/>\n<meta property=\"og:type\" content=\"article\" \/>\n<meta property=\"og:title\" content=\"President Milanovi\u0107 Meets with Croatian Epilepsy Association Delegation - President of the Republic of Croatia - Zoran Milanovi\u0107\" \/>\n<meta property=\"og:description\" content=\"The President of the Republic Zoran Milanovi\u0107 met today in the Office of the President with representatives of the Croatian Epilepsy Association on the occasion of World Day of the Sick, International Epilepsy Day and National Day of Patients with Epilepsy, which fall on the same day this year, Monday, 14 February.\" \/>\n<meta property=\"og:url\" content=\"https:\/\/www.predsjednik.hr\/en\/news\/president-milanovic-meets-with-croatian-epilepsy-association-delegation\/\" \/>\n<meta property=\"og:site_name\" content=\"President of the Republic of Croatia - Zoran Milanovi\u0107\" \/>\n<meta property=\"article:modified_time\" content=\"2022-02-11T13:25:53+00:00\" \/>\n<meta property=\"og:image\" content=\"https:\/\/www.predsjednik.hr\/wp-content\/uploads\/2022\/02\/DSC_1017.jpg\" \/>\n\t<meta property=\"og:image:width\" content=\"5164\" \/>\n\t<meta property=\"og:image:height\" content=\"2905\" \/>\n\t<meta property=\"og:image:type\" content=\"image\/jpeg\" \/>\n<meta name=\"twitter:card\" content=\"summary_large_image\" \/>\n<meta name=\"twitter:label1\" content=\"Est. reading time\" \/>\n\t<meta name=\"twitter:data1\" content=\"2 minutes\" \/>\n<script type=\"application\/ld+json\" class=\"yoast-schema-graph\">{\"@context\":\"https:\\\/\\\/schema.org\",\"@graph\":[{\"@type\":\"WebPage\",\"@id\":\"https:\\\/\\\/www.predsjednik.hr\\\/en\\\/news\\\/president-milanovic-meets-with-croatian-epilepsy-association-delegation\\\/\",\"url\":\"https:\\\/\\\/www.predsjednik.hr\\\/en\\\/news\\\/president-milanovic-meets-with-croatian-epilepsy-association-delegation\\\/\",\"name\":\"President Milanovi\u0107 Meets with Croatian Epilepsy Association Delegation - President of the Republic of Croatia - Zoran Milanovi\u0107\",\"isPartOf\":{\"@id\":\"https:\\\/\\\/www.predsjednik.hr\\\/en\\\/#website\"},\"primaryImageOfPage\":{\"@id\":\"https:\\\/\\\/www.predsjednik.hr\\\/en\\\/news\\\/president-milanovic-meets-with-croatian-epilepsy-association-delegation\\\/#primaryimage\"},\"image\":{\"@id\":\"https:\\\/\\\/www.predsjednik.hr\\\/en\\\/news\\\/president-milanovic-meets-with-croatian-epilepsy-association-delegation\\\/#primaryimage\"},\"thumbnailUrl\":\"https:\\\/\\\/www.predsjednik.hr\\\/wp-content\\\/uploads\\\/2022\\\/02\\\/DSC_1017.jpg\",\"datePublished\":\"2022-02-11T13:25:49+00:00\",\"dateModified\":\"2022-02-11T13:25:53+00:00\",\"breadcrumb\":{\"@id\":\"https:\\\/\\\/www.predsjednik.hr\\\/en\\\/news\\\/president-milanovic-meets-with-croatian-epilepsy-association-delegation\\\/#breadcrumb\"},\"inLanguage\":\"en-US\",\"potentialAction\":[{\"@type\":\"ReadAction\",\"target\":[\"https:\\\/\\\/www.predsjednik.hr\\\/en\\\/news\\\/president-milanovic-meets-with-croatian-epilepsy-association-delegation\\\/\"]}]},{\"@type\":\"ImageObject\",\"inLanguage\":\"en-US\",\"@id\":\"https:\\\/\\\/www.predsjednik.hr\\\/en\\\/news\\\/president-milanovic-meets-with-croatian-epilepsy-association-delegation\\\/#primaryimage\",\"url\":\"https:\\\/\\\/www.predsjednik.hr\\\/wp-content\\\/uploads\\\/2022\\\/02\\\/DSC_1017.jpg\",\"contentUrl\":\"https:\\\/\\\/www.predsjednik.hr\\\/wp-content\\\/uploads\\\/2022\\\/02\\\/DSC_1017.jpg\",\"width\":5164,\"height\":2905,\"caption\":\"President Milanovi\u0107 Meets with Croatian Epilepsy Association Delegation\"},{\"@type\":\"BreadcrumbList\",\"@id\":\"https:\\\/\\\/www.predsjednik.hr\\\/en\\\/news\\\/president-milanovic-meets-with-croatian-epilepsy-association-delegation\\\/#breadcrumb\",\"itemListElement\":[{\"@type\":\"ListItem\",\"position\":1,\"name\":\"Home\",\"item\":\"https:\\\/\\\/www.predsjednik.hr\\\/en\\\/\"},{\"@type\":\"ListItem\",\"position\":2,\"name\":\"Vijesti\",\"item\":\"https:\\\/\\\/www.predsjednik.hr\\\/en\\\/news\\\/\"},{\"@type\":\"ListItem\",\"position\":3,\"name\":\"President Milanovi\u0107 Meets with Croatian Epilepsy Association Delegation\"}]},{\"@type\":\"WebSite\",\"@id\":\"https:\\\/\\\/www.predsjednik.hr\\\/en\\\/#website\",\"url\":\"https:\\\/\\\/www.predsjednik.hr\\\/en\\\/\",\"name\":\"President of the Republic of Croatia - Zoran Milanovi\u0107\",\"description\":\"Just another WordPress site\",\"potentialAction\":[{\"@type\":\"SearchAction\",\"target\":{\"@type\":\"EntryPoint\",\"urlTemplate\":\"https:\\\/\\\/www.predsjednik.hr\\\/en\\\/?s={search_term_string}\"},\"query-input\":{\"@type\":\"PropertyValueSpecification\",\"valueRequired\":true,\"valueName\":\"search_term_string\"}}],\"inLanguage\":\"en-US\"}]}<\/script>\n<!-- \/ Yoast SEO plugin. -->","yoast_head_json":{"title":"President Milanovi\u0107 Meets with Croatian Epilepsy Association Delegation - President of the Republic of Croatia - Zoran Milanovi\u0107","robots":{"index":"index","follow":"follow","max-snippet":"max-snippet:-1","max-image-preview":"max-image-preview:large","max-video-preview":"max-video-preview:-1"},"canonical":"https:\/\/www.predsjednik.hr\/en\/news\/president-milanovic-meets-with-croatian-epilepsy-association-delegation\/","og_locale":"en_US","og_type":"article","og_title":"President Milanovi\u0107 Meets with Croatian Epilepsy Association Delegation - President of the Republic of Croatia - Zoran Milanovi\u0107","og_description":"The President of the Republic Zoran Milanovi\u0107 met today in the Office of the President with representatives of the Croatian Epilepsy Association on the occasion of World Day of the Sick, International Epilepsy Day and National Day of Patients with Epilepsy, which fall on the same day this year, Monday, 14 February.","og_url":"https:\/\/www.predsjednik.hr\/en\/news\/president-milanovic-meets-with-croatian-epilepsy-association-delegation\/","og_site_name":"President of the Republic of Croatia - Zoran Milanovi\u0107","article_modified_time":"2022-02-11T13:25:53+00:00","og_image":[{"width":5164,"height":2905,"url":"https:\/\/www.predsjednik.hr\/wp-content\/uploads\/2022\/02\/DSC_1017.jpg","type":"image\/jpeg"}],"twitter_card":"summary_large_image","twitter_misc":{"Est. reading time":"2 minutes"},"schema":{"@context":"https:\/\/schema.org","@graph":[{"@type":"WebPage","@id":"https:\/\/www.predsjednik.hr\/en\/news\/president-milanovic-meets-with-croatian-epilepsy-association-delegation\/","url":"https:\/\/www.predsjednik.hr\/en\/news\/president-milanovic-meets-with-croatian-epilepsy-association-delegation\/","name":"President Milanovi\u0107 Meets with Croatian Epilepsy Association Delegation - President of the Republic of Croatia - Zoran Milanovi\u0107","isPartOf":{"@id":"https:\/\/www.predsjednik.hr\/en\/#website"},"primaryImageOfPage":{"@id":"https:\/\/www.predsjednik.hr\/en\/news\/president-milanovic-meets-with-croatian-epilepsy-association-delegation\/#primaryimage"},"image":{"@id":"https:\/\/www.predsjednik.hr\/en\/news\/president-milanovic-meets-with-croatian-epilepsy-association-delegation\/#primaryimage"},"thumbnailUrl":"https:\/\/www.predsjednik.hr\/wp-content\/uploads\/2022\/02\/DSC_1017.jpg","datePublished":"2022-02-11T13:25:49+00:00","dateModified":"2022-02-11T13:25:53+00:00","breadcrumb":{"@id":"https:\/\/www.predsjednik.hr\/en\/news\/president-milanovic-meets-with-croatian-epilepsy-association-delegation\/#breadcrumb"},"inLanguage":"en-US","potentialAction":[{"@type":"ReadAction","target":["https:\/\/www.predsjednik.hr\/en\/news\/president-milanovic-meets-with-croatian-epilepsy-association-delegation\/"]}]},{"@type":"ImageObject","inLanguage":"en-US","@id":"https:\/\/www.predsjednik.hr\/en\/news\/president-milanovic-meets-with-croatian-epilepsy-association-delegation\/#primaryimage","url":"https:\/\/www.predsjednik.hr\/wp-content\/uploads\/2022\/02\/DSC_1017.jpg","contentUrl":"https:\/\/www.predsjednik.hr\/wp-content\/uploads\/2022\/02\/DSC_1017.jpg","width":5164,"height":2905,"caption":"President Milanovi\u0107 Meets with Croatian Epilepsy Association Delegation"},{"@type":"BreadcrumbList","@id":"https:\/\/www.predsjednik.hr\/en\/news\/president-milanovic-meets-with-croatian-epilepsy-association-delegation\/#breadcrumb","itemListElement":[{"@type":"ListItem","position":1,"name":"Home","item":"https:\/\/www.predsjednik.hr\/en\/"},{"@type":"ListItem","position":2,"name":"Vijesti","item":"https:\/\/www.predsjednik.hr\/en\/news\/"},{"@type":"ListItem","position":3,"name":"President Milanovi\u0107 Meets with Croatian Epilepsy Association Delegation"}]},{"@type":"WebSite","@id":"https:\/\/www.predsjednik.hr\/en\/#website","url":"https:\/\/www.predsjednik.hr\/en\/","name":"President of the Republic of Croatia - Zoran Milanovi\u0107","description":"Just another WordPress site","potentialAction":[{"@type":"SearchAction","target":{"@type":"EntryPoint","urlTemplate":"https:\/\/www.predsjednik.hr\/en\/?s={search_term_string}"},"query-input":{"@type":"PropertyValueSpecification","valueRequired":true,"valueName":"search_term_string"}}],"inLanguage":"en-US"}]}},"_links":{"self":[{"href":"https:\/\/www.predsjednik.hr\/en\/wp-json\/wp\/v2\/news\/15430","targetHints":{"allow":["GET"]}}],"collection":[{"href":"https:\/\/www.predsjednik.hr\/en\/wp-json\/wp\/v2\/news"}],"about":[{"href":"https:\/\/www.predsjednik.hr\/en\/wp-json\/wp\/v2\/types\/news"}],"wp:featuredmedia":[{"embeddable":true,"href":"https:\/\/www.predsjednik.hr\/en\/wp-json\/wp\/v2\/media\/15425"}],"wp:attachment":[{"href":"https:\/\/www.predsjednik.hr\/en\/wp-json\/wp\/v2\/media?parent=15430"}],"wp:term":[{"taxonomy":"news-cat","embeddable":true,"href":"https:\/\/www.predsjednik.hr\/en\/wp-json\/wp\/v2\/news-cat?post=15430"}],"curies":[{"name":"wp","href":"https:\/\/api.w.org\/{rel}","templated":true}]}}