{"id":15481,"date":"2022-02-18T13:34:58","date_gmt":"2022-02-18T12:34:58","guid":{"rendered":"https:\/\/www.predsjednik.hr\/?post_type=news&#038;p=15481"},"modified":"2022-02-18T13:35:01","modified_gmt":"2022-02-18T12:35:01","slug":"president-milanovic-in-pozega-we-have-to-manage-the-croatian-army-as-with-the-most-precious-resource-not-expose-it-to-unnecessary-risks","status":"publish","type":"news","link":"https:\/\/www.predsjednik.hr\/en\/news\/president-milanovic-in-pozega-we-have-to-manage-the-croatian-army-as-with-the-most-precious-resource-not-expose-it-to-unnecessary-risks\/","title":{"rendered":"President Milanovi\u0107 in Po\u017eega: We have to manage the Croatian Army as with the most precious resource, not expose it to unnecessary risks"},"content":{"rendered":"\n<p>The President of the Republic and Commander in Chief of the Croatian Armed Forces Zoran Milanovi\u0107 attended a swearing-in ceremony of the 33<sup>rd<\/sup> generation of soldiers enrolled in voluntary military training in the \u201c123<sup>rd<\/sup> HV Brigade\u201d Barracks in Po\u017eega.<\/p>\n\n\n\n<p>A total of 161 soldiers including 123 men and 38 women enrolled in voluntary military training took an oath in Po\u017eega. The President of the Republic and Commander in Chief of the Croatian Armed Forces told them that they solemnly swore to uphold the highest values of the Croatian constitutional and democratic order. \u201cNot to a person, not to an individual, not to the government, not to politics, but to that which represents the foundations and the connective tissue of this state, if you wish, to this people, this nation. This is unchangeable, this is permanent\u201d, the President stated. He further told them that many will accept the military calling noting that it is no ordinary profession but something more than that.<\/p>\n\n\n\n<p>\u201cYou are joining the Croatian Army at a time when the world is in commotion and ceasing to be what we perhaps have taken for granted in the past thirty years. In that big world, utter confusion and whirlwind, we are a small state, a small people, a small nation on a lovely but vulnerable spot in Europe. A state no one has given anything to in the past thirty years, not so much as even a kind word\u201d, President Milanovi\u0107 stated, adding that this is no reason to be frustrated, because we aren\u2019t.<\/p>\n\n\n\n<p>\u201cAll that we have, all that you have \u2013 has been won fairly, without mistakes, to the pride of all of us. No one gave anything to Croatia. We asked, but they didn\u2019t give, we had to take things by ourselves. Such is the army and the state you represent. Continue with its traditions and experience there where others stopped. Literally carry the Croatian rifle on the Croatian shoulder as once Croatian political leaders such as Stjepan Radi\u0107 said before anyone else\u201d, President Milanovi\u0107 told the soldiers.<\/p>\n\n\n\n<p>\u201cThe Croatian pocketbook will finally be ours to keep, the process is somewhat longer and more difficult, but every country\u2019s independence and power, besides its army and an attachment to the same ideals and fundamental values, are reflected in how independent and sovereign it is financially. We have to fight for our pocketbook, for our money, for our place in this great, often lovely, but insecure world. And I believe with minimal human casualties or none at all\u201d, the President underlined.<\/p>\n\n\n\n<p>\u201cThis is a matter of being clever \u2013 not to stick our nose where it doesn\u2019t belong, to learn from our mistakes, omissions and from the adventures of our ancestors not so long ago, to be aware that we belong to the western civilizational and political circle, because we do, not make enemies, and not instantly rush at anyone\u2019s signal that could lead to tragedy. We have to move cautiously, if necessary cunningly and in our own interest, in the interest of the Croatian homeland. That is the motive and the message I have for you. The task of those of us who are governing this country, of politicians, is to use and manage the Croatian Army as with the most precious resource. And that means that it is always in motion, not to overburden it and expose it to unnecessary risks\u201d, President Milanovi\u0107 stated in concluding his address.<\/p>\n\n\n\n<p>Alongside President Milanovi\u0107 were the Head of the Cabinet of the President Bartol \u0160imuni\u0107, the Adviser to the President of the Republic for Defense and National Security Dragan Lozan\u010di\u0107 and the Special Adviser to the President of the Republic for Homeland War Veterans Marijan Marekovi\u0107.<\/p>\n\n\n<!--GALLERY BLOCK-->\n<div class=\"c-lightbox-gallery js-lightbox\">\n                <!--single-->\n            <a data-no-swup class=\"c-lightbox-gallery__single js-lightbox-single\"\n               href=\"https:\/\/www.predsjednik.hr\/wp-content\/uploads\/2022\/02\/DSC_0514-1024x576.jpg\"\n               style=\"background-image: url('https:\/\/www.predsjednik.hr\/wp-content\/uploads\/2022\/02\/DSC_0514-768x432.jpg')\"><\/a>\n            <!--end single-->\n                    <!--single-->\n            <a data-no-swup class=\"c-lightbox-gallery__single js-lightbox-single\"\n               href=\"https:\/\/www.predsjednik.hr\/wp-content\/uploads\/2022\/02\/DSC_0537-1024x683.jpg\"\n               style=\"background-image: url('https:\/\/www.predsjednik.hr\/wp-content\/uploads\/2022\/02\/DSC_0537-768x512.jpg')\"><\/a>\n            <!--end single-->\n                    <!--single-->\n            <a data-no-swup class=\"c-lightbox-gallery__single js-lightbox-single\"\n               href=\"https:\/\/www.predsjednik.hr\/wp-content\/uploads\/2022\/02\/DSC_0558-1024x576.jpg\"\n               style=\"background-image: url('https:\/\/www.predsjednik.hr\/wp-content\/uploads\/2022\/02\/DSC_0558-768x432.jpg')\"><\/a>\n            <!--end single-->\n                    <!--single-->\n            <a data-no-swup class=\"c-lightbox-gallery__single js-lightbox-single\"\n               href=\"https:\/\/www.predsjednik.hr\/wp-content\/uploads\/2022\/02\/DSC_0602-1024x683.jpg\"\n               style=\"background-image: url('https:\/\/www.predsjednik.hr\/wp-content\/uploads\/2022\/02\/DSC_0602-768x512.jpg')\"><\/a>\n            <!--end single-->\n                    <!--single-->\n            <a data-no-swup class=\"c-lightbox-gallery__single js-lightbox-single\"\n               href=\"https:\/\/www.predsjednik.hr\/wp-content\/uploads\/2022\/02\/DSC_0607-1024x683.jpg\"\n               style=\"background-image: url('https:\/\/www.predsjednik.hr\/wp-content\/uploads\/2022\/02\/DSC_0607-768x512.jpg')\"><\/a>\n            <!--end single-->\n                    <!--single-->\n            <a data-no-swup class=\"c-lightbox-gallery__single js-lightbox-single\"\n               href=\"https:\/\/www.predsjednik.hr\/wp-content\/uploads\/2022\/02\/DSC_0621-1024x683.jpg\"\n               style=\"background-image: url('https:\/\/www.predsjednik.hr\/wp-content\/uploads\/2022\/02\/DSC_0621-768x512.jpg')\"><\/a>\n            <!--end single-->\n                    <!--single-->\n            <a data-no-swup class=\"c-lightbox-gallery__single js-lightbox-single\"\n               href=\"https:\/\/www.predsjednik.hr\/wp-content\/uploads\/2022\/02\/DSC_0637-1024x683.jpg\"\n               style=\"background-image: url('https:\/\/www.predsjednik.hr\/wp-content\/uploads\/2022\/02\/DSC_0637-768x512.jpg')\"><\/a>\n            <!--end single-->\n                    <!--single-->\n            <a data-no-swup class=\"c-lightbox-gallery__single js-lightbox-single\"\n               href=\"https:\/\/www.predsjednik.hr\/wp-content\/uploads\/2022\/02\/DSC_0694-1024x683.jpg\"\n               style=\"background-image: url('https:\/\/www.predsjednik.hr\/wp-content\/uploads\/2022\/02\/DSC_0694-768x512.jpg')\"><\/a>\n            <!--end single-->\n                    <!--single-->\n            <a data-no-swup class=\"c-lightbox-gallery__single js-lightbox-single\"\n               href=\"https:\/\/www.predsjednik.hr\/wp-content\/uploads\/2022\/02\/DSC_0717-1024x576.jpg\"\n               style=\"background-image: url('https:\/\/www.predsjednik.hr\/wp-content\/uploads\/2022\/02\/DSC_0717-768x432.jpg')\"><\/a>\n            <!--end single-->\n                    <!--single-->\n            <a data-no-swup class=\"c-lightbox-gallery__single js-lightbox-single\"\n               href=\"https:\/\/www.predsjednik.hr\/wp-content\/uploads\/2022\/02\/DSC_0730-1024x576.jpg\"\n               style=\"background-image: url('https:\/\/www.predsjednik.hr\/wp-content\/uploads\/2022\/02\/DSC_0730-768x432.jpg')\"><\/a>\n            <!--end single-->\n        <\/div>\n<!--end GALLERY BLOCK-->\n\n\n\n<p>PHOTO: Office of the President of the Republic of Croatia \/ Filip Glas<\/p>\n","protected":false},"excerpt":{"rendered":"<p>The President of the Republic and Commander in Chief of the Croatian Armed Forces Zoran Milanovi\u0107 attended a swearing-in ceremony of the 33rd generation of soldiers enrolled in voluntary military training in the \u201c123rd HV Brigade\u201d Barracks in Po\u017eega.<\/p>\n","protected":false},"featured_media":15472,"template":"","news-cat":[12],"class_list":["post-15481","news","type-news","status-publish","has-post-thumbnail","hentry","news-cat-news"],"acf":[],"yoast_head":"<!-- This site is optimized with the Yoast SEO plugin v27.5 - https:\/\/yoast.com\/product\/yoast-seo-wordpress\/ -->\n<title>President Milanovi\u0107 in Po\u017eega: We have to manage the Croatian Army as with the most precious resource, not expose it to unnecessary risks - President of the Republic of Croatia - Zoran Milanovi\u0107<\/title>\n<meta name=\"robots\" content=\"index, follow, max-snippet:-1, max-image-preview:large, max-video-preview:-1\" \/>\n<link rel=\"canonical\" href=\"https:\/\/www.predsjednik.hr\/en\/news\/president-milanovic-in-pozega-we-have-to-manage-the-croatian-army-as-with-the-most-precious-resource-not-expose-it-to-unnecessary-risks\/\" \/>\n<meta property=\"og:locale\" content=\"en_US\" \/>\n<meta property=\"og:type\" content=\"article\" \/>\n<meta property=\"og:title\" content=\"President Milanovi\u0107 in Po\u017eega: We have to manage the Croatian Army as with the most precious resource, not expose it to unnecessary risks - President of the Republic of Croatia - Zoran Milanovi\u0107\" \/>\n<meta property=\"og:description\" content=\"The President of the Republic and Commander in Chief of the Croatian Armed Forces Zoran Milanovi\u0107 attended a swearing-in ceremony of the 33rd generation of soldiers enrolled in voluntary military training in the \u201c123rd HV Brigade\u201d Barracks in Po\u017eega.\" \/>\n<meta property=\"og:url\" content=\"https:\/\/www.predsjednik.hr\/en\/news\/president-milanovic-in-pozega-we-have-to-manage-the-croatian-army-as-with-the-most-precious-resource-not-expose-it-to-unnecessary-risks\/\" \/>\n<meta property=\"og:site_name\" content=\"President of the Republic of Croatia - Zoran Milanovi\u0107\" \/>\n<meta property=\"article:modified_time\" content=\"2022-02-18T12:35:01+00:00\" \/>\n<meta property=\"og:image\" content=\"https:\/\/www.predsjednik.hr\/wp-content\/uploads\/2022\/02\/DSC_0621.jpg\" \/>\n\t<meta property=\"og:image:width\" content=\"4000\" \/>\n\t<meta property=\"og:image:height\" content=\"2667\" \/>\n\t<meta property=\"og:image:type\" content=\"image\/jpeg\" \/>\n<meta name=\"twitter:card\" content=\"summary_large_image\" \/>\n<meta name=\"twitter:label1\" content=\"Est. reading time\" \/>\n\t<meta name=\"twitter:data1\" content=\"4 minutes\" \/>\n<script type=\"application\/ld+json\" class=\"yoast-schema-graph\">{\"@context\":\"https:\\\/\\\/schema.org\",\"@graph\":[{\"@type\":\"WebPage\",\"@id\":\"https:\\\/\\\/www.predsjednik.hr\\\/en\\\/news\\\/president-milanovic-in-pozega-we-have-to-manage-the-croatian-army-as-with-the-most-precious-resource-not-expose-it-to-unnecessary-risks\\\/\",\"url\":\"https:\\\/\\\/www.predsjednik.hr\\\/en\\\/news\\\/president-milanovic-in-pozega-we-have-to-manage-the-croatian-army-as-with-the-most-precious-resource-not-expose-it-to-unnecessary-risks\\\/\",\"name\":\"President Milanovi\u0107 in Po\u017eega: We have to manage the Croatian Army as with the most precious resource, not expose it to unnecessary risks - President of the Republic of Croatia - Zoran Milanovi\u0107\",\"isPartOf\":{\"@id\":\"https:\\\/\\\/www.predsjednik.hr\\\/en\\\/#website\"},\"primaryImageOfPage\":{\"@id\":\"https:\\\/\\\/www.predsjednik.hr\\\/en\\\/news\\\/president-milanovic-in-pozega-we-have-to-manage-the-croatian-army-as-with-the-most-precious-resource-not-expose-it-to-unnecessary-risks\\\/#primaryimage\"},\"image\":{\"@id\":\"https:\\\/\\\/www.predsjednik.hr\\\/en\\\/news\\\/president-milanovic-in-pozega-we-have-to-manage-the-croatian-army-as-with-the-most-precious-resource-not-expose-it-to-unnecessary-risks\\\/#primaryimage\"},\"thumbnailUrl\":\"https:\\\/\\\/www.predsjednik.hr\\\/wp-content\\\/uploads\\\/2022\\\/02\\\/DSC_0621.jpg\",\"datePublished\":\"2022-02-18T12:34:58+00:00\",\"dateModified\":\"2022-02-18T12:35:01+00:00\",\"breadcrumb\":{\"@id\":\"https:\\\/\\\/www.predsjednik.hr\\\/en\\\/news\\\/president-milanovic-in-pozega-we-have-to-manage-the-croatian-army-as-with-the-most-precious-resource-not-expose-it-to-unnecessary-risks\\\/#breadcrumb\"},\"inLanguage\":\"en-US\",\"potentialAction\":[{\"@type\":\"ReadAction\",\"target\":[\"https:\\\/\\\/www.predsjednik.hr\\\/en\\\/news\\\/president-milanovic-in-pozega-we-have-to-manage-the-croatian-army-as-with-the-most-precious-resource-not-expose-it-to-unnecessary-risks\\\/\"]}]},{\"@type\":\"ImageObject\",\"inLanguage\":\"en-US\",\"@id\":\"https:\\\/\\\/www.predsjednik.hr\\\/en\\\/news\\\/president-milanovic-in-pozega-we-have-to-manage-the-croatian-army-as-with-the-most-precious-resource-not-expose-it-to-unnecessary-risks\\\/#primaryimage\",\"url\":\"https:\\\/\\\/www.predsjednik.hr\\\/wp-content\\\/uploads\\\/2022\\\/02\\\/DSC_0621.jpg\",\"contentUrl\":\"https:\\\/\\\/www.predsjednik.hr\\\/wp-content\\\/uploads\\\/2022\\\/02\\\/DSC_0621.jpg\",\"width\":4000,\"height\":2667,\"caption\":\"The President of the Republic and Commander in Chief of the Croatian Armed Forces Zoran Milanovi\u0107 attended a swearing-in ceremony of the 33rd generation of soldiers enrolled in voluntary military training in the \u201c123rd HV Brigade\u201d Barracks in Po\u017eega.\"},{\"@type\":\"BreadcrumbList\",\"@id\":\"https:\\\/\\\/www.predsjednik.hr\\\/en\\\/news\\\/president-milanovic-in-pozega-we-have-to-manage-the-croatian-army-as-with-the-most-precious-resource-not-expose-it-to-unnecessary-risks\\\/#breadcrumb\",\"itemListElement\":[{\"@type\":\"ListItem\",\"position\":1,\"name\":\"Home\",\"item\":\"https:\\\/\\\/www.predsjednik.hr\\\/en\\\/\"},{\"@type\":\"ListItem\",\"position\":2,\"name\":\"Vijesti\",\"item\":\"https:\\\/\\\/www.predsjednik.hr\\\/en\\\/news\\\/\"},{\"@type\":\"ListItem\",\"position\":3,\"name\":\"President Milanovi\u0107 in Po\u017eega: We have to manage the Croatian Army as with the most precious resource, not expose it to unnecessary risks\"}]},{\"@type\":\"WebSite\",\"@id\":\"https:\\\/\\\/www.predsjednik.hr\\\/en\\\/#website\",\"url\":\"https:\\\/\\\/www.predsjednik.hr\\\/en\\\/\",\"name\":\"President of the Republic of Croatia - Zoran Milanovi\u0107\",\"description\":\"Just another WordPress site\",\"potentialAction\":[{\"@type\":\"SearchAction\",\"target\":{\"@type\":\"EntryPoint\",\"urlTemplate\":\"https:\\\/\\\/www.predsjednik.hr\\\/en\\\/?s={search_term_string}\"},\"query-input\":{\"@type\":\"PropertyValueSpecification\",\"valueRequired\":true,\"valueName\":\"search_term_string\"}}],\"inLanguage\":\"en-US\"}]}<\/script>\n<!-- \/ Yoast SEO plugin. -->","yoast_head_json":{"title":"President Milanovi\u0107 in Po\u017eega: We have to manage the Croatian Army as with the most precious resource, not expose it to unnecessary risks - President of the Republic of Croatia - Zoran Milanovi\u0107","robots":{"index":"index","follow":"follow","max-snippet":"max-snippet:-1","max-image-preview":"max-image-preview:large","max-video-preview":"max-video-preview:-1"},"canonical":"https:\/\/www.predsjednik.hr\/en\/news\/president-milanovic-in-pozega-we-have-to-manage-the-croatian-army-as-with-the-most-precious-resource-not-expose-it-to-unnecessary-risks\/","og_locale":"en_US","og_type":"article","og_title":"President Milanovi\u0107 in Po\u017eega: We have to manage the Croatian Army as with the most precious resource, not expose it to unnecessary risks - President of the Republic of Croatia - Zoran Milanovi\u0107","og_description":"The President of the Republic and Commander in Chief of the Croatian Armed Forces Zoran Milanovi\u0107 attended a swearing-in ceremony of the 33rd generation of soldiers enrolled in voluntary military training in the \u201c123rd HV Brigade\u201d Barracks in Po\u017eega.","og_url":"https:\/\/www.predsjednik.hr\/en\/news\/president-milanovic-in-pozega-we-have-to-manage-the-croatian-army-as-with-the-most-precious-resource-not-expose-it-to-unnecessary-risks\/","og_site_name":"President of the Republic of Croatia - Zoran Milanovi\u0107","article_modified_time":"2022-02-18T12:35:01+00:00","og_image":[{"width":4000,"height":2667,"url":"https:\/\/www.predsjednik.hr\/wp-content\/uploads\/2022\/02\/DSC_0621.jpg","type":"image\/jpeg"}],"twitter_card":"summary_large_image","twitter_misc":{"Est. reading time":"4 minutes"},"schema":{"@context":"https:\/\/schema.org","@graph":[{"@type":"WebPage","@id":"https:\/\/www.predsjednik.hr\/en\/news\/president-milanovic-in-pozega-we-have-to-manage-the-croatian-army-as-with-the-most-precious-resource-not-expose-it-to-unnecessary-risks\/","url":"https:\/\/www.predsjednik.hr\/en\/news\/president-milanovic-in-pozega-we-have-to-manage-the-croatian-army-as-with-the-most-precious-resource-not-expose-it-to-unnecessary-risks\/","name":"President Milanovi\u0107 in Po\u017eega: We have to manage the Croatian Army as with the most precious resource, not expose it to unnecessary risks - President of the Republic of Croatia - Zoran Milanovi\u0107","isPartOf":{"@id":"https:\/\/www.predsjednik.hr\/en\/#website"},"primaryImageOfPage":{"@id":"https:\/\/www.predsjednik.hr\/en\/news\/president-milanovic-in-pozega-we-have-to-manage-the-croatian-army-as-with-the-most-precious-resource-not-expose-it-to-unnecessary-risks\/#primaryimage"},"image":{"@id":"https:\/\/www.predsjednik.hr\/en\/news\/president-milanovic-in-pozega-we-have-to-manage-the-croatian-army-as-with-the-most-precious-resource-not-expose-it-to-unnecessary-risks\/#primaryimage"},"thumbnailUrl":"https:\/\/www.predsjednik.hr\/wp-content\/uploads\/2022\/02\/DSC_0621.jpg","datePublished":"2022-02-18T12:34:58+00:00","dateModified":"2022-02-18T12:35:01+00:00","breadcrumb":{"@id":"https:\/\/www.predsjednik.hr\/en\/news\/president-milanovic-in-pozega-we-have-to-manage-the-croatian-army-as-with-the-most-precious-resource-not-expose-it-to-unnecessary-risks\/#breadcrumb"},"inLanguage":"en-US","potentialAction":[{"@type":"ReadAction","target":["https:\/\/www.predsjednik.hr\/en\/news\/president-milanovic-in-pozega-we-have-to-manage-the-croatian-army-as-with-the-most-precious-resource-not-expose-it-to-unnecessary-risks\/"]}]},{"@type":"ImageObject","inLanguage":"en-US","@id":"https:\/\/www.predsjednik.hr\/en\/news\/president-milanovic-in-pozega-we-have-to-manage-the-croatian-army-as-with-the-most-precious-resource-not-expose-it-to-unnecessary-risks\/#primaryimage","url":"https:\/\/www.predsjednik.hr\/wp-content\/uploads\/2022\/02\/DSC_0621.jpg","contentUrl":"https:\/\/www.predsjednik.hr\/wp-content\/uploads\/2022\/02\/DSC_0621.jpg","width":4000,"height":2667,"caption":"The President of the Republic and Commander in Chief of the Croatian Armed Forces Zoran Milanovi\u0107 attended a swearing-in ceremony of the 33rd generation of soldiers enrolled in voluntary military training in the \u201c123rd HV Brigade\u201d Barracks in Po\u017eega."},{"@type":"BreadcrumbList","@id":"https:\/\/www.predsjednik.hr\/en\/news\/president-milanovic-in-pozega-we-have-to-manage-the-croatian-army-as-with-the-most-precious-resource-not-expose-it-to-unnecessary-risks\/#breadcrumb","itemListElement":[{"@type":"ListItem","position":1,"name":"Home","item":"https:\/\/www.predsjednik.hr\/en\/"},{"@type":"ListItem","position":2,"name":"Vijesti","item":"https:\/\/www.predsjednik.hr\/en\/news\/"},{"@type":"ListItem","position":3,"name":"President Milanovi\u0107 in Po\u017eega: We have to manage the Croatian Army as with the most precious resource, not expose it to unnecessary risks"}]},{"@type":"WebSite","@id":"https:\/\/www.predsjednik.hr\/en\/#website","url":"https:\/\/www.predsjednik.hr\/en\/","name":"President of the Republic of Croatia - Zoran Milanovi\u0107","description":"Just another WordPress site","potentialAction":[{"@type":"SearchAction","target":{"@type":"EntryPoint","urlTemplate":"https:\/\/www.predsjednik.hr\/en\/?s={search_term_string}"},"query-input":{"@type":"PropertyValueSpecification","valueRequired":true,"valueName":"search_term_string"}}],"inLanguage":"en-US"}]}},"_links":{"self":[{"href":"https:\/\/www.predsjednik.hr\/en\/wp-json\/wp\/v2\/news\/15481","targetHints":{"allow":["GET"]}}],"collection":[{"href":"https:\/\/www.predsjednik.hr\/en\/wp-json\/wp\/v2\/news"}],"about":[{"href":"https:\/\/www.predsjednik.hr\/en\/wp-json\/wp\/v2\/types\/news"}],"wp:featuredmedia":[{"embeddable":true,"href":"https:\/\/www.predsjednik.hr\/en\/wp-json\/wp\/v2\/media\/15472"}],"wp:attachment":[{"href":"https:\/\/www.predsjednik.hr\/en\/wp-json\/wp\/v2\/media?parent=15481"}],"wp:term":[{"taxonomy":"news-cat","embeddable":true,"href":"https:\/\/www.predsjednik.hr\/en\/wp-json\/wp\/v2\/news-cat?post=15481"}],"curies":[{"name":"wp","href":"https:\/\/api.w.org\/{rel}","templated":true}]}}