{"id":15521,"date":"2022-02-22T14:59:18","date_gmt":"2022-02-22T13:59:18","guid":{"rendered":"https:\/\/www.predsjednik.hr\/?post_type=news&#038;p=15521"},"modified":"2022-02-22T14:59:20","modified_gmt":"2022-02-22T13:59:20","slug":"president-milanovic-receives-new-leadership-of-croatian-generals-association","status":"publish","type":"news","link":"https:\/\/www.predsjednik.hr\/en\/news\/president-milanovic-receives-new-leadership-of-croatian-generals-association\/","title":{"rendered":"President Milanovi\u0107 Receives New Leadership of Croatian Generals Association"},"content":{"rendered":"\n<p>The President of the Republic Zoran Milinovi\u0107 met today with the new leadership of the Croatian Generals Association, association that assembles retired Homeland War Croatian Army generals and colonels. The delegation included Marinko Kre\u0161i\u0107, new president of the Croatian Generals Association elected at the electoral assembly held on 22 January 2022, deputy president Ljubo \u0106esi\u0107 and two vice-presidents Mladen Kruljac and Frane Tomi\u010di\u0107.<\/p>\n\n\n\n<p>The new leadership of the Croatian Generals Association presented their new work plan and activities to President Milanovi\u0107, which include the opening of a War Museum in Zagreb, the organization of Croatian Generals Association branches in Osijek and Split, and the compilation of a Lexicon of Croatian Generals expected to be publicly promoted on the eve of this year\u2019s Victory and Homeland Gratitude Day. The meeting highlighted plans of the Croatian Generals Association to further organize activities aimed at protecting the reputation and dignity of Homeland War veterans as well as observe important Homeland War.<\/p>\n\n\n\n<p>According to Marinko Kre\u0161i\u0107, the Croatian Generals Association will not deal with daily politics, but will prepare professional military and security analyses that could be beneficial to state institutions as well. In this context, they announced the establishment of their Council for Strategic Issues and the holding of professional conferences and round tables.<\/p>\n\n\n\n<p>Alongside the President of the Republic at the meeting were the Adviser to the President for Defense and National Security Dragan Lozan\u010di\u0107 and the Special Adviser to the President for Homeland War Veterans Marijan Marekovi\u0107.<\/p>\n\n\n<!--GALLERY BLOCK-->\n<div class=\"c-lightbox-gallery js-lightbox\">\n                <!--single-->\n            <a data-no-swup class=\"c-lightbox-gallery__single js-lightbox-single\"\n               href=\"https:\/\/www.predsjednik.hr\/wp-content\/uploads\/2022\/02\/DSC_0377-1024x576.jpg\"\n               style=\"background-image: url('https:\/\/www.predsjednik.hr\/wp-content\/uploads\/2022\/02\/DSC_0377-768x432.jpg')\"><\/a>\n            <!--end single-->\n                    <!--single-->\n            <a data-no-swup class=\"c-lightbox-gallery__single js-lightbox-single\"\n               href=\"https:\/\/www.predsjednik.hr\/wp-content\/uploads\/2022\/02\/DSC_0430-1024x683.jpg\"\n               style=\"background-image: url('https:\/\/www.predsjednik.hr\/wp-content\/uploads\/2022\/02\/DSC_0430-768x512.jpg')\"><\/a>\n            <!--end single-->\n                    <!--single-->\n            <a data-no-swup class=\"c-lightbox-gallery__single js-lightbox-single\"\n               href=\"https:\/\/www.predsjednik.hr\/wp-content\/uploads\/2022\/02\/DSC_0450-1024x683.jpg\"\n               style=\"background-image: url('https:\/\/www.predsjednik.hr\/wp-content\/uploads\/2022\/02\/DSC_0450-768x512.jpg')\"><\/a>\n            <!--end single-->\n                    <!--single-->\n            <a data-no-swup class=\"c-lightbox-gallery__single js-lightbox-single\"\n               href=\"https:\/\/www.predsjednik.hr\/wp-content\/uploads\/2022\/02\/DSC_0461-1024x683.jpg\"\n               style=\"background-image: url('https:\/\/www.predsjednik.hr\/wp-content\/uploads\/2022\/02\/DSC_0461-768x512.jpg')\"><\/a>\n            <!--end single-->\n        <\/div>\n<!--end GALLERY BLOCK-->\n\n\n\n<p>PHOTO: Office of the President of the Republic of Croatia \/ Tomislav Bu\u0161ljeta<\/p>\n","protected":false},"excerpt":{"rendered":"<p>The President of the Republic Zoran Milinovi\u0107 met today with the new leadership of the Croatian Generals Association, association that assembles retired Homeland War Croatian Army generals and colonels. The delegation included Marinko Kre\u0161i\u0107, new president of the Croatian Generals Association elected at the electoral assembly held on 22 January 2022, deputy president Ljubo \u0106esi\u0107 and two vice-presidents Mladen Kruljac and Frane Tomi\u010di\u0107.<\/p>\n","protected":false},"featured_media":15517,"template":"","news-cat":[12],"class_list":["post-15521","news","type-news","status-publish","has-post-thumbnail","hentry","news-cat-news"],"acf":[],"yoast_head":"<!-- This site is optimized with the Yoast SEO plugin v27.5 - https:\/\/yoast.com\/product\/yoast-seo-wordpress\/ -->\n<title>President Milanovi\u0107 Receives New Leadership of Croatian Generals Association - President of the Republic of Croatia - Zoran Milanovi\u0107<\/title>\n<meta name=\"robots\" content=\"index, follow, max-snippet:-1, max-image-preview:large, max-video-preview:-1\" \/>\n<link rel=\"canonical\" href=\"https:\/\/www.predsjednik.hr\/en\/news\/president-milanovic-receives-new-leadership-of-croatian-generals-association\/\" \/>\n<meta property=\"og:locale\" content=\"en_US\" \/>\n<meta property=\"og:type\" content=\"article\" \/>\n<meta property=\"og:title\" content=\"President Milanovi\u0107 Receives New Leadership of Croatian Generals Association - President of the Republic of Croatia - Zoran Milanovi\u0107\" \/>\n<meta property=\"og:description\" content=\"The President of the Republic Zoran Milinovi\u0107 met today with the new leadership of the Croatian Generals Association, association that assembles retired Homeland War Croatian Army generals and colonels. The delegation included Marinko Kre\u0161i\u0107, new president of the Croatian Generals Association elected at the electoral assembly held on 22 January 2022, deputy president Ljubo \u0106esi\u0107 and two vice-presidents Mladen Kruljac and Frane Tomi\u010di\u0107.\" \/>\n<meta property=\"og:url\" content=\"https:\/\/www.predsjednik.hr\/en\/news\/president-milanovic-receives-new-leadership-of-croatian-generals-association\/\" \/>\n<meta property=\"og:site_name\" content=\"President of the Republic of Croatia - Zoran Milanovi\u0107\" \/>\n<meta property=\"article:modified_time\" content=\"2022-02-22T13:59:20+00:00\" \/>\n<meta property=\"og:image\" content=\"https:\/\/www.predsjednik.hr\/wp-content\/uploads\/2022\/02\/DSC_0450.jpg\" \/>\n\t<meta property=\"og:image:width\" content=\"6107\" \/>\n\t<meta property=\"og:image:height\" content=\"4071\" \/>\n\t<meta property=\"og:image:type\" content=\"image\/jpeg\" \/>\n<meta name=\"twitter:card\" content=\"summary_large_image\" \/>\n<meta name=\"twitter:label1\" content=\"Est. reading time\" \/>\n\t<meta name=\"twitter:data1\" content=\"2 minutes\" \/>\n<script type=\"application\/ld+json\" class=\"yoast-schema-graph\">{\"@context\":\"https:\\\/\\\/schema.org\",\"@graph\":[{\"@type\":\"WebPage\",\"@id\":\"https:\\\/\\\/www.predsjednik.hr\\\/en\\\/news\\\/president-milanovic-receives-new-leadership-of-croatian-generals-association\\\/\",\"url\":\"https:\\\/\\\/www.predsjednik.hr\\\/en\\\/news\\\/president-milanovic-receives-new-leadership-of-croatian-generals-association\\\/\",\"name\":\"President Milanovi\u0107 Receives New Leadership of Croatian Generals Association - President of the Republic of Croatia - Zoran Milanovi\u0107\",\"isPartOf\":{\"@id\":\"https:\\\/\\\/www.predsjednik.hr\\\/en\\\/#website\"},\"primaryImageOfPage\":{\"@id\":\"https:\\\/\\\/www.predsjednik.hr\\\/en\\\/news\\\/president-milanovic-receives-new-leadership-of-croatian-generals-association\\\/#primaryimage\"},\"image\":{\"@id\":\"https:\\\/\\\/www.predsjednik.hr\\\/en\\\/news\\\/president-milanovic-receives-new-leadership-of-croatian-generals-association\\\/#primaryimage\"},\"thumbnailUrl\":\"https:\\\/\\\/www.predsjednik.hr\\\/wp-content\\\/uploads\\\/2022\\\/02\\\/DSC_0450.jpg\",\"datePublished\":\"2022-02-22T13:59:18+00:00\",\"dateModified\":\"2022-02-22T13:59:20+00:00\",\"breadcrumb\":{\"@id\":\"https:\\\/\\\/www.predsjednik.hr\\\/en\\\/news\\\/president-milanovic-receives-new-leadership-of-croatian-generals-association\\\/#breadcrumb\"},\"inLanguage\":\"en-US\",\"potentialAction\":[{\"@type\":\"ReadAction\",\"target\":[\"https:\\\/\\\/www.predsjednik.hr\\\/en\\\/news\\\/president-milanovic-receives-new-leadership-of-croatian-generals-association\\\/\"]}]},{\"@type\":\"ImageObject\",\"inLanguage\":\"en-US\",\"@id\":\"https:\\\/\\\/www.predsjednik.hr\\\/en\\\/news\\\/president-milanovic-receives-new-leadership-of-croatian-generals-association\\\/#primaryimage\",\"url\":\"https:\\\/\\\/www.predsjednik.hr\\\/wp-content\\\/uploads\\\/2022\\\/02\\\/DSC_0450.jpg\",\"contentUrl\":\"https:\\\/\\\/www.predsjednik.hr\\\/wp-content\\\/uploads\\\/2022\\\/02\\\/DSC_0450.jpg\",\"width\":6107,\"height\":4071,\"caption\":\"President Milanovi\u0107 Receives New Leadership of Croatian Generals Association\"},{\"@type\":\"BreadcrumbList\",\"@id\":\"https:\\\/\\\/www.predsjednik.hr\\\/en\\\/news\\\/president-milanovic-receives-new-leadership-of-croatian-generals-association\\\/#breadcrumb\",\"itemListElement\":[{\"@type\":\"ListItem\",\"position\":1,\"name\":\"Home\",\"item\":\"https:\\\/\\\/www.predsjednik.hr\\\/en\\\/\"},{\"@type\":\"ListItem\",\"position\":2,\"name\":\"Vijesti\",\"item\":\"https:\\\/\\\/www.predsjednik.hr\\\/en\\\/news\\\/\"},{\"@type\":\"ListItem\",\"position\":3,\"name\":\"President Milanovi\u0107 Receives New Leadership of Croatian Generals Association\"}]},{\"@type\":\"WebSite\",\"@id\":\"https:\\\/\\\/www.predsjednik.hr\\\/en\\\/#website\",\"url\":\"https:\\\/\\\/www.predsjednik.hr\\\/en\\\/\",\"name\":\"President of the Republic of Croatia - Zoran Milanovi\u0107\",\"description\":\"Just another WordPress site\",\"potentialAction\":[{\"@type\":\"SearchAction\",\"target\":{\"@type\":\"EntryPoint\",\"urlTemplate\":\"https:\\\/\\\/www.predsjednik.hr\\\/en\\\/?s={search_term_string}\"},\"query-input\":{\"@type\":\"PropertyValueSpecification\",\"valueRequired\":true,\"valueName\":\"search_term_string\"}}],\"inLanguage\":\"en-US\"}]}<\/script>\n<!-- \/ Yoast SEO plugin. -->","yoast_head_json":{"title":"President Milanovi\u0107 Receives New Leadership of Croatian Generals Association - President of the Republic of Croatia - Zoran Milanovi\u0107","robots":{"index":"index","follow":"follow","max-snippet":"max-snippet:-1","max-image-preview":"max-image-preview:large","max-video-preview":"max-video-preview:-1"},"canonical":"https:\/\/www.predsjednik.hr\/en\/news\/president-milanovic-receives-new-leadership-of-croatian-generals-association\/","og_locale":"en_US","og_type":"article","og_title":"President Milanovi\u0107 Receives New Leadership of Croatian Generals Association - President of the Republic of Croatia - Zoran Milanovi\u0107","og_description":"The President of the Republic Zoran Milinovi\u0107 met today with the new leadership of the Croatian Generals Association, association that assembles retired Homeland War Croatian Army generals and colonels. The delegation included Marinko Kre\u0161i\u0107, new president of the Croatian Generals Association elected at the electoral assembly held on 22 January 2022, deputy president Ljubo \u0106esi\u0107 and two vice-presidents Mladen Kruljac and Frane Tomi\u010di\u0107.","og_url":"https:\/\/www.predsjednik.hr\/en\/news\/president-milanovic-receives-new-leadership-of-croatian-generals-association\/","og_site_name":"President of the Republic of Croatia - Zoran Milanovi\u0107","article_modified_time":"2022-02-22T13:59:20+00:00","og_image":[{"width":6107,"height":4071,"url":"https:\/\/www.predsjednik.hr\/wp-content\/uploads\/2022\/02\/DSC_0450.jpg","type":"image\/jpeg"}],"twitter_card":"summary_large_image","twitter_misc":{"Est. reading time":"2 minutes"},"schema":{"@context":"https:\/\/schema.org","@graph":[{"@type":"WebPage","@id":"https:\/\/www.predsjednik.hr\/en\/news\/president-milanovic-receives-new-leadership-of-croatian-generals-association\/","url":"https:\/\/www.predsjednik.hr\/en\/news\/president-milanovic-receives-new-leadership-of-croatian-generals-association\/","name":"President Milanovi\u0107 Receives New Leadership of Croatian Generals Association - President of the Republic of Croatia - Zoran Milanovi\u0107","isPartOf":{"@id":"https:\/\/www.predsjednik.hr\/en\/#website"},"primaryImageOfPage":{"@id":"https:\/\/www.predsjednik.hr\/en\/news\/president-milanovic-receives-new-leadership-of-croatian-generals-association\/#primaryimage"},"image":{"@id":"https:\/\/www.predsjednik.hr\/en\/news\/president-milanovic-receives-new-leadership-of-croatian-generals-association\/#primaryimage"},"thumbnailUrl":"https:\/\/www.predsjednik.hr\/wp-content\/uploads\/2022\/02\/DSC_0450.jpg","datePublished":"2022-02-22T13:59:18+00:00","dateModified":"2022-02-22T13:59:20+00:00","breadcrumb":{"@id":"https:\/\/www.predsjednik.hr\/en\/news\/president-milanovic-receives-new-leadership-of-croatian-generals-association\/#breadcrumb"},"inLanguage":"en-US","potentialAction":[{"@type":"ReadAction","target":["https:\/\/www.predsjednik.hr\/en\/news\/president-milanovic-receives-new-leadership-of-croatian-generals-association\/"]}]},{"@type":"ImageObject","inLanguage":"en-US","@id":"https:\/\/www.predsjednik.hr\/en\/news\/president-milanovic-receives-new-leadership-of-croatian-generals-association\/#primaryimage","url":"https:\/\/www.predsjednik.hr\/wp-content\/uploads\/2022\/02\/DSC_0450.jpg","contentUrl":"https:\/\/www.predsjednik.hr\/wp-content\/uploads\/2022\/02\/DSC_0450.jpg","width":6107,"height":4071,"caption":"President Milanovi\u0107 Receives New Leadership of Croatian Generals Association"},{"@type":"BreadcrumbList","@id":"https:\/\/www.predsjednik.hr\/en\/news\/president-milanovic-receives-new-leadership-of-croatian-generals-association\/#breadcrumb","itemListElement":[{"@type":"ListItem","position":1,"name":"Home","item":"https:\/\/www.predsjednik.hr\/en\/"},{"@type":"ListItem","position":2,"name":"Vijesti","item":"https:\/\/www.predsjednik.hr\/en\/news\/"},{"@type":"ListItem","position":3,"name":"President Milanovi\u0107 Receives New Leadership of Croatian Generals Association"}]},{"@type":"WebSite","@id":"https:\/\/www.predsjednik.hr\/en\/#website","url":"https:\/\/www.predsjednik.hr\/en\/","name":"President of the Republic of Croatia - Zoran Milanovi\u0107","description":"Just another WordPress site","potentialAction":[{"@type":"SearchAction","target":{"@type":"EntryPoint","urlTemplate":"https:\/\/www.predsjednik.hr\/en\/?s={search_term_string}"},"query-input":{"@type":"PropertyValueSpecification","valueRequired":true,"valueName":"search_term_string"}}],"inLanguage":"en-US"}]}},"_links":{"self":[{"href":"https:\/\/www.predsjednik.hr\/en\/wp-json\/wp\/v2\/news\/15521","targetHints":{"allow":["GET"]}}],"collection":[{"href":"https:\/\/www.predsjednik.hr\/en\/wp-json\/wp\/v2\/news"}],"about":[{"href":"https:\/\/www.predsjednik.hr\/en\/wp-json\/wp\/v2\/types\/news"}],"wp:featuredmedia":[{"embeddable":true,"href":"https:\/\/www.predsjednik.hr\/en\/wp-json\/wp\/v2\/media\/15517"}],"wp:attachment":[{"href":"https:\/\/www.predsjednik.hr\/en\/wp-json\/wp\/v2\/media?parent=15521"}],"wp:term":[{"taxonomy":"news-cat","embeddable":true,"href":"https:\/\/www.predsjednik.hr\/en\/wp-json\/wp\/v2\/news-cat?post=15521"}],"curies":[{"name":"wp","href":"https:\/\/api.w.org\/{rel}","templated":true}]}}