{"id":15614,"date":"2022-02-25T14:31:01","date_gmt":"2022-02-25T13:31:01","guid":{"rendered":"https:\/\/www.predsjednik.hr\/?post_type=news&#038;p=15614"},"modified":"2022-02-25T14:31:04","modified_gmt":"2022-02-25T13:31:04","slug":"president-milanovic-we-condemn-the-aggression-against-ukraine-we-will-be-loyal-to-our-nato-allies","status":"publish","type":"news","link":"https:\/\/www.predsjednik.hr\/en\/news\/president-milanovic-we-condemn-the-aggression-against-ukraine-we-will-be-loyal-to-our-nato-allies\/","title":{"rendered":"President Milanovi\u0107: We condemn the aggression against Ukraine, we will be loyal to our NATO allies"},"content":{"rendered":"\n<p>The President of the Republic Zoran Milanovi\u0107 once again condemned today the Russian aggression against Ukraine and confirmed that the Republic of Croatia will be loyal to its allies in NATO, whose member it is.<\/p>\n\n\n\n<p>\u201cThe war and the aggression against Ukraine must be condemned, and we condemn it. This is a war that is not on our borders, but one that is nearby. Our role as allies, as allies in NATO, is to be loyal to our allies. At this time to do what is possible on the humanitarian, human and diplomatic side. And to be aware that we are a Western country, of Western culture and civilization. And this is the reason we are in NATO. It\u2019s not by accident that we are in NATO\u201d, President Milanovi\u0107 stated in his address at the ceremony marking the 28<sup>th<\/sup> anniversary of the formation of the Honorary and Protection Battalion held in the Office of the President of the Republic.<\/p>\n\n\n\n<p>He told the members of the Honorary and Protection Battalion to sport their red berets proudly and responsibly. \u201cI wish you to perfect yourselves as soldiers, to work on yourselves, to carry out the tasks in your dangerous and unique work, and at the same time that your task primarily be Croatian security, Croatian integrity, Croatian peace and stability, Croatian borders. This is always your first and foremost task and it will remain such\u201d, the President of the Republic noted.<\/p>\n\n\n\n<p>For exceptional and successful command of the Croatian Armed Forces units and for outstanding service in their formation, retired Colonel Elvis Bur\u010dul is awarded the Order of Ban Jela\u010di\u0107 and the Homeland Gratitude Memorial Medal for 30 years of honourable and exemplary service.<\/p>\n\n\n\n<p>Also awarded the Homeland Gratitude Memorial Medal for thirty years of honourable and exemplary service are members of the Honorary and Protection Battalion: Ivan Petrovi\u0107, Damir \u010cempuh, Joso Kardum, \u017deljko Luketi\u0107, Tihomir An\u0111al, Ivan \u010cretni, Zoran Jozi\u0107, Cvetko Kolak and \u017deljko Vu\u010dkovi\u0107.<\/p>\n\n\n\n<p>On the occasion of the 28<sup>th<\/sup> anniversary of the formation of the Honorary and Protection Battalion, decorations and commendations were presented to the following: Mi\u0161o Juri\u0161i\u0107, Anel Begi\u0107, Rev. Zdravko Bari\u0107, Marko Bari\u0107, Rene Gad\u017ea, Zlatko Ali\u0107, Sa\u0161a Vukmanovi\u0107, Dominik Jaki\u0107, Goran \u0160ebalj and David Zub\u010di\u0107.<\/p>\n\n\n\n<p>\u201cYou have greatly honoured us with your trust and these stimulative incentives, and the members of the unit reciprocate by carrying out their tasks and their mission with loyalty and professionalism. Loyalty is a result of leadership, and leadership is a measure of competence. This unit is destined for people who display a strong character, who go through life with a clear idea of what they want to achieve in life. The uniform we wear does not just represent honour and pride, it is our life, our pride and our fate\u201d, retired colonel Elvis Bur\u010dul stated on behalf of the decorated, commended and recognized members of the Honorary and Protection Battalion.<\/p>\n\n\n\n<p>Alongside President Milanovi\u0107 at the ceremony in the Office of the President were the Chief of the General Staff of the Croatian Armed Forces Admiral Robert Hranj, Head of the Cabinet of the President Bartol \u0160imuni\u0107, Adviser to the President of the Republic for Defense and National Security Dragan Lozan\u010di\u0107, Special Adviser to the President of the Republic for Homeland War Veterans Marijan Marekovi\u0107, Deputy Chief of the General Staff of the Croatian Armed Forces Sini\u0161a Jurkovi\u0107, Commander of the Croatian Air Force Michael Kri\u017eanec, and Head of the Logistics Directorate of the General Staff of the Croatian Armed Forces Milan \u017duni\u0107.<\/p>\n\n\n<!--GALLERY BLOCK-->\n<div class=\"c-lightbox-gallery js-lightbox\">\n                <!--single-->\n            <a data-no-swup class=\"c-lightbox-gallery__single js-lightbox-single\"\n               href=\"https:\/\/www.predsjednik.hr\/wp-content\/uploads\/2022\/02\/DSC_8270-1-1024x682.jpg\"\n               style=\"background-image: url('https:\/\/www.predsjednik.hr\/wp-content\/uploads\/2022\/02\/DSC_8270-1-768x512.jpg')\"><\/a>\n            <!--end single-->\n                    <!--single-->\n            <a data-no-swup class=\"c-lightbox-gallery__single js-lightbox-single\"\n               href=\"https:\/\/www.predsjednik.hr\/wp-content\/uploads\/2022\/02\/DSC_0338-1024x576.jpg\"\n               style=\"background-image: url('https:\/\/www.predsjednik.hr\/wp-content\/uploads\/2022\/02\/DSC_0338-768x432.jpg')\"><\/a>\n            <!--end single-->\n                    <!--single-->\n            <a data-no-swup class=\"c-lightbox-gallery__single js-lightbox-single\"\n               href=\"https:\/\/www.predsjednik.hr\/wp-content\/uploads\/2022\/02\/DSC_0347-1024x576.jpg\"\n               style=\"background-image: url('https:\/\/www.predsjednik.hr\/wp-content\/uploads\/2022\/02\/DSC_0347-768x432.jpg')\"><\/a>\n            <!--end single-->\n                    <!--single-->\n            <a data-no-swup class=\"c-lightbox-gallery__single js-lightbox-single\"\n               href=\"https:\/\/www.predsjednik.hr\/wp-content\/uploads\/2022\/02\/DSC_0483-1024x576.jpg\"\n               style=\"background-image: url('https:\/\/www.predsjednik.hr\/wp-content\/uploads\/2022\/02\/DSC_0483-768x432.jpg')\"><\/a>\n            <!--end single-->\n                    <!--single-->\n            <a data-no-swup class=\"c-lightbox-gallery__single js-lightbox-single\"\n               href=\"https:\/\/www.predsjednik.hr\/wp-content\/uploads\/2022\/02\/DSC_0634-1024x576.jpg\"\n               style=\"background-image: url('https:\/\/www.predsjednik.hr\/wp-content\/uploads\/2022\/02\/DSC_0634-768x432.jpg')\"><\/a>\n            <!--end single-->\n                    <!--single-->\n            <a data-no-swup class=\"c-lightbox-gallery__single js-lightbox-single\"\n               href=\"https:\/\/www.predsjednik.hr\/wp-content\/uploads\/2022\/02\/DSC_1191-1024x683.jpg\"\n               style=\"background-image: url('https:\/\/www.predsjednik.hr\/wp-content\/uploads\/2022\/02\/DSC_1191-768x512.jpg')\"><\/a>\n            <!--end single-->\n                    <!--single-->\n            <a data-no-swup class=\"c-lightbox-gallery__single js-lightbox-single\"\n               href=\"https:\/\/www.predsjednik.hr\/wp-content\/uploads\/2022\/02\/DSC_1297-1-1024x683.jpg\"\n               style=\"background-image: url('https:\/\/www.predsjednik.hr\/wp-content\/uploads\/2022\/02\/DSC_1297-1-768x512.jpg')\"><\/a>\n            <!--end single-->\n                    <!--single-->\n            <a data-no-swup class=\"c-lightbox-gallery__single js-lightbox-single\"\n               href=\"https:\/\/www.predsjednik.hr\/wp-content\/uploads\/2022\/02\/DSC_0771-1024x576.jpg\"\n               style=\"background-image: url('https:\/\/www.predsjednik.hr\/wp-content\/uploads\/2022\/02\/DSC_0771-768x432.jpg')\"><\/a>\n            <!--end single-->\n                    <!--single-->\n            <a data-no-swup class=\"c-lightbox-gallery__single js-lightbox-single\"\n               href=\"https:\/\/www.predsjednik.hr\/wp-content\/uploads\/2022\/02\/DSC_0792-1024x576.jpg\"\n               style=\"background-image: url('https:\/\/www.predsjednik.hr\/wp-content\/uploads\/2022\/02\/DSC_0792-768x432.jpg')\"><\/a>\n            <!--end single-->\n                    <!--single-->\n            <a data-no-swup class=\"c-lightbox-gallery__single js-lightbox-single\"\n               href=\"https:\/\/www.predsjednik.hr\/wp-content\/uploads\/2022\/02\/DSC_1011-1024x576.jpg\"\n               style=\"background-image: url('https:\/\/www.predsjednik.hr\/wp-content\/uploads\/2022\/02\/DSC_1011-768x432.jpg')\"><\/a>\n            <!--end single-->\n                    <!--single-->\n            <a data-no-swup class=\"c-lightbox-gallery__single js-lightbox-single\"\n               href=\"https:\/\/www.predsjednik.hr\/wp-content\/uploads\/2022\/02\/DSC_1218-1024x683.jpg\"\n               style=\"background-image: url('https:\/\/www.predsjednik.hr\/wp-content\/uploads\/2022\/02\/DSC_1218-768x512.jpg')\"><\/a>\n            <!--end single-->\n                    <!--single-->\n            <a data-no-swup class=\"c-lightbox-gallery__single js-lightbox-single\"\n               href=\"https:\/\/www.predsjednik.hr\/wp-content\/uploads\/2022\/02\/DSC_1228-1024x576.jpg\"\n               style=\"background-image: url('https:\/\/www.predsjednik.hr\/wp-content\/uploads\/2022\/02\/DSC_1228-768x432.jpg')\"><\/a>\n            <!--end single-->\n                    <!--single-->\n            <a data-no-swup class=\"c-lightbox-gallery__single js-lightbox-single\"\n               href=\"https:\/\/www.predsjednik.hr\/wp-content\/uploads\/2022\/02\/DSC_1832-1024x683.jpg\"\n               style=\"background-image: url('https:\/\/www.predsjednik.hr\/wp-content\/uploads\/2022\/02\/DSC_1832-768x512.jpg')\"><\/a>\n            <!--end single-->\n                    <!--single-->\n            <a data-no-swup class=\"c-lightbox-gallery__single js-lightbox-single\"\n               href=\"https:\/\/www.predsjednik.hr\/wp-content\/uploads\/2022\/02\/DSC_1240-1024x576.jpg\"\n               style=\"background-image: url('https:\/\/www.predsjednik.hr\/wp-content\/uploads\/2022\/02\/DSC_1240-768x432.jpg')\"><\/a>\n            <!--end single-->\n                    <!--single-->\n            <a data-no-swup class=\"c-lightbox-gallery__single js-lightbox-single\"\n               href=\"https:\/\/www.predsjednik.hr\/wp-content\/uploads\/2022\/02\/DSC_1278-1024x576.jpg\"\n               style=\"background-image: url('https:\/\/www.predsjednik.hr\/wp-content\/uploads\/2022\/02\/DSC_1278-768x432.jpg')\"><\/a>\n            <!--end single-->\n                    <!--single-->\n            <a data-no-swup class=\"c-lightbox-gallery__single js-lightbox-single\"\n               href=\"https:\/\/www.predsjednik.hr\/wp-content\/uploads\/2022\/02\/DSC_1886-1024x576.jpg\"\n               style=\"background-image: url('https:\/\/www.predsjednik.hr\/wp-content\/uploads\/2022\/02\/DSC_1886-768x432.jpg')\"><\/a>\n            <!--end single-->\n                    <!--single-->\n            <a data-no-swup class=\"c-lightbox-gallery__single js-lightbox-single\"\n               href=\"https:\/\/www.predsjednik.hr\/wp-content\/uploads\/2022\/02\/DSC_1897-1024x576.jpg\"\n               style=\"background-image: url('https:\/\/www.predsjednik.hr\/wp-content\/uploads\/2022\/02\/DSC_1897-768x432.jpg')\"><\/a>\n            <!--end single-->\n                    <!--single-->\n            <a data-no-swup class=\"c-lightbox-gallery__single js-lightbox-single\"\n               href=\"https:\/\/www.predsjednik.hr\/wp-content\/uploads\/2022\/02\/DSC_1974-1024x576.jpg\"\n               style=\"background-image: url('https:\/\/www.predsjednik.hr\/wp-content\/uploads\/2022\/02\/DSC_1974-768x432.jpg')\"><\/a>\n            <!--end single-->\n                    <!--single-->\n            <a data-no-swup class=\"c-lightbox-gallery__single js-lightbox-single\"\n               href=\"\"\n               style=\"background-image: url('')\"><\/a>\n            <!--end single-->\n        <\/div>\n<!--end GALLERY BLOCK-->\n\n\n\n<p>PHOTO: Office of the President of the Republic of Croatia \/ Filip Glas, Marko Beljan<\/p>\n","protected":false},"excerpt":{"rendered":"<p>\u201cThe war and the aggression against Ukraine must be condemned, and we condemn it. This is a war that is not on our borders, but one that is nearby. Our role as allies, as allies in NATO, is to be loyal to our allies. At this time to do what is possible on the humanitarian, human and diplomatic side. And to be aware that we are a Western country, of Western culture and civilization. And this is the reason we are in NATO. It\u2019s not by accident that we are in NATO\u201d, President Milanovi\u0107 stated in his address at the ceremony marking the 28th anniversary of the formation of the Honorary and Protection Battalion held in the Office of the President of the Republic.<\/p>\n","protected":false},"featured_media":15613,"template":"","news-cat":[12],"class_list":["post-15614","news","type-news","status-publish","has-post-thumbnail","hentry","news-cat-news"],"acf":[],"yoast_head":"<!-- This site is optimized with the Yoast SEO plugin v27.5 - https:\/\/yoast.com\/product\/yoast-seo-wordpress\/ -->\n<title>President Milanovi\u0107: We condemn the aggression against Ukraine, we will be loyal to our NATO allies - President of the Republic of Croatia - Zoran Milanovi\u0107<\/title>\n<meta name=\"robots\" content=\"index, follow, max-snippet:-1, max-image-preview:large, max-video-preview:-1\" \/>\n<link rel=\"canonical\" href=\"https:\/\/www.predsjednik.hr\/en\/news\/president-milanovic-we-condemn-the-aggression-against-ukraine-we-will-be-loyal-to-our-nato-allies\/\" \/>\n<meta property=\"og:locale\" content=\"en_US\" \/>\n<meta property=\"og:type\" content=\"article\" \/>\n<meta property=\"og:title\" content=\"President Milanovi\u0107: We condemn the aggression against Ukraine, we will be loyal to our NATO allies - President of the Republic of Croatia - Zoran Milanovi\u0107\" \/>\n<meta property=\"og:description\" content=\"\u201cThe war and the aggression against Ukraine must be condemned, and we condemn it. This is a war that is not on our borders, but one that is nearby. Our role as allies, as allies in NATO, is to be loyal to our allies. At this time to do what is possible on the humanitarian, human and diplomatic side. And to be aware that we are a Western country, of Western culture and civilization. And this is the reason we are in NATO. It\u2019s not by accident that we are in NATO\u201d, President Milanovi\u0107 stated in his address at the ceremony marking the 28th anniversary of the formation of the Honorary and Protection Battalion held in the Office of the President of the Republic.\" \/>\n<meta property=\"og:url\" content=\"https:\/\/www.predsjednik.hr\/en\/news\/president-milanovic-we-condemn-the-aggression-against-ukraine-we-will-be-loyal-to-our-nato-allies\/\" \/>\n<meta property=\"og:site_name\" content=\"President of the Republic of Croatia - Zoran Milanovi\u0107\" \/>\n<meta property=\"article:modified_time\" content=\"2022-02-25T13:31:04+00:00\" \/>\n<meta property=\"og:image\" content=\"https:\/\/www.predsjednik.hr\/wp-content\/uploads\/2022\/02\/DSC_1974-2.jpg\" \/>\n\t<meta property=\"og:image:width\" content=\"3082\" \/>\n\t<meta property=\"og:image:height\" content=\"1734\" \/>\n\t<meta property=\"og:image:type\" content=\"image\/jpeg\" \/>\n<meta name=\"twitter:card\" content=\"summary_large_image\" \/>\n<meta name=\"twitter:label1\" content=\"Est. reading time\" \/>\n\t<meta name=\"twitter:data1\" content=\"4 minutes\" \/>\n<script type=\"application\/ld+json\" class=\"yoast-schema-graph\">{\"@context\":\"https:\\\/\\\/schema.org\",\"@graph\":[{\"@type\":\"WebPage\",\"@id\":\"https:\\\/\\\/www.predsjednik.hr\\\/en\\\/news\\\/president-milanovic-we-condemn-the-aggression-against-ukraine-we-will-be-loyal-to-our-nato-allies\\\/\",\"url\":\"https:\\\/\\\/www.predsjednik.hr\\\/en\\\/news\\\/president-milanovic-we-condemn-the-aggression-against-ukraine-we-will-be-loyal-to-our-nato-allies\\\/\",\"name\":\"President Milanovi\u0107: We condemn the aggression against Ukraine, we will be loyal to our NATO allies - President of the Republic of Croatia - Zoran Milanovi\u0107\",\"isPartOf\":{\"@id\":\"https:\\\/\\\/www.predsjednik.hr\\\/en\\\/#website\"},\"primaryImageOfPage\":{\"@id\":\"https:\\\/\\\/www.predsjednik.hr\\\/en\\\/news\\\/president-milanovic-we-condemn-the-aggression-against-ukraine-we-will-be-loyal-to-our-nato-allies\\\/#primaryimage\"},\"image\":{\"@id\":\"https:\\\/\\\/www.predsjednik.hr\\\/en\\\/news\\\/president-milanovic-we-condemn-the-aggression-against-ukraine-we-will-be-loyal-to-our-nato-allies\\\/#primaryimage\"},\"thumbnailUrl\":\"https:\\\/\\\/www.predsjednik.hr\\\/wp-content\\\/uploads\\\/2022\\\/02\\\/DSC_1974-2.jpg\",\"datePublished\":\"2022-02-25T13:31:01+00:00\",\"dateModified\":\"2022-02-25T13:31:04+00:00\",\"breadcrumb\":{\"@id\":\"https:\\\/\\\/www.predsjednik.hr\\\/en\\\/news\\\/president-milanovic-we-condemn-the-aggression-against-ukraine-we-will-be-loyal-to-our-nato-allies\\\/#breadcrumb\"},\"inLanguage\":\"en-US\",\"potentialAction\":[{\"@type\":\"ReadAction\",\"target\":[\"https:\\\/\\\/www.predsjednik.hr\\\/en\\\/news\\\/president-milanovic-we-condemn-the-aggression-against-ukraine-we-will-be-loyal-to-our-nato-allies\\\/\"]}]},{\"@type\":\"ImageObject\",\"inLanguage\":\"en-US\",\"@id\":\"https:\\\/\\\/www.predsjednik.hr\\\/en\\\/news\\\/president-milanovic-we-condemn-the-aggression-against-ukraine-we-will-be-loyal-to-our-nato-allies\\\/#primaryimage\",\"url\":\"https:\\\/\\\/www.predsjednik.hr\\\/wp-content\\\/uploads\\\/2022\\\/02\\\/DSC_1974-2.jpg\",\"contentUrl\":\"https:\\\/\\\/www.predsjednik.hr\\\/wp-content\\\/uploads\\\/2022\\\/02\\\/DSC_1974-2.jpg\",\"width\":3082,\"height\":1734},{\"@type\":\"BreadcrumbList\",\"@id\":\"https:\\\/\\\/www.predsjednik.hr\\\/en\\\/news\\\/president-milanovic-we-condemn-the-aggression-against-ukraine-we-will-be-loyal-to-our-nato-allies\\\/#breadcrumb\",\"itemListElement\":[{\"@type\":\"ListItem\",\"position\":1,\"name\":\"Home\",\"item\":\"https:\\\/\\\/www.predsjednik.hr\\\/en\\\/\"},{\"@type\":\"ListItem\",\"position\":2,\"name\":\"Vijesti\",\"item\":\"https:\\\/\\\/www.predsjednik.hr\\\/en\\\/news\\\/\"},{\"@type\":\"ListItem\",\"position\":3,\"name\":\"President Milanovi\u0107: We condemn the aggression against Ukraine, we will be loyal to our NATO allies\"}]},{\"@type\":\"WebSite\",\"@id\":\"https:\\\/\\\/www.predsjednik.hr\\\/en\\\/#website\",\"url\":\"https:\\\/\\\/www.predsjednik.hr\\\/en\\\/\",\"name\":\"President of the Republic of Croatia - Zoran Milanovi\u0107\",\"description\":\"Just another WordPress site\",\"potentialAction\":[{\"@type\":\"SearchAction\",\"target\":{\"@type\":\"EntryPoint\",\"urlTemplate\":\"https:\\\/\\\/www.predsjednik.hr\\\/en\\\/?s={search_term_string}\"},\"query-input\":{\"@type\":\"PropertyValueSpecification\",\"valueRequired\":true,\"valueName\":\"search_term_string\"}}],\"inLanguage\":\"en-US\"}]}<\/script>\n<!-- \/ Yoast SEO plugin. -->","yoast_head_json":{"title":"President Milanovi\u0107: We condemn the aggression against Ukraine, we will be loyal to our NATO allies - President of the Republic of Croatia - Zoran Milanovi\u0107","robots":{"index":"index","follow":"follow","max-snippet":"max-snippet:-1","max-image-preview":"max-image-preview:large","max-video-preview":"max-video-preview:-1"},"canonical":"https:\/\/www.predsjednik.hr\/en\/news\/president-milanovic-we-condemn-the-aggression-against-ukraine-we-will-be-loyal-to-our-nato-allies\/","og_locale":"en_US","og_type":"article","og_title":"President Milanovi\u0107: We condemn the aggression against Ukraine, we will be loyal to our NATO allies - President of the Republic of Croatia - Zoran Milanovi\u0107","og_description":"\u201cThe war and the aggression against Ukraine must be condemned, and we condemn it. This is a war that is not on our borders, but one that is nearby. Our role as allies, as allies in NATO, is to be loyal to our allies. At this time to do what is possible on the humanitarian, human and diplomatic side. And to be aware that we are a Western country, of Western culture and civilization. And this is the reason we are in NATO. It\u2019s not by accident that we are in NATO\u201d, President Milanovi\u0107 stated in his address at the ceremony marking the 28th anniversary of the formation of the Honorary and Protection Battalion held in the Office of the President of the Republic.","og_url":"https:\/\/www.predsjednik.hr\/en\/news\/president-milanovic-we-condemn-the-aggression-against-ukraine-we-will-be-loyal-to-our-nato-allies\/","og_site_name":"President of the Republic of Croatia - Zoran Milanovi\u0107","article_modified_time":"2022-02-25T13:31:04+00:00","og_image":[{"width":3082,"height":1734,"url":"https:\/\/www.predsjednik.hr\/wp-content\/uploads\/2022\/02\/DSC_1974-2.jpg","type":"image\/jpeg"}],"twitter_card":"summary_large_image","twitter_misc":{"Est. reading time":"4 minutes"},"schema":{"@context":"https:\/\/schema.org","@graph":[{"@type":"WebPage","@id":"https:\/\/www.predsjednik.hr\/en\/news\/president-milanovic-we-condemn-the-aggression-against-ukraine-we-will-be-loyal-to-our-nato-allies\/","url":"https:\/\/www.predsjednik.hr\/en\/news\/president-milanovic-we-condemn-the-aggression-against-ukraine-we-will-be-loyal-to-our-nato-allies\/","name":"President Milanovi\u0107: We condemn the aggression against Ukraine, we will be loyal to our NATO allies - President of the Republic of Croatia - Zoran Milanovi\u0107","isPartOf":{"@id":"https:\/\/www.predsjednik.hr\/en\/#website"},"primaryImageOfPage":{"@id":"https:\/\/www.predsjednik.hr\/en\/news\/president-milanovic-we-condemn-the-aggression-against-ukraine-we-will-be-loyal-to-our-nato-allies\/#primaryimage"},"image":{"@id":"https:\/\/www.predsjednik.hr\/en\/news\/president-milanovic-we-condemn-the-aggression-against-ukraine-we-will-be-loyal-to-our-nato-allies\/#primaryimage"},"thumbnailUrl":"https:\/\/www.predsjednik.hr\/wp-content\/uploads\/2022\/02\/DSC_1974-2.jpg","datePublished":"2022-02-25T13:31:01+00:00","dateModified":"2022-02-25T13:31:04+00:00","breadcrumb":{"@id":"https:\/\/www.predsjednik.hr\/en\/news\/president-milanovic-we-condemn-the-aggression-against-ukraine-we-will-be-loyal-to-our-nato-allies\/#breadcrumb"},"inLanguage":"en-US","potentialAction":[{"@type":"ReadAction","target":["https:\/\/www.predsjednik.hr\/en\/news\/president-milanovic-we-condemn-the-aggression-against-ukraine-we-will-be-loyal-to-our-nato-allies\/"]}]},{"@type":"ImageObject","inLanguage":"en-US","@id":"https:\/\/www.predsjednik.hr\/en\/news\/president-milanovic-we-condemn-the-aggression-against-ukraine-we-will-be-loyal-to-our-nato-allies\/#primaryimage","url":"https:\/\/www.predsjednik.hr\/wp-content\/uploads\/2022\/02\/DSC_1974-2.jpg","contentUrl":"https:\/\/www.predsjednik.hr\/wp-content\/uploads\/2022\/02\/DSC_1974-2.jpg","width":3082,"height":1734},{"@type":"BreadcrumbList","@id":"https:\/\/www.predsjednik.hr\/en\/news\/president-milanovic-we-condemn-the-aggression-against-ukraine-we-will-be-loyal-to-our-nato-allies\/#breadcrumb","itemListElement":[{"@type":"ListItem","position":1,"name":"Home","item":"https:\/\/www.predsjednik.hr\/en\/"},{"@type":"ListItem","position":2,"name":"Vijesti","item":"https:\/\/www.predsjednik.hr\/en\/news\/"},{"@type":"ListItem","position":3,"name":"President Milanovi\u0107: We condemn the aggression against Ukraine, we will be loyal to our NATO allies"}]},{"@type":"WebSite","@id":"https:\/\/www.predsjednik.hr\/en\/#website","url":"https:\/\/www.predsjednik.hr\/en\/","name":"President of the Republic of Croatia - Zoran Milanovi\u0107","description":"Just another WordPress site","potentialAction":[{"@type":"SearchAction","target":{"@type":"EntryPoint","urlTemplate":"https:\/\/www.predsjednik.hr\/en\/?s={search_term_string}"},"query-input":{"@type":"PropertyValueSpecification","valueRequired":true,"valueName":"search_term_string"}}],"inLanguage":"en-US"}]}},"_links":{"self":[{"href":"https:\/\/www.predsjednik.hr\/en\/wp-json\/wp\/v2\/news\/15614","targetHints":{"allow":["GET"]}}],"collection":[{"href":"https:\/\/www.predsjednik.hr\/en\/wp-json\/wp\/v2\/news"}],"about":[{"href":"https:\/\/www.predsjednik.hr\/en\/wp-json\/wp\/v2\/types\/news"}],"wp:featuredmedia":[{"embeddable":true,"href":"https:\/\/www.predsjednik.hr\/en\/wp-json\/wp\/v2\/media\/15613"}],"wp:attachment":[{"href":"https:\/\/www.predsjednik.hr\/en\/wp-json\/wp\/v2\/media?parent=15614"}],"wp:term":[{"taxonomy":"news-cat","embeddable":true,"href":"https:\/\/www.predsjednik.hr\/en\/wp-json\/wp\/v2\/news-cat?post=15614"}],"curies":[{"name":"wp","href":"https:\/\/api.w.org\/{rel}","templated":true}]}}