{"id":15635,"date":"2022-02-28T15:36:09","date_gmt":"2022-02-28T14:36:09","guid":{"rendered":"https:\/\/www.predsjednik.hr\/?post_type=news&#038;p=15635"},"modified":"2022-02-28T15:36:13","modified_gmt":"2022-02-28T14:36:13","slug":"president-milanovic-meets-with-association-of-teachers-in-family-medicine-delegation","status":"publish","type":"news","link":"https:\/\/www.predsjednik.hr\/en\/news\/president-milanovic-meets-with-association-of-teachers-in-family-medicine-delegation\/","title":{"rendered":"President Milanovi\u0107 Meets with Association of Teachers in Family Medicine Delegation"},"content":{"rendered":"\n<p>The President of the Republic Zoran Milanovi\u0107 met today at the Office of the President with a delegation of the Association of Teachers in General Practice \/ Family Medicine (DNOOM), which has since 1998 been working to improve education in the field of general practice \/ family medicine.<\/p>\n\n\n\n<p>The delegation, headed by Association President Dr. Biserka Bergman Markovi\u0107, informed President Milanovi\u0107 about the problems that family medicine practitioners have been facing for years, with specialization being highlighted as one of the major issues. Namely, specialization must be a part of family medicine because it is a prerequisite for achieving quality work on the part of family medicine practitioners, and all practitioners should have an equal opportunity to take part in specialization programmes regardless of which part of Croatia they come from, it was said at the meeting.<\/p>\n\n\n\n<p>The delegation also warned that family medicine practitioners are burdened by non-medical tasks, which has adverse effects on the quality of their work, and young physicians from the field shared their everyday practice experiences in this regard. Association representatives expressed discontent with the fact that the competent ministry does not valorise their work and acknowledge their arguments, which have at the same time been accepted by international organizations with which the Association has been cooperating for years.&nbsp;&nbsp;&nbsp; &nbsp;<\/p>\n\n\n\n<p>The Association brings together teachers and associates of medical and related faculties in Croatia who have demonstrated an active interest in the problems facing general practice education. Today, the Association actively employs about 70 teachers from all four departments of family medicine at the universities of Zagreb, Rijeka, Osijek and Split. It was pointed out that the Association especially focuses on working with young educators.<\/p>\n\n\n\n<p>The President of the Republic has accepted the patronage of the 12<sup>th<\/sup> International Congress of the Association of Teachers in General Practice \/ Family Medicine entitled \u201cSyndemic \u2013 A New Challenge for Family Medicine,\u201d which will be held from 20 to 24 April 2022 in Zagreb.<\/p>\n\n\n\n<p>Apart from the Association of Teachers in General Practice \/ Family Medicine (DNOOM) President Dr. Biserka Bergman Markovi\u0107, the following persons attended the meeting with President Milanovi\u0107: Association Vice President Dr. Milica Kati\u0107; Congress Executive Director, member of the Association\u2019s Executive Board and Congress Scientific Committee Dr. Jasna Vu\u010dak; members of the Association\u2019s Executive Board and Congress Scientific Committee Dr. Ines Dimini\u0107 Lisica, Dr. Valerija Brali\u0107 Lang and Dr. Sanda Pribi\u0107; young educators in the field of family medicine Dr. Juraj Jug and Dr. Diana Sabljak Malko\u010d.<\/p>\n\n\n\n<p>Adviser to the President of the Republic for Education Jadranka \u017darkovi\u0107 was alongside President Milanovi\u0107 at the meeting.<\/p>\n\n\n<!--GALLERY BLOCK-->\n<div class=\"c-lightbox-gallery js-lightbox\">\n                <!--single-->\n            <a data-no-swup class=\"c-lightbox-gallery__single js-lightbox-single\"\n               href=\"https:\/\/www.predsjednik.hr\/wp-content\/uploads\/2022\/02\/DSC_2452-1024x576.jpg\"\n               style=\"background-image: url('https:\/\/www.predsjednik.hr\/wp-content\/uploads\/2022\/02\/DSC_2452-768x432.jpg')\"><\/a>\n            <!--end single-->\n                    <!--single-->\n            <a data-no-swup class=\"c-lightbox-gallery__single js-lightbox-single\"\n               href=\"https:\/\/www.predsjednik.hr\/wp-content\/uploads\/2022\/02\/DSC_2474-1024x576.jpg\"\n               style=\"background-image: url('https:\/\/www.predsjednik.hr\/wp-content\/uploads\/2022\/02\/DSC_2474-768x432.jpg')\"><\/a>\n            <!--end single-->\n                    <!--single-->\n            <a data-no-swup class=\"c-lightbox-gallery__single js-lightbox-single\"\n               href=\"https:\/\/www.predsjednik.hr\/wp-content\/uploads\/2022\/02\/DSC_2481-1024x576.jpg\"\n               style=\"background-image: url('https:\/\/www.predsjednik.hr\/wp-content\/uploads\/2022\/02\/DSC_2481-768x432.jpg')\"><\/a>\n            <!--end single-->\n                    <!--single-->\n            <a data-no-swup class=\"c-lightbox-gallery__single js-lightbox-single\"\n               href=\"https:\/\/www.predsjednik.hr\/wp-content\/uploads\/2022\/02\/DSC_2487-1024x576.jpg\"\n               style=\"background-image: url('https:\/\/www.predsjednik.hr\/wp-content\/uploads\/2022\/02\/DSC_2487-768x432.jpg')\"><\/a>\n            <!--end single-->\n        <\/div>\n<!--end GALLERY BLOCK-->\n\n\n\n<p>PHOTO: Office of the President of the Republic of Croatia \/ Ana Marija Kati\u0107<\/p>\n","protected":false},"excerpt":{"rendered":"<p>The President of the Republic Zoran Milanovi\u0107 met today at the Office of the President with a delegation of the Association of Teachers in General Practice \/ Family Medicine (DNOOM), which has since 1998 been working to improve education in the field of general practice \/ family medicine.<\/p>\n","protected":false},"featured_media":15628,"template":"","news-cat":[12],"class_list":["post-15635","news","type-news","status-publish","has-post-thumbnail","hentry","news-cat-news"],"acf":[],"yoast_head":"<!-- This site is optimized with the Yoast SEO plugin v27.5 - https:\/\/yoast.com\/product\/yoast-seo-wordpress\/ -->\n<title>President Milanovi\u0107 Meets with Association of Teachers in Family Medicine Delegation - President of the Republic of Croatia - Zoran Milanovi\u0107<\/title>\n<meta name=\"robots\" content=\"index, follow, max-snippet:-1, max-image-preview:large, max-video-preview:-1\" \/>\n<link rel=\"canonical\" href=\"https:\/\/www.predsjednik.hr\/en\/news\/president-milanovic-meets-with-association-of-teachers-in-family-medicine-delegation\/\" \/>\n<meta property=\"og:locale\" content=\"en_US\" \/>\n<meta property=\"og:type\" content=\"article\" \/>\n<meta property=\"og:title\" content=\"President Milanovi\u0107 Meets with Association of Teachers in Family Medicine Delegation - President of the Republic of Croatia - Zoran Milanovi\u0107\" \/>\n<meta property=\"og:description\" content=\"The President of the Republic Zoran Milanovi\u0107 met today at the Office of the President with a delegation of the Association of Teachers in General Practice \/ Family Medicine (DNOOM), which has since 1998 been working to improve education in the field of general practice \/ family medicine.\" \/>\n<meta property=\"og:url\" content=\"https:\/\/www.predsjednik.hr\/en\/news\/president-milanovic-meets-with-association-of-teachers-in-family-medicine-delegation\/\" \/>\n<meta property=\"og:site_name\" content=\"President of the Republic of Croatia - Zoran Milanovi\u0107\" \/>\n<meta property=\"article:modified_time\" content=\"2022-02-28T14:36:13+00:00\" \/>\n<meta property=\"og:image\" content=\"https:\/\/www.predsjednik.hr\/wp-content\/uploads\/2022\/02\/DSC_2452.jpg\" \/>\n\t<meta property=\"og:image:width\" content=\"5026\" \/>\n\t<meta property=\"og:image:height\" content=\"2827\" \/>\n\t<meta property=\"og:image:type\" content=\"image\/jpeg\" \/>\n<meta name=\"twitter:card\" content=\"summary_large_image\" \/>\n<meta name=\"twitter:label1\" content=\"Est. reading time\" \/>\n\t<meta name=\"twitter:data1\" content=\"3 minutes\" \/>\n<script type=\"application\/ld+json\" class=\"yoast-schema-graph\">{\"@context\":\"https:\\\/\\\/schema.org\",\"@graph\":[{\"@type\":\"WebPage\",\"@id\":\"https:\\\/\\\/www.predsjednik.hr\\\/en\\\/news\\\/president-milanovic-meets-with-association-of-teachers-in-family-medicine-delegation\\\/\",\"url\":\"https:\\\/\\\/www.predsjednik.hr\\\/en\\\/news\\\/president-milanovic-meets-with-association-of-teachers-in-family-medicine-delegation\\\/\",\"name\":\"President Milanovi\u0107 Meets with Association of Teachers in Family Medicine Delegation - President of the Republic of Croatia - Zoran Milanovi\u0107\",\"isPartOf\":{\"@id\":\"https:\\\/\\\/www.predsjednik.hr\\\/en\\\/#website\"},\"primaryImageOfPage\":{\"@id\":\"https:\\\/\\\/www.predsjednik.hr\\\/en\\\/news\\\/president-milanovic-meets-with-association-of-teachers-in-family-medicine-delegation\\\/#primaryimage\"},\"image\":{\"@id\":\"https:\\\/\\\/www.predsjednik.hr\\\/en\\\/news\\\/president-milanovic-meets-with-association-of-teachers-in-family-medicine-delegation\\\/#primaryimage\"},\"thumbnailUrl\":\"https:\\\/\\\/www.predsjednik.hr\\\/wp-content\\\/uploads\\\/2022\\\/02\\\/DSC_2452.jpg\",\"datePublished\":\"2022-02-28T14:36:09+00:00\",\"dateModified\":\"2022-02-28T14:36:13+00:00\",\"breadcrumb\":{\"@id\":\"https:\\\/\\\/www.predsjednik.hr\\\/en\\\/news\\\/president-milanovic-meets-with-association-of-teachers-in-family-medicine-delegation\\\/#breadcrumb\"},\"inLanguage\":\"en-US\",\"potentialAction\":[{\"@type\":\"ReadAction\",\"target\":[\"https:\\\/\\\/www.predsjednik.hr\\\/en\\\/news\\\/president-milanovic-meets-with-association-of-teachers-in-family-medicine-delegation\\\/\"]}]},{\"@type\":\"ImageObject\",\"inLanguage\":\"en-US\",\"@id\":\"https:\\\/\\\/www.predsjednik.hr\\\/en\\\/news\\\/president-milanovic-meets-with-association-of-teachers-in-family-medicine-delegation\\\/#primaryimage\",\"url\":\"https:\\\/\\\/www.predsjednik.hr\\\/wp-content\\\/uploads\\\/2022\\\/02\\\/DSC_2452.jpg\",\"contentUrl\":\"https:\\\/\\\/www.predsjednik.hr\\\/wp-content\\\/uploads\\\/2022\\\/02\\\/DSC_2452.jpg\",\"width\":5026,\"height\":2827,\"caption\":\"President Milanovi\u0107 Meets with Association of Teachers in Family Medicine Delegation\"},{\"@type\":\"BreadcrumbList\",\"@id\":\"https:\\\/\\\/www.predsjednik.hr\\\/en\\\/news\\\/president-milanovic-meets-with-association-of-teachers-in-family-medicine-delegation\\\/#breadcrumb\",\"itemListElement\":[{\"@type\":\"ListItem\",\"position\":1,\"name\":\"Home\",\"item\":\"https:\\\/\\\/www.predsjednik.hr\\\/en\\\/\"},{\"@type\":\"ListItem\",\"position\":2,\"name\":\"Vijesti\",\"item\":\"https:\\\/\\\/www.predsjednik.hr\\\/en\\\/news\\\/\"},{\"@type\":\"ListItem\",\"position\":3,\"name\":\"President Milanovi\u0107 Meets with Association of Teachers in Family Medicine Delegation\"}]},{\"@type\":\"WebSite\",\"@id\":\"https:\\\/\\\/www.predsjednik.hr\\\/en\\\/#website\",\"url\":\"https:\\\/\\\/www.predsjednik.hr\\\/en\\\/\",\"name\":\"President of the Republic of Croatia - Zoran Milanovi\u0107\",\"description\":\"Just another WordPress site\",\"potentialAction\":[{\"@type\":\"SearchAction\",\"target\":{\"@type\":\"EntryPoint\",\"urlTemplate\":\"https:\\\/\\\/www.predsjednik.hr\\\/en\\\/?s={search_term_string}\"},\"query-input\":{\"@type\":\"PropertyValueSpecification\",\"valueRequired\":true,\"valueName\":\"search_term_string\"}}],\"inLanguage\":\"en-US\"}]}<\/script>\n<!-- \/ Yoast SEO plugin. -->","yoast_head_json":{"title":"President Milanovi\u0107 Meets with Association of Teachers in Family Medicine Delegation - President of the Republic of Croatia - Zoran Milanovi\u0107","robots":{"index":"index","follow":"follow","max-snippet":"max-snippet:-1","max-image-preview":"max-image-preview:large","max-video-preview":"max-video-preview:-1"},"canonical":"https:\/\/www.predsjednik.hr\/en\/news\/president-milanovic-meets-with-association-of-teachers-in-family-medicine-delegation\/","og_locale":"en_US","og_type":"article","og_title":"President Milanovi\u0107 Meets with Association of Teachers in Family Medicine Delegation - President of the Republic of Croatia - Zoran Milanovi\u0107","og_description":"The President of the Republic Zoran Milanovi\u0107 met today at the Office of the President with a delegation of the Association of Teachers in General Practice \/ Family Medicine (DNOOM), which has since 1998 been working to improve education in the field of general practice \/ family medicine.","og_url":"https:\/\/www.predsjednik.hr\/en\/news\/president-milanovic-meets-with-association-of-teachers-in-family-medicine-delegation\/","og_site_name":"President of the Republic of Croatia - Zoran Milanovi\u0107","article_modified_time":"2022-02-28T14:36:13+00:00","og_image":[{"width":5026,"height":2827,"url":"https:\/\/www.predsjednik.hr\/wp-content\/uploads\/2022\/02\/DSC_2452.jpg","type":"image\/jpeg"}],"twitter_card":"summary_large_image","twitter_misc":{"Est. reading time":"3 minutes"},"schema":{"@context":"https:\/\/schema.org","@graph":[{"@type":"WebPage","@id":"https:\/\/www.predsjednik.hr\/en\/news\/president-milanovic-meets-with-association-of-teachers-in-family-medicine-delegation\/","url":"https:\/\/www.predsjednik.hr\/en\/news\/president-milanovic-meets-with-association-of-teachers-in-family-medicine-delegation\/","name":"President Milanovi\u0107 Meets with Association of Teachers in Family Medicine Delegation - President of the Republic of Croatia - Zoran Milanovi\u0107","isPartOf":{"@id":"https:\/\/www.predsjednik.hr\/en\/#website"},"primaryImageOfPage":{"@id":"https:\/\/www.predsjednik.hr\/en\/news\/president-milanovic-meets-with-association-of-teachers-in-family-medicine-delegation\/#primaryimage"},"image":{"@id":"https:\/\/www.predsjednik.hr\/en\/news\/president-milanovic-meets-with-association-of-teachers-in-family-medicine-delegation\/#primaryimage"},"thumbnailUrl":"https:\/\/www.predsjednik.hr\/wp-content\/uploads\/2022\/02\/DSC_2452.jpg","datePublished":"2022-02-28T14:36:09+00:00","dateModified":"2022-02-28T14:36:13+00:00","breadcrumb":{"@id":"https:\/\/www.predsjednik.hr\/en\/news\/president-milanovic-meets-with-association-of-teachers-in-family-medicine-delegation\/#breadcrumb"},"inLanguage":"en-US","potentialAction":[{"@type":"ReadAction","target":["https:\/\/www.predsjednik.hr\/en\/news\/president-milanovic-meets-with-association-of-teachers-in-family-medicine-delegation\/"]}]},{"@type":"ImageObject","inLanguage":"en-US","@id":"https:\/\/www.predsjednik.hr\/en\/news\/president-milanovic-meets-with-association-of-teachers-in-family-medicine-delegation\/#primaryimage","url":"https:\/\/www.predsjednik.hr\/wp-content\/uploads\/2022\/02\/DSC_2452.jpg","contentUrl":"https:\/\/www.predsjednik.hr\/wp-content\/uploads\/2022\/02\/DSC_2452.jpg","width":5026,"height":2827,"caption":"President Milanovi\u0107 Meets with Association of Teachers in Family Medicine Delegation"},{"@type":"BreadcrumbList","@id":"https:\/\/www.predsjednik.hr\/en\/news\/president-milanovic-meets-with-association-of-teachers-in-family-medicine-delegation\/#breadcrumb","itemListElement":[{"@type":"ListItem","position":1,"name":"Home","item":"https:\/\/www.predsjednik.hr\/en\/"},{"@type":"ListItem","position":2,"name":"Vijesti","item":"https:\/\/www.predsjednik.hr\/en\/news\/"},{"@type":"ListItem","position":3,"name":"President Milanovi\u0107 Meets with Association of Teachers in Family Medicine Delegation"}]},{"@type":"WebSite","@id":"https:\/\/www.predsjednik.hr\/en\/#website","url":"https:\/\/www.predsjednik.hr\/en\/","name":"President of the Republic of Croatia - Zoran Milanovi\u0107","description":"Just another WordPress site","potentialAction":[{"@type":"SearchAction","target":{"@type":"EntryPoint","urlTemplate":"https:\/\/www.predsjednik.hr\/en\/?s={search_term_string}"},"query-input":{"@type":"PropertyValueSpecification","valueRequired":true,"valueName":"search_term_string"}}],"inLanguage":"en-US"}]}},"_links":{"self":[{"href":"https:\/\/www.predsjednik.hr\/en\/wp-json\/wp\/v2\/news\/15635","targetHints":{"allow":["GET"]}}],"collection":[{"href":"https:\/\/www.predsjednik.hr\/en\/wp-json\/wp\/v2\/news"}],"about":[{"href":"https:\/\/www.predsjednik.hr\/en\/wp-json\/wp\/v2\/types\/news"}],"wp:featuredmedia":[{"embeddable":true,"href":"https:\/\/www.predsjednik.hr\/en\/wp-json\/wp\/v2\/media\/15628"}],"wp:attachment":[{"href":"https:\/\/www.predsjednik.hr\/en\/wp-json\/wp\/v2\/media?parent=15635"}],"wp:term":[{"taxonomy":"news-cat","embeddable":true,"href":"https:\/\/www.predsjednik.hr\/en\/wp-json\/wp\/v2\/news-cat?post=15635"}],"curies":[{"name":"wp","href":"https:\/\/api.w.org\/{rel}","templated":true}]}}