{"id":15703,"date":"2022-03-02T15:54:53","date_gmt":"2022-03-02T14:54:53","guid":{"rendered":"https:\/\/www.predsjednik.hr\/?post_type=news&#038;p=15703"},"modified":"2022-03-02T15:54:55","modified_gmt":"2022-03-02T14:54:55","slug":"president-milanovic-in-pakrac-attends-commemoration-marking-31st-anniversary-of-beginning-of-homeland-war","status":"publish","type":"news","link":"https:\/\/www.predsjednik.hr\/en\/news\/president-milanovic-in-pakrac-attends-commemoration-marking-31st-anniversary-of-beginning-of-homeland-war\/","title":{"rendered":"President Milanovi\u0107 in Pakrac Attends Commemoration Marking 31st Anniversary of Beginning of Homeland War"},"content":{"rendered":"\n<p>The President of the Republic and Commander in Chief of the Croatian Armed Forces Zoran Milanovi\u0107 attended a commemoration marking the 31<sup>st<\/sup> anniversary of the beginning of the Homeland War. He repeated there that thirty one years ago a small number of right people defended Pakrac.<\/p>\n\n\n\n<p>\u201cI frequently repeat these few words. In many wars, especially in our Homeland War, everything depended on a small number of good, right and bold people who were prepared to die at a critical moment. However, that small number of people, we\u2019re talking about thousands of them in all of Croatia in 1991, perhaps a hundred or more here in Pakrac, prevented all of Croatia from falling\u201d, the President noted.<\/p>\n\n\n\n<p>\u201cCroatia was liberated and belongs to the Western community of nations. We have always belonged here in respect, understanding and recognition of those who are different\u201d, President Milanovi\u0107 stated, referring to the war in Ukraine. \u201cToday in Ukraine a battle is not being fought between two nations or two races, it is a similar people. It is a battle for European values, for principals that are perhaps not the same in each state, for the right of a nation to choose its own path so as not to harm the other. They have our support\u201d, President Milanovi\u0107 remarked among other things.<\/p>\n\n\n\n<p>The President said that today Croatia is a stable, safe and peaceful country, a country with human and minority rights. He added that in 1991 nobody in Croatia could have dreamed that difficult and horrible events would occur because Croatia aspired to the West, believed and strived to become a member of the European Union. \u201cUnfortunately, we waited until 2013. For our neighbours not to have to wait as long, first and foremost Bosnia and Herzegovina, the Croatian people in Bosnia and Herzegovina, but also other countries of the region, one should be smart and wiser than in the past and help them achieve it quicker with all their deficiencies, just like we had, deficiencies that they will remedy with our help. If we leave them aside it will not be good for us either. Our security is resolved in Croatia, and outside too, with all due respect for everybody and everybody\u2019s integrity and independence\u201d, President Milanovi\u0107 said in concluding his address.<\/p>\n\n\n\n<p>The Homeland War in Croatia began in the night of 1 to 2 March 1991 with an armed conflict between Croatian police units and rebellious Serbs. Thanks to a quick intervention by the Special Forces from Rakitje, Lu\u010dko and Bjelovar, the police station in Pakrac was liberated and the rebels were expelled from the town. It was the first open armed conflict on the territory of the Republic of Croatia.<\/p>\n\n\n\n<p>Tribute was paid to the fallen Croatian defenders at a wreath-laying and candle lighting ceremony at the Memorial to the Fallen Croatian Defenders in the Homeland War in Pakrac\u2019s Main Square. In addition to President Milanovi\u0107, a wreath was laid by the families of the fallen, deceased and missing Croatian defenders and participants in this action on 1-2 March 1991, a delegation of the Croatian Parliament and the Government, and representatives of the County, towns and municipalities and of defenders associations.<\/p>\n\n\n\n<p>After the wreath-laying ceremony, addressing the assembled defenders participants of the event of 1-2 March 1991, the representatives of the Croatian Army and the Interior Ministry, the state institutions and heads of local and regional self-governments in addition to President Milanovi\u0107 were: the president of the Croatian Police Association Defenders of Pakrac and LIpik, and the president of Pakrac Municipal Council Miroslav Ivan\u010di\u0107, the president of the Association of War Members of the Antiterrorist Unit Lu\u010dko \u201990 Darko Lutring, envoy of the Croatian Prime Minister and the Deputy Prime Minister and Minister of Veterans\u2019 Affairs Darko Neki\u0107, and the envoy of the Speaker of the Croatian Parliament, the Mayor of Pakrac and Member of Parliament Anamarija Bla\u017eevi\u0107.<\/p>\n\n\n\n<p>President Milanovi\u0107 also paid tribute at the Memorial erected to the memory of all participants of the action in front of the Pakrac police station. Alongside President Milanovi\u0107 at the commemoration marking the 31<sup>st<\/sup> anniversary of the beginning of the Homeland War was the Special Adviser to the President for Veterans Affairs Marijan Marekovi\u0107.<\/p>\n\n\n<!--GALLERY BLOCK-->\n<div class=\"c-lightbox-gallery js-lightbox\">\n                <!--single-->\n            <a data-no-swup class=\"c-lightbox-gallery__single js-lightbox-single\"\n               href=\"https:\/\/www.predsjednik.hr\/wp-content\/uploads\/2022\/03\/DSC_0163-1024x576.jpg\"\n               style=\"background-image: url('https:\/\/www.predsjednik.hr\/wp-content\/uploads\/2022\/03\/DSC_0163-768x432.jpg')\"><\/a>\n            <!--end single-->\n                    <!--single-->\n            <a data-no-swup class=\"c-lightbox-gallery__single js-lightbox-single\"\n               href=\"https:\/\/www.predsjednik.hr\/wp-content\/uploads\/2022\/03\/DSC_0205-1024x576.jpg\"\n               style=\"background-image: url('https:\/\/www.predsjednik.hr\/wp-content\/uploads\/2022\/03\/DSC_0205-768x432.jpg')\"><\/a>\n            <!--end single-->\n                    <!--single-->\n            <a data-no-swup class=\"c-lightbox-gallery__single js-lightbox-single\"\n               href=\"https:\/\/www.predsjednik.hr\/wp-content\/uploads\/2022\/03\/DSC_0229-1024x576.jpg\"\n               style=\"background-image: url('https:\/\/www.predsjednik.hr\/wp-content\/uploads\/2022\/03\/DSC_0229-768x432.jpg')\"><\/a>\n            <!--end single-->\n                    <!--single-->\n            <a data-no-swup class=\"c-lightbox-gallery__single js-lightbox-single\"\n               href=\"https:\/\/www.predsjednik.hr\/wp-content\/uploads\/2022\/03\/DSC_0319-1024x576.jpg\"\n               style=\"background-image: url('https:\/\/www.predsjednik.hr\/wp-content\/uploads\/2022\/03\/DSC_0319-768x432.jpg')\"><\/a>\n            <!--end single-->\n                    <!--single-->\n            <a data-no-swup class=\"c-lightbox-gallery__single js-lightbox-single\"\n               href=\"https:\/\/www.predsjednik.hr\/wp-content\/uploads\/2022\/03\/DSC_0396-1024x731.jpg\"\n               style=\"background-image: url('https:\/\/www.predsjednik.hr\/wp-content\/uploads\/2022\/03\/DSC_0396-768x549.jpg')\"><\/a>\n            <!--end single-->\n                    <!--single-->\n            <a data-no-swup class=\"c-lightbox-gallery__single js-lightbox-single\"\n               href=\"https:\/\/www.predsjednik.hr\/wp-content\/uploads\/2022\/03\/DSC_0434-1024x576.jpg\"\n               style=\"background-image: url('https:\/\/www.predsjednik.hr\/wp-content\/uploads\/2022\/03\/DSC_0434-768x432.jpg')\"><\/a>\n            <!--end single-->\n                    <!--single-->\n            <a data-no-swup class=\"c-lightbox-gallery__single js-lightbox-single\"\n               href=\"https:\/\/www.predsjednik.hr\/wp-content\/uploads\/2022\/03\/DSC_0500-1024x576.jpg\"\n               style=\"background-image: url('https:\/\/www.predsjednik.hr\/wp-content\/uploads\/2022\/03\/DSC_0500-768x432.jpg')\"><\/a>\n            <!--end single-->\n                    <!--single-->\n            <a data-no-swup class=\"c-lightbox-gallery__single js-lightbox-single\"\n               href=\"https:\/\/www.predsjednik.hr\/wp-content\/uploads\/2022\/03\/DSC_0564-1024x731.jpg\"\n               style=\"background-image: url('https:\/\/www.predsjednik.hr\/wp-content\/uploads\/2022\/03\/DSC_0564-768x549.jpg')\"><\/a>\n            <!--end single-->\n                    <!--single-->\n            <a data-no-swup class=\"c-lightbox-gallery__single js-lightbox-single\"\n               href=\"https:\/\/www.predsjednik.hr\/wp-content\/uploads\/2022\/03\/DSC_0690-1024x731.jpg\"\n               style=\"background-image: url('https:\/\/www.predsjednik.hr\/wp-content\/uploads\/2022\/03\/DSC_0690-768x548.jpg')\"><\/a>\n            <!--end single-->\n        <\/div>\n<!--end GALLERY BLOCK-->\n\n\n\n<p>PHOTO: Office of the President of the Republic of Croatia \/ Dario Andri\u0161ek<\/p>\n","protected":false},"excerpt":{"rendered":"<p>The President of the Republic and Commander in Chief of the Croatian Armed Forces Zoran Milanovi\u0107 attended a commemoration marking the 31st anniversary of the beginning of the Homeland War. He repeated there that thirty one years ago a small number of right people defended Pakrac.<\/p>\n","protected":false},"featured_media":15685,"template":"","news-cat":[12],"class_list":["post-15703","news","type-news","status-publish","has-post-thumbnail","hentry","news-cat-news"],"acf":[],"yoast_head":"<!-- This site is optimized with the Yoast SEO plugin v27.5 - https:\/\/yoast.com\/product\/yoast-seo-wordpress\/ -->\n<title>President Milanovi\u0107 in Pakrac Attends Commemoration Marking 31st Anniversary of Beginning of Homeland War - President of the Republic of Croatia - Zoran Milanovi\u0107<\/title>\n<meta name=\"robots\" content=\"index, follow, max-snippet:-1, max-image-preview:large, max-video-preview:-1\" \/>\n<link rel=\"canonical\" href=\"https:\/\/www.predsjednik.hr\/en\/news\/president-milanovic-in-pakrac-attends-commemoration-marking-31st-anniversary-of-beginning-of-homeland-war\/\" \/>\n<meta property=\"og:locale\" content=\"en_US\" \/>\n<meta property=\"og:type\" content=\"article\" \/>\n<meta property=\"og:title\" content=\"President Milanovi\u0107 in Pakrac Attends Commemoration Marking 31st Anniversary of Beginning of Homeland War - President of the Republic of Croatia - Zoran Milanovi\u0107\" \/>\n<meta property=\"og:description\" content=\"The President of the Republic and Commander in Chief of the Croatian Armed Forces Zoran Milanovi\u0107 attended a commemoration marking the 31st anniversary of the beginning of the Homeland War. He repeated there that thirty one years ago a small number of right people defended Pakrac.\" \/>\n<meta property=\"og:url\" content=\"https:\/\/www.predsjednik.hr\/en\/news\/president-milanovic-in-pakrac-attends-commemoration-marking-31st-anniversary-of-beginning-of-homeland-war\/\" \/>\n<meta property=\"og:site_name\" content=\"President of the Republic of Croatia - Zoran Milanovi\u0107\" \/>\n<meta property=\"article:modified_time\" content=\"2022-03-02T14:54:55+00:00\" \/>\n<meta property=\"og:image\" content=\"https:\/\/www.predsjednik.hr\/wp-content\/uploads\/2022\/03\/DSC_0396.jpg\" \/>\n\t<meta property=\"og:image:width\" content=\"5417\" \/>\n\t<meta property=\"og:image:height\" content=\"3869\" \/>\n\t<meta property=\"og:image:type\" content=\"image\/jpeg\" \/>\n<meta name=\"twitter:card\" content=\"summary_large_image\" \/>\n<meta name=\"twitter:label1\" content=\"Est. reading time\" \/>\n\t<meta name=\"twitter:data1\" content=\"4 minutes\" \/>\n<script type=\"application\/ld+json\" class=\"yoast-schema-graph\">{\"@context\":\"https:\\\/\\\/schema.org\",\"@graph\":[{\"@type\":\"WebPage\",\"@id\":\"https:\\\/\\\/www.predsjednik.hr\\\/en\\\/news\\\/president-milanovic-in-pakrac-attends-commemoration-marking-31st-anniversary-of-beginning-of-homeland-war\\\/\",\"url\":\"https:\\\/\\\/www.predsjednik.hr\\\/en\\\/news\\\/president-milanovic-in-pakrac-attends-commemoration-marking-31st-anniversary-of-beginning-of-homeland-war\\\/\",\"name\":\"President Milanovi\u0107 in Pakrac Attends Commemoration Marking 31st Anniversary of Beginning of Homeland War - President of the Republic of Croatia - Zoran Milanovi\u0107\",\"isPartOf\":{\"@id\":\"https:\\\/\\\/www.predsjednik.hr\\\/en\\\/#website\"},\"primaryImageOfPage\":{\"@id\":\"https:\\\/\\\/www.predsjednik.hr\\\/en\\\/news\\\/president-milanovic-in-pakrac-attends-commemoration-marking-31st-anniversary-of-beginning-of-homeland-war\\\/#primaryimage\"},\"image\":{\"@id\":\"https:\\\/\\\/www.predsjednik.hr\\\/en\\\/news\\\/president-milanovic-in-pakrac-attends-commemoration-marking-31st-anniversary-of-beginning-of-homeland-war\\\/#primaryimage\"},\"thumbnailUrl\":\"https:\\\/\\\/www.predsjednik.hr\\\/wp-content\\\/uploads\\\/2022\\\/03\\\/DSC_0396.jpg\",\"datePublished\":\"2022-03-02T14:54:53+00:00\",\"dateModified\":\"2022-03-02T14:54:55+00:00\",\"breadcrumb\":{\"@id\":\"https:\\\/\\\/www.predsjednik.hr\\\/en\\\/news\\\/president-milanovic-in-pakrac-attends-commemoration-marking-31st-anniversary-of-beginning-of-homeland-war\\\/#breadcrumb\"},\"inLanguage\":\"en-US\",\"potentialAction\":[{\"@type\":\"ReadAction\",\"target\":[\"https:\\\/\\\/www.predsjednik.hr\\\/en\\\/news\\\/president-milanovic-in-pakrac-attends-commemoration-marking-31st-anniversary-of-beginning-of-homeland-war\\\/\"]}]},{\"@type\":\"ImageObject\",\"inLanguage\":\"en-US\",\"@id\":\"https:\\\/\\\/www.predsjednik.hr\\\/en\\\/news\\\/president-milanovic-in-pakrac-attends-commemoration-marking-31st-anniversary-of-beginning-of-homeland-war\\\/#primaryimage\",\"url\":\"https:\\\/\\\/www.predsjednik.hr\\\/wp-content\\\/uploads\\\/2022\\\/03\\\/DSC_0396.jpg\",\"contentUrl\":\"https:\\\/\\\/www.predsjednik.hr\\\/wp-content\\\/uploads\\\/2022\\\/03\\\/DSC_0396.jpg\",\"width\":5417,\"height\":3869,\"caption\":\"President Milanovi\u0107 in Pakrac Attends Commemoration Marking 31st Anniversary of Beginning of Homeland War\"},{\"@type\":\"BreadcrumbList\",\"@id\":\"https:\\\/\\\/www.predsjednik.hr\\\/en\\\/news\\\/president-milanovic-in-pakrac-attends-commemoration-marking-31st-anniversary-of-beginning-of-homeland-war\\\/#breadcrumb\",\"itemListElement\":[{\"@type\":\"ListItem\",\"position\":1,\"name\":\"Home\",\"item\":\"https:\\\/\\\/www.predsjednik.hr\\\/en\\\/\"},{\"@type\":\"ListItem\",\"position\":2,\"name\":\"Vijesti\",\"item\":\"https:\\\/\\\/www.predsjednik.hr\\\/en\\\/news\\\/\"},{\"@type\":\"ListItem\",\"position\":3,\"name\":\"President Milanovi\u0107 in Pakrac Attends Commemoration Marking 31st Anniversary of Beginning of Homeland War\"}]},{\"@type\":\"WebSite\",\"@id\":\"https:\\\/\\\/www.predsjednik.hr\\\/en\\\/#website\",\"url\":\"https:\\\/\\\/www.predsjednik.hr\\\/en\\\/\",\"name\":\"President of the Republic of Croatia - Zoran Milanovi\u0107\",\"description\":\"Just another WordPress site\",\"potentialAction\":[{\"@type\":\"SearchAction\",\"target\":{\"@type\":\"EntryPoint\",\"urlTemplate\":\"https:\\\/\\\/www.predsjednik.hr\\\/en\\\/?s={search_term_string}\"},\"query-input\":{\"@type\":\"PropertyValueSpecification\",\"valueRequired\":true,\"valueName\":\"search_term_string\"}}],\"inLanguage\":\"en-US\"}]}<\/script>\n<!-- \/ Yoast SEO plugin. -->","yoast_head_json":{"title":"President Milanovi\u0107 in Pakrac Attends Commemoration Marking 31st Anniversary of Beginning of Homeland War - President of the Republic of Croatia - Zoran Milanovi\u0107","robots":{"index":"index","follow":"follow","max-snippet":"max-snippet:-1","max-image-preview":"max-image-preview:large","max-video-preview":"max-video-preview:-1"},"canonical":"https:\/\/www.predsjednik.hr\/en\/news\/president-milanovic-in-pakrac-attends-commemoration-marking-31st-anniversary-of-beginning-of-homeland-war\/","og_locale":"en_US","og_type":"article","og_title":"President Milanovi\u0107 in Pakrac Attends Commemoration Marking 31st Anniversary of Beginning of Homeland War - President of the Republic of Croatia - Zoran Milanovi\u0107","og_description":"The President of the Republic and Commander in Chief of the Croatian Armed Forces Zoran Milanovi\u0107 attended a commemoration marking the 31st anniversary of the beginning of the Homeland War. He repeated there that thirty one years ago a small number of right people defended Pakrac.","og_url":"https:\/\/www.predsjednik.hr\/en\/news\/president-milanovic-in-pakrac-attends-commemoration-marking-31st-anniversary-of-beginning-of-homeland-war\/","og_site_name":"President of the Republic of Croatia - Zoran Milanovi\u0107","article_modified_time":"2022-03-02T14:54:55+00:00","og_image":[{"width":5417,"height":3869,"url":"https:\/\/www.predsjednik.hr\/wp-content\/uploads\/2022\/03\/DSC_0396.jpg","type":"image\/jpeg"}],"twitter_card":"summary_large_image","twitter_misc":{"Est. reading time":"4 minutes"},"schema":{"@context":"https:\/\/schema.org","@graph":[{"@type":"WebPage","@id":"https:\/\/www.predsjednik.hr\/en\/news\/president-milanovic-in-pakrac-attends-commemoration-marking-31st-anniversary-of-beginning-of-homeland-war\/","url":"https:\/\/www.predsjednik.hr\/en\/news\/president-milanovic-in-pakrac-attends-commemoration-marking-31st-anniversary-of-beginning-of-homeland-war\/","name":"President Milanovi\u0107 in Pakrac Attends Commemoration Marking 31st Anniversary of Beginning of Homeland War - President of the Republic of Croatia - Zoran Milanovi\u0107","isPartOf":{"@id":"https:\/\/www.predsjednik.hr\/en\/#website"},"primaryImageOfPage":{"@id":"https:\/\/www.predsjednik.hr\/en\/news\/president-milanovic-in-pakrac-attends-commemoration-marking-31st-anniversary-of-beginning-of-homeland-war\/#primaryimage"},"image":{"@id":"https:\/\/www.predsjednik.hr\/en\/news\/president-milanovic-in-pakrac-attends-commemoration-marking-31st-anniversary-of-beginning-of-homeland-war\/#primaryimage"},"thumbnailUrl":"https:\/\/www.predsjednik.hr\/wp-content\/uploads\/2022\/03\/DSC_0396.jpg","datePublished":"2022-03-02T14:54:53+00:00","dateModified":"2022-03-02T14:54:55+00:00","breadcrumb":{"@id":"https:\/\/www.predsjednik.hr\/en\/news\/president-milanovic-in-pakrac-attends-commemoration-marking-31st-anniversary-of-beginning-of-homeland-war\/#breadcrumb"},"inLanguage":"en-US","potentialAction":[{"@type":"ReadAction","target":["https:\/\/www.predsjednik.hr\/en\/news\/president-milanovic-in-pakrac-attends-commemoration-marking-31st-anniversary-of-beginning-of-homeland-war\/"]}]},{"@type":"ImageObject","inLanguage":"en-US","@id":"https:\/\/www.predsjednik.hr\/en\/news\/president-milanovic-in-pakrac-attends-commemoration-marking-31st-anniversary-of-beginning-of-homeland-war\/#primaryimage","url":"https:\/\/www.predsjednik.hr\/wp-content\/uploads\/2022\/03\/DSC_0396.jpg","contentUrl":"https:\/\/www.predsjednik.hr\/wp-content\/uploads\/2022\/03\/DSC_0396.jpg","width":5417,"height":3869,"caption":"President Milanovi\u0107 in Pakrac Attends Commemoration Marking 31st Anniversary of Beginning of Homeland War"},{"@type":"BreadcrumbList","@id":"https:\/\/www.predsjednik.hr\/en\/news\/president-milanovic-in-pakrac-attends-commemoration-marking-31st-anniversary-of-beginning-of-homeland-war\/#breadcrumb","itemListElement":[{"@type":"ListItem","position":1,"name":"Home","item":"https:\/\/www.predsjednik.hr\/en\/"},{"@type":"ListItem","position":2,"name":"Vijesti","item":"https:\/\/www.predsjednik.hr\/en\/news\/"},{"@type":"ListItem","position":3,"name":"President Milanovi\u0107 in Pakrac Attends Commemoration Marking 31st Anniversary of Beginning of Homeland War"}]},{"@type":"WebSite","@id":"https:\/\/www.predsjednik.hr\/en\/#website","url":"https:\/\/www.predsjednik.hr\/en\/","name":"President of the Republic of Croatia - Zoran Milanovi\u0107","description":"Just another WordPress site","potentialAction":[{"@type":"SearchAction","target":{"@type":"EntryPoint","urlTemplate":"https:\/\/www.predsjednik.hr\/en\/?s={search_term_string}"},"query-input":{"@type":"PropertyValueSpecification","valueRequired":true,"valueName":"search_term_string"}}],"inLanguage":"en-US"}]}},"_links":{"self":[{"href":"https:\/\/www.predsjednik.hr\/en\/wp-json\/wp\/v2\/news\/15703","targetHints":{"allow":["GET"]}}],"collection":[{"href":"https:\/\/www.predsjednik.hr\/en\/wp-json\/wp\/v2\/news"}],"about":[{"href":"https:\/\/www.predsjednik.hr\/en\/wp-json\/wp\/v2\/types\/news"}],"wp:featuredmedia":[{"embeddable":true,"href":"https:\/\/www.predsjednik.hr\/en\/wp-json\/wp\/v2\/media\/15685"}],"wp:attachment":[{"href":"https:\/\/www.predsjednik.hr\/en\/wp-json\/wp\/v2\/media?parent=15703"}],"wp:term":[{"taxonomy":"news-cat","embeddable":true,"href":"https:\/\/www.predsjednik.hr\/en\/wp-json\/wp\/v2\/news-cat?post=15703"}],"curies":[{"name":"wp","href":"https:\/\/api.w.org\/{rel}","templated":true}]}}