{"id":15747,"date":"2022-03-04T21:45:13","date_gmt":"2022-03-04T20:45:13","guid":{"rendered":"https:\/\/www.predsjednik.hr\/?post_type=news&#038;p=15747"},"modified":"2022-03-07T10:07:18","modified_gmt":"2022-03-07T09:07:18","slug":"president-milanovic-speaks-with-president-elect-of-chile-gabriel-boric","status":"publish","type":"news","link":"https:\/\/www.predsjednik.hr\/en\/news\/president-milanovic-speaks-with-president-elect-of-chile-gabriel-boric\/","title":{"rendered":"President Milanovi\u0107 Speaks with President-elect of Chile Gabriel Boric"},"content":{"rendered":"\n<p>The President of the Republic Zoran Milanovi\u0107 spoke today on the phone with the President-elect of Chile Gabriel Boric Font. President Milanovi\u0107 once again congratulated Boric on the election victory and regretted that he will not be able to attend the presidential inauguration on the 11<sup>th<\/sup> of March.<\/p>\n\n\n\n<p>President Milanovi\u0107 and President-elect Boric agreed that the Croatian community plays an important role in the social and political life of Chile. Thanks to that community, Croatia and Chile have had centuries-old close ties, they added. President Milanovi\u0107 and President-elect Boric exchanged views on the current situation in the world, with emphasis on the crisis in Europe.<\/p>\n\n\n\n<p>President-elect Boric invited President Milanovi\u0107 to visit Chile and the Croatian President accepted Boric\u2019s invitation. They agreed to be in constant friendly contact.<\/p>\n","protected":false},"excerpt":{"rendered":"<p>The President of the Republic Zoran Milanovi\u0107 spoke today on the phone with the President-elect of Chile Gabriel Boric Font. <\/p>\n","protected":false},"featured_media":15638,"template":"","news-cat":[12],"class_list":["post-15747","news","type-news","status-publish","has-post-thumbnail","hentry","news-cat-news"],"acf":[],"yoast_head":"<!-- This site is optimized with the Yoast SEO plugin v27.5 - https:\/\/yoast.com\/product\/yoast-seo-wordpress\/ -->\n<title>President Milanovi\u0107 Speaks with President-elect of Chile Gabriel Boric - President of the Republic of Croatia - Zoran Milanovi\u0107<\/title>\n<meta name=\"robots\" content=\"index, follow, max-snippet:-1, max-image-preview:large, max-video-preview:-1\" \/>\n<link rel=\"canonical\" href=\"https:\/\/www.predsjednik.hr\/en\/news\/president-milanovic-speaks-with-president-elect-of-chile-gabriel-boric\/\" \/>\n<meta property=\"og:locale\" content=\"en_US\" \/>\n<meta property=\"og:type\" content=\"article\" \/>\n<meta property=\"og:title\" content=\"President Milanovi\u0107 Speaks with President-elect of Chile Gabriel Boric - President of the Republic of Croatia - Zoran Milanovi\u0107\" \/>\n<meta property=\"og:description\" content=\"The President of the Republic Zoran Milanovi\u0107 spoke today on the phone with the President-elect of Chile Gabriel Boric Font.\" \/>\n<meta property=\"og:url\" content=\"https:\/\/www.predsjednik.hr\/en\/news\/president-milanovic-speaks-with-president-elect-of-chile-gabriel-boric\/\" \/>\n<meta property=\"og:site_name\" content=\"President of the Republic of Croatia - Zoran Milanovi\u0107\" \/>\n<meta property=\"article:modified_time\" content=\"2022-03-07T09:07:18+00:00\" \/>\n<meta property=\"og:image\" content=\"https:\/\/www.predsjednik.hr\/wp-content\/uploads\/2022\/03\/DSC_0947.jpg\" \/>\n\t<meta property=\"og:image:width\" content=\"5353\" \/>\n\t<meta property=\"og:image:height\" content=\"3569\" \/>\n\t<meta property=\"og:image:type\" content=\"image\/jpeg\" \/>\n<meta name=\"twitter:card\" content=\"summary_large_image\" \/>\n<meta name=\"twitter:label1\" content=\"Est. reading time\" \/>\n\t<meta name=\"twitter:data1\" content=\"1 minute\" \/>\n<script type=\"application\/ld+json\" class=\"yoast-schema-graph\">{\"@context\":\"https:\\\/\\\/schema.org\",\"@graph\":[{\"@type\":\"WebPage\",\"@id\":\"https:\\\/\\\/www.predsjednik.hr\\\/en\\\/news\\\/president-milanovic-speaks-with-president-elect-of-chile-gabriel-boric\\\/\",\"url\":\"https:\\\/\\\/www.predsjednik.hr\\\/en\\\/news\\\/president-milanovic-speaks-with-president-elect-of-chile-gabriel-boric\\\/\",\"name\":\"President Milanovi\u0107 Speaks with President-elect of Chile Gabriel Boric - President of the Republic of Croatia - Zoran Milanovi\u0107\",\"isPartOf\":{\"@id\":\"https:\\\/\\\/www.predsjednik.hr\\\/en\\\/#website\"},\"primaryImageOfPage\":{\"@id\":\"https:\\\/\\\/www.predsjednik.hr\\\/en\\\/news\\\/president-milanovic-speaks-with-president-elect-of-chile-gabriel-boric\\\/#primaryimage\"},\"image\":{\"@id\":\"https:\\\/\\\/www.predsjednik.hr\\\/en\\\/news\\\/president-milanovic-speaks-with-president-elect-of-chile-gabriel-boric\\\/#primaryimage\"},\"thumbnailUrl\":\"https:\\\/\\\/www.predsjednik.hr\\\/wp-content\\\/uploads\\\/2022\\\/03\\\/DSC_0947.jpg\",\"datePublished\":\"2022-03-04T20:45:13+00:00\",\"dateModified\":\"2022-03-07T09:07:18+00:00\",\"breadcrumb\":{\"@id\":\"https:\\\/\\\/www.predsjednik.hr\\\/en\\\/news\\\/president-milanovic-speaks-with-president-elect-of-chile-gabriel-boric\\\/#breadcrumb\"},\"inLanguage\":\"en-US\",\"potentialAction\":[{\"@type\":\"ReadAction\",\"target\":[\"https:\\\/\\\/www.predsjednik.hr\\\/en\\\/news\\\/president-milanovic-speaks-with-president-elect-of-chile-gabriel-boric\\\/\"]}]},{\"@type\":\"ImageObject\",\"inLanguage\":\"en-US\",\"@id\":\"https:\\\/\\\/www.predsjednik.hr\\\/en\\\/news\\\/president-milanovic-speaks-with-president-elect-of-chile-gabriel-boric\\\/#primaryimage\",\"url\":\"https:\\\/\\\/www.predsjednik.hr\\\/wp-content\\\/uploads\\\/2022\\\/03\\\/DSC_0947.jpg\",\"contentUrl\":\"https:\\\/\\\/www.predsjednik.hr\\\/wp-content\\\/uploads\\\/2022\\\/03\\\/DSC_0947.jpg\",\"width\":5353,\"height\":3569,\"caption\":\"The President of the Republic Zoran Milanovi\u0107 spoke today on the phone with the President-elect of Chile Gabriel Boric Font.\"},{\"@type\":\"BreadcrumbList\",\"@id\":\"https:\\\/\\\/www.predsjednik.hr\\\/en\\\/news\\\/president-milanovic-speaks-with-president-elect-of-chile-gabriel-boric\\\/#breadcrumb\",\"itemListElement\":[{\"@type\":\"ListItem\",\"position\":1,\"name\":\"Home\",\"item\":\"https:\\\/\\\/www.predsjednik.hr\\\/en\\\/\"},{\"@type\":\"ListItem\",\"position\":2,\"name\":\"Vijesti\",\"item\":\"https:\\\/\\\/www.predsjednik.hr\\\/en\\\/news\\\/\"},{\"@type\":\"ListItem\",\"position\":3,\"name\":\"President Milanovi\u0107 Speaks with President-elect of Chile Gabriel Boric\"}]},{\"@type\":\"WebSite\",\"@id\":\"https:\\\/\\\/www.predsjednik.hr\\\/en\\\/#website\",\"url\":\"https:\\\/\\\/www.predsjednik.hr\\\/en\\\/\",\"name\":\"President of the Republic of Croatia - Zoran Milanovi\u0107\",\"description\":\"Just another WordPress site\",\"potentialAction\":[{\"@type\":\"SearchAction\",\"target\":{\"@type\":\"EntryPoint\",\"urlTemplate\":\"https:\\\/\\\/www.predsjednik.hr\\\/en\\\/?s={search_term_string}\"},\"query-input\":{\"@type\":\"PropertyValueSpecification\",\"valueRequired\":true,\"valueName\":\"search_term_string\"}}],\"inLanguage\":\"en-US\"}]}<\/script>\n<!-- \/ Yoast SEO plugin. -->","yoast_head_json":{"title":"President Milanovi\u0107 Speaks with President-elect of Chile Gabriel Boric - President of the Republic of Croatia - Zoran Milanovi\u0107","robots":{"index":"index","follow":"follow","max-snippet":"max-snippet:-1","max-image-preview":"max-image-preview:large","max-video-preview":"max-video-preview:-1"},"canonical":"https:\/\/www.predsjednik.hr\/en\/news\/president-milanovic-speaks-with-president-elect-of-chile-gabriel-boric\/","og_locale":"en_US","og_type":"article","og_title":"President Milanovi\u0107 Speaks with President-elect of Chile Gabriel Boric - President of the Republic of Croatia - Zoran Milanovi\u0107","og_description":"The President of the Republic Zoran Milanovi\u0107 spoke today on the phone with the President-elect of Chile Gabriel Boric Font.","og_url":"https:\/\/www.predsjednik.hr\/en\/news\/president-milanovic-speaks-with-president-elect-of-chile-gabriel-boric\/","og_site_name":"President of the Republic of Croatia - Zoran Milanovi\u0107","article_modified_time":"2022-03-07T09:07:18+00:00","og_image":[{"width":5353,"height":3569,"url":"https:\/\/www.predsjednik.hr\/wp-content\/uploads\/2022\/03\/DSC_0947.jpg","type":"image\/jpeg"}],"twitter_card":"summary_large_image","twitter_misc":{"Est. reading time":"1 minute"},"schema":{"@context":"https:\/\/schema.org","@graph":[{"@type":"WebPage","@id":"https:\/\/www.predsjednik.hr\/en\/news\/president-milanovic-speaks-with-president-elect-of-chile-gabriel-boric\/","url":"https:\/\/www.predsjednik.hr\/en\/news\/president-milanovic-speaks-with-president-elect-of-chile-gabriel-boric\/","name":"President Milanovi\u0107 Speaks with President-elect of Chile Gabriel Boric - President of the Republic of Croatia - Zoran Milanovi\u0107","isPartOf":{"@id":"https:\/\/www.predsjednik.hr\/en\/#website"},"primaryImageOfPage":{"@id":"https:\/\/www.predsjednik.hr\/en\/news\/president-milanovic-speaks-with-president-elect-of-chile-gabriel-boric\/#primaryimage"},"image":{"@id":"https:\/\/www.predsjednik.hr\/en\/news\/president-milanovic-speaks-with-president-elect-of-chile-gabriel-boric\/#primaryimage"},"thumbnailUrl":"https:\/\/www.predsjednik.hr\/wp-content\/uploads\/2022\/03\/DSC_0947.jpg","datePublished":"2022-03-04T20:45:13+00:00","dateModified":"2022-03-07T09:07:18+00:00","breadcrumb":{"@id":"https:\/\/www.predsjednik.hr\/en\/news\/president-milanovic-speaks-with-president-elect-of-chile-gabriel-boric\/#breadcrumb"},"inLanguage":"en-US","potentialAction":[{"@type":"ReadAction","target":["https:\/\/www.predsjednik.hr\/en\/news\/president-milanovic-speaks-with-president-elect-of-chile-gabriel-boric\/"]}]},{"@type":"ImageObject","inLanguage":"en-US","@id":"https:\/\/www.predsjednik.hr\/en\/news\/president-milanovic-speaks-with-president-elect-of-chile-gabriel-boric\/#primaryimage","url":"https:\/\/www.predsjednik.hr\/wp-content\/uploads\/2022\/03\/DSC_0947.jpg","contentUrl":"https:\/\/www.predsjednik.hr\/wp-content\/uploads\/2022\/03\/DSC_0947.jpg","width":5353,"height":3569,"caption":"The President of the Republic Zoran Milanovi\u0107 spoke today on the phone with the President-elect of Chile Gabriel Boric Font."},{"@type":"BreadcrumbList","@id":"https:\/\/www.predsjednik.hr\/en\/news\/president-milanovic-speaks-with-president-elect-of-chile-gabriel-boric\/#breadcrumb","itemListElement":[{"@type":"ListItem","position":1,"name":"Home","item":"https:\/\/www.predsjednik.hr\/en\/"},{"@type":"ListItem","position":2,"name":"Vijesti","item":"https:\/\/www.predsjednik.hr\/en\/news\/"},{"@type":"ListItem","position":3,"name":"President Milanovi\u0107 Speaks with President-elect of Chile Gabriel Boric"}]},{"@type":"WebSite","@id":"https:\/\/www.predsjednik.hr\/en\/#website","url":"https:\/\/www.predsjednik.hr\/en\/","name":"President of the Republic of Croatia - Zoran Milanovi\u0107","description":"Just another WordPress site","potentialAction":[{"@type":"SearchAction","target":{"@type":"EntryPoint","urlTemplate":"https:\/\/www.predsjednik.hr\/en\/?s={search_term_string}"},"query-input":{"@type":"PropertyValueSpecification","valueRequired":true,"valueName":"search_term_string"}}],"inLanguage":"en-US"}]}},"_links":{"self":[{"href":"https:\/\/www.predsjednik.hr\/en\/wp-json\/wp\/v2\/news\/15747","targetHints":{"allow":["GET"]}}],"collection":[{"href":"https:\/\/www.predsjednik.hr\/en\/wp-json\/wp\/v2\/news"}],"about":[{"href":"https:\/\/www.predsjednik.hr\/en\/wp-json\/wp\/v2\/types\/news"}],"wp:featuredmedia":[{"embeddable":true,"href":"https:\/\/www.predsjednik.hr\/en\/wp-json\/wp\/v2\/media\/15638"}],"wp:attachment":[{"href":"https:\/\/www.predsjednik.hr\/en\/wp-json\/wp\/v2\/media?parent=15747"}],"wp:term":[{"taxonomy":"news-cat","embeddable":true,"href":"https:\/\/www.predsjednik.hr\/en\/wp-json\/wp\/v2\/news-cat?post=15747"}],"curies":[{"name":"wp","href":"https:\/\/api.w.org\/{rel}","templated":true}]}}