{"id":15769,"date":"2022-03-08T12:53:18","date_gmt":"2022-03-08T11:53:18","guid":{"rendered":"https:\/\/www.predsjednik.hr\/?post_type=news&#038;p=15769"},"modified":"2022-03-08T12:53:25","modified_gmt":"2022-03-08T11:53:25","slug":"president-milanovic-extends-congratulations-on-international-womens-day-and-views-exhibition-zene-i-tehnika-izlozba-rodno-inkluzivne-tematike","status":"publish","type":"news","link":"https:\/\/www.predsjednik.hr\/en\/news\/president-milanovic-extends-congratulations-on-international-womens-day-and-views-exhibition-zene-i-tehnika-izlozba-rodno-inkluzivne-tematike\/","title":{"rendered":"President Milanovi\u0107 Extends Congratulations on International Women\u2019s Day and Views Exhibition \u201c\u017dene i tehnika \u2013 izlo\u017eba rodno inkluzivne tematike\u201c"},"content":{"rendered":"\n<p>The President of the Republic Zoran Milanovi\u0107 extended congratulations to all the women in Croatia on International Women\u2019s Day. On this occasion, he viewed an exhibition dedicated to women in science entitled \u201c\u017dene i tehnika \u2013 izlo\u017eba rodno inkluzivne tematike\u201c (Women and Technology \u2013 Exhibition of Gender Inclusive Themes\u201d, which is on display in the Nikola Tesla Technical Museum in Zagreb.<\/p>\n\n\n\n<p>With the professional guidance of one of the authors and curator of the exhibition Kosjenka Laszlo Klemar, President Milanovi\u0107 viewed the exhibition illustrating the stories of prominent female scientists \u2013 the women who broke down socially imposed barriers and made a name for themselves in male stereotype occupations, and the anonymous women to whom science is indebted.<\/p>\n\n\n\n<p>The exhibition made use of permanent exhibits from the Nikola Tesla Technical Museum and includes women that are not necessarily scientists, but professionally carried out work that is typically associated with men. Furthermore, the purpose is not to single out the contributions of individual female scientists and inventors, but to strive to give a broader perspective. The curator explained that the exhibition does not focus on highlighting individual biographies although a number of women whose work has contributed to science and technology are mentioned.<\/p>\n\n\n\n<p>President Milanovi\u0107 viewed the exhibition in the company of the director of the Nikola Tesla Technical Museum Markita Franuli\u0107, the authors of the exhibition Barbara Blasin, Tea Kantoci as well as the author and curator Kosjenka Laszlo Klemar.<\/p>\n\n\n\n<p>Alongside President Milanovi\u0107 were the Adviser to the President for Human Rights and Civil Society Melita Muli\u0107 and the Assistant Adviser to the President for the Economy Martina Ciglevi\u0107.<\/p>\n\n\n<!--GALLERY BLOCK-->\n<div class=\"c-lightbox-gallery js-lightbox\">\n                <!--single-->\n            <a data-no-swup class=\"c-lightbox-gallery__single js-lightbox-single\"\n               href=\"https:\/\/www.predsjednik.hr\/wp-content\/uploads\/2022\/03\/DSC_4426-1024x683.jpg\"\n               style=\"background-image: url('https:\/\/www.predsjednik.hr\/wp-content\/uploads\/2022\/03\/DSC_4426-768x512.jpg')\"><\/a>\n            <!--end single-->\n                    <!--single-->\n            <a data-no-swup class=\"c-lightbox-gallery__single js-lightbox-single\"\n               href=\"https:\/\/www.predsjednik.hr\/wp-content\/uploads\/2022\/03\/DSC_4467-1024x683.jpg\"\n               style=\"background-image: url('https:\/\/www.predsjednik.hr\/wp-content\/uploads\/2022\/03\/DSC_4467-768x512.jpg')\"><\/a>\n            <!--end single-->\n                    <!--single-->\n            <a data-no-swup class=\"c-lightbox-gallery__single js-lightbox-single\"\n               href=\"https:\/\/www.predsjednik.hr\/wp-content\/uploads\/2022\/03\/DSC_4497-1024x683.jpg\"\n               style=\"background-image: url('https:\/\/www.predsjednik.hr\/wp-content\/uploads\/2022\/03\/DSC_4497-768x512.jpg')\"><\/a>\n            <!--end single-->\n                    <!--single-->\n            <a data-no-swup class=\"c-lightbox-gallery__single js-lightbox-single\"\n               href=\"https:\/\/www.predsjednik.hr\/wp-content\/uploads\/2022\/03\/DSC_4546-1024x683.jpg\"\n               style=\"background-image: url('https:\/\/www.predsjednik.hr\/wp-content\/uploads\/2022\/03\/DSC_4546-768x512.jpg')\"><\/a>\n            <!--end single-->\n                    <!--single-->\n            <a data-no-swup class=\"c-lightbox-gallery__single js-lightbox-single\"\n               href=\"https:\/\/www.predsjednik.hr\/wp-content\/uploads\/2022\/03\/DSC_4575-1024x683.jpg\"\n               style=\"background-image: url('https:\/\/www.predsjednik.hr\/wp-content\/uploads\/2022\/03\/DSC_4575-768x512.jpg')\"><\/a>\n            <!--end single-->\n                    <!--single-->\n            <a data-no-swup class=\"c-lightbox-gallery__single js-lightbox-single\"\n               href=\"https:\/\/www.predsjednik.hr\/wp-content\/uploads\/2022\/03\/DSC_4590-1024x576.jpg\"\n               style=\"background-image: url('https:\/\/www.predsjednik.hr\/wp-content\/uploads\/2022\/03\/DSC_4590-768x432.jpg')\"><\/a>\n            <!--end single-->\n                    <!--single-->\n            <a data-no-swup class=\"c-lightbox-gallery__single js-lightbox-single\"\n               href=\"https:\/\/www.predsjednik.hr\/wp-content\/uploads\/2022\/03\/DSC_4731-1024x683.jpg\"\n               style=\"background-image: url('https:\/\/www.predsjednik.hr\/wp-content\/uploads\/2022\/03\/DSC_4731-768x512.jpg')\"><\/a>\n            <!--end single-->\n                    <!--single-->\n            <a data-no-swup class=\"c-lightbox-gallery__single js-lightbox-single\"\n               href=\"https:\/\/www.predsjednik.hr\/wp-content\/uploads\/2022\/03\/DSC_4743-1024x576.jpg\"\n               style=\"background-image: url('https:\/\/www.predsjednik.hr\/wp-content\/uploads\/2022\/03\/DSC_4743-768x432.jpg')\"><\/a>\n            <!--end single-->\n        <\/div>\n<!--end GALLERY BLOCK-->\n\n\n\n<p>PHOTO: Office of the President of the Republic of Croatia \/ Filip Glas<\/p>\n","protected":false},"excerpt":{"rendered":"<p>The President of the Republic Zoran Milanovi\u0107 extended congratulations to all the women in Croatia on International Women\u2019s Day. On this occasion, he viewed an exhibition dedicated to women in science entitled \u201c\u017dene i tehnika \u2013 izlo\u017eba rodno inkluzivne tematike\u201c (Women and Technology \u2013 Exhibition of Gender Inclusive Themes\u201d, which is on display in the Nikola Tesla Technical Museum in Zagreb.<\/p>\n","protected":false},"featured_media":15768,"template":"","news-cat":[12],"class_list":["post-15769","news","type-news","status-publish","has-post-thumbnail","hentry","news-cat-news"],"acf":[],"yoast_head":"<!-- This site is optimized with the Yoast SEO plugin v27.5 - https:\/\/yoast.com\/product\/yoast-seo-wordpress\/ -->\n<title>President Milanovi\u0107 Extends Congratulations on International Women\u2019s Day and Views Exhibition \u201c\u017dene i tehnika \u2013 izlo\u017eba rodno inkluzivne tematike\u201c - President of the Republic of Croatia - Zoran Milanovi\u0107<\/title>\n<meta name=\"robots\" content=\"index, follow, max-snippet:-1, max-image-preview:large, max-video-preview:-1\" \/>\n<link rel=\"canonical\" href=\"https:\/\/www.predsjednik.hr\/en\/news\/president-milanovic-extends-congratulations-on-international-womens-day-and-views-exhibition-zene-i-tehnika-izlozba-rodno-inkluzivne-tematike\/\" \/>\n<meta property=\"og:locale\" content=\"en_US\" \/>\n<meta property=\"og:type\" content=\"article\" \/>\n<meta property=\"og:title\" content=\"President Milanovi\u0107 Extends Congratulations on International Women\u2019s Day and Views Exhibition \u201c\u017dene i tehnika \u2013 izlo\u017eba rodno inkluzivne tematike\u201c - President of the Republic of Croatia - Zoran Milanovi\u0107\" \/>\n<meta property=\"og:description\" content=\"The President of the Republic Zoran Milanovi\u0107 extended congratulations to all the women in Croatia on International Women\u2019s Day. On this occasion, he viewed an exhibition dedicated to women in science entitled \u201c\u017dene i tehnika \u2013 izlo\u017eba rodno inkluzivne tematike\u201c (Women and Technology \u2013 Exhibition of Gender Inclusive Themes\u201d, which is on display in the Nikola Tesla Technical Museum in Zagreb.\" \/>\n<meta property=\"og:url\" content=\"https:\/\/www.predsjednik.hr\/en\/news\/president-milanovic-extends-congratulations-on-international-womens-day-and-views-exhibition-zene-i-tehnika-izlozba-rodno-inkluzivne-tematike\/\" \/>\n<meta property=\"og:site_name\" content=\"President of the Republic of Croatia - Zoran Milanovi\u0107\" \/>\n<meta property=\"article:modified_time\" content=\"2022-03-08T11:53:25+00:00\" \/>\n<meta property=\"og:image\" content=\"https:\/\/www.predsjednik.hr\/wp-content\/uploads\/2022\/03\/DSC_4743.jpg\" \/>\n\t<meta property=\"og:image:width\" content=\"5401\" \/>\n\t<meta property=\"og:image:height\" content=\"3038\" \/>\n\t<meta property=\"og:image:type\" content=\"image\/jpeg\" \/>\n<meta name=\"twitter:card\" content=\"summary_large_image\" \/>\n<meta name=\"twitter:label1\" content=\"Est. reading time\" \/>\n\t<meta name=\"twitter:data1\" content=\"2 minutes\" \/>\n<script type=\"application\/ld+json\" class=\"yoast-schema-graph\">{\"@context\":\"https:\\\/\\\/schema.org\",\"@graph\":[{\"@type\":\"WebPage\",\"@id\":\"https:\\\/\\\/www.predsjednik.hr\\\/en\\\/news\\\/president-milanovic-extends-congratulations-on-international-womens-day-and-views-exhibition-zene-i-tehnika-izlozba-rodno-inkluzivne-tematike\\\/\",\"url\":\"https:\\\/\\\/www.predsjednik.hr\\\/en\\\/news\\\/president-milanovic-extends-congratulations-on-international-womens-day-and-views-exhibition-zene-i-tehnika-izlozba-rodno-inkluzivne-tematike\\\/\",\"name\":\"President Milanovi\u0107 Extends Congratulations on International Women\u2019s Day and Views Exhibition \u201c\u017dene i tehnika \u2013 izlo\u017eba rodno inkluzivne tematike\u201c - President of the Republic of Croatia - Zoran Milanovi\u0107\",\"isPartOf\":{\"@id\":\"https:\\\/\\\/www.predsjednik.hr\\\/en\\\/#website\"},\"primaryImageOfPage\":{\"@id\":\"https:\\\/\\\/www.predsjednik.hr\\\/en\\\/news\\\/president-milanovic-extends-congratulations-on-international-womens-day-and-views-exhibition-zene-i-tehnika-izlozba-rodno-inkluzivne-tematike\\\/#primaryimage\"},\"image\":{\"@id\":\"https:\\\/\\\/www.predsjednik.hr\\\/en\\\/news\\\/president-milanovic-extends-congratulations-on-international-womens-day-and-views-exhibition-zene-i-tehnika-izlozba-rodno-inkluzivne-tematike\\\/#primaryimage\"},\"thumbnailUrl\":\"https:\\\/\\\/www.predsjednik.hr\\\/wp-content\\\/uploads\\\/2022\\\/03\\\/DSC_4743.jpg\",\"datePublished\":\"2022-03-08T11:53:18+00:00\",\"dateModified\":\"2022-03-08T11:53:25+00:00\",\"breadcrumb\":{\"@id\":\"https:\\\/\\\/www.predsjednik.hr\\\/en\\\/news\\\/president-milanovic-extends-congratulations-on-international-womens-day-and-views-exhibition-zene-i-tehnika-izlozba-rodno-inkluzivne-tematike\\\/#breadcrumb\"},\"inLanguage\":\"en-US\",\"potentialAction\":[{\"@type\":\"ReadAction\",\"target\":[\"https:\\\/\\\/www.predsjednik.hr\\\/en\\\/news\\\/president-milanovic-extends-congratulations-on-international-womens-day-and-views-exhibition-zene-i-tehnika-izlozba-rodno-inkluzivne-tematike\\\/\"]}]},{\"@type\":\"ImageObject\",\"inLanguage\":\"en-US\",\"@id\":\"https:\\\/\\\/www.predsjednik.hr\\\/en\\\/news\\\/president-milanovic-extends-congratulations-on-international-womens-day-and-views-exhibition-zene-i-tehnika-izlozba-rodno-inkluzivne-tematike\\\/#primaryimage\",\"url\":\"https:\\\/\\\/www.predsjednik.hr\\\/wp-content\\\/uploads\\\/2022\\\/03\\\/DSC_4743.jpg\",\"contentUrl\":\"https:\\\/\\\/www.predsjednik.hr\\\/wp-content\\\/uploads\\\/2022\\\/03\\\/DSC_4743.jpg\",\"width\":5401,\"height\":3038,\"caption\":\"President Milanovi\u0107 Extends Congratulations on International Women\u2019s Day and Views Exhibition \u201c\u017dene i tehnika \u2013 izlo\u017eba rodno inkluzivne tematike\u201c\"},{\"@type\":\"BreadcrumbList\",\"@id\":\"https:\\\/\\\/www.predsjednik.hr\\\/en\\\/news\\\/president-milanovic-extends-congratulations-on-international-womens-day-and-views-exhibition-zene-i-tehnika-izlozba-rodno-inkluzivne-tematike\\\/#breadcrumb\",\"itemListElement\":[{\"@type\":\"ListItem\",\"position\":1,\"name\":\"Home\",\"item\":\"https:\\\/\\\/www.predsjednik.hr\\\/en\\\/\"},{\"@type\":\"ListItem\",\"position\":2,\"name\":\"Vijesti\",\"item\":\"https:\\\/\\\/www.predsjednik.hr\\\/en\\\/news\\\/\"},{\"@type\":\"ListItem\",\"position\":3,\"name\":\"President Milanovi\u0107 Extends Congratulations on International Women\u2019s Day and Views Exhibition \u201c\u017dene i tehnika \u2013 izlo\u017eba rodno inkluzivne tematike\u201c\"}]},{\"@type\":\"WebSite\",\"@id\":\"https:\\\/\\\/www.predsjednik.hr\\\/en\\\/#website\",\"url\":\"https:\\\/\\\/www.predsjednik.hr\\\/en\\\/\",\"name\":\"President of the Republic of Croatia - Zoran Milanovi\u0107\",\"description\":\"Just another WordPress site\",\"potentialAction\":[{\"@type\":\"SearchAction\",\"target\":{\"@type\":\"EntryPoint\",\"urlTemplate\":\"https:\\\/\\\/www.predsjednik.hr\\\/en\\\/?s={search_term_string}\"},\"query-input\":{\"@type\":\"PropertyValueSpecification\",\"valueRequired\":true,\"valueName\":\"search_term_string\"}}],\"inLanguage\":\"en-US\"}]}<\/script>\n<!-- \/ Yoast SEO plugin. -->","yoast_head_json":{"title":"President Milanovi\u0107 Extends Congratulations on International Women\u2019s Day and Views Exhibition \u201c\u017dene i tehnika \u2013 izlo\u017eba rodno inkluzivne tematike\u201c - President of the Republic of Croatia - Zoran Milanovi\u0107","robots":{"index":"index","follow":"follow","max-snippet":"max-snippet:-1","max-image-preview":"max-image-preview:large","max-video-preview":"max-video-preview:-1"},"canonical":"https:\/\/www.predsjednik.hr\/en\/news\/president-milanovic-extends-congratulations-on-international-womens-day-and-views-exhibition-zene-i-tehnika-izlozba-rodno-inkluzivne-tematike\/","og_locale":"en_US","og_type":"article","og_title":"President Milanovi\u0107 Extends Congratulations on International Women\u2019s Day and Views Exhibition \u201c\u017dene i tehnika \u2013 izlo\u017eba rodno inkluzivne tematike\u201c - President of the Republic of Croatia - Zoran Milanovi\u0107","og_description":"The President of the Republic Zoran Milanovi\u0107 extended congratulations to all the women in Croatia on International Women\u2019s Day. On this occasion, he viewed an exhibition dedicated to women in science entitled \u201c\u017dene i tehnika \u2013 izlo\u017eba rodno inkluzivne tematike\u201c (Women and Technology \u2013 Exhibition of Gender Inclusive Themes\u201d, which is on display in the Nikola Tesla Technical Museum in Zagreb.","og_url":"https:\/\/www.predsjednik.hr\/en\/news\/president-milanovic-extends-congratulations-on-international-womens-day-and-views-exhibition-zene-i-tehnika-izlozba-rodno-inkluzivne-tematike\/","og_site_name":"President of the Republic of Croatia - Zoran Milanovi\u0107","article_modified_time":"2022-03-08T11:53:25+00:00","og_image":[{"width":5401,"height":3038,"url":"https:\/\/www.predsjednik.hr\/wp-content\/uploads\/2022\/03\/DSC_4743.jpg","type":"image\/jpeg"}],"twitter_card":"summary_large_image","twitter_misc":{"Est. reading time":"2 minutes"},"schema":{"@context":"https:\/\/schema.org","@graph":[{"@type":"WebPage","@id":"https:\/\/www.predsjednik.hr\/en\/news\/president-milanovic-extends-congratulations-on-international-womens-day-and-views-exhibition-zene-i-tehnika-izlozba-rodno-inkluzivne-tematike\/","url":"https:\/\/www.predsjednik.hr\/en\/news\/president-milanovic-extends-congratulations-on-international-womens-day-and-views-exhibition-zene-i-tehnika-izlozba-rodno-inkluzivne-tematike\/","name":"President Milanovi\u0107 Extends Congratulations on International Women\u2019s Day and Views Exhibition \u201c\u017dene i tehnika \u2013 izlo\u017eba rodno inkluzivne tematike\u201c - President of the Republic of Croatia - Zoran Milanovi\u0107","isPartOf":{"@id":"https:\/\/www.predsjednik.hr\/en\/#website"},"primaryImageOfPage":{"@id":"https:\/\/www.predsjednik.hr\/en\/news\/president-milanovic-extends-congratulations-on-international-womens-day-and-views-exhibition-zene-i-tehnika-izlozba-rodno-inkluzivne-tematike\/#primaryimage"},"image":{"@id":"https:\/\/www.predsjednik.hr\/en\/news\/president-milanovic-extends-congratulations-on-international-womens-day-and-views-exhibition-zene-i-tehnika-izlozba-rodno-inkluzivne-tematike\/#primaryimage"},"thumbnailUrl":"https:\/\/www.predsjednik.hr\/wp-content\/uploads\/2022\/03\/DSC_4743.jpg","datePublished":"2022-03-08T11:53:18+00:00","dateModified":"2022-03-08T11:53:25+00:00","breadcrumb":{"@id":"https:\/\/www.predsjednik.hr\/en\/news\/president-milanovic-extends-congratulations-on-international-womens-day-and-views-exhibition-zene-i-tehnika-izlozba-rodno-inkluzivne-tematike\/#breadcrumb"},"inLanguage":"en-US","potentialAction":[{"@type":"ReadAction","target":["https:\/\/www.predsjednik.hr\/en\/news\/president-milanovic-extends-congratulations-on-international-womens-day-and-views-exhibition-zene-i-tehnika-izlozba-rodno-inkluzivne-tematike\/"]}]},{"@type":"ImageObject","inLanguage":"en-US","@id":"https:\/\/www.predsjednik.hr\/en\/news\/president-milanovic-extends-congratulations-on-international-womens-day-and-views-exhibition-zene-i-tehnika-izlozba-rodno-inkluzivne-tematike\/#primaryimage","url":"https:\/\/www.predsjednik.hr\/wp-content\/uploads\/2022\/03\/DSC_4743.jpg","contentUrl":"https:\/\/www.predsjednik.hr\/wp-content\/uploads\/2022\/03\/DSC_4743.jpg","width":5401,"height":3038,"caption":"President Milanovi\u0107 Extends Congratulations on International Women\u2019s Day and Views Exhibition \u201c\u017dene i tehnika \u2013 izlo\u017eba rodno inkluzivne tematike\u201c"},{"@type":"BreadcrumbList","@id":"https:\/\/www.predsjednik.hr\/en\/news\/president-milanovic-extends-congratulations-on-international-womens-day-and-views-exhibition-zene-i-tehnika-izlozba-rodno-inkluzivne-tematike\/#breadcrumb","itemListElement":[{"@type":"ListItem","position":1,"name":"Home","item":"https:\/\/www.predsjednik.hr\/en\/"},{"@type":"ListItem","position":2,"name":"Vijesti","item":"https:\/\/www.predsjednik.hr\/en\/news\/"},{"@type":"ListItem","position":3,"name":"President Milanovi\u0107 Extends Congratulations on International Women\u2019s Day and Views Exhibition \u201c\u017dene i tehnika \u2013 izlo\u017eba rodno inkluzivne tematike\u201c"}]},{"@type":"WebSite","@id":"https:\/\/www.predsjednik.hr\/en\/#website","url":"https:\/\/www.predsjednik.hr\/en\/","name":"President of the Republic of Croatia - Zoran Milanovi\u0107","description":"Just another WordPress site","potentialAction":[{"@type":"SearchAction","target":{"@type":"EntryPoint","urlTemplate":"https:\/\/www.predsjednik.hr\/en\/?s={search_term_string}"},"query-input":{"@type":"PropertyValueSpecification","valueRequired":true,"valueName":"search_term_string"}}],"inLanguage":"en-US"}]}},"_links":{"self":[{"href":"https:\/\/www.predsjednik.hr\/en\/wp-json\/wp\/v2\/news\/15769","targetHints":{"allow":["GET"]}}],"collection":[{"href":"https:\/\/www.predsjednik.hr\/en\/wp-json\/wp\/v2\/news"}],"about":[{"href":"https:\/\/www.predsjednik.hr\/en\/wp-json\/wp\/v2\/types\/news"}],"wp:featuredmedia":[{"embeddable":true,"href":"https:\/\/www.predsjednik.hr\/en\/wp-json\/wp\/v2\/media\/15768"}],"wp:attachment":[{"href":"https:\/\/www.predsjednik.hr\/en\/wp-json\/wp\/v2\/media?parent=15769"}],"wp:term":[{"taxonomy":"news-cat","embeddable":true,"href":"https:\/\/www.predsjednik.hr\/en\/wp-json\/wp\/v2\/news-cat?post=15769"}],"curies":[{"name":"wp","href":"https:\/\/api.w.org\/{rel}","templated":true}]}}