{"id":15779,"date":"2022-03-11T12:14:07","date_gmt":"2022-03-11T11:14:07","guid":{"rendered":"https:\/\/www.predsjednik.hr\/?post_type=news&#038;p=15779"},"modified":"2022-03-11T12:14:11","modified_gmt":"2022-03-11T11:14:11","slug":"president-milanovic-holds-emergency-meeting-with-heads-of-army-and-security-and-intelligence-agencies","status":"publish","type":"news","link":"https:\/\/www.predsjednik.hr\/en\/news\/president-milanovic-holds-emergency-meeting-with-heads-of-army-and-security-and-intelligence-agencies\/","title":{"rendered":"President Milanovi\u0107 Holds Emergency Meeting with Heads of Army and Security and Intelligence Agencies"},"content":{"rendered":"\n<p>The President of the Republic and Commander in Chief of the Croatian Armed Forces Zoran Milanovi\u0107 convened this morning an emergency meeting with the heads of the Croatian Armed Forces and the security and intelligence agencies due to the crash of a military-type drone in a neighbourhood of the city of Zagreb. The Chief of the General Staff of the Croatian Armed Forces Admiral Robert Hranj, the director of the Security and Intelligence Agency (SOA) Daniel Marki\u0107, and the director of Military Security and Intelligence Agency (VSOA) Ivica Kinder briefed President Milanovi\u0107 on available information and circumstances of the crash of the military drone in a neighbourhood of the city of Zagreb.<\/p>\n\n\n\n<p>Alongside President Milanovi\u0107 at the meeting were the Head of the Office of the President Orsat Miljeni\u0107, the Adviser to the President of the Republic for Defense and National Security Dragan Lozan\u010di\u0107, and the Adviser to the President of the Republic for European and Foreign Policy Neven Pelicari\u0107.<\/p>\n\n\n<!--GALLERY BLOCK-->\n<div class=\"c-lightbox-gallery js-lightbox\">\n                <!--single-->\n            <a data-no-swup class=\"c-lightbox-gallery__single js-lightbox-single\"\n               href=\"https:\/\/www.predsjednik.hr\/wp-content\/uploads\/2022\/03\/DSC_4794-1024x576.jpg\"\n               style=\"background-image: url('https:\/\/www.predsjednik.hr\/wp-content\/uploads\/2022\/03\/DSC_4794-768x432.jpg')\"><\/a>\n            <!--end single-->\n                    <!--single-->\n            <a data-no-swup class=\"c-lightbox-gallery__single js-lightbox-single\"\n               href=\"https:\/\/www.predsjednik.hr\/wp-content\/uploads\/2022\/03\/DSC_4807-1024x576.jpg\"\n               style=\"background-image: url('https:\/\/www.predsjednik.hr\/wp-content\/uploads\/2022\/03\/DSC_4807-768x432.jpg')\"><\/a>\n            <!--end single-->\n                    <!--single-->\n            <a data-no-swup class=\"c-lightbox-gallery__single js-lightbox-single\"\n               href=\"https:\/\/www.predsjednik.hr\/wp-content\/uploads\/2022\/03\/DSC_4808-1024x576.jpg\"\n               style=\"background-image: url('https:\/\/www.predsjednik.hr\/wp-content\/uploads\/2022\/03\/DSC_4808-768x432.jpg')\"><\/a>\n            <!--end single-->\n                    <!--single-->\n            <a data-no-swup class=\"c-lightbox-gallery__single js-lightbox-single\"\n               href=\"https:\/\/www.predsjednik.hr\/wp-content\/uploads\/2022\/03\/DSC_4818-1024x576.jpg\"\n               style=\"background-image: url('https:\/\/www.predsjednik.hr\/wp-content\/uploads\/2022\/03\/DSC_4818-768x432.jpg')\"><\/a>\n            <!--end single-->\n        <\/div>\n<!--end GALLERY BLOCK-->\n\n\n\n<p>PHOTO: Office of the President of the Republic of Croatia \/ Dario Andri\u0161ek<\/p>\n","protected":false},"excerpt":{"rendered":"<p>The Chief of the General Staff of the Croatian Armed Forces Admiral Robert Hranj, the director of the Security and Intelligence Agency (SOA) Daniel Marki\u0107, and the director of Military Security and Intelligence Agency (VSOA) Ivica Kinder briefed President Milanovi\u0107 on available information and circumstances of the crash of the military drone in a neighbourhood of the city of Zagreb.<\/p>\n","protected":false},"featured_media":15774,"template":"","news-cat":[12],"class_list":["post-15779","news","type-news","status-publish","has-post-thumbnail","hentry","news-cat-news"],"acf":[],"yoast_head":"<!-- This site is optimized with the Yoast SEO plugin v27.5 - https:\/\/yoast.com\/product\/yoast-seo-wordpress\/ -->\n<title>President Milanovi\u0107 Holds Emergency Meeting with Heads of Army and Security and Intelligence Agencies - President of the Republic of Croatia - Zoran Milanovi\u0107<\/title>\n<meta name=\"robots\" content=\"index, follow, max-snippet:-1, max-image-preview:large, max-video-preview:-1\" \/>\n<link rel=\"canonical\" href=\"https:\/\/www.predsjednik.hr\/en\/news\/president-milanovic-holds-emergency-meeting-with-heads-of-army-and-security-and-intelligence-agencies\/\" \/>\n<meta property=\"og:locale\" content=\"en_US\" \/>\n<meta property=\"og:type\" content=\"article\" \/>\n<meta property=\"og:title\" content=\"President Milanovi\u0107 Holds Emergency Meeting with Heads of Army and Security and Intelligence Agencies - President of the Republic of Croatia - Zoran Milanovi\u0107\" \/>\n<meta property=\"og:description\" content=\"The Chief of the General Staff of the Croatian Armed Forces Admiral Robert Hranj, the director of the Security and Intelligence Agency (SOA) Daniel Marki\u0107, and the director of Military Security and Intelligence Agency (VSOA) Ivica Kinder briefed President Milanovi\u0107 on available information and circumstances of the crash of the military drone in a neighbourhood of the city of Zagreb.\" \/>\n<meta property=\"og:url\" content=\"https:\/\/www.predsjednik.hr\/en\/news\/president-milanovic-holds-emergency-meeting-with-heads-of-army-and-security-and-intelligence-agencies\/\" \/>\n<meta property=\"og:site_name\" content=\"President of the Republic of Croatia - Zoran Milanovi\u0107\" \/>\n<meta property=\"article:modified_time\" content=\"2022-03-11T11:14:11+00:00\" \/>\n<meta property=\"og:image\" content=\"https:\/\/www.predsjednik.hr\/wp-content\/uploads\/2022\/03\/DSC_4807.jpg\" \/>\n\t<meta property=\"og:image:width\" content=\"5383\" \/>\n\t<meta property=\"og:image:height\" content=\"3028\" \/>\n\t<meta property=\"og:image:type\" content=\"image\/jpeg\" \/>\n<meta name=\"twitter:card\" content=\"summary_large_image\" \/>\n<meta name=\"twitter:label1\" content=\"Est. reading time\" \/>\n\t<meta name=\"twitter:data1\" content=\"1 minute\" \/>\n<script type=\"application\/ld+json\" class=\"yoast-schema-graph\">{\"@context\":\"https:\\\/\\\/schema.org\",\"@graph\":[{\"@type\":\"WebPage\",\"@id\":\"https:\\\/\\\/www.predsjednik.hr\\\/en\\\/news\\\/president-milanovic-holds-emergency-meeting-with-heads-of-army-and-security-and-intelligence-agencies\\\/\",\"url\":\"https:\\\/\\\/www.predsjednik.hr\\\/en\\\/news\\\/president-milanovic-holds-emergency-meeting-with-heads-of-army-and-security-and-intelligence-agencies\\\/\",\"name\":\"President Milanovi\u0107 Holds Emergency Meeting with Heads of Army and Security and Intelligence Agencies - President of the Republic of Croatia - Zoran Milanovi\u0107\",\"isPartOf\":{\"@id\":\"https:\\\/\\\/www.predsjednik.hr\\\/en\\\/#website\"},\"primaryImageOfPage\":{\"@id\":\"https:\\\/\\\/www.predsjednik.hr\\\/en\\\/news\\\/president-milanovic-holds-emergency-meeting-with-heads-of-army-and-security-and-intelligence-agencies\\\/#primaryimage\"},\"image\":{\"@id\":\"https:\\\/\\\/www.predsjednik.hr\\\/en\\\/news\\\/president-milanovic-holds-emergency-meeting-with-heads-of-army-and-security-and-intelligence-agencies\\\/#primaryimage\"},\"thumbnailUrl\":\"https:\\\/\\\/www.predsjednik.hr\\\/wp-content\\\/uploads\\\/2022\\\/03\\\/DSC_4807.jpg\",\"datePublished\":\"2022-03-11T11:14:07+00:00\",\"dateModified\":\"2022-03-11T11:14:11+00:00\",\"breadcrumb\":{\"@id\":\"https:\\\/\\\/www.predsjednik.hr\\\/en\\\/news\\\/president-milanovic-holds-emergency-meeting-with-heads-of-army-and-security-and-intelligence-agencies\\\/#breadcrumb\"},\"inLanguage\":\"en-US\",\"potentialAction\":[{\"@type\":\"ReadAction\",\"target\":[\"https:\\\/\\\/www.predsjednik.hr\\\/en\\\/news\\\/president-milanovic-holds-emergency-meeting-with-heads-of-army-and-security-and-intelligence-agencies\\\/\"]}]},{\"@type\":\"ImageObject\",\"inLanguage\":\"en-US\",\"@id\":\"https:\\\/\\\/www.predsjednik.hr\\\/en\\\/news\\\/president-milanovic-holds-emergency-meeting-with-heads-of-army-and-security-and-intelligence-agencies\\\/#primaryimage\",\"url\":\"https:\\\/\\\/www.predsjednik.hr\\\/wp-content\\\/uploads\\\/2022\\\/03\\\/DSC_4807.jpg\",\"contentUrl\":\"https:\\\/\\\/www.predsjednik.hr\\\/wp-content\\\/uploads\\\/2022\\\/03\\\/DSC_4807.jpg\",\"width\":5383,\"height\":3028,\"caption\":\"President Milanovi\u0107 Holds Emergency Meeting with Heads of Army and Security and Intelligence Agencies\"},{\"@type\":\"BreadcrumbList\",\"@id\":\"https:\\\/\\\/www.predsjednik.hr\\\/en\\\/news\\\/president-milanovic-holds-emergency-meeting-with-heads-of-army-and-security-and-intelligence-agencies\\\/#breadcrumb\",\"itemListElement\":[{\"@type\":\"ListItem\",\"position\":1,\"name\":\"Home\",\"item\":\"https:\\\/\\\/www.predsjednik.hr\\\/en\\\/\"},{\"@type\":\"ListItem\",\"position\":2,\"name\":\"Vijesti\",\"item\":\"https:\\\/\\\/www.predsjednik.hr\\\/en\\\/news\\\/\"},{\"@type\":\"ListItem\",\"position\":3,\"name\":\"President Milanovi\u0107 Holds Emergency Meeting with Heads of Army and Security and Intelligence Agencies\"}]},{\"@type\":\"WebSite\",\"@id\":\"https:\\\/\\\/www.predsjednik.hr\\\/en\\\/#website\",\"url\":\"https:\\\/\\\/www.predsjednik.hr\\\/en\\\/\",\"name\":\"President of the Republic of Croatia - Zoran Milanovi\u0107\",\"description\":\"Just another WordPress site\",\"potentialAction\":[{\"@type\":\"SearchAction\",\"target\":{\"@type\":\"EntryPoint\",\"urlTemplate\":\"https:\\\/\\\/www.predsjednik.hr\\\/en\\\/?s={search_term_string}\"},\"query-input\":{\"@type\":\"PropertyValueSpecification\",\"valueRequired\":true,\"valueName\":\"search_term_string\"}}],\"inLanguage\":\"en-US\"}]}<\/script>\n<!-- \/ Yoast SEO plugin. -->","yoast_head_json":{"title":"President Milanovi\u0107 Holds Emergency Meeting with Heads of Army and Security and Intelligence Agencies - President of the Republic of Croatia - Zoran Milanovi\u0107","robots":{"index":"index","follow":"follow","max-snippet":"max-snippet:-1","max-image-preview":"max-image-preview:large","max-video-preview":"max-video-preview:-1"},"canonical":"https:\/\/www.predsjednik.hr\/en\/news\/president-milanovic-holds-emergency-meeting-with-heads-of-army-and-security-and-intelligence-agencies\/","og_locale":"en_US","og_type":"article","og_title":"President Milanovi\u0107 Holds Emergency Meeting with Heads of Army and Security and Intelligence Agencies - President of the Republic of Croatia - Zoran Milanovi\u0107","og_description":"The Chief of the General Staff of the Croatian Armed Forces Admiral Robert Hranj, the director of the Security and Intelligence Agency (SOA) Daniel Marki\u0107, and the director of Military Security and Intelligence Agency (VSOA) Ivica Kinder briefed President Milanovi\u0107 on available information and circumstances of the crash of the military drone in a neighbourhood of the city of Zagreb.","og_url":"https:\/\/www.predsjednik.hr\/en\/news\/president-milanovic-holds-emergency-meeting-with-heads-of-army-and-security-and-intelligence-agencies\/","og_site_name":"President of the Republic of Croatia - Zoran Milanovi\u0107","article_modified_time":"2022-03-11T11:14:11+00:00","og_image":[{"width":5383,"height":3028,"url":"https:\/\/www.predsjednik.hr\/wp-content\/uploads\/2022\/03\/DSC_4807.jpg","type":"image\/jpeg"}],"twitter_card":"summary_large_image","twitter_misc":{"Est. reading time":"1 minute"},"schema":{"@context":"https:\/\/schema.org","@graph":[{"@type":"WebPage","@id":"https:\/\/www.predsjednik.hr\/en\/news\/president-milanovic-holds-emergency-meeting-with-heads-of-army-and-security-and-intelligence-agencies\/","url":"https:\/\/www.predsjednik.hr\/en\/news\/president-milanovic-holds-emergency-meeting-with-heads-of-army-and-security-and-intelligence-agencies\/","name":"President Milanovi\u0107 Holds Emergency Meeting with Heads of Army and Security and Intelligence Agencies - President of the Republic of Croatia - Zoran Milanovi\u0107","isPartOf":{"@id":"https:\/\/www.predsjednik.hr\/en\/#website"},"primaryImageOfPage":{"@id":"https:\/\/www.predsjednik.hr\/en\/news\/president-milanovic-holds-emergency-meeting-with-heads-of-army-and-security-and-intelligence-agencies\/#primaryimage"},"image":{"@id":"https:\/\/www.predsjednik.hr\/en\/news\/president-milanovic-holds-emergency-meeting-with-heads-of-army-and-security-and-intelligence-agencies\/#primaryimage"},"thumbnailUrl":"https:\/\/www.predsjednik.hr\/wp-content\/uploads\/2022\/03\/DSC_4807.jpg","datePublished":"2022-03-11T11:14:07+00:00","dateModified":"2022-03-11T11:14:11+00:00","breadcrumb":{"@id":"https:\/\/www.predsjednik.hr\/en\/news\/president-milanovic-holds-emergency-meeting-with-heads-of-army-and-security-and-intelligence-agencies\/#breadcrumb"},"inLanguage":"en-US","potentialAction":[{"@type":"ReadAction","target":["https:\/\/www.predsjednik.hr\/en\/news\/president-milanovic-holds-emergency-meeting-with-heads-of-army-and-security-and-intelligence-agencies\/"]}]},{"@type":"ImageObject","inLanguage":"en-US","@id":"https:\/\/www.predsjednik.hr\/en\/news\/president-milanovic-holds-emergency-meeting-with-heads-of-army-and-security-and-intelligence-agencies\/#primaryimage","url":"https:\/\/www.predsjednik.hr\/wp-content\/uploads\/2022\/03\/DSC_4807.jpg","contentUrl":"https:\/\/www.predsjednik.hr\/wp-content\/uploads\/2022\/03\/DSC_4807.jpg","width":5383,"height":3028,"caption":"President Milanovi\u0107 Holds Emergency Meeting with Heads of Army and Security and Intelligence Agencies"},{"@type":"BreadcrumbList","@id":"https:\/\/www.predsjednik.hr\/en\/news\/president-milanovic-holds-emergency-meeting-with-heads-of-army-and-security-and-intelligence-agencies\/#breadcrumb","itemListElement":[{"@type":"ListItem","position":1,"name":"Home","item":"https:\/\/www.predsjednik.hr\/en\/"},{"@type":"ListItem","position":2,"name":"Vijesti","item":"https:\/\/www.predsjednik.hr\/en\/news\/"},{"@type":"ListItem","position":3,"name":"President Milanovi\u0107 Holds Emergency Meeting with Heads of Army and Security and Intelligence Agencies"}]},{"@type":"WebSite","@id":"https:\/\/www.predsjednik.hr\/en\/#website","url":"https:\/\/www.predsjednik.hr\/en\/","name":"President of the Republic of Croatia - Zoran Milanovi\u0107","description":"Just another WordPress site","potentialAction":[{"@type":"SearchAction","target":{"@type":"EntryPoint","urlTemplate":"https:\/\/www.predsjednik.hr\/en\/?s={search_term_string}"},"query-input":{"@type":"PropertyValueSpecification","valueRequired":true,"valueName":"search_term_string"}}],"inLanguage":"en-US"}]}},"_links":{"self":[{"href":"https:\/\/www.predsjednik.hr\/en\/wp-json\/wp\/v2\/news\/15779","targetHints":{"allow":["GET"]}}],"collection":[{"href":"https:\/\/www.predsjednik.hr\/en\/wp-json\/wp\/v2\/news"}],"about":[{"href":"https:\/\/www.predsjednik.hr\/en\/wp-json\/wp\/v2\/types\/news"}],"wp:featuredmedia":[{"embeddable":true,"href":"https:\/\/www.predsjednik.hr\/en\/wp-json\/wp\/v2\/media\/15774"}],"wp:attachment":[{"href":"https:\/\/www.predsjednik.hr\/en\/wp-json\/wp\/v2\/media?parent=15779"}],"wp:term":[{"taxonomy":"news-cat","embeddable":true,"href":"https:\/\/www.predsjednik.hr\/en\/wp-json\/wp\/v2\/news-cat?post=15779"}],"curies":[{"name":"wp","href":"https:\/\/api.w.org\/{rel}","templated":true}]}}