{"id":15888,"date":"2022-03-16T15:33:55","date_gmt":"2022-03-16T14:33:55","guid":{"rendered":"https:\/\/www.predsjednik.hr\/?post_type=news&#038;p=15888"},"modified":"2022-03-16T15:33:57","modified_gmt":"2022-03-16T14:33:57","slug":"president-milanovic-receives-new-leadership-of-4th-guards-brigade-veterans-association","status":"publish","type":"news","link":"https:\/\/www.predsjednik.hr\/en\/news\/president-milanovic-receives-new-leadership-of-4th-guards-brigade-veterans-association\/","title":{"rendered":"President Milanovi\u0107 Receives New Leadership of 4th Guards Brigade Veterans Association"},"content":{"rendered":"\n<p>The President of the Republic Zoran Milanovi\u0107 met today at the Office of the President with the new leadership of the 4<sup>th<\/sup> Guards Brigade Veterans Association. The delegation was composed of Association President Borislav Lapenda, Vice President Mirko Ivan\u010di\u0107, Secretary Boris Mandac, Steering Committee members Ivan Pale\u0161ko and Zoran \u010cosi\u0107, and Chair of the Supervisory Board Vesna Boban.<\/p>\n\n\n\n<p>The 4<sup>th<\/sup> Guards Brigade Veterans Association presented to President Milanovi\u0107 the programme of marking the 31<sup>st<\/sup> anniversary of the brigade\u2019s establishment, which is planned for late April, and invited the President to participate in the main ceremony on 28 April. The brigade was founded on 28 April 1991 and the Association regularly celebrates this day in order to perpetuate the memory of the important role that was played in the Homeland War by members of the 4<sup>th<\/sup> Guards Brigade. The brigade\u2019s first combat mission was in an operation liberating the community of Kru\u0161evo in July 1991 and it subsequently took part in all major defence and liberating operations. During the Homeland War, 195 members of the 4<sup>th<\/sup> Guards Brigade were killed, four are still listed as missing and almost 1,600 were wounded.<\/p>\n\n\n\n<p>Special Adviser to the President of the Republic for Homeland War Veterans Marijan Marekovi\u0107 was alongside President Milanovi\u0107 at the meeting.<\/p>\n\n\n<!--GALLERY BLOCK-->\n<div class=\"c-lightbox-gallery js-lightbox\">\n                <!--single-->\n            <a data-no-swup class=\"c-lightbox-gallery__single js-lightbox-single\"\n               href=\"https:\/\/www.predsjednik.hr\/wp-content\/uploads\/2022\/03\/DSC_6489-1024x688.jpg\"\n               style=\"background-image: url('https:\/\/www.predsjednik.hr\/wp-content\/uploads\/2022\/03\/DSC_6489-768x516.jpg')\"><\/a>\n            <!--end single-->\n                    <!--single-->\n            <a data-no-swup class=\"c-lightbox-gallery__single js-lightbox-single\"\n               href=\"https:\/\/www.predsjednik.hr\/wp-content\/uploads\/2022\/03\/DSC_6518-1024x683.jpg\"\n               style=\"background-image: url('https:\/\/www.predsjednik.hr\/wp-content\/uploads\/2022\/03\/DSC_6518-768x512.jpg')\"><\/a>\n            <!--end single-->\n                    <!--single-->\n            <a data-no-swup class=\"c-lightbox-gallery__single js-lightbox-single\"\n               href=\"https:\/\/www.predsjednik.hr\/wp-content\/uploads\/2022\/03\/DSC_6519-1024x683.jpg\"\n               style=\"background-image: url('https:\/\/www.predsjednik.hr\/wp-content\/uploads\/2022\/03\/DSC_6519-768x512.jpg')\"><\/a>\n            <!--end single-->\n                    <!--single-->\n            <a data-no-swup class=\"c-lightbox-gallery__single js-lightbox-single\"\n               href=\"https:\/\/www.predsjednik.hr\/wp-content\/uploads\/2022\/03\/DSC_6526-1024x683.jpg\"\n               style=\"background-image: url('https:\/\/www.predsjednik.hr\/wp-content\/uploads\/2022\/03\/DSC_6526-768x512.jpg')\"><\/a>\n            <!--end single-->\n        <\/div>\n<!--end GALLERY BLOCK-->\n\n\n\n<p>PHOTO: Office of the President of the Republic of Croatia \/ Tomislav Bu\u0161ljeta<\/p>\n","protected":false},"excerpt":{"rendered":"<p>The President of the Republic Zoran Milanovi\u0107 met today at the Office of the President with the new leadership of the 4th Guards Brigade Veterans Association. The delegation was composed of Association President Borislav Lapenda, Vice President Mirko Ivan\u010di\u0107, Secretary Boris Mandac, Steering Committee members Ivan Pale\u0161ko and Zoran \u010cosi\u0107, and Chair of the Supervisory Board Vesna Boban.<\/p>\n","protected":false},"featured_media":15878,"template":"","news-cat":[12],"class_list":["post-15888","news","type-news","status-publish","has-post-thumbnail","hentry","news-cat-news"],"acf":[],"yoast_head":"<!-- This site is optimized with the Yoast SEO plugin v27.5 - https:\/\/yoast.com\/product\/yoast-seo-wordpress\/ -->\n<title>President Milanovi\u0107 Receives New Leadership of 4th Guards Brigade Veterans Association - President of the Republic of Croatia - Zoran Milanovi\u0107<\/title>\n<meta name=\"robots\" content=\"index, follow, max-snippet:-1, max-image-preview:large, max-video-preview:-1\" \/>\n<link rel=\"canonical\" href=\"https:\/\/www.predsjednik.hr\/en\/news\/president-milanovic-receives-new-leadership-of-4th-guards-brigade-veterans-association\/\" \/>\n<meta property=\"og:locale\" content=\"en_US\" \/>\n<meta property=\"og:type\" content=\"article\" \/>\n<meta property=\"og:title\" content=\"President Milanovi\u0107 Receives New Leadership of 4th Guards Brigade Veterans Association - President of the Republic of Croatia - Zoran Milanovi\u0107\" \/>\n<meta property=\"og:description\" content=\"The President of the Republic Zoran Milanovi\u0107 met today at the Office of the President with the new leadership of the 4th Guards Brigade Veterans Association. The delegation was composed of Association President Borislav Lapenda, Vice President Mirko Ivan\u010di\u0107, Secretary Boris Mandac, Steering Committee members Ivan Pale\u0161ko and Zoran \u010cosi\u0107, and Chair of the Supervisory Board Vesna Boban.\" \/>\n<meta property=\"og:url\" content=\"https:\/\/www.predsjednik.hr\/en\/news\/president-milanovic-receives-new-leadership-of-4th-guards-brigade-veterans-association\/\" \/>\n<meta property=\"og:site_name\" content=\"President of the Republic of Croatia - Zoran Milanovi\u0107\" \/>\n<meta property=\"article:modified_time\" content=\"2022-03-16T14:33:57+00:00\" \/>\n<meta property=\"og:image\" content=\"https:\/\/www.predsjednik.hr\/wp-content\/uploads\/2022\/03\/DSC_6489.jpg\" \/>\n\t<meta property=\"og:image:width\" content=\"5053\" \/>\n\t<meta property=\"og:image:height\" content=\"3394\" \/>\n\t<meta property=\"og:image:type\" content=\"image\/jpeg\" \/>\n<meta name=\"twitter:card\" content=\"summary_large_image\" \/>\n<meta name=\"twitter:label1\" content=\"Est. reading time\" \/>\n\t<meta name=\"twitter:data1\" content=\"2 minutes\" \/>\n<script type=\"application\/ld+json\" class=\"yoast-schema-graph\">{\"@context\":\"https:\\\/\\\/schema.org\",\"@graph\":[{\"@type\":\"WebPage\",\"@id\":\"https:\\\/\\\/www.predsjednik.hr\\\/en\\\/news\\\/president-milanovic-receives-new-leadership-of-4th-guards-brigade-veterans-association\\\/\",\"url\":\"https:\\\/\\\/www.predsjednik.hr\\\/en\\\/news\\\/president-milanovic-receives-new-leadership-of-4th-guards-brigade-veterans-association\\\/\",\"name\":\"President Milanovi\u0107 Receives New Leadership of 4th Guards Brigade Veterans Association - President of the Republic of Croatia - Zoran Milanovi\u0107\",\"isPartOf\":{\"@id\":\"https:\\\/\\\/www.predsjednik.hr\\\/en\\\/#website\"},\"primaryImageOfPage\":{\"@id\":\"https:\\\/\\\/www.predsjednik.hr\\\/en\\\/news\\\/president-milanovic-receives-new-leadership-of-4th-guards-brigade-veterans-association\\\/#primaryimage\"},\"image\":{\"@id\":\"https:\\\/\\\/www.predsjednik.hr\\\/en\\\/news\\\/president-milanovic-receives-new-leadership-of-4th-guards-brigade-veterans-association\\\/#primaryimage\"},\"thumbnailUrl\":\"https:\\\/\\\/www.predsjednik.hr\\\/wp-content\\\/uploads\\\/2022\\\/03\\\/DSC_6489.jpg\",\"datePublished\":\"2022-03-16T14:33:55+00:00\",\"dateModified\":\"2022-03-16T14:33:57+00:00\",\"breadcrumb\":{\"@id\":\"https:\\\/\\\/www.predsjednik.hr\\\/en\\\/news\\\/president-milanovic-receives-new-leadership-of-4th-guards-brigade-veterans-association\\\/#breadcrumb\"},\"inLanguage\":\"en-US\",\"potentialAction\":[{\"@type\":\"ReadAction\",\"target\":[\"https:\\\/\\\/www.predsjednik.hr\\\/en\\\/news\\\/president-milanovic-receives-new-leadership-of-4th-guards-brigade-veterans-association\\\/\"]}]},{\"@type\":\"ImageObject\",\"inLanguage\":\"en-US\",\"@id\":\"https:\\\/\\\/www.predsjednik.hr\\\/en\\\/news\\\/president-milanovic-receives-new-leadership-of-4th-guards-brigade-veterans-association\\\/#primaryimage\",\"url\":\"https:\\\/\\\/www.predsjednik.hr\\\/wp-content\\\/uploads\\\/2022\\\/03\\\/DSC_6489.jpg\",\"contentUrl\":\"https:\\\/\\\/www.predsjednik.hr\\\/wp-content\\\/uploads\\\/2022\\\/03\\\/DSC_6489.jpg\",\"width\":5053,\"height\":3394,\"caption\":\"President Milanovi\u0107 Receives New Leadership of 4th Guards Brigade Veterans Association\"},{\"@type\":\"BreadcrumbList\",\"@id\":\"https:\\\/\\\/www.predsjednik.hr\\\/en\\\/news\\\/president-milanovic-receives-new-leadership-of-4th-guards-brigade-veterans-association\\\/#breadcrumb\",\"itemListElement\":[{\"@type\":\"ListItem\",\"position\":1,\"name\":\"Home\",\"item\":\"https:\\\/\\\/www.predsjednik.hr\\\/en\\\/\"},{\"@type\":\"ListItem\",\"position\":2,\"name\":\"Vijesti\",\"item\":\"https:\\\/\\\/www.predsjednik.hr\\\/en\\\/news\\\/\"},{\"@type\":\"ListItem\",\"position\":3,\"name\":\"President Milanovi\u0107 Receives New Leadership of 4th Guards Brigade Veterans Association\"}]},{\"@type\":\"WebSite\",\"@id\":\"https:\\\/\\\/www.predsjednik.hr\\\/en\\\/#website\",\"url\":\"https:\\\/\\\/www.predsjednik.hr\\\/en\\\/\",\"name\":\"President of the Republic of Croatia - Zoran Milanovi\u0107\",\"description\":\"Just another WordPress site\",\"potentialAction\":[{\"@type\":\"SearchAction\",\"target\":{\"@type\":\"EntryPoint\",\"urlTemplate\":\"https:\\\/\\\/www.predsjednik.hr\\\/en\\\/?s={search_term_string}\"},\"query-input\":{\"@type\":\"PropertyValueSpecification\",\"valueRequired\":true,\"valueName\":\"search_term_string\"}}],\"inLanguage\":\"en-US\"}]}<\/script>\n<!-- \/ Yoast SEO plugin. -->","yoast_head_json":{"title":"President Milanovi\u0107 Receives New Leadership of 4th Guards Brigade Veterans Association - President of the Republic of Croatia - Zoran Milanovi\u0107","robots":{"index":"index","follow":"follow","max-snippet":"max-snippet:-1","max-image-preview":"max-image-preview:large","max-video-preview":"max-video-preview:-1"},"canonical":"https:\/\/www.predsjednik.hr\/en\/news\/president-milanovic-receives-new-leadership-of-4th-guards-brigade-veterans-association\/","og_locale":"en_US","og_type":"article","og_title":"President Milanovi\u0107 Receives New Leadership of 4th Guards Brigade Veterans Association - President of the Republic of Croatia - Zoran Milanovi\u0107","og_description":"The President of the Republic Zoran Milanovi\u0107 met today at the Office of the President with the new leadership of the 4th Guards Brigade Veterans Association. The delegation was composed of Association President Borislav Lapenda, Vice President Mirko Ivan\u010di\u0107, Secretary Boris Mandac, Steering Committee members Ivan Pale\u0161ko and Zoran \u010cosi\u0107, and Chair of the Supervisory Board Vesna Boban.","og_url":"https:\/\/www.predsjednik.hr\/en\/news\/president-milanovic-receives-new-leadership-of-4th-guards-brigade-veterans-association\/","og_site_name":"President of the Republic of Croatia - Zoran Milanovi\u0107","article_modified_time":"2022-03-16T14:33:57+00:00","og_image":[{"width":5053,"height":3394,"url":"https:\/\/www.predsjednik.hr\/wp-content\/uploads\/2022\/03\/DSC_6489.jpg","type":"image\/jpeg"}],"twitter_card":"summary_large_image","twitter_misc":{"Est. reading time":"2 minutes"},"schema":{"@context":"https:\/\/schema.org","@graph":[{"@type":"WebPage","@id":"https:\/\/www.predsjednik.hr\/en\/news\/president-milanovic-receives-new-leadership-of-4th-guards-brigade-veterans-association\/","url":"https:\/\/www.predsjednik.hr\/en\/news\/president-milanovic-receives-new-leadership-of-4th-guards-brigade-veterans-association\/","name":"President Milanovi\u0107 Receives New Leadership of 4th Guards Brigade Veterans Association - President of the Republic of Croatia - Zoran Milanovi\u0107","isPartOf":{"@id":"https:\/\/www.predsjednik.hr\/en\/#website"},"primaryImageOfPage":{"@id":"https:\/\/www.predsjednik.hr\/en\/news\/president-milanovic-receives-new-leadership-of-4th-guards-brigade-veterans-association\/#primaryimage"},"image":{"@id":"https:\/\/www.predsjednik.hr\/en\/news\/president-milanovic-receives-new-leadership-of-4th-guards-brigade-veterans-association\/#primaryimage"},"thumbnailUrl":"https:\/\/www.predsjednik.hr\/wp-content\/uploads\/2022\/03\/DSC_6489.jpg","datePublished":"2022-03-16T14:33:55+00:00","dateModified":"2022-03-16T14:33:57+00:00","breadcrumb":{"@id":"https:\/\/www.predsjednik.hr\/en\/news\/president-milanovic-receives-new-leadership-of-4th-guards-brigade-veterans-association\/#breadcrumb"},"inLanguage":"en-US","potentialAction":[{"@type":"ReadAction","target":["https:\/\/www.predsjednik.hr\/en\/news\/president-milanovic-receives-new-leadership-of-4th-guards-brigade-veterans-association\/"]}]},{"@type":"ImageObject","inLanguage":"en-US","@id":"https:\/\/www.predsjednik.hr\/en\/news\/president-milanovic-receives-new-leadership-of-4th-guards-brigade-veterans-association\/#primaryimage","url":"https:\/\/www.predsjednik.hr\/wp-content\/uploads\/2022\/03\/DSC_6489.jpg","contentUrl":"https:\/\/www.predsjednik.hr\/wp-content\/uploads\/2022\/03\/DSC_6489.jpg","width":5053,"height":3394,"caption":"President Milanovi\u0107 Receives New Leadership of 4th Guards Brigade Veterans Association"},{"@type":"BreadcrumbList","@id":"https:\/\/www.predsjednik.hr\/en\/news\/president-milanovic-receives-new-leadership-of-4th-guards-brigade-veterans-association\/#breadcrumb","itemListElement":[{"@type":"ListItem","position":1,"name":"Home","item":"https:\/\/www.predsjednik.hr\/en\/"},{"@type":"ListItem","position":2,"name":"Vijesti","item":"https:\/\/www.predsjednik.hr\/en\/news\/"},{"@type":"ListItem","position":3,"name":"President Milanovi\u0107 Receives New Leadership of 4th Guards Brigade Veterans Association"}]},{"@type":"WebSite","@id":"https:\/\/www.predsjednik.hr\/en\/#website","url":"https:\/\/www.predsjednik.hr\/en\/","name":"President of the Republic of Croatia - Zoran Milanovi\u0107","description":"Just another WordPress site","potentialAction":[{"@type":"SearchAction","target":{"@type":"EntryPoint","urlTemplate":"https:\/\/www.predsjednik.hr\/en\/?s={search_term_string}"},"query-input":{"@type":"PropertyValueSpecification","valueRequired":true,"valueName":"search_term_string"}}],"inLanguage":"en-US"}]}},"_links":{"self":[{"href":"https:\/\/www.predsjednik.hr\/en\/wp-json\/wp\/v2\/news\/15888","targetHints":{"allow":["GET"]}}],"collection":[{"href":"https:\/\/www.predsjednik.hr\/en\/wp-json\/wp\/v2\/news"}],"about":[{"href":"https:\/\/www.predsjednik.hr\/en\/wp-json\/wp\/v2\/types\/news"}],"wp:featuredmedia":[{"embeddable":true,"href":"https:\/\/www.predsjednik.hr\/en\/wp-json\/wp\/v2\/media\/15878"}],"wp:attachment":[{"href":"https:\/\/www.predsjednik.hr\/en\/wp-json\/wp\/v2\/media?parent=15888"}],"wp:term":[{"taxonomy":"news-cat","embeddable":true,"href":"https:\/\/www.predsjednik.hr\/en\/wp-json\/wp\/v2\/news-cat?post=15888"}],"curies":[{"name":"wp","href":"https:\/\/api.w.org\/{rel}","templated":true}]}}