{"id":16050,"date":"2022-03-24T17:31:00","date_gmt":"2022-03-24T16:31:00","guid":{"rendered":"https:\/\/www.predsjednik.hr\/?post_type=news&#038;p=16050"},"modified":"2022-03-25T11:35:13","modified_gmt":"2022-03-25T10:35:13","slug":"president-milanovic-after-nato-summit-some-leaders-were-not-even-aware-of-the-crash-of-the-unmanned-aerial-vehicle-in-zagreb-until-i-told-them","status":"publish","type":"news","link":"https:\/\/www.predsjednik.hr\/en\/news\/president-milanovic-after-nato-summit-some-leaders-were-not-even-aware-of-the-crash-of-the-unmanned-aerial-vehicle-in-zagreb-until-i-told-them\/","title":{"rendered":"President Milanovi\u0107 after NATO Summit: Some leaders were not even aware of the crash of the unmanned aerial vehicle in Zagreb until I told them"},"content":{"rendered":"\n<p>The President of the Republic Zoran Milanovi\u0107 participated in the Extraordinary Summit of NATO Heads of State and Government, which focused on continued allied support to Ukraine.<\/p>\n\n\n\n<p>After the summit President Milanovi\u0107 spoke to Croatian journalists, who asked the President whether there were any discussions about the region and Bosnia and Herzegovina. \u201cThe region was discussed, Bosnia and Herzegovina as a country that is allegedly threatened, and Moldova and Georgia, but nobody mentioned Serbia and Kosovo. Serbia is a country that is not in the eastern flank. It has elections in a few days and I have the impression that it has been in a sort of identity crisis for a long time and has difficulty to comprehend that, ultimately, it is of little significance to Russia. For us, NATO and the EU, that is important because Serbia is negotiating. We want the country to be stable, with a clear prospect of the future in the West, we want an offer of that to be made a little more clearly in the current situation. That would certainly be an opportunity that should not be missed and eventually it would be up to them to decide. And Kosovo, which unfortunately has still not been recognized by four members for reasons that have long been either meaningless or outdated. I called on a more serious dialogue with Serbia so that we can finally integrate Kosovo and so it can fully become a state,\u201d President Milanovi\u0107 said after the meeting.<\/p>\n\n\n\n<p>He added that for now it is not planned for Croatian soldiers to be sent to Hungary. \u201cThe decision has been signed and when the soldiers will go remains to be seen. Croatia will act very cautiously,\u201d the President said in response to a journalist\u2019s question on whether Croatian soldiers will become members of four new battlegroups in the eastern part of the alliance.<\/p>\n\n\n\n<p>\u201cCurrently, Croatia has no soldiers there. When and how many soldiers will go will be decided jointly, ultimately it will be decided by me or by Parliament,\u201d President Milanovi\u0107 said, replying to a journalist\u2019s question about sending Croatian soldiers to the alliance\u2019s eastern flank. \u201cIn the end, we manage these things and we decide when and how much. You can be calm, this is not an attack on a NATO member, this is an attack on the neighbourhood and the decision on sending soldiers will not be made by anyone but us.\u201d<\/p>\n\n\n\n<p>President Milanovi\u0107 confirmed that he discussed the crash of an unmanned aerial vehicle in Zagreb at the Extraordinary Summit of NATO Heads of State and Government, pointing out that some of the NATO officials were not even aware of the crash. \u201cSome did not know, you could tell from their reaction,\u201d he said, pointing out that he had explained to them the fact that the aerial vehicle flew over NATO territory for one hour before crashing. \u201cI also spoke with Prime Minister Orban. It happened and hopefully it won\u2019t happen again. But this is not a NATO matter, the first country should have reacted to that, and that country is Hungary. I think it won\u2019t happen again. I think they are extra cautious now,\u201d he added.<\/p>\n\n\n\n<p>Answering questions from journalists, the President also spoke about the investigation into the crash of the unmanned aerial vehicle in Zagreb. \u201cThe State Attorney\u2019s Office has suddenly shown great interest in public interest. They kept silent for days while every HDZ fledgling interpreted in their own way what crashed in Zagreb and how much explosive it carried. Now I call on those who were harassing us for days with their versions of the event to address the public and tell us about the latest developments, so I don\u2019t have to do it,\u201d President Milanovi\u0107 said, adding that he expects the report of the Ivan Vu\u010deti\u0107 Forensic Science Centre to be published.<\/p>\n\n\n\n<p>\u201cThe forensic report is the only relevant document. The State Attorney\u2019s Office is not in charge of the case because procedurally it was not known what to do with this case and against whom the investigation is being launched. This case is actually not for the State Attorney\u2019s Office, but then it issued a statement a week after the drone crash in order to protect someone. The investigation is ongoing. When people from the political leadership commented on the results of an ongoing investigation, an incomplete investigation and before a forensic report, the State Attorney\u2019s Office kept silent. I don\u2019t believe that the State Attorney\u2019s Office should be in charge of this case, a special commission should have been set up,\u201d President Milanovi\u0107 also said.<\/p>\n\n\n\n<p>The President added that information on the investigation was available to the Ministry of Defence, the General Staff of the Armed Forces, Minister of Defence Bano\u017ei\u0107, Prime Minister Plenkovi\u0107 and him. \u201cThey talk, I keep silent because I don\u2019t have the final findings,\u201d President Milanovi\u0107 underscored.<\/p>\n\n\n\n<p>The President confirmed that NATO Secretary-General Jens Stoltenberg\u2019s term had been extended for a year. \u201cThis may not be the time to change the Secretary General. I don\u2019t know who will succeed him, but if you want it to be someone from Croatia, then don\u2019t talk about it too much,\u201d President Milanovi\u0107 told reporters.<\/p>\n\n\n\n<p>The NATO Heads of State and Government issued a statement after the Extraordinary Summit in which they emphasized that they remain united and resolute in their determination to oppose Russia\u2019s aggression, aid the government and the people of Ukraine, and defend the security of all allies.&nbsp;<\/p>\n\n\n<!--GALLERY BLOCK-->\n<div class=\"c-lightbox-gallery js-lightbox\">\n                <!--single-->\n            <a data-no-swup class=\"c-lightbox-gallery__single js-lightbox-single\"\n               href=\"https:\/\/www.predsjednik.hr\/wp-content\/uploads\/2022\/03\/2022_03_24_Family_pictures_076-1024x682.jpg\"\n               style=\"background-image: url('https:\/\/www.predsjednik.hr\/wp-content\/uploads\/2022\/03\/2022_03_24_Family_pictures_076-768x511.jpg')\"><\/a>\n            <!--end single-->\n                    <!--single-->\n            <a data-no-swup class=\"c-lightbox-gallery__single js-lightbox-single\"\n               href=\"https:\/\/www.predsjednik.hr\/wp-content\/uploads\/2022\/03\/b220324b-004-1024x683.jpg\"\n               style=\"background-image: url('https:\/\/www.predsjednik.hr\/wp-content\/uploads\/2022\/03\/b220324b-004-768x512.jpg')\"><\/a>\n            <!--end single-->\n                    <!--single-->\n            <a data-no-swup class=\"c-lightbox-gallery__single js-lightbox-single\"\n               href=\"https:\/\/www.predsjednik.hr\/wp-content\/uploads\/2022\/03\/DSC_0255-1024x682.jpg\"\n               style=\"background-image: url('https:\/\/www.predsjednik.hr\/wp-content\/uploads\/2022\/03\/DSC_0255-768x512.jpg')\"><\/a>\n            <!--end single-->\n                    <!--single-->\n            <a data-no-swup class=\"c-lightbox-gallery__single js-lightbox-single\"\n               href=\"https:\/\/www.predsjednik.hr\/wp-content\/uploads\/2022\/03\/DSC_0334-1024x732.jpg\"\n               style=\"background-image: url('https:\/\/www.predsjednik.hr\/wp-content\/uploads\/2022\/03\/DSC_0334-768x549.jpg')\"><\/a>\n            <!--end single-->\n                    <!--single-->\n            <a data-no-swup class=\"c-lightbox-gallery__single js-lightbox-single\"\n               href=\"https:\/\/www.predsjednik.hr\/wp-content\/uploads\/2022\/03\/DSC_0381-1024x768.jpg\"\n               style=\"background-image: url('https:\/\/www.predsjednik.hr\/wp-content\/uploads\/2022\/03\/DSC_0381-768x576.jpg')\"><\/a>\n            <!--end single-->\n                    <!--single-->\n            <a data-no-swup class=\"c-lightbox-gallery__single js-lightbox-single\"\n               href=\"https:\/\/www.predsjednik.hr\/wp-content\/uploads\/2022\/03\/DSC_0417-1024x576.jpg\"\n               style=\"background-image: url('https:\/\/www.predsjednik.hr\/wp-content\/uploads\/2022\/03\/DSC_0417-768x432.jpg')\"><\/a>\n            <!--end single-->\n                    <!--single-->\n            <a data-no-swup class=\"c-lightbox-gallery__single js-lightbox-single\"\n               href=\"https:\/\/www.predsjednik.hr\/wp-content\/uploads\/2022\/03\/DSC_0435-1024x576.jpg\"\n               style=\"background-image: url('https:\/\/www.predsjednik.hr\/wp-content\/uploads\/2022\/03\/DSC_0435-768x432.jpg')\"><\/a>\n            <!--end single-->\n                    <!--single-->\n            <a data-no-swup class=\"c-lightbox-gallery__single js-lightbox-single\"\n               href=\"https:\/\/www.predsjednik.hr\/wp-content\/uploads\/2022\/03\/DSC_0486-1024x576.jpg\"\n               style=\"background-image: url('https:\/\/www.predsjednik.hr\/wp-content\/uploads\/2022\/03\/DSC_0486-768x432.jpg')\"><\/a>\n            <!--end single-->\n                    <!--single-->\n            <a data-no-swup class=\"c-lightbox-gallery__single js-lightbox-single\"\n               href=\"https:\/\/www.predsjednik.hr\/wp-content\/uploads\/2022\/03\/2022_03_24_NAC_078-1024x677.jpg\"\n               style=\"background-image: url('https:\/\/www.predsjednik.hr\/wp-content\/uploads\/2022\/03\/2022_03_24_NAC_078-768x508.jpg')\"><\/a>\n            <!--end single-->\n                    <!--single-->\n            <a data-no-swup class=\"c-lightbox-gallery__single js-lightbox-single\"\n               href=\"https:\/\/www.predsjednik.hr\/wp-content\/uploads\/2022\/03\/49B745AB-A0C7-4559-8568-2730DFE50287-1024x683.jpg\"\n               style=\"background-image: url('https:\/\/www.predsjednik.hr\/wp-content\/uploads\/2022\/03\/49B745AB-A0C7-4559-8568-2730DFE50287-768x512.jpg')\"><\/a>\n            <!--end single-->\n                    <!--single-->\n            <a data-no-swup class=\"c-lightbox-gallery__single js-lightbox-single\"\n               href=\"https:\/\/www.predsjednik.hr\/wp-content\/uploads\/2022\/03\/DSC_0555-1024x732.jpg\"\n               style=\"background-image: url('https:\/\/www.predsjednik.hr\/wp-content\/uploads\/2022\/03\/DSC_0555-768x549.jpg')\"><\/a>\n            <!--end single-->\n        <\/div>\n<!--end GALLERY BLOCK-->\n\n\n\n<p>PHOTO: Office of the President of the Republic of Croatia \/ Dario Andri\u0161ek, NATO<\/p>\n","protected":false},"excerpt":{"rendered":"<p>The President of the Republic Zoran Milanovi\u0107 participated in the Extraordinary Summit of NATO Heads of State and Government, which focused on continued allied support to Ukraine.<\/p>\n","protected":false},"featured_media":16027,"template":"","news-cat":[12],"class_list":["post-16050","news","type-news","status-publish","has-post-thumbnail","hentry","news-cat-news"],"acf":[],"yoast_head":"<!-- This site is optimized with the Yoast SEO plugin v27.5 - https:\/\/yoast.com\/product\/yoast-seo-wordpress\/ -->\n<title>President Milanovi\u0107 after NATO Summit: Some leaders were not even aware of the crash of the unmanned aerial vehicle in Zagreb until I told them - President of the Republic of Croatia - Zoran Milanovi\u0107<\/title>\n<meta name=\"robots\" content=\"index, follow, max-snippet:-1, max-image-preview:large, max-video-preview:-1\" \/>\n<link rel=\"canonical\" href=\"https:\/\/www.predsjednik.hr\/en\/news\/president-milanovic-after-nato-summit-some-leaders-were-not-even-aware-of-the-crash-of-the-unmanned-aerial-vehicle-in-zagreb-until-i-told-them\/\" \/>\n<meta property=\"og:locale\" content=\"en_US\" \/>\n<meta property=\"og:type\" content=\"article\" \/>\n<meta property=\"og:title\" content=\"President Milanovi\u0107 after NATO Summit: Some leaders were not even aware of the crash of the unmanned aerial vehicle in Zagreb until I told them - President of the Republic of Croatia - Zoran Milanovi\u0107\" \/>\n<meta property=\"og:description\" content=\"The President of the Republic Zoran Milanovi\u0107 participated in the Extraordinary Summit of NATO Heads of State and Government, which focused on continued allied support to Ukraine.\" \/>\n<meta property=\"og:url\" content=\"https:\/\/www.predsjednik.hr\/en\/news\/president-milanovic-after-nato-summit-some-leaders-were-not-even-aware-of-the-crash-of-the-unmanned-aerial-vehicle-in-zagreb-until-i-told-them\/\" \/>\n<meta property=\"og:site_name\" content=\"President of the Republic of Croatia - Zoran Milanovi\u0107\" \/>\n<meta property=\"article:modified_time\" content=\"2022-03-25T10:35:13+00:00\" \/>\n<meta property=\"og:image\" content=\"https:\/\/www.predsjednik.hr\/wp-content\/uploads\/2022\/03\/2022_03_24_Family_pictures_076.jpg\" \/>\n\t<meta property=\"og:image:width\" content=\"2362\" \/>\n\t<meta property=\"og:image:height\" content=\"1572\" \/>\n\t<meta property=\"og:image:type\" content=\"image\/jpeg\" \/>\n<meta name=\"twitter:card\" content=\"summary_large_image\" \/>\n<meta name=\"twitter:label1\" content=\"Est. reading time\" \/>\n\t<meta name=\"twitter:data1\" content=\"6 minutes\" \/>\n<script type=\"application\/ld+json\" class=\"yoast-schema-graph\">{\"@context\":\"https:\\\/\\\/schema.org\",\"@graph\":[{\"@type\":\"WebPage\",\"@id\":\"https:\\\/\\\/www.predsjednik.hr\\\/en\\\/news\\\/president-milanovic-after-nato-summit-some-leaders-were-not-even-aware-of-the-crash-of-the-unmanned-aerial-vehicle-in-zagreb-until-i-told-them\\\/\",\"url\":\"https:\\\/\\\/www.predsjednik.hr\\\/en\\\/news\\\/president-milanovic-after-nato-summit-some-leaders-were-not-even-aware-of-the-crash-of-the-unmanned-aerial-vehicle-in-zagreb-until-i-told-them\\\/\",\"name\":\"President Milanovi\u0107 after NATO Summit: Some leaders were not even aware of the crash of the unmanned aerial vehicle in Zagreb until I told them - President of the Republic of Croatia - Zoran Milanovi\u0107\",\"isPartOf\":{\"@id\":\"https:\\\/\\\/www.predsjednik.hr\\\/en\\\/#website\"},\"primaryImageOfPage\":{\"@id\":\"https:\\\/\\\/www.predsjednik.hr\\\/en\\\/news\\\/president-milanovic-after-nato-summit-some-leaders-were-not-even-aware-of-the-crash-of-the-unmanned-aerial-vehicle-in-zagreb-until-i-told-them\\\/#primaryimage\"},\"image\":{\"@id\":\"https:\\\/\\\/www.predsjednik.hr\\\/en\\\/news\\\/president-milanovic-after-nato-summit-some-leaders-were-not-even-aware-of-the-crash-of-the-unmanned-aerial-vehicle-in-zagreb-until-i-told-them\\\/#primaryimage\"},\"thumbnailUrl\":\"https:\\\/\\\/www.predsjednik.hr\\\/wp-content\\\/uploads\\\/2022\\\/03\\\/2022_03_24_Family_pictures_076.jpg\",\"datePublished\":\"2022-03-24T16:31:00+00:00\",\"dateModified\":\"2022-03-25T10:35:13+00:00\",\"breadcrumb\":{\"@id\":\"https:\\\/\\\/www.predsjednik.hr\\\/en\\\/news\\\/president-milanovic-after-nato-summit-some-leaders-were-not-even-aware-of-the-crash-of-the-unmanned-aerial-vehicle-in-zagreb-until-i-told-them\\\/#breadcrumb\"},\"inLanguage\":\"en-US\",\"potentialAction\":[{\"@type\":\"ReadAction\",\"target\":[\"https:\\\/\\\/www.predsjednik.hr\\\/en\\\/news\\\/president-milanovic-after-nato-summit-some-leaders-were-not-even-aware-of-the-crash-of-the-unmanned-aerial-vehicle-in-zagreb-until-i-told-them\\\/\"]}]},{\"@type\":\"ImageObject\",\"inLanguage\":\"en-US\",\"@id\":\"https:\\\/\\\/www.predsjednik.hr\\\/en\\\/news\\\/president-milanovic-after-nato-summit-some-leaders-were-not-even-aware-of-the-crash-of-the-unmanned-aerial-vehicle-in-zagreb-until-i-told-them\\\/#primaryimage\",\"url\":\"https:\\\/\\\/www.predsjednik.hr\\\/wp-content\\\/uploads\\\/2022\\\/03\\\/2022_03_24_Family_pictures_076.jpg\",\"contentUrl\":\"https:\\\/\\\/www.predsjednik.hr\\\/wp-content\\\/uploads\\\/2022\\\/03\\\/2022_03_24_Family_pictures_076.jpg\",\"width\":2362,\"height\":1572,\"caption\":\"President Milanovi\u0107 after NATO Summit: Some leaders were not even aware of the crash of the unmanned aerial vehicle in Zagreb until I told them\"},{\"@type\":\"BreadcrumbList\",\"@id\":\"https:\\\/\\\/www.predsjednik.hr\\\/en\\\/news\\\/president-milanovic-after-nato-summit-some-leaders-were-not-even-aware-of-the-crash-of-the-unmanned-aerial-vehicle-in-zagreb-until-i-told-them\\\/#breadcrumb\",\"itemListElement\":[{\"@type\":\"ListItem\",\"position\":1,\"name\":\"Home\",\"item\":\"https:\\\/\\\/www.predsjednik.hr\\\/en\\\/\"},{\"@type\":\"ListItem\",\"position\":2,\"name\":\"Vijesti\",\"item\":\"https:\\\/\\\/www.predsjednik.hr\\\/en\\\/news\\\/\"},{\"@type\":\"ListItem\",\"position\":3,\"name\":\"President Milanovi\u0107 after NATO Summit: Some leaders were not even aware of the crash of the unmanned aerial vehicle in Zagreb until I told them\"}]},{\"@type\":\"WebSite\",\"@id\":\"https:\\\/\\\/www.predsjednik.hr\\\/en\\\/#website\",\"url\":\"https:\\\/\\\/www.predsjednik.hr\\\/en\\\/\",\"name\":\"President of the Republic of Croatia - Zoran Milanovi\u0107\",\"description\":\"Just another WordPress site\",\"potentialAction\":[{\"@type\":\"SearchAction\",\"target\":{\"@type\":\"EntryPoint\",\"urlTemplate\":\"https:\\\/\\\/www.predsjednik.hr\\\/en\\\/?s={search_term_string}\"},\"query-input\":{\"@type\":\"PropertyValueSpecification\",\"valueRequired\":true,\"valueName\":\"search_term_string\"}}],\"inLanguage\":\"en-US\"}]}<\/script>\n<!-- \/ Yoast SEO plugin. -->","yoast_head_json":{"title":"President Milanovi\u0107 after NATO Summit: Some leaders were not even aware of the crash of the unmanned aerial vehicle in Zagreb until I told them - President of the Republic of Croatia - Zoran Milanovi\u0107","robots":{"index":"index","follow":"follow","max-snippet":"max-snippet:-1","max-image-preview":"max-image-preview:large","max-video-preview":"max-video-preview:-1"},"canonical":"https:\/\/www.predsjednik.hr\/en\/news\/president-milanovic-after-nato-summit-some-leaders-were-not-even-aware-of-the-crash-of-the-unmanned-aerial-vehicle-in-zagreb-until-i-told-them\/","og_locale":"en_US","og_type":"article","og_title":"President Milanovi\u0107 after NATO Summit: Some leaders were not even aware of the crash of the unmanned aerial vehicle in Zagreb until I told them - President of the Republic of Croatia - Zoran Milanovi\u0107","og_description":"The President of the Republic Zoran Milanovi\u0107 participated in the Extraordinary Summit of NATO Heads of State and Government, which focused on continued allied support to Ukraine.","og_url":"https:\/\/www.predsjednik.hr\/en\/news\/president-milanovic-after-nato-summit-some-leaders-were-not-even-aware-of-the-crash-of-the-unmanned-aerial-vehicle-in-zagreb-until-i-told-them\/","og_site_name":"President of the Republic of Croatia - Zoran Milanovi\u0107","article_modified_time":"2022-03-25T10:35:13+00:00","og_image":[{"width":2362,"height":1572,"url":"https:\/\/www.predsjednik.hr\/wp-content\/uploads\/2022\/03\/2022_03_24_Family_pictures_076.jpg","type":"image\/jpeg"}],"twitter_card":"summary_large_image","twitter_misc":{"Est. reading time":"6 minutes"},"schema":{"@context":"https:\/\/schema.org","@graph":[{"@type":"WebPage","@id":"https:\/\/www.predsjednik.hr\/en\/news\/president-milanovic-after-nato-summit-some-leaders-were-not-even-aware-of-the-crash-of-the-unmanned-aerial-vehicle-in-zagreb-until-i-told-them\/","url":"https:\/\/www.predsjednik.hr\/en\/news\/president-milanovic-after-nato-summit-some-leaders-were-not-even-aware-of-the-crash-of-the-unmanned-aerial-vehicle-in-zagreb-until-i-told-them\/","name":"President Milanovi\u0107 after NATO Summit: Some leaders were not even aware of the crash of the unmanned aerial vehicle in Zagreb until I told them - President of the Republic of Croatia - Zoran Milanovi\u0107","isPartOf":{"@id":"https:\/\/www.predsjednik.hr\/en\/#website"},"primaryImageOfPage":{"@id":"https:\/\/www.predsjednik.hr\/en\/news\/president-milanovic-after-nato-summit-some-leaders-were-not-even-aware-of-the-crash-of-the-unmanned-aerial-vehicle-in-zagreb-until-i-told-them\/#primaryimage"},"image":{"@id":"https:\/\/www.predsjednik.hr\/en\/news\/president-milanovic-after-nato-summit-some-leaders-were-not-even-aware-of-the-crash-of-the-unmanned-aerial-vehicle-in-zagreb-until-i-told-them\/#primaryimage"},"thumbnailUrl":"https:\/\/www.predsjednik.hr\/wp-content\/uploads\/2022\/03\/2022_03_24_Family_pictures_076.jpg","datePublished":"2022-03-24T16:31:00+00:00","dateModified":"2022-03-25T10:35:13+00:00","breadcrumb":{"@id":"https:\/\/www.predsjednik.hr\/en\/news\/president-milanovic-after-nato-summit-some-leaders-were-not-even-aware-of-the-crash-of-the-unmanned-aerial-vehicle-in-zagreb-until-i-told-them\/#breadcrumb"},"inLanguage":"en-US","potentialAction":[{"@type":"ReadAction","target":["https:\/\/www.predsjednik.hr\/en\/news\/president-milanovic-after-nato-summit-some-leaders-were-not-even-aware-of-the-crash-of-the-unmanned-aerial-vehicle-in-zagreb-until-i-told-them\/"]}]},{"@type":"ImageObject","inLanguage":"en-US","@id":"https:\/\/www.predsjednik.hr\/en\/news\/president-milanovic-after-nato-summit-some-leaders-were-not-even-aware-of-the-crash-of-the-unmanned-aerial-vehicle-in-zagreb-until-i-told-them\/#primaryimage","url":"https:\/\/www.predsjednik.hr\/wp-content\/uploads\/2022\/03\/2022_03_24_Family_pictures_076.jpg","contentUrl":"https:\/\/www.predsjednik.hr\/wp-content\/uploads\/2022\/03\/2022_03_24_Family_pictures_076.jpg","width":2362,"height":1572,"caption":"President Milanovi\u0107 after NATO Summit: Some leaders were not even aware of the crash of the unmanned aerial vehicle in Zagreb until I told them"},{"@type":"BreadcrumbList","@id":"https:\/\/www.predsjednik.hr\/en\/news\/president-milanovic-after-nato-summit-some-leaders-were-not-even-aware-of-the-crash-of-the-unmanned-aerial-vehicle-in-zagreb-until-i-told-them\/#breadcrumb","itemListElement":[{"@type":"ListItem","position":1,"name":"Home","item":"https:\/\/www.predsjednik.hr\/en\/"},{"@type":"ListItem","position":2,"name":"Vijesti","item":"https:\/\/www.predsjednik.hr\/en\/news\/"},{"@type":"ListItem","position":3,"name":"President Milanovi\u0107 after NATO Summit: Some leaders were not even aware of the crash of the unmanned aerial vehicle in Zagreb until I told them"}]},{"@type":"WebSite","@id":"https:\/\/www.predsjednik.hr\/en\/#website","url":"https:\/\/www.predsjednik.hr\/en\/","name":"President of the Republic of Croatia - Zoran Milanovi\u0107","description":"Just another WordPress site","potentialAction":[{"@type":"SearchAction","target":{"@type":"EntryPoint","urlTemplate":"https:\/\/www.predsjednik.hr\/en\/?s={search_term_string}"},"query-input":{"@type":"PropertyValueSpecification","valueRequired":true,"valueName":"search_term_string"}}],"inLanguage":"en-US"}]}},"_links":{"self":[{"href":"https:\/\/www.predsjednik.hr\/en\/wp-json\/wp\/v2\/news\/16050","targetHints":{"allow":["GET"]}}],"collection":[{"href":"https:\/\/www.predsjednik.hr\/en\/wp-json\/wp\/v2\/news"}],"about":[{"href":"https:\/\/www.predsjednik.hr\/en\/wp-json\/wp\/v2\/types\/news"}],"wp:featuredmedia":[{"embeddable":true,"href":"https:\/\/www.predsjednik.hr\/en\/wp-json\/wp\/v2\/media\/16027"}],"wp:attachment":[{"href":"https:\/\/www.predsjednik.hr\/en\/wp-json\/wp\/v2\/media?parent=16050"}],"wp:term":[{"taxonomy":"news-cat","embeddable":true,"href":"https:\/\/www.predsjednik.hr\/en\/wp-json\/wp\/v2\/news-cat?post=16050"}],"curies":[{"name":"wp","href":"https:\/\/api.w.org\/{rel}","templated":true}]}}