{"id":16203,"date":"2022-04-01T11:45:34","date_gmt":"2022-04-01T09:45:34","guid":{"rendered":"https:\/\/www.predsjednik.hr\/?post_type=news&#038;p=16203"},"modified":"2022-04-01T11:45:37","modified_gmt":"2022-04-01T09:45:37","slug":"president-milanovic-on-government-reshuffle-its-up-to-the-prime-minister-and-result-of-series-of-events-even-criminal","status":"publish","type":"news","link":"https:\/\/www.predsjednik.hr\/en\/news\/president-milanovic-on-government-reshuffle-its-up-to-the-prime-minister-and-result-of-series-of-events-even-criminal\/","title":{"rendered":"President Milanovi\u0107 on Government Reshuffle: It\u2019s up to the Prime Minister and Result of Series of Events even Criminal"},"content":{"rendered":"\n<p>Following a commemoration marking the 31<sup>st<\/sup> anniversary of the \u201cPlitvice\u201d action, the President of the Republic Zoran Milanovi\u0107 responded to press questions. Asked about his thoughts on the announced Cabinet reshuffle and speculations about Davor Bo\u017einovi\u0107 being the new Defense Minister, he answered: \u201cI don\u2019t know, we haven\u2019t discussed it\u201d. In relation to the possible merging of the Ministry of Defense and the Ministry of Veterans\u2019 Affairs, and the departure of Minister Bano\u017ei\u0107 he stated: \u201cI don\u2019t think there\u2019s a chance he goes. Plenkovi\u0107 won\u2019t replace the best. Someone asks the Prime Minister, he says there will be a Cabinet reshuffle, but that\u2019s up to him. A reshuffle is a series of events, criminal circumstances and a bit of everything\u201d.<\/p>\n\n\n\n<p>\u201cI haven\u2019t spoken to Minister Bo\u017einovi\u0107 about the reshuffle and political moves, and if I had, I wouldn\u2019t tell you. We have known each other for a long time, we have a good relationship, but he is a member of a political government, his loyalty lies there, and mine elsewhere \u2013 the Constitution and the citizens\u201d, President Milanovi\u0107 stated in Plitvice who was there in the company of Minister Bo\u017einovi\u0107.<\/p>\n\n\n\n<p>Asked a second time about the possibility of Minister Bano\u017ei\u0107 being replaced, he added: \u201cWhy are you asking me, will Plenkovi\u0107 replace this guy? No, he won\u2019t replace him, unfortunately, damage to Croatian structures continues, such a level of incompetence and criminogenic behaviour is unprecedented. I\u2019ll repeat, it\u2019s terrifying that court judgements are being ignored, for example, the judgement on the illegal forced retirement of Colonel Bur\u010dul. And no one suffers the consequences\u201d.<\/p>\n\n\n\n<p>Asked if the two ministries should merge, President Milanovi\u0107 stated: \u201cIt\u2019s up to them. I wouldn\u2019t abolish the Ministry of Veterans\u2019 Affairs after all these years, because it deals with a generation of people close to retirement, most of them. We will talk about this in about twenty years\u2019 time, that\u2019s not the topic at this moment\u201d.<\/p>\n\n\n\n<p>He also commented on Foreign Minister Gordan Grli\u0107 Radman\u2019s statement on Russian President Vladimir Putin being a war criminal. \u201cI expect him to prepare the material to bring an indictment against him and have him arrested. But ask the Minister what he meant by that. I have never commented on Putin, neither before or now. For me, there exists Russia as a very dangerous state, which is now evident. A state which&nbsp;should&nbsp;be dealt with differently.&nbsp; Putin&#8217;s leaving will not change that, some general could take his place in a month or two, or a year. Then you don&#8217;t know who you\u2019re dealing with, but Russia stays. A country with 6,000 nuclear warheads, and a different&nbsp;kind of political culture. I don\u2019t expect anything from Russia. I have expectations from our Allies, from those who protect us, in the first place the United States, which, generally speaking, I consider a family. Russia isn\u2019t. Russia attacked Ukraine, that&#8217;s against international law, that&#8217;s bad, that&#8217;s lethal, people are being killed. And Ukraine&nbsp;is unfortunately the biggest victim.&#8221;<\/p>\n\n\n\n<p>Asked if the investigation into the unmanned aerial vehicle that crashed in Zagreb is over and if he is satisfied with the results of the investigation, the President reminded once again of the stupidities that the Defense Ministter said about that case, and called on the Prime Minister to make public the results of the investigation, namely the findings of the Forensic Science Centre Ivan Vu\u010deti\u0107.<\/p>\n\n\n\n<p>\u201cI was briefed on all the findings of the army, as he was. However, the State Attorney\u2019s Office (DORH) is formally conducting the investigation, and since other bodies are also involved in the investigation such as the Forensic Science Centre Ivan Vu\u010deti\u0107 whose findings were completed eight days ago, let him convene a press conference to show us what happened and whether it indeed contained explosives or did someone upset the Croatian people\u201d, the President noted, and wondered why this topic gradually disappeared. \u201cI\u2019d say that they said stupid things instead of saying they lied. I told them \u2013 don\u2019t go public until we get the findings. I want the findings in writing. I want an expert analysis! I know the results, but I won\u2019t disclose them. I didn\u2019t earlier. I\u2019m trying to act responsibly\u201d, President Milanovi\u0107 stated in concluding his statement.<\/p>\n\n\n\n<p><\/p>\n\n\n\n<p><\/p>\n\n\n\n<p><\/p>\n\n\n\n<p><\/p>\n\n\n\n<p><\/p>\n","protected":false},"excerpt":{"rendered":"<p>Following a commemoration marking the 31st anniversary of the \u201cPlitvice\u201d action, the President of the Republic Zoran Milanovi\u0107 responded to press questions.<\/p>\n","protected":false},"featured_media":16183,"template":"","news-cat":[12],"class_list":["post-16203","news","type-news","status-publish","has-post-thumbnail","hentry","news-cat-news"],"acf":[],"yoast_head":"<!-- This site is optimized with the Yoast SEO plugin v27.5 - https:\/\/yoast.com\/product\/yoast-seo-wordpress\/ -->\n<title>President Milanovi\u0107 on Government Reshuffle: It\u2019s up to the Prime Minister and Result of Series of Events even Criminal - President of the Republic of Croatia - Zoran Milanovi\u0107<\/title>\n<meta name=\"robots\" content=\"index, follow, max-snippet:-1, max-image-preview:large, max-video-preview:-1\" \/>\n<link rel=\"canonical\" href=\"https:\/\/www.predsjednik.hr\/en\/news\/president-milanovic-on-government-reshuffle-its-up-to-the-prime-minister-and-result-of-series-of-events-even-criminal\/\" \/>\n<meta property=\"og:locale\" content=\"en_US\" \/>\n<meta property=\"og:type\" content=\"article\" \/>\n<meta property=\"og:title\" content=\"President Milanovi\u0107 on Government Reshuffle: It\u2019s up to the Prime Minister and Result of Series of Events even Criminal - President of the Republic of Croatia - Zoran Milanovi\u0107\" \/>\n<meta property=\"og:description\" content=\"Following a commemoration marking the 31st anniversary of the \u201cPlitvice\u201d action, the President of the Republic Zoran Milanovi\u0107 responded to press questions.\" \/>\n<meta property=\"og:url\" content=\"https:\/\/www.predsjednik.hr\/en\/news\/president-milanovic-on-government-reshuffle-its-up-to-the-prime-minister-and-result-of-series-of-events-even-criminal\/\" \/>\n<meta property=\"og:site_name\" content=\"President of the Republic of Croatia - Zoran Milanovi\u0107\" \/>\n<meta property=\"article:modified_time\" content=\"2022-04-01T09:45:37+00:00\" \/>\n<meta property=\"og:image\" content=\"https:\/\/www.predsjednik.hr\/wp-content\/uploads\/2022\/03\/DSC_2053.jpg\" \/>\n\t<meta property=\"og:image:width\" content=\"5936\" \/>\n\t<meta property=\"og:image:height\" content=\"3339\" \/>\n\t<meta property=\"og:image:type\" content=\"image\/jpeg\" \/>\n<meta name=\"twitter:card\" content=\"summary_large_image\" \/>\n<meta name=\"twitter:label1\" content=\"Est. reading time\" \/>\n\t<meta name=\"twitter:data1\" content=\"4 minutes\" \/>\n<script type=\"application\/ld+json\" class=\"yoast-schema-graph\">{\"@context\":\"https:\\\/\\\/schema.org\",\"@graph\":[{\"@type\":\"WebPage\",\"@id\":\"https:\\\/\\\/www.predsjednik.hr\\\/en\\\/news\\\/president-milanovic-on-government-reshuffle-its-up-to-the-prime-minister-and-result-of-series-of-events-even-criminal\\\/\",\"url\":\"https:\\\/\\\/www.predsjednik.hr\\\/en\\\/news\\\/president-milanovic-on-government-reshuffle-its-up-to-the-prime-minister-and-result-of-series-of-events-even-criminal\\\/\",\"name\":\"President Milanovi\u0107 on Government Reshuffle: It\u2019s up to the Prime Minister and Result of Series of Events even Criminal - President of the Republic of Croatia - Zoran Milanovi\u0107\",\"isPartOf\":{\"@id\":\"https:\\\/\\\/www.predsjednik.hr\\\/en\\\/#website\"},\"primaryImageOfPage\":{\"@id\":\"https:\\\/\\\/www.predsjednik.hr\\\/en\\\/news\\\/president-milanovic-on-government-reshuffle-its-up-to-the-prime-minister-and-result-of-series-of-events-even-criminal\\\/#primaryimage\"},\"image\":{\"@id\":\"https:\\\/\\\/www.predsjednik.hr\\\/en\\\/news\\\/president-milanovic-on-government-reshuffle-its-up-to-the-prime-minister-and-result-of-series-of-events-even-criminal\\\/#primaryimage\"},\"thumbnailUrl\":\"https:\\\/\\\/www.predsjednik.hr\\\/wp-content\\\/uploads\\\/2022\\\/03\\\/DSC_2053.jpg\",\"datePublished\":\"2022-04-01T09:45:34+00:00\",\"dateModified\":\"2022-04-01T09:45:37+00:00\",\"breadcrumb\":{\"@id\":\"https:\\\/\\\/www.predsjednik.hr\\\/en\\\/news\\\/president-milanovic-on-government-reshuffle-its-up-to-the-prime-minister-and-result-of-series-of-events-even-criminal\\\/#breadcrumb\"},\"inLanguage\":\"en-US\",\"potentialAction\":[{\"@type\":\"ReadAction\",\"target\":[\"https:\\\/\\\/www.predsjednik.hr\\\/en\\\/news\\\/president-milanovic-on-government-reshuffle-its-up-to-the-prime-minister-and-result-of-series-of-events-even-criminal\\\/\"]}]},{\"@type\":\"ImageObject\",\"inLanguage\":\"en-US\",\"@id\":\"https:\\\/\\\/www.predsjednik.hr\\\/en\\\/news\\\/president-milanovic-on-government-reshuffle-its-up-to-the-prime-minister-and-result-of-series-of-events-even-criminal\\\/#primaryimage\",\"url\":\"https:\\\/\\\/www.predsjednik.hr\\\/wp-content\\\/uploads\\\/2022\\\/03\\\/DSC_2053.jpg\",\"contentUrl\":\"https:\\\/\\\/www.predsjednik.hr\\\/wp-content\\\/uploads\\\/2022\\\/03\\\/DSC_2053.jpg\",\"width\":5936,\"height\":3339,\"caption\":\"Following a commemoration marking the 31st anniversary of the \u201cPlitvice\u201d action, the President of the Republic Zoran Milanovi\u0107 responded to press questions.\"},{\"@type\":\"BreadcrumbList\",\"@id\":\"https:\\\/\\\/www.predsjednik.hr\\\/en\\\/news\\\/president-milanovic-on-government-reshuffle-its-up-to-the-prime-minister-and-result-of-series-of-events-even-criminal\\\/#breadcrumb\",\"itemListElement\":[{\"@type\":\"ListItem\",\"position\":1,\"name\":\"Home\",\"item\":\"https:\\\/\\\/www.predsjednik.hr\\\/en\\\/\"},{\"@type\":\"ListItem\",\"position\":2,\"name\":\"Vijesti\",\"item\":\"https:\\\/\\\/www.predsjednik.hr\\\/en\\\/news\\\/\"},{\"@type\":\"ListItem\",\"position\":3,\"name\":\"President Milanovi\u0107 on Government Reshuffle: It\u2019s up to the Prime Minister and Result of Series of Events even Criminal\"}]},{\"@type\":\"WebSite\",\"@id\":\"https:\\\/\\\/www.predsjednik.hr\\\/en\\\/#website\",\"url\":\"https:\\\/\\\/www.predsjednik.hr\\\/en\\\/\",\"name\":\"President of the Republic of Croatia - Zoran Milanovi\u0107\",\"description\":\"Just another WordPress site\",\"potentialAction\":[{\"@type\":\"SearchAction\",\"target\":{\"@type\":\"EntryPoint\",\"urlTemplate\":\"https:\\\/\\\/www.predsjednik.hr\\\/en\\\/?s={search_term_string}\"},\"query-input\":{\"@type\":\"PropertyValueSpecification\",\"valueRequired\":true,\"valueName\":\"search_term_string\"}}],\"inLanguage\":\"en-US\"}]}<\/script>\n<!-- \/ Yoast SEO plugin. -->","yoast_head_json":{"title":"President Milanovi\u0107 on Government Reshuffle: It\u2019s up to the Prime Minister and Result of Series of Events even Criminal - President of the Republic of Croatia - Zoran Milanovi\u0107","robots":{"index":"index","follow":"follow","max-snippet":"max-snippet:-1","max-image-preview":"max-image-preview:large","max-video-preview":"max-video-preview:-1"},"canonical":"https:\/\/www.predsjednik.hr\/en\/news\/president-milanovic-on-government-reshuffle-its-up-to-the-prime-minister-and-result-of-series-of-events-even-criminal\/","og_locale":"en_US","og_type":"article","og_title":"President Milanovi\u0107 on Government Reshuffle: It\u2019s up to the Prime Minister and Result of Series of Events even Criminal - President of the Republic of Croatia - Zoran Milanovi\u0107","og_description":"Following a commemoration marking the 31st anniversary of the \u201cPlitvice\u201d action, the President of the Republic Zoran Milanovi\u0107 responded to press questions.","og_url":"https:\/\/www.predsjednik.hr\/en\/news\/president-milanovic-on-government-reshuffle-its-up-to-the-prime-minister-and-result-of-series-of-events-even-criminal\/","og_site_name":"President of the Republic of Croatia - Zoran Milanovi\u0107","article_modified_time":"2022-04-01T09:45:37+00:00","og_image":[{"width":5936,"height":3339,"url":"https:\/\/www.predsjednik.hr\/wp-content\/uploads\/2022\/03\/DSC_2053.jpg","type":"image\/jpeg"}],"twitter_card":"summary_large_image","twitter_misc":{"Est. reading time":"4 minutes"},"schema":{"@context":"https:\/\/schema.org","@graph":[{"@type":"WebPage","@id":"https:\/\/www.predsjednik.hr\/en\/news\/president-milanovic-on-government-reshuffle-its-up-to-the-prime-minister-and-result-of-series-of-events-even-criminal\/","url":"https:\/\/www.predsjednik.hr\/en\/news\/president-milanovic-on-government-reshuffle-its-up-to-the-prime-minister-and-result-of-series-of-events-even-criminal\/","name":"President Milanovi\u0107 on Government Reshuffle: It\u2019s up to the Prime Minister and Result of Series of Events even Criminal - President of the Republic of Croatia - Zoran Milanovi\u0107","isPartOf":{"@id":"https:\/\/www.predsjednik.hr\/en\/#website"},"primaryImageOfPage":{"@id":"https:\/\/www.predsjednik.hr\/en\/news\/president-milanovic-on-government-reshuffle-its-up-to-the-prime-minister-and-result-of-series-of-events-even-criminal\/#primaryimage"},"image":{"@id":"https:\/\/www.predsjednik.hr\/en\/news\/president-milanovic-on-government-reshuffle-its-up-to-the-prime-minister-and-result-of-series-of-events-even-criminal\/#primaryimage"},"thumbnailUrl":"https:\/\/www.predsjednik.hr\/wp-content\/uploads\/2022\/03\/DSC_2053.jpg","datePublished":"2022-04-01T09:45:34+00:00","dateModified":"2022-04-01T09:45:37+00:00","breadcrumb":{"@id":"https:\/\/www.predsjednik.hr\/en\/news\/president-milanovic-on-government-reshuffle-its-up-to-the-prime-minister-and-result-of-series-of-events-even-criminal\/#breadcrumb"},"inLanguage":"en-US","potentialAction":[{"@type":"ReadAction","target":["https:\/\/www.predsjednik.hr\/en\/news\/president-milanovic-on-government-reshuffle-its-up-to-the-prime-minister-and-result-of-series-of-events-even-criminal\/"]}]},{"@type":"ImageObject","inLanguage":"en-US","@id":"https:\/\/www.predsjednik.hr\/en\/news\/president-milanovic-on-government-reshuffle-its-up-to-the-prime-minister-and-result-of-series-of-events-even-criminal\/#primaryimage","url":"https:\/\/www.predsjednik.hr\/wp-content\/uploads\/2022\/03\/DSC_2053.jpg","contentUrl":"https:\/\/www.predsjednik.hr\/wp-content\/uploads\/2022\/03\/DSC_2053.jpg","width":5936,"height":3339,"caption":"Following a commemoration marking the 31st anniversary of the \u201cPlitvice\u201d action, the President of the Republic Zoran Milanovi\u0107 responded to press questions."},{"@type":"BreadcrumbList","@id":"https:\/\/www.predsjednik.hr\/en\/news\/president-milanovic-on-government-reshuffle-its-up-to-the-prime-minister-and-result-of-series-of-events-even-criminal\/#breadcrumb","itemListElement":[{"@type":"ListItem","position":1,"name":"Home","item":"https:\/\/www.predsjednik.hr\/en\/"},{"@type":"ListItem","position":2,"name":"Vijesti","item":"https:\/\/www.predsjednik.hr\/en\/news\/"},{"@type":"ListItem","position":3,"name":"President Milanovi\u0107 on Government Reshuffle: It\u2019s up to the Prime Minister and Result of Series of Events even Criminal"}]},{"@type":"WebSite","@id":"https:\/\/www.predsjednik.hr\/en\/#website","url":"https:\/\/www.predsjednik.hr\/en\/","name":"President of the Republic of Croatia - Zoran Milanovi\u0107","description":"Just another WordPress site","potentialAction":[{"@type":"SearchAction","target":{"@type":"EntryPoint","urlTemplate":"https:\/\/www.predsjednik.hr\/en\/?s={search_term_string}"},"query-input":{"@type":"PropertyValueSpecification","valueRequired":true,"valueName":"search_term_string"}}],"inLanguage":"en-US"}]}},"_links":{"self":[{"href":"https:\/\/www.predsjednik.hr\/en\/wp-json\/wp\/v2\/news\/16203","targetHints":{"allow":["GET"]}}],"collection":[{"href":"https:\/\/www.predsjednik.hr\/en\/wp-json\/wp\/v2\/news"}],"about":[{"href":"https:\/\/www.predsjednik.hr\/en\/wp-json\/wp\/v2\/types\/news"}],"wp:featuredmedia":[{"embeddable":true,"href":"https:\/\/www.predsjednik.hr\/en\/wp-json\/wp\/v2\/media\/16183"}],"wp:attachment":[{"href":"https:\/\/www.predsjednik.hr\/en\/wp-json\/wp\/v2\/media?parent=16203"}],"wp:term":[{"taxonomy":"news-cat","embeddable":true,"href":"https:\/\/www.predsjednik.hr\/en\/wp-json\/wp\/v2\/news-cat?post=16203"}],"curies":[{"name":"wp","href":"https:\/\/api.w.org\/{rel}","templated":true}]}}