{"id":16435,"date":"2022-04-09T14:25:00","date_gmt":"2022-04-09T12:25:00","guid":{"rendered":"https:\/\/www.predsjednik.hr\/?post_type=news&#038;p=16435"},"modified":"2022-04-11T10:28:39","modified_gmt":"2022-04-11T08:28:39","slug":"president-milanovic-attends-military-exercise-shield-22-of-croatian-and-us-armed-forces-demonstrating-air-defence-capabilities","status":"publish","type":"news","link":"https:\/\/www.predsjednik.hr\/en\/news\/president-milanovic-attends-military-exercise-shield-22-of-croatian-and-us-armed-forces-demonstrating-air-defence-capabilities\/","title":{"rendered":"President Milanovi\u0107 Attends Military Exercise \u201cShield 22\u201d of Croatian and US Armed Forces Demonstrating Air Defence Capabilities"},"content":{"rendered":"\n<p>The President of the Republic and Commander in Chief of the Croatian Armed Forces Zoran Milanovi\u0107 attended the international military exercise \u201cShield 22,\u201d which is being held at the \u201cCroatian Army 119<sup>th<\/sup> Brigade\u201d training grounds at Cape Kamenjak in Premantura near Pula.<\/p>\n\n\n\n<p>Members of Croatian and US Armed Forces participated in the combat shooting exercise. The purpose of the exercise was to demonstrate the capabilities of air defence units in detecting, tracking and shooting down targets in airspace.<\/p>\n\n\n\n<p>The military exercise \u201cShield 22\u201d is taking place from 4 to 13 April 2022. It has been held regularly for 27 years and this year the US Armed Forces members joined Croatian Armed Forces members for the first time.<\/p>\n\n\n\n<p>The exercise was also attended by the Chief of the General Staff of the Croatian Armed Forces Admiral Robert Hranj, Commander of the Croatian Army Lieutenant General Boris \u0160eri\u0107 and other military officials, as well as representatives of the US Armed Forces. Adviser to the President of the Republic for Defence and National Security Dragan Lozan\u010di\u0107 was at the exercise alongside President Milanovi\u0107.<\/p>\n\n\n<!--GALLERY BLOCK-->\n<div class=\"c-lightbox-gallery js-lightbox\">\n                <!--single-->\n            <a data-no-swup class=\"c-lightbox-gallery__single js-lightbox-single\"\n               href=\"https:\/\/www.predsjednik.hr\/wp-content\/uploads\/2022\/04\/DSC_7427-1024x683.jpg\"\n               style=\"background-image: url('https:\/\/www.predsjednik.hr\/wp-content\/uploads\/2022\/04\/DSC_7427-768x512.jpg')\"><\/a>\n            <!--end single-->\n                    <!--single-->\n            <a data-no-swup class=\"c-lightbox-gallery__single js-lightbox-single\"\n               href=\"https:\/\/www.predsjednik.hr\/wp-content\/uploads\/2022\/04\/DSC_7626-1024x683.jpg\"\n               style=\"background-image: url('https:\/\/www.predsjednik.hr\/wp-content\/uploads\/2022\/04\/DSC_7626-768x512.jpg')\"><\/a>\n            <!--end single-->\n                    <!--single-->\n            <a data-no-swup class=\"c-lightbox-gallery__single js-lightbox-single\"\n               href=\"https:\/\/www.predsjednik.hr\/wp-content\/uploads\/2022\/04\/DSC_7748-1024x683.jpg\"\n               style=\"background-image: url('https:\/\/www.predsjednik.hr\/wp-content\/uploads\/2022\/04\/DSC_7748-768x512.jpg')\"><\/a>\n            <!--end single-->\n                    <!--single-->\n            <a data-no-swup class=\"c-lightbox-gallery__single js-lightbox-single\"\n               href=\"https:\/\/www.predsjednik.hr\/wp-content\/uploads\/2022\/04\/DSC_8263-1-1024x683.jpg\"\n               style=\"background-image: url('https:\/\/www.predsjednik.hr\/wp-content\/uploads\/2022\/04\/DSC_8263-1-768x512.jpg')\"><\/a>\n            <!--end single-->\n                    <!--single-->\n            <a data-no-swup class=\"c-lightbox-gallery__single js-lightbox-single\"\n               href=\"https:\/\/www.predsjednik.hr\/wp-content\/uploads\/2022\/04\/DSC_8319-1-1024x683.jpg\"\n               style=\"background-image: url('https:\/\/www.predsjednik.hr\/wp-content\/uploads\/2022\/04\/DSC_8319-1-768x512.jpg')\"><\/a>\n            <!--end single-->\n                    <!--single-->\n            <a data-no-swup class=\"c-lightbox-gallery__single js-lightbox-single\"\n               href=\"https:\/\/www.predsjednik.hr\/wp-content\/uploads\/2022\/04\/DSC_8528-1024x768.jpg\"\n               style=\"background-image: url('https:\/\/www.predsjednik.hr\/wp-content\/uploads\/2022\/04\/DSC_8528-768x576.jpg')\"><\/a>\n            <!--end single-->\n                    <!--single-->\n            <a data-no-swup class=\"c-lightbox-gallery__single js-lightbox-single\"\n               href=\"https:\/\/www.predsjednik.hr\/wp-content\/uploads\/2022\/04\/DSC_8536-1024x576.jpg\"\n               style=\"background-image: url('https:\/\/www.predsjednik.hr\/wp-content\/uploads\/2022\/04\/DSC_8536-768x432.jpg')\"><\/a>\n            <!--end single-->\n                    <!--single-->\n            <a data-no-swup class=\"c-lightbox-gallery__single js-lightbox-single\"\n               href=\"https:\/\/www.predsjednik.hr\/wp-content\/uploads\/2022\/04\/DSC_8552-1024x683.jpg\"\n               style=\"background-image: url('https:\/\/www.predsjednik.hr\/wp-content\/uploads\/2022\/04\/DSC_8552-768x512.jpg')\"><\/a>\n            <!--end single-->\n                    <!--single-->\n            <a data-no-swup class=\"c-lightbox-gallery__single js-lightbox-single\"\n               href=\"https:\/\/www.predsjednik.hr\/wp-content\/uploads\/2022\/04\/DSC_8556-1024x683.jpg\"\n               style=\"background-image: url('https:\/\/www.predsjednik.hr\/wp-content\/uploads\/2022\/04\/DSC_8556-768x512.jpg')\"><\/a>\n            <!--end single-->\n                    <!--single-->\n            <a data-no-swup class=\"c-lightbox-gallery__single js-lightbox-single\"\n               href=\"https:\/\/www.predsjednik.hr\/wp-content\/uploads\/2022\/04\/DSC_8568-1024x576.jpg\"\n               style=\"background-image: url('https:\/\/www.predsjednik.hr\/wp-content\/uploads\/2022\/04\/DSC_8568-768x432.jpg')\"><\/a>\n            <!--end single-->\n                    <!--single-->\n            <a data-no-swup class=\"c-lightbox-gallery__single js-lightbox-single\"\n               href=\"https:\/\/www.predsjednik.hr\/wp-content\/uploads\/2022\/04\/DSC_8576-1024x683.jpg\"\n               style=\"background-image: url('https:\/\/www.predsjednik.hr\/wp-content\/uploads\/2022\/04\/DSC_8576-768x512.jpg')\"><\/a>\n            <!--end single-->\n                    <!--single-->\n            <a data-no-swup class=\"c-lightbox-gallery__single js-lightbox-single\"\n               href=\"https:\/\/www.predsjednik.hr\/wp-content\/uploads\/2022\/04\/DSC_8589-1024x576.jpg\"\n               style=\"background-image: url('https:\/\/www.predsjednik.hr\/wp-content\/uploads\/2022\/04\/DSC_8589-768x432.jpg')\"><\/a>\n            <!--end single-->\n                    <!--single-->\n            <a data-no-swup class=\"c-lightbox-gallery__single js-lightbox-single\"\n               href=\"https:\/\/www.predsjednik.hr\/wp-content\/uploads\/2022\/04\/DSC_8648-1024x683.jpg\"\n               style=\"background-image: url('https:\/\/www.predsjednik.hr\/wp-content\/uploads\/2022\/04\/DSC_8648-768x512.jpg')\"><\/a>\n            <!--end single-->\n        <\/div>\n<!--end GALLERY BLOCK-->\n\n\n\n<p>PHOTO: Office of the President of the Republic of Croatia \/ Tomislav Bu\u0161ljeta<\/p>\n","protected":false},"excerpt":{"rendered":"<p>The President of the Republic and Commander in Chief of the Croatian Armed Forces Zoran Milanovi\u0107 attended the international military exercise \u201cShield 22,\u201d which is being held at the \u201cCroatian Army 119th Brigade\u201d training grounds at Cape Kamenjak in Premantura near Pula.<\/p>\n","protected":false},"featured_media":16434,"template":"","news-cat":[12],"class_list":["post-16435","news","type-news","status-publish","has-post-thumbnail","hentry","news-cat-news"],"acf":[],"yoast_head":"<!-- This site is optimized with the Yoast SEO plugin v27.4 - https:\/\/yoast.com\/product\/yoast-seo-wordpress\/ -->\n<title>President Milanovi\u0107 Attends Military Exercise \u201cShield 22\u201d of Croatian and US Armed Forces Demonstrating Air Defence Capabilities - President of the Republic of Croatia - Zoran Milanovi\u0107<\/title>\n<meta name=\"robots\" content=\"index, follow, max-snippet:-1, max-image-preview:large, max-video-preview:-1\" \/>\n<link rel=\"canonical\" href=\"https:\/\/www.predsjednik.hr\/en\/news\/president-milanovic-attends-military-exercise-shield-22-of-croatian-and-us-armed-forces-demonstrating-air-defence-capabilities\/\" \/>\n<meta property=\"og:locale\" content=\"en_US\" \/>\n<meta property=\"og:type\" content=\"article\" \/>\n<meta property=\"og:title\" content=\"President Milanovi\u0107 Attends Military Exercise \u201cShield 22\u201d of Croatian and US Armed Forces Demonstrating Air Defence Capabilities - President of the Republic of Croatia - Zoran Milanovi\u0107\" \/>\n<meta property=\"og:description\" content=\"The President of the Republic and Commander in Chief of the Croatian Armed Forces Zoran Milanovi\u0107 attended the international military exercise \u201cShield 22,\u201d which is being held at the \u201cCroatian Army 119th Brigade\u201d training grounds at Cape Kamenjak in Premantura near Pula.\" \/>\n<meta property=\"og:url\" content=\"https:\/\/www.predsjednik.hr\/en\/news\/president-milanovic-attends-military-exercise-shield-22-of-croatian-and-us-armed-forces-demonstrating-air-defence-capabilities\/\" \/>\n<meta property=\"og:site_name\" content=\"President of the Republic of Croatia - Zoran Milanovi\u0107\" \/>\n<meta property=\"article:modified_time\" content=\"2022-04-11T08:28:39+00:00\" \/>\n<meta property=\"og:image\" content=\"https:\/\/www.predsjednik.hr\/wp-content\/uploads\/2022\/04\/DSC_8589-1.jpg\" \/>\n\t<meta property=\"og:image:width\" content=\"5473\" \/>\n\t<meta property=\"og:image:height\" content=\"3079\" \/>\n\t<meta property=\"og:image:type\" content=\"image\/jpeg\" \/>\n<meta name=\"twitter:card\" content=\"summary_large_image\" \/>\n<meta name=\"twitter:label1\" content=\"Est. reading time\" \/>\n\t<meta name=\"twitter:data1\" content=\"2 minutes\" \/>\n<script type=\"application\/ld+json\" class=\"yoast-schema-graph\">{\"@context\":\"https:\\\/\\\/schema.org\",\"@graph\":[{\"@type\":\"WebPage\",\"@id\":\"https:\\\/\\\/www.predsjednik.hr\\\/en\\\/news\\\/president-milanovic-attends-military-exercise-shield-22-of-croatian-and-us-armed-forces-demonstrating-air-defence-capabilities\\\/\",\"url\":\"https:\\\/\\\/www.predsjednik.hr\\\/en\\\/news\\\/president-milanovic-attends-military-exercise-shield-22-of-croatian-and-us-armed-forces-demonstrating-air-defence-capabilities\\\/\",\"name\":\"President Milanovi\u0107 Attends Military Exercise \u201cShield 22\u201d of Croatian and US Armed Forces Demonstrating Air Defence Capabilities - President of the Republic of Croatia - Zoran Milanovi\u0107\",\"isPartOf\":{\"@id\":\"https:\\\/\\\/www.predsjednik.hr\\\/en\\\/#website\"},\"primaryImageOfPage\":{\"@id\":\"https:\\\/\\\/www.predsjednik.hr\\\/en\\\/news\\\/president-milanovic-attends-military-exercise-shield-22-of-croatian-and-us-armed-forces-demonstrating-air-defence-capabilities\\\/#primaryimage\"},\"image\":{\"@id\":\"https:\\\/\\\/www.predsjednik.hr\\\/en\\\/news\\\/president-milanovic-attends-military-exercise-shield-22-of-croatian-and-us-armed-forces-demonstrating-air-defence-capabilities\\\/#primaryimage\"},\"thumbnailUrl\":\"https:\\\/\\\/www.predsjednik.hr\\\/wp-content\\\/uploads\\\/2022\\\/04\\\/DSC_8589-1.jpg\",\"datePublished\":\"2022-04-09T12:25:00+00:00\",\"dateModified\":\"2022-04-11T08:28:39+00:00\",\"breadcrumb\":{\"@id\":\"https:\\\/\\\/www.predsjednik.hr\\\/en\\\/news\\\/president-milanovic-attends-military-exercise-shield-22-of-croatian-and-us-armed-forces-demonstrating-air-defence-capabilities\\\/#breadcrumb\"},\"inLanguage\":\"en-US\",\"potentialAction\":[{\"@type\":\"ReadAction\",\"target\":[\"https:\\\/\\\/www.predsjednik.hr\\\/en\\\/news\\\/president-milanovic-attends-military-exercise-shield-22-of-croatian-and-us-armed-forces-demonstrating-air-defence-capabilities\\\/\"]}]},{\"@type\":\"ImageObject\",\"inLanguage\":\"en-US\",\"@id\":\"https:\\\/\\\/www.predsjednik.hr\\\/en\\\/news\\\/president-milanovic-attends-military-exercise-shield-22-of-croatian-and-us-armed-forces-demonstrating-air-defence-capabilities\\\/#primaryimage\",\"url\":\"https:\\\/\\\/www.predsjednik.hr\\\/wp-content\\\/uploads\\\/2022\\\/04\\\/DSC_8589-1.jpg\",\"contentUrl\":\"https:\\\/\\\/www.predsjednik.hr\\\/wp-content\\\/uploads\\\/2022\\\/04\\\/DSC_8589-1.jpg\",\"width\":5473,\"height\":3079},{\"@type\":\"BreadcrumbList\",\"@id\":\"https:\\\/\\\/www.predsjednik.hr\\\/en\\\/news\\\/president-milanovic-attends-military-exercise-shield-22-of-croatian-and-us-armed-forces-demonstrating-air-defence-capabilities\\\/#breadcrumb\",\"itemListElement\":[{\"@type\":\"ListItem\",\"position\":1,\"name\":\"Home\",\"item\":\"https:\\\/\\\/www.predsjednik.hr\\\/en\\\/\"},{\"@type\":\"ListItem\",\"position\":2,\"name\":\"Vijesti\",\"item\":\"https:\\\/\\\/www.predsjednik.hr\\\/en\\\/news\\\/\"},{\"@type\":\"ListItem\",\"position\":3,\"name\":\"President Milanovi\u0107 Attends Military Exercise \u201cShield 22\u201d of Croatian and US Armed Forces Demonstrating Air Defence Capabilities\"}]},{\"@type\":\"WebSite\",\"@id\":\"https:\\\/\\\/www.predsjednik.hr\\\/en\\\/#website\",\"url\":\"https:\\\/\\\/www.predsjednik.hr\\\/en\\\/\",\"name\":\"President of the Republic of Croatia - Zoran Milanovi\u0107\",\"description\":\"Just another WordPress site\",\"potentialAction\":[{\"@type\":\"SearchAction\",\"target\":{\"@type\":\"EntryPoint\",\"urlTemplate\":\"https:\\\/\\\/www.predsjednik.hr\\\/en\\\/?s={search_term_string}\"},\"query-input\":{\"@type\":\"PropertyValueSpecification\",\"valueRequired\":true,\"valueName\":\"search_term_string\"}}],\"inLanguage\":\"en-US\"}]}<\/script>\n<!-- \/ Yoast SEO plugin. -->","yoast_head_json":{"title":"President Milanovi\u0107 Attends Military Exercise \u201cShield 22\u201d of Croatian and US Armed Forces Demonstrating Air Defence Capabilities - President of the Republic of Croatia - Zoran Milanovi\u0107","robots":{"index":"index","follow":"follow","max-snippet":"max-snippet:-1","max-image-preview":"max-image-preview:large","max-video-preview":"max-video-preview:-1"},"canonical":"https:\/\/www.predsjednik.hr\/en\/news\/president-milanovic-attends-military-exercise-shield-22-of-croatian-and-us-armed-forces-demonstrating-air-defence-capabilities\/","og_locale":"en_US","og_type":"article","og_title":"President Milanovi\u0107 Attends Military Exercise \u201cShield 22\u201d of Croatian and US Armed Forces Demonstrating Air Defence Capabilities - President of the Republic of Croatia - Zoran Milanovi\u0107","og_description":"The President of the Republic and Commander in Chief of the Croatian Armed Forces Zoran Milanovi\u0107 attended the international military exercise \u201cShield 22,\u201d which is being held at the \u201cCroatian Army 119th Brigade\u201d training grounds at Cape Kamenjak in Premantura near Pula.","og_url":"https:\/\/www.predsjednik.hr\/en\/news\/president-milanovic-attends-military-exercise-shield-22-of-croatian-and-us-armed-forces-demonstrating-air-defence-capabilities\/","og_site_name":"President of the Republic of Croatia - Zoran Milanovi\u0107","article_modified_time":"2022-04-11T08:28:39+00:00","og_image":[{"width":5473,"height":3079,"url":"https:\/\/www.predsjednik.hr\/wp-content\/uploads\/2022\/04\/DSC_8589-1.jpg","type":"image\/jpeg"}],"twitter_card":"summary_large_image","twitter_misc":{"Est. reading time":"2 minutes"},"schema":{"@context":"https:\/\/schema.org","@graph":[{"@type":"WebPage","@id":"https:\/\/www.predsjednik.hr\/en\/news\/president-milanovic-attends-military-exercise-shield-22-of-croatian-and-us-armed-forces-demonstrating-air-defence-capabilities\/","url":"https:\/\/www.predsjednik.hr\/en\/news\/president-milanovic-attends-military-exercise-shield-22-of-croatian-and-us-armed-forces-demonstrating-air-defence-capabilities\/","name":"President Milanovi\u0107 Attends Military Exercise \u201cShield 22\u201d of Croatian and US Armed Forces Demonstrating Air Defence Capabilities - President of the Republic of Croatia - Zoran Milanovi\u0107","isPartOf":{"@id":"https:\/\/www.predsjednik.hr\/en\/#website"},"primaryImageOfPage":{"@id":"https:\/\/www.predsjednik.hr\/en\/news\/president-milanovic-attends-military-exercise-shield-22-of-croatian-and-us-armed-forces-demonstrating-air-defence-capabilities\/#primaryimage"},"image":{"@id":"https:\/\/www.predsjednik.hr\/en\/news\/president-milanovic-attends-military-exercise-shield-22-of-croatian-and-us-armed-forces-demonstrating-air-defence-capabilities\/#primaryimage"},"thumbnailUrl":"https:\/\/www.predsjednik.hr\/wp-content\/uploads\/2022\/04\/DSC_8589-1.jpg","datePublished":"2022-04-09T12:25:00+00:00","dateModified":"2022-04-11T08:28:39+00:00","breadcrumb":{"@id":"https:\/\/www.predsjednik.hr\/en\/news\/president-milanovic-attends-military-exercise-shield-22-of-croatian-and-us-armed-forces-demonstrating-air-defence-capabilities\/#breadcrumb"},"inLanguage":"en-US","potentialAction":[{"@type":"ReadAction","target":["https:\/\/www.predsjednik.hr\/en\/news\/president-milanovic-attends-military-exercise-shield-22-of-croatian-and-us-armed-forces-demonstrating-air-defence-capabilities\/"]}]},{"@type":"ImageObject","inLanguage":"en-US","@id":"https:\/\/www.predsjednik.hr\/en\/news\/president-milanovic-attends-military-exercise-shield-22-of-croatian-and-us-armed-forces-demonstrating-air-defence-capabilities\/#primaryimage","url":"https:\/\/www.predsjednik.hr\/wp-content\/uploads\/2022\/04\/DSC_8589-1.jpg","contentUrl":"https:\/\/www.predsjednik.hr\/wp-content\/uploads\/2022\/04\/DSC_8589-1.jpg","width":5473,"height":3079},{"@type":"BreadcrumbList","@id":"https:\/\/www.predsjednik.hr\/en\/news\/president-milanovic-attends-military-exercise-shield-22-of-croatian-and-us-armed-forces-demonstrating-air-defence-capabilities\/#breadcrumb","itemListElement":[{"@type":"ListItem","position":1,"name":"Home","item":"https:\/\/www.predsjednik.hr\/en\/"},{"@type":"ListItem","position":2,"name":"Vijesti","item":"https:\/\/www.predsjednik.hr\/en\/news\/"},{"@type":"ListItem","position":3,"name":"President Milanovi\u0107 Attends Military Exercise \u201cShield 22\u201d of Croatian and US Armed Forces Demonstrating Air Defence Capabilities"}]},{"@type":"WebSite","@id":"https:\/\/www.predsjednik.hr\/en\/#website","url":"https:\/\/www.predsjednik.hr\/en\/","name":"President of the Republic of Croatia - Zoran Milanovi\u0107","description":"Just another WordPress site","potentialAction":[{"@type":"SearchAction","target":{"@type":"EntryPoint","urlTemplate":"https:\/\/www.predsjednik.hr\/en\/?s={search_term_string}"},"query-input":{"@type":"PropertyValueSpecification","valueRequired":true,"valueName":"search_term_string"}}],"inLanguage":"en-US"}]}},"_links":{"self":[{"href":"https:\/\/www.predsjednik.hr\/en\/wp-json\/wp\/v2\/news\/16435","targetHints":{"allow":["GET"]}}],"collection":[{"href":"https:\/\/www.predsjednik.hr\/en\/wp-json\/wp\/v2\/news"}],"about":[{"href":"https:\/\/www.predsjednik.hr\/en\/wp-json\/wp\/v2\/types\/news"}],"wp:featuredmedia":[{"embeddable":true,"href":"https:\/\/www.predsjednik.hr\/en\/wp-json\/wp\/v2\/media\/16434"}],"wp:attachment":[{"href":"https:\/\/www.predsjednik.hr\/en\/wp-json\/wp\/v2\/media?parent=16435"}],"wp:term":[{"taxonomy":"news-cat","embeddable":true,"href":"https:\/\/www.predsjednik.hr\/en\/wp-json\/wp\/v2\/news-cat?post=16435"}],"curies":[{"name":"wp","href":"https:\/\/api.w.org\/{rel}","templated":true}]}}