{"id":16436,"date":"2022-04-08T16:18:00","date_gmt":"2022-04-08T14:18:00","guid":{"rendered":"https:\/\/www.predsjednik.hr\/?post_type=news&#038;p=16436"},"modified":"2022-04-11T12:23:14","modified_gmt":"2022-04-11T10:23:14","slug":"president-milanovic-at-hvo-celebration-in-mostar-croatianhood-in-bosnia-and-herzegovina-cannot-be-eradicated-and-without-it-there-is-no-bosnia-and-herzegovina","status":"publish","type":"news","link":"https:\/\/www.predsjednik.hr\/en\/news\/president-milanovic-at-hvo-celebration-in-mostar-croatianhood-in-bosnia-and-herzegovina-cannot-be-eradicated-and-without-it-there-is-no-bosnia-and-herzegovina\/","title":{"rendered":"President Milanovi\u0107 at HVO Celebration in Mostar: Croatianhood in Bosnia and Herzegovina cannot be eradicated and without it there is no Bosnia and Herzegovina"},"content":{"rendered":"\n<p>The President of the Republic of Croatia Zoran Milanovi\u0107 attended a ceremony marking the 30<sup>th<\/sup> anniversary of the establishment of the Croatian Defence Council (HVO). On the occasion, President Milanovi\u0107 decorated posthumously HVO General Ivo Lozan\u010di\u0107, commander of the 111<sup>th<\/sup> Brigade of HVO \u017dep\u010de and the HVO Areas of Operations Mostar, Tomislavgrad, Vitez and Ora\u0161je.<\/p>\n\n\n\n<p>At the special session held on the occasion of the 30<sup>th<\/sup> anniversary of the establishment of the Croatian Defence Council, President Milanovi\u0107 stated that he will weigh his words \u201cbecause I realize that each word and gesture of mine will be scrutinized and labelled as either friendly or hostile\u201d.<\/p>\n\n\n\n<p>\u201cI come here to be among my people, my Croats, as a friend and always a friend, a brother\u201d, he said, further noting: \u201cI wish to tell our partners, all those who are listening to me and to all those who care, that the organization of this gathering \u2013 in terms of culture, style, decency \u2013 shows that all of this is Europe! It demonstrates to all those who are sceptical towards Bosnia, towards Herzegovina, towards the role of the HVO in the war which was fateful, significant and victorious, including all the minor mistakes that can always be talked about, but cannot be a basis for imposing a guilt complex and eternal penance. And to all those in Croatia who are sceptical or have prejudices, I can only say \u2013 come here and see for yourselves, come here to admire\u201d.<\/p>\n\n\n\n<p>He went on to say that he was elected to be the president and the representative of all the Croats, Croatian citizens, Croatian minorities, Croats abroad and Croats in Bosnia and Herzegovina. \u201cI\u2019m not ashamed of it, this is my duty, this is the oath I took, this is my awareness and my conscience. I have no prejudices against anyone in Bosnia and Herzegovina, not towards the Serbs who were our enemies and aggressors in the last war, nor towards the Bosniaks who are a reality, our neighbours. All of this is reality and so is Croatianhood in Bosnia and Herzegovina that cannot be eradicated and without which there is no Bosnia and Herzegovina\u201d, the President underlined, adding that there is no Bosnia and Herzegovina either without the Serbs or without the Bosniaks.<\/p>\n\n\n\n<p>\u201cIt is a trinity, a unity that makes up Bosnia and Herzegovina. In order for it to function, certain conditions should be met, certain promises kept, respect what has been signed and stated, that\u2019s the gist of the story. Croatia is one of Dayton\u2019s guarantors, Dayton was a means to end the war, and for Bosnia and Herzegovina to survive. Croats as the least numerous people in Bosnia and Herzegovina don\u2019t want to be a minority. They don\u2019t want to have the status of a minority\u201d, President Milanovi\u0107 noted, adding that minorities in Croatia enjoy a status that perhaps no one else enjoys in any other European Union state. \u201cWhat happened in Bosnia and Herzegovina in the last sixteen years, did anyone take notice or sense that at the expense of the Croats \u2013 who are the least numerous people, yet not a minority \u2013 someone would realize their petty interests, and jeopardize the basic interests of their state, their people,\u201d President Milanovi\u0107 asked in addressing the gathering.<\/p>\n\n\n\n<p>He reminded of his stance that Bosnia and Herzegovina should be granted EU candidate status. \u201cAfter the horrendous Russian attack against Ukraine, which must be condemned, on the initiative of the presidents of Central and Eastern European states to grant Ukraine immediate candidate status in negotiations for membership in the European Union, I replied \u2013 I cannot consent until this same status is granted to Bosnia and Herzegovina. This, however, has not been recognized as a friendly act\u201d, he said, and underlined that \u201cwe want Bosnia and Herzegovina integral, whole and orderly in the European Union\u201d.<\/p>\n\n\n\n<p>\u201cAs far as I\u2019m concerned, just when it joins the European Union can it become the ideal of cosmopolitan moralists and philosophers \u2013 a civic state. Just then, and until then it is Bosnia and Herzegovina structured according to Dayton, which developed in the blood of Croatian soldiers, the Croatian Army, the Croatian Defence Council and the Army of B-H\u201d, the Croatian President stated.<\/p>\n\n\n\n<p>Regarding accession to the European Union, his view is that this is one of the most important things that Croatia achieved in its integrational path towards a brighter future because it is the Croatian interest. \u201cThe European Union is a means, an institutional goal and a means through which we reap the benefits for ourselves. This is a business relationship. Unfortunately, the European Union has demonstrated that it is a poor administrator in Bosnia and Herzegovina, that it is being transformed into a colonial administration. This process is no good because it is managed by bureaucrats who don\u2019t know or don\u2019t understand, who are just simply wasting our time\u201d, President Milanovi\u0107 commented, adding that it is a very lengthy period of time and that \u201cthere is no justification whatsoever that twenty-seven years later Bosnia and Herzegovina has no clear-cut definition\u201d.<\/p>\n\n\n\n<p>\u201cYes, I will provoke and seek that Bosnia and Herzegovina is granted candidate status. Because, if Serbia can have it, if Serbia can negotiate for years its membership in the European Union, which I do not oppose, how can they remain silent and deny Bosnia and Herzegovina\u201d, President Milanovi\u0107 stated, and concluded that Bosnia and Herzegovina, like the European Union, can survive and progress only if diversity is respected.<\/p>\n\n\n\n<p>On 30<sup>th<\/sup> anniversary of the establishment of the Croatian Defence Council (HVO), the President of the Republic bestowed posthumously upon Ivo Lozan\u010di\u0107 the Order of Duke Domagoj with Ribbon for bravery and heroism displayed in the war and the Order of Ban Jela\u010di\u0107 for extraordinary command of Croatian Defence Council (HVO) units as well as for overall merit in the organization of the Areas of Operations Mostar, Tomislavgrad, Vitez and Ora\u0161je.<\/p>\n\n\n\n<p>Addressing the gathering aside from President Milanovi\u0107 were the head of the Department for Defenders of the HVO and the Homeland War, the Croatian National Assembly (HNS) of Bosnia and Herzegovina General Vlado D\u017eoi\u0107, the Deputy Prime Minister and Minister of Croatian Veterans\u2019 Affairs of the Republic of Croatia Tomo Medved and the Chair of the House of Peoples of the Parliamentary Assembly of B-H and the President of the Croatian National Assembly Dragan \u010covi\u0107.<\/p>\n\n\n\n<p>Prior to the special session in the Croatian Home of Herceg Stjepan Kosa\u010da, President Milanovi\u0107 &nbsp;laid a wreath and lit a candle at the Central Monument to the Croatian Defenders in the Homeland War. Alongside President Milanovi\u0107 were the Head of the Office of the President of the Republic Orsat Miljeni\u0107, the Head of the Cabinet of the President of the Republic Bartol \u0160imuni\u0107, the Adviser to the President of the Republic for Defence and National Security Dragan Lozan\u010di\u0107 and the Special Adviser to the President for Homeland War Veterasn Marijan Marekovi\u0107.<\/p>\n\n\n<!--GALLERY BLOCK-->\n<div class=\"c-lightbox-gallery js-lightbox\">\n                <!--single-->\n            <a data-no-swup class=\"c-lightbox-gallery__single js-lightbox-single\"\n               href=\"https:\/\/www.predsjednik.hr\/wp-content\/uploads\/2022\/04\/1649412846510-1024x576.jpg\"\n               style=\"background-image: url('https:\/\/www.predsjednik.hr\/wp-content\/uploads\/2022\/04\/1649412846510-768x432.jpg')\"><\/a>\n            <!--end single-->\n                    <!--single-->\n            <a data-no-swup class=\"c-lightbox-gallery__single js-lightbox-single\"\n               href=\"https:\/\/www.predsjednik.hr\/wp-content\/uploads\/2022\/04\/1649412846517-1024x576.jpg\"\n               style=\"background-image: url('https:\/\/www.predsjednik.hr\/wp-content\/uploads\/2022\/04\/1649412846517-768x432.jpg')\"><\/a>\n            <!--end single-->\n                    <!--single-->\n            <a data-no-swup class=\"c-lightbox-gallery__single js-lightbox-single\"\n               href=\"https:\/\/www.predsjednik.hr\/wp-content\/uploads\/2022\/04\/1649412846524-1024x576.jpg\"\n               style=\"background-image: url('https:\/\/www.predsjednik.hr\/wp-content\/uploads\/2022\/04\/1649412846524-768x432.jpg')\"><\/a>\n            <!--end single-->\n                    <!--single-->\n            <a data-no-swup class=\"c-lightbox-gallery__single js-lightbox-single\"\n               href=\"https:\/\/www.predsjednik.hr\/wp-content\/uploads\/2022\/04\/1649412846534-1024x576.jpg\"\n               style=\"background-image: url('https:\/\/www.predsjednik.hr\/wp-content\/uploads\/2022\/04\/1649412846534-768x432.jpg')\"><\/a>\n            <!--end single-->\n                    <!--single-->\n            <a data-no-swup class=\"c-lightbox-gallery__single js-lightbox-single\"\n               href=\"https:\/\/www.predsjednik.hr\/wp-content\/uploads\/2022\/04\/1649412846542-1024x576.jpg\"\n               style=\"background-image: url('https:\/\/www.predsjednik.hr\/wp-content\/uploads\/2022\/04\/1649412846542-768x432.jpg')\"><\/a>\n            <!--end single-->\n                    <!--single-->\n            <a data-no-swup class=\"c-lightbox-gallery__single js-lightbox-single\"\n               href=\"https:\/\/www.predsjednik.hr\/wp-content\/uploads\/2022\/04\/1649417761106-1024x576.jpg\"\n               style=\"background-image: url('https:\/\/www.predsjednik.hr\/wp-content\/uploads\/2022\/04\/1649417761106-768x432.jpg')\"><\/a>\n            <!--end single-->\n                    <!--single-->\n            <a data-no-swup class=\"c-lightbox-gallery__single js-lightbox-single\"\n               href=\"https:\/\/www.predsjednik.hr\/wp-content\/uploads\/2022\/04\/1649417761231-1024x576.jpg\"\n               style=\"background-image: url('https:\/\/www.predsjednik.hr\/wp-content\/uploads\/2022\/04\/1649417761231-768x432.jpg')\"><\/a>\n            <!--end single-->\n                    <!--single-->\n            <a data-no-swup class=\"c-lightbox-gallery__single js-lightbox-single\"\n               href=\"https:\/\/www.predsjednik.hr\/wp-content\/uploads\/2022\/04\/1649417761125-1024x576.jpg\"\n               style=\"background-image: url('https:\/\/www.predsjednik.hr\/wp-content\/uploads\/2022\/04\/1649417761125-768x432.jpg')\"><\/a>\n            <!--end single-->\n                    <!--single-->\n            <a data-no-swup class=\"c-lightbox-gallery__single js-lightbox-single\"\n               href=\"https:\/\/www.predsjednik.hr\/wp-content\/uploads\/2022\/04\/1649417761144-1024x731.jpg\"\n               style=\"background-image: url('https:\/\/www.predsjednik.hr\/wp-content\/uploads\/2022\/04\/1649417761144-768x549.jpg')\"><\/a>\n            <!--end single-->\n                    <!--single-->\n            <a data-no-swup class=\"c-lightbox-gallery__single js-lightbox-single\"\n               href=\"https:\/\/www.predsjednik.hr\/wp-content\/uploads\/2022\/04\/1649417761168-1024x731.jpg\"\n               style=\"background-image: url('https:\/\/www.predsjednik.hr\/wp-content\/uploads\/2022\/04\/1649417761168-768x549.jpg')\"><\/a>\n            <!--end single-->\n                    <!--single-->\n            <a data-no-swup class=\"c-lightbox-gallery__single js-lightbox-single\"\n               href=\"https:\/\/www.predsjednik.hr\/wp-content\/uploads\/2022\/04\/1649417761176-1024x731.jpg\"\n               style=\"background-image: url('https:\/\/www.predsjednik.hr\/wp-content\/uploads\/2022\/04\/1649417761176-768x549.jpg')\"><\/a>\n            <!--end single-->\n                    <!--single-->\n            <a data-no-swup class=\"c-lightbox-gallery__single js-lightbox-single\"\n               href=\"https:\/\/www.predsjednik.hr\/wp-content\/uploads\/2022\/04\/1649417761196-1024x732.jpg\"\n               style=\"background-image: url('https:\/\/www.predsjednik.hr\/wp-content\/uploads\/2022\/04\/1649417761196-768x549.jpg')\"><\/a>\n            <!--end single-->\n                    <!--single-->\n            <a data-no-swup class=\"c-lightbox-gallery__single js-lightbox-single\"\n               href=\"https:\/\/www.predsjednik.hr\/wp-content\/uploads\/2022\/04\/1649417761205-1024x731.jpg\"\n               style=\"background-image: url('https:\/\/www.predsjednik.hr\/wp-content\/uploads\/2022\/04\/1649417761205-768x549.jpg')\"><\/a>\n            <!--end single-->\n                    <!--single-->\n            <a data-no-swup class=\"c-lightbox-gallery__single js-lightbox-single\"\n               href=\"https:\/\/www.predsjednik.hr\/wp-content\/uploads\/2022\/04\/1649417761223-1024x731.jpg\"\n               style=\"background-image: url('https:\/\/www.predsjednik.hr\/wp-content\/uploads\/2022\/04\/1649417761223-768x549.jpg')\"><\/a>\n            <!--end single-->\n                    <!--single-->\n            <a data-no-swup class=\"c-lightbox-gallery__single js-lightbox-single\"\n               href=\"https:\/\/www.predsjednik.hr\/wp-content\/uploads\/2022\/04\/1649424058054-1024x576.jpg\"\n               style=\"background-image: url('https:\/\/www.predsjednik.hr\/wp-content\/uploads\/2022\/04\/1649424058054-768x432.jpg')\"><\/a>\n            <!--end single-->\n        <\/div>\n<!--end GALLERY BLOCK-->\n\n\n\n<p>PHOTO: Office of the President of the Republic of Croatia \/ Ana Marija Kati\u0107<\/p>\n","protected":false},"excerpt":{"rendered":"<p>The President of the Republic of Croatia Zoran Milanovi\u0107 attended a ceremony marking the 30th anniversary of the establishment of the Croatian Defence Council (HVO). On the occasion, President Milanovi\u0107 decorated posthumously HVO General Ivo Lozan\u010di\u0107, commander of the 111th Brigade of HVO \u017dep\u010de and the HVO Areas of Operations Mostar, Tomislavgrad, Vitez and Ora\u0161je.<\/p>\n","protected":false},"featured_media":16388,"template":"","news-cat":[12],"class_list":["post-16436","news","type-news","status-publish","has-post-thumbnail","hentry","news-cat-news"],"acf":[],"yoast_head":"<!-- This site is optimized with the Yoast SEO plugin v27.4 - https:\/\/yoast.com\/product\/yoast-seo-wordpress\/ -->\n<title>President Milanovi\u0107 at HVO Celebration in Mostar: Croatianhood in Bosnia and Herzegovina cannot be eradicated and without it there is no Bosnia and Herzegovina - President of the Republic of Croatia - Zoran Milanovi\u0107<\/title>\n<meta name=\"robots\" content=\"index, follow, max-snippet:-1, max-image-preview:large, max-video-preview:-1\" \/>\n<link rel=\"canonical\" href=\"https:\/\/www.predsjednik.hr\/en\/news\/president-milanovic-at-hvo-celebration-in-mostar-croatianhood-in-bosnia-and-herzegovina-cannot-be-eradicated-and-without-it-there-is-no-bosnia-and-herzegovina\/\" \/>\n<meta property=\"og:locale\" content=\"en_US\" \/>\n<meta property=\"og:type\" content=\"article\" \/>\n<meta property=\"og:title\" content=\"President Milanovi\u0107 at HVO Celebration in Mostar: Croatianhood in Bosnia and Herzegovina cannot be eradicated and without it there is no Bosnia and Herzegovina - President of the Republic of Croatia - Zoran Milanovi\u0107\" \/>\n<meta property=\"og:description\" content=\"The President of the Republic of Croatia Zoran Milanovi\u0107 attended a ceremony marking the 30th anniversary of the establishment of the Croatian Defence Council (HVO). On the occasion, President Milanovi\u0107 decorated posthumously HVO General Ivo Lozan\u010di\u0107, commander of the 111th Brigade of HVO \u017dep\u010de and the HVO Areas of Operations Mostar, Tomislavgrad, Vitez and Ora\u0161je.\" \/>\n<meta property=\"og:url\" content=\"https:\/\/www.predsjednik.hr\/en\/news\/president-milanovic-at-hvo-celebration-in-mostar-croatianhood-in-bosnia-and-herzegovina-cannot-be-eradicated-and-without-it-there-is-no-bosnia-and-herzegovina\/\" \/>\n<meta property=\"og:site_name\" content=\"President of the Republic of Croatia - Zoran Milanovi\u0107\" \/>\n<meta property=\"article:modified_time\" content=\"2022-04-11T10:23:14+00:00\" \/>\n<meta property=\"og:image\" content=\"https:\/\/www.predsjednik.hr\/wp-content\/uploads\/2022\/04\/1649417761125.jpg\" \/>\n\t<meta property=\"og:image:width\" content=\"6128\" \/>\n\t<meta property=\"og:image:height\" content=\"3447\" \/>\n\t<meta property=\"og:image:type\" content=\"image\/jpeg\" \/>\n<meta name=\"twitter:card\" content=\"summary_large_image\" \/>\n<meta name=\"twitter:label1\" content=\"Est. reading time\" \/>\n\t<meta name=\"twitter:data1\" content=\"7 minutes\" \/>\n<script type=\"application\/ld+json\" class=\"yoast-schema-graph\">{\"@context\":\"https:\\\/\\\/schema.org\",\"@graph\":[{\"@type\":\"WebPage\",\"@id\":\"https:\\\/\\\/www.predsjednik.hr\\\/en\\\/news\\\/president-milanovic-at-hvo-celebration-in-mostar-croatianhood-in-bosnia-and-herzegovina-cannot-be-eradicated-and-without-it-there-is-no-bosnia-and-herzegovina\\\/\",\"url\":\"https:\\\/\\\/www.predsjednik.hr\\\/en\\\/news\\\/president-milanovic-at-hvo-celebration-in-mostar-croatianhood-in-bosnia-and-herzegovina-cannot-be-eradicated-and-without-it-there-is-no-bosnia-and-herzegovina\\\/\",\"name\":\"President Milanovi\u0107 at HVO Celebration in Mostar: Croatianhood in Bosnia and Herzegovina cannot be eradicated and without it there is no Bosnia and Herzegovina - President of the Republic of Croatia - Zoran Milanovi\u0107\",\"isPartOf\":{\"@id\":\"https:\\\/\\\/www.predsjednik.hr\\\/en\\\/#website\"},\"primaryImageOfPage\":{\"@id\":\"https:\\\/\\\/www.predsjednik.hr\\\/en\\\/news\\\/president-milanovic-at-hvo-celebration-in-mostar-croatianhood-in-bosnia-and-herzegovina-cannot-be-eradicated-and-without-it-there-is-no-bosnia-and-herzegovina\\\/#primaryimage\"},\"image\":{\"@id\":\"https:\\\/\\\/www.predsjednik.hr\\\/en\\\/news\\\/president-milanovic-at-hvo-celebration-in-mostar-croatianhood-in-bosnia-and-herzegovina-cannot-be-eradicated-and-without-it-there-is-no-bosnia-and-herzegovina\\\/#primaryimage\"},\"thumbnailUrl\":\"https:\\\/\\\/www.predsjednik.hr\\\/wp-content\\\/uploads\\\/2022\\\/04\\\/1649417761125.jpg\",\"datePublished\":\"2022-04-08T14:18:00+00:00\",\"dateModified\":\"2022-04-11T10:23:14+00:00\",\"breadcrumb\":{\"@id\":\"https:\\\/\\\/www.predsjednik.hr\\\/en\\\/news\\\/president-milanovic-at-hvo-celebration-in-mostar-croatianhood-in-bosnia-and-herzegovina-cannot-be-eradicated-and-without-it-there-is-no-bosnia-and-herzegovina\\\/#breadcrumb\"},\"inLanguage\":\"en-US\",\"potentialAction\":[{\"@type\":\"ReadAction\",\"target\":[\"https:\\\/\\\/www.predsjednik.hr\\\/en\\\/news\\\/president-milanovic-at-hvo-celebration-in-mostar-croatianhood-in-bosnia-and-herzegovina-cannot-be-eradicated-and-without-it-there-is-no-bosnia-and-herzegovina\\\/\"]}]},{\"@type\":\"ImageObject\",\"inLanguage\":\"en-US\",\"@id\":\"https:\\\/\\\/www.predsjednik.hr\\\/en\\\/news\\\/president-milanovic-at-hvo-celebration-in-mostar-croatianhood-in-bosnia-and-herzegovina-cannot-be-eradicated-and-without-it-there-is-no-bosnia-and-herzegovina\\\/#primaryimage\",\"url\":\"https:\\\/\\\/www.predsjednik.hr\\\/wp-content\\\/uploads\\\/2022\\\/04\\\/1649417761125.jpg\",\"contentUrl\":\"https:\\\/\\\/www.predsjednik.hr\\\/wp-content\\\/uploads\\\/2022\\\/04\\\/1649417761125.jpg\",\"width\":6128,\"height\":3447,\"caption\":\"The President of the Republic of Croatia Zoran Milanovi\u0107 attended a ceremony marking the 30th anniversary of the establishment of the Croatian Defence Council (HVO).\"},{\"@type\":\"BreadcrumbList\",\"@id\":\"https:\\\/\\\/www.predsjednik.hr\\\/en\\\/news\\\/president-milanovic-at-hvo-celebration-in-mostar-croatianhood-in-bosnia-and-herzegovina-cannot-be-eradicated-and-without-it-there-is-no-bosnia-and-herzegovina\\\/#breadcrumb\",\"itemListElement\":[{\"@type\":\"ListItem\",\"position\":1,\"name\":\"Home\",\"item\":\"https:\\\/\\\/www.predsjednik.hr\\\/en\\\/\"},{\"@type\":\"ListItem\",\"position\":2,\"name\":\"Vijesti\",\"item\":\"https:\\\/\\\/www.predsjednik.hr\\\/en\\\/news\\\/\"},{\"@type\":\"ListItem\",\"position\":3,\"name\":\"President Milanovi\u0107 at HVO Celebration in Mostar: Croatianhood in Bosnia and Herzegovina cannot be eradicated and without it there is no Bosnia and Herzegovina\"}]},{\"@type\":\"WebSite\",\"@id\":\"https:\\\/\\\/www.predsjednik.hr\\\/en\\\/#website\",\"url\":\"https:\\\/\\\/www.predsjednik.hr\\\/en\\\/\",\"name\":\"President of the Republic of Croatia - Zoran Milanovi\u0107\",\"description\":\"Just another WordPress site\",\"potentialAction\":[{\"@type\":\"SearchAction\",\"target\":{\"@type\":\"EntryPoint\",\"urlTemplate\":\"https:\\\/\\\/www.predsjednik.hr\\\/en\\\/?s={search_term_string}\"},\"query-input\":{\"@type\":\"PropertyValueSpecification\",\"valueRequired\":true,\"valueName\":\"search_term_string\"}}],\"inLanguage\":\"en-US\"}]}<\/script>\n<!-- \/ Yoast SEO plugin. -->","yoast_head_json":{"title":"President Milanovi\u0107 at HVO Celebration in Mostar: Croatianhood in Bosnia and Herzegovina cannot be eradicated and without it there is no Bosnia and Herzegovina - President of the Republic of Croatia - Zoran Milanovi\u0107","robots":{"index":"index","follow":"follow","max-snippet":"max-snippet:-1","max-image-preview":"max-image-preview:large","max-video-preview":"max-video-preview:-1"},"canonical":"https:\/\/www.predsjednik.hr\/en\/news\/president-milanovic-at-hvo-celebration-in-mostar-croatianhood-in-bosnia-and-herzegovina-cannot-be-eradicated-and-without-it-there-is-no-bosnia-and-herzegovina\/","og_locale":"en_US","og_type":"article","og_title":"President Milanovi\u0107 at HVO Celebration in Mostar: Croatianhood in Bosnia and Herzegovina cannot be eradicated and without it there is no Bosnia and Herzegovina - President of the Republic of Croatia - Zoran Milanovi\u0107","og_description":"The President of the Republic of Croatia Zoran Milanovi\u0107 attended a ceremony marking the 30th anniversary of the establishment of the Croatian Defence Council (HVO). On the occasion, President Milanovi\u0107 decorated posthumously HVO General Ivo Lozan\u010di\u0107, commander of the 111th Brigade of HVO \u017dep\u010de and the HVO Areas of Operations Mostar, Tomislavgrad, Vitez and Ora\u0161je.","og_url":"https:\/\/www.predsjednik.hr\/en\/news\/president-milanovic-at-hvo-celebration-in-mostar-croatianhood-in-bosnia-and-herzegovina-cannot-be-eradicated-and-without-it-there-is-no-bosnia-and-herzegovina\/","og_site_name":"President of the Republic of Croatia - Zoran Milanovi\u0107","article_modified_time":"2022-04-11T10:23:14+00:00","og_image":[{"width":6128,"height":3447,"url":"https:\/\/www.predsjednik.hr\/wp-content\/uploads\/2022\/04\/1649417761125.jpg","type":"image\/jpeg"}],"twitter_card":"summary_large_image","twitter_misc":{"Est. reading time":"7 minutes"},"schema":{"@context":"https:\/\/schema.org","@graph":[{"@type":"WebPage","@id":"https:\/\/www.predsjednik.hr\/en\/news\/president-milanovic-at-hvo-celebration-in-mostar-croatianhood-in-bosnia-and-herzegovina-cannot-be-eradicated-and-without-it-there-is-no-bosnia-and-herzegovina\/","url":"https:\/\/www.predsjednik.hr\/en\/news\/president-milanovic-at-hvo-celebration-in-mostar-croatianhood-in-bosnia-and-herzegovina-cannot-be-eradicated-and-without-it-there-is-no-bosnia-and-herzegovina\/","name":"President Milanovi\u0107 at HVO Celebration in Mostar: Croatianhood in Bosnia and Herzegovina cannot be eradicated and without it there is no Bosnia and Herzegovina - President of the Republic of Croatia - Zoran Milanovi\u0107","isPartOf":{"@id":"https:\/\/www.predsjednik.hr\/en\/#website"},"primaryImageOfPage":{"@id":"https:\/\/www.predsjednik.hr\/en\/news\/president-milanovic-at-hvo-celebration-in-mostar-croatianhood-in-bosnia-and-herzegovina-cannot-be-eradicated-and-without-it-there-is-no-bosnia-and-herzegovina\/#primaryimage"},"image":{"@id":"https:\/\/www.predsjednik.hr\/en\/news\/president-milanovic-at-hvo-celebration-in-mostar-croatianhood-in-bosnia-and-herzegovina-cannot-be-eradicated-and-without-it-there-is-no-bosnia-and-herzegovina\/#primaryimage"},"thumbnailUrl":"https:\/\/www.predsjednik.hr\/wp-content\/uploads\/2022\/04\/1649417761125.jpg","datePublished":"2022-04-08T14:18:00+00:00","dateModified":"2022-04-11T10:23:14+00:00","breadcrumb":{"@id":"https:\/\/www.predsjednik.hr\/en\/news\/president-milanovic-at-hvo-celebration-in-mostar-croatianhood-in-bosnia-and-herzegovina-cannot-be-eradicated-and-without-it-there-is-no-bosnia-and-herzegovina\/#breadcrumb"},"inLanguage":"en-US","potentialAction":[{"@type":"ReadAction","target":["https:\/\/www.predsjednik.hr\/en\/news\/president-milanovic-at-hvo-celebration-in-mostar-croatianhood-in-bosnia-and-herzegovina-cannot-be-eradicated-and-without-it-there-is-no-bosnia-and-herzegovina\/"]}]},{"@type":"ImageObject","inLanguage":"en-US","@id":"https:\/\/www.predsjednik.hr\/en\/news\/president-milanovic-at-hvo-celebration-in-mostar-croatianhood-in-bosnia-and-herzegovina-cannot-be-eradicated-and-without-it-there-is-no-bosnia-and-herzegovina\/#primaryimage","url":"https:\/\/www.predsjednik.hr\/wp-content\/uploads\/2022\/04\/1649417761125.jpg","contentUrl":"https:\/\/www.predsjednik.hr\/wp-content\/uploads\/2022\/04\/1649417761125.jpg","width":6128,"height":3447,"caption":"The President of the Republic of Croatia Zoran Milanovi\u0107 attended a ceremony marking the 30th anniversary of the establishment of the Croatian Defence Council (HVO)."},{"@type":"BreadcrumbList","@id":"https:\/\/www.predsjednik.hr\/en\/news\/president-milanovic-at-hvo-celebration-in-mostar-croatianhood-in-bosnia-and-herzegovina-cannot-be-eradicated-and-without-it-there-is-no-bosnia-and-herzegovina\/#breadcrumb","itemListElement":[{"@type":"ListItem","position":1,"name":"Home","item":"https:\/\/www.predsjednik.hr\/en\/"},{"@type":"ListItem","position":2,"name":"Vijesti","item":"https:\/\/www.predsjednik.hr\/en\/news\/"},{"@type":"ListItem","position":3,"name":"President Milanovi\u0107 at HVO Celebration in Mostar: Croatianhood in Bosnia and Herzegovina cannot be eradicated and without it there is no Bosnia and Herzegovina"}]},{"@type":"WebSite","@id":"https:\/\/www.predsjednik.hr\/en\/#website","url":"https:\/\/www.predsjednik.hr\/en\/","name":"President of the Republic of Croatia - Zoran Milanovi\u0107","description":"Just another WordPress site","potentialAction":[{"@type":"SearchAction","target":{"@type":"EntryPoint","urlTemplate":"https:\/\/www.predsjednik.hr\/en\/?s={search_term_string}"},"query-input":{"@type":"PropertyValueSpecification","valueRequired":true,"valueName":"search_term_string"}}],"inLanguage":"en-US"}]}},"_links":{"self":[{"href":"https:\/\/www.predsjednik.hr\/en\/wp-json\/wp\/v2\/news\/16436","targetHints":{"allow":["GET"]}}],"collection":[{"href":"https:\/\/www.predsjednik.hr\/en\/wp-json\/wp\/v2\/news"}],"about":[{"href":"https:\/\/www.predsjednik.hr\/en\/wp-json\/wp\/v2\/types\/news"}],"wp:featuredmedia":[{"embeddable":true,"href":"https:\/\/www.predsjednik.hr\/en\/wp-json\/wp\/v2\/media\/16388"}],"wp:attachment":[{"href":"https:\/\/www.predsjednik.hr\/en\/wp-json\/wp\/v2\/media?parent=16436"}],"wp:term":[{"taxonomy":"news-cat","embeddable":true,"href":"https:\/\/www.predsjednik.hr\/en\/wp-json\/wp\/v2\/news-cat?post=16436"}],"curies":[{"name":"wp","href":"https:\/\/api.w.org\/{rel}","templated":true}]}}