{"id":16560,"date":"2022-04-21T13:01:34","date_gmt":"2022-04-21T11:01:34","guid":{"rendered":"https:\/\/www.predsjednik.hr\/?post_type=news&#038;p=16560"},"modified":"2022-04-21T13:01:36","modified_gmt":"2022-04-21T11:01:36","slug":"president-milanovic-on-brac-island-every-eu-fund-euro-should-be-taken-and-used-purposefully","status":"publish","type":"news","link":"https:\/\/www.predsjednik.hr\/en\/news\/president-milanovic-on-brac-island-every-eu-fund-euro-should-be-taken-and-used-purposefully\/","title":{"rendered":"President Milanovi\u0107 on Bra\u010d Island: Every EU fund euro should be taken and used purposefully"},"content":{"rendered":"\n<p>The President of the Republic Zoran Milanovi\u0107 attended on Wednesday a ceremony in Supetar on the island of Bra\u010d to mark the opening of the joint Supetar Fire Department (DVD Supetar), a capital project of the town of Supetar and the municipalities of Nere\u017ei\u0161\u0107a, Postira and Sutivan, which will serve as the operations centre of the fire and civil protection services of Bra\u010d Island and as the training centre for Split-Dalmatia County firefighters. It is also one of the first examples of the establishment of a functional connection between several local self-government units with the aim of introducing a joint fire protection service on the island. The project is worth HRK 22 million and was mostly financed through EU funds.<\/p>\n\n\n\n<p>At the opening ceremony, President Milanovi\u0107 pointed out that the efforts of volunteer fire departments across Croatia are deeply noble and useful, and their work should never be underestimated.<\/p>\n\n\n\n<p>The President\u2019s address at the event particularly focused on firefighters from the island of Bra\u010d, who have been waiting for this moment for a long time and did not hide their emotions at the ceremony. \u201cThis island has been Europe long before European funds arrived. It is Europe in terms of the culture of its people, their work habits, knowledge and skills. It has been Europe thirty or more years ago in terms of its well-organized infrastructure. It is Europe today when we look at this facility that was financed by almost 80% of EU money. That\u2019s what I call the fulfilment of a purpose,\u201d said the President of the Republic, adding that he does not view the EU emotionally, either positively or even less negatively. \u201cBut as long as we have to trade, in some respects, some of our natural rights with Brussels \u2013 which we have as a nation and a state \u2013 then the measure of success is every euro that Croatia has taken from the euros offered. Every euro should be taken for purposeful, good things,\u201d he added.<\/p>\n\n\n\n<p>\u201cThis is a good thing. This is security, protection of property, peace and serenity for the people. Over the last few decades, my calling and profession has brought a lot of ugly things, but even more beautiful things to my life. One such thing was being able to witness what people from the island of Bra\u010d have accomplished in faraway parts of the world that I was lucky enough to visit. Wherever you go and see people from Bra\u010d \u2013 and the same goes for people from the island of Hvar \u2013 you see success in faraway expanses of the world. The people of Bra\u010d have always demonstrated that they are not ones who will cross the whole world and be content with just anything; they are always one or two steps ahead of others,\u201d said President Milanovi\u0107.<\/p>\n\n\n\n<p>The President of the Republic underscored, concluding his address: \u201cThis is not just a building. It is three million euros of money that you absorbed from the EU, where they waited so Croatia and countries that need them could use them. My wish is for you to have as much preparation, discipline and training as possible, and for you to have to demonstrate your experience as least often as possible in real life. My wish is also that in ten years\u2019 time such facilities will no longer be built with EU money, but with our money, because that will mean that Croatia has changed from being an EU recipient to a contributor. It will mean that we have progressed economically, that we are richer, more independent and that others will benefit from our help, and that we will enjoy all those benefits that are enjoyed today, more than by us, by the richest in the Union. I say this not out of envy, but out of sheer ambition and desire for success \u2013 precisely the desire that has driven generations of some people from the island of Bra\u010d to all corners of the world where I have witnessed their great strength, character and perseverance.\u201d<\/p>\n\n\n\n<p>Adviser to the President of the Republic for Human Rights and Civil Society Melita Muli\u0107 attended the ceremony alongside President Milanovi\u0107.<\/p>\n\n\n<!--GALLERY BLOCK-->\n<div class=\"c-lightbox-gallery js-lightbox\">\n                <!--single-->\n            <a data-no-swup class=\"c-lightbox-gallery__single js-lightbox-single\"\n               href=\"https:\/\/www.predsjednik.hr\/wp-content\/uploads\/2022\/04\/DSC_1096-1024x576.jpg\"\n               style=\"background-image: url('https:\/\/www.predsjednik.hr\/wp-content\/uploads\/2022\/04\/DSC_1096-768x432.jpg')\"><\/a>\n            <!--end single-->\n                    <!--single-->\n            <a data-no-swup class=\"c-lightbox-gallery__single js-lightbox-single\"\n               href=\"https:\/\/www.predsjednik.hr\/wp-content\/uploads\/2022\/04\/DSC_1119-1024x576.jpg\"\n               style=\"background-image: url('https:\/\/www.predsjednik.hr\/wp-content\/uploads\/2022\/04\/DSC_1119-768x432.jpg')\"><\/a>\n            <!--end single-->\n                    <!--single-->\n            <a data-no-swup class=\"c-lightbox-gallery__single js-lightbox-single\"\n               href=\"https:\/\/www.predsjednik.hr\/wp-content\/uploads\/2022\/04\/DSC_1381-1024x576.jpg\"\n               style=\"background-image: url('https:\/\/www.predsjednik.hr\/wp-content\/uploads\/2022\/04\/DSC_1381-768x432.jpg')\"><\/a>\n            <!--end single-->\n                    <!--single-->\n            <a data-no-swup class=\"c-lightbox-gallery__single js-lightbox-single\"\n               href=\"https:\/\/www.predsjednik.hr\/wp-content\/uploads\/2022\/04\/DSC_1489-1024x683.jpg\"\n               style=\"background-image: url('https:\/\/www.predsjednik.hr\/wp-content\/uploads\/2022\/04\/DSC_1489-768x512.jpg')\"><\/a>\n            <!--end single-->\n        <\/div>\n<!--end GALLERY BLOCK-->\n\n\n\n<p>PHOTO: Office of the President of the Republic of Croatia \/ Dario Andri\u0161ek<\/p>\n","protected":false},"excerpt":{"rendered":"<p>The President of the Republic Zoran Milanovi\u0107 attended on Wednesday a ceremony in Supetar on the island of Bra\u010d to mark the opening of the joint Supetar Fire Department (DVD Supetar), a capital project of the town of Supetar and the municipalities of Nere\u017ei\u0161\u0107a, Postira and Sutivan, which will serve as the operations centre of the fire and civil protection services of Bra\u010d Island and as the training centre for Split-Dalmatia County firefighters.<\/p>\n","protected":false},"featured_media":16543,"template":"","news-cat":[12],"class_list":["post-16560","news","type-news","status-publish","has-post-thumbnail","hentry","news-cat-news"],"acf":[],"yoast_head":"<!-- This site is optimized with the Yoast SEO plugin v27.5 - https:\/\/yoast.com\/product\/yoast-seo-wordpress\/ -->\n<title>President Milanovi\u0107 on Bra\u010d Island: Every EU fund euro should be taken and used purposefully - President of the Republic of Croatia - Zoran Milanovi\u0107<\/title>\n<meta name=\"robots\" content=\"index, follow, max-snippet:-1, max-image-preview:large, max-video-preview:-1\" \/>\n<link rel=\"canonical\" href=\"https:\/\/www.predsjednik.hr\/en\/news\/president-milanovic-on-brac-island-every-eu-fund-euro-should-be-taken-and-used-purposefully\/\" \/>\n<meta property=\"og:locale\" content=\"en_US\" \/>\n<meta property=\"og:type\" content=\"article\" \/>\n<meta property=\"og:title\" content=\"President Milanovi\u0107 on Bra\u010d Island: Every EU fund euro should be taken and used purposefully - President of the Republic of Croatia - Zoran Milanovi\u0107\" \/>\n<meta property=\"og:description\" content=\"The President of the Republic Zoran Milanovi\u0107 attended on Wednesday a ceremony in Supetar on the island of Bra\u010d to mark the opening of the joint Supetar Fire Department (DVD Supetar), a capital project of the town of Supetar and the municipalities of Nere\u017ei\u0161\u0107a, Postira and Sutivan, which will serve as the operations centre of the fire and civil protection services of Bra\u010d Island and as the training centre for Split-Dalmatia County firefighters.\" \/>\n<meta property=\"og:url\" content=\"https:\/\/www.predsjednik.hr\/en\/news\/president-milanovic-on-brac-island-every-eu-fund-euro-should-be-taken-and-used-purposefully\/\" \/>\n<meta property=\"og:site_name\" content=\"President of the Republic of Croatia - Zoran Milanovi\u0107\" \/>\n<meta property=\"article:modified_time\" content=\"2022-04-21T11:01:36+00:00\" \/>\n<meta property=\"og:image\" content=\"https:\/\/www.predsjednik.hr\/wp-content\/uploads\/2022\/04\/DSC_1119.jpg\" \/>\n\t<meta property=\"og:image:width\" content=\"6192\" \/>\n\t<meta property=\"og:image:height\" content=\"3483\" \/>\n\t<meta property=\"og:image:type\" content=\"image\/jpeg\" \/>\n<meta name=\"twitter:card\" content=\"summary_large_image\" \/>\n<meta name=\"twitter:label1\" content=\"Est. reading time\" \/>\n\t<meta name=\"twitter:data1\" content=\"4 minutes\" \/>\n<script type=\"application\/ld+json\" class=\"yoast-schema-graph\">{\"@context\":\"https:\\\/\\\/schema.org\",\"@graph\":[{\"@type\":\"WebPage\",\"@id\":\"https:\\\/\\\/www.predsjednik.hr\\\/en\\\/news\\\/president-milanovic-on-brac-island-every-eu-fund-euro-should-be-taken-and-used-purposefully\\\/\",\"url\":\"https:\\\/\\\/www.predsjednik.hr\\\/en\\\/news\\\/president-milanovic-on-brac-island-every-eu-fund-euro-should-be-taken-and-used-purposefully\\\/\",\"name\":\"President Milanovi\u0107 on Bra\u010d Island: Every EU fund euro should be taken and used purposefully - President of the Republic of Croatia - Zoran Milanovi\u0107\",\"isPartOf\":{\"@id\":\"https:\\\/\\\/www.predsjednik.hr\\\/en\\\/#website\"},\"primaryImageOfPage\":{\"@id\":\"https:\\\/\\\/www.predsjednik.hr\\\/en\\\/news\\\/president-milanovic-on-brac-island-every-eu-fund-euro-should-be-taken-and-used-purposefully\\\/#primaryimage\"},\"image\":{\"@id\":\"https:\\\/\\\/www.predsjednik.hr\\\/en\\\/news\\\/president-milanovic-on-brac-island-every-eu-fund-euro-should-be-taken-and-used-purposefully\\\/#primaryimage\"},\"thumbnailUrl\":\"https:\\\/\\\/www.predsjednik.hr\\\/wp-content\\\/uploads\\\/2022\\\/04\\\/DSC_1119.jpg\",\"datePublished\":\"2022-04-21T11:01:34+00:00\",\"dateModified\":\"2022-04-21T11:01:36+00:00\",\"breadcrumb\":{\"@id\":\"https:\\\/\\\/www.predsjednik.hr\\\/en\\\/news\\\/president-milanovic-on-brac-island-every-eu-fund-euro-should-be-taken-and-used-purposefully\\\/#breadcrumb\"},\"inLanguage\":\"en-US\",\"potentialAction\":[{\"@type\":\"ReadAction\",\"target\":[\"https:\\\/\\\/www.predsjednik.hr\\\/en\\\/news\\\/president-milanovic-on-brac-island-every-eu-fund-euro-should-be-taken-and-used-purposefully\\\/\"]}]},{\"@type\":\"ImageObject\",\"inLanguage\":\"en-US\",\"@id\":\"https:\\\/\\\/www.predsjednik.hr\\\/en\\\/news\\\/president-milanovic-on-brac-island-every-eu-fund-euro-should-be-taken-and-used-purposefully\\\/#primaryimage\",\"url\":\"https:\\\/\\\/www.predsjednik.hr\\\/wp-content\\\/uploads\\\/2022\\\/04\\\/DSC_1119.jpg\",\"contentUrl\":\"https:\\\/\\\/www.predsjednik.hr\\\/wp-content\\\/uploads\\\/2022\\\/04\\\/DSC_1119.jpg\",\"width\":6192,\"height\":3483,\"caption\":\"The President of the Republic Zoran Milanovi\u0107 attended on Wednesday a ceremony in Supetar on the island of Bra\u010d to mark the opening of the joint Supetar Fire Department (DVD Supetar), a capital project of the town of Supetar and the municipalities of Nere\u017ei\u0161\u0107a, Postira and Sutivan, which will serve as the operations centre of the fire and civil protection services of Bra\u010d Island and as the training centre for Split-Dalmatia County firefighters.\"},{\"@type\":\"BreadcrumbList\",\"@id\":\"https:\\\/\\\/www.predsjednik.hr\\\/en\\\/news\\\/president-milanovic-on-brac-island-every-eu-fund-euro-should-be-taken-and-used-purposefully\\\/#breadcrumb\",\"itemListElement\":[{\"@type\":\"ListItem\",\"position\":1,\"name\":\"Home\",\"item\":\"https:\\\/\\\/www.predsjednik.hr\\\/en\\\/\"},{\"@type\":\"ListItem\",\"position\":2,\"name\":\"Vijesti\",\"item\":\"https:\\\/\\\/www.predsjednik.hr\\\/en\\\/news\\\/\"},{\"@type\":\"ListItem\",\"position\":3,\"name\":\"President Milanovi\u0107 on Bra\u010d Island: Every EU fund euro should be taken and used purposefully\"}]},{\"@type\":\"WebSite\",\"@id\":\"https:\\\/\\\/www.predsjednik.hr\\\/en\\\/#website\",\"url\":\"https:\\\/\\\/www.predsjednik.hr\\\/en\\\/\",\"name\":\"President of the Republic of Croatia - Zoran Milanovi\u0107\",\"description\":\"Just another WordPress site\",\"potentialAction\":[{\"@type\":\"SearchAction\",\"target\":{\"@type\":\"EntryPoint\",\"urlTemplate\":\"https:\\\/\\\/www.predsjednik.hr\\\/en\\\/?s={search_term_string}\"},\"query-input\":{\"@type\":\"PropertyValueSpecification\",\"valueRequired\":true,\"valueName\":\"search_term_string\"}}],\"inLanguage\":\"en-US\"}]}<\/script>\n<!-- \/ Yoast SEO plugin. -->","yoast_head_json":{"title":"President Milanovi\u0107 on Bra\u010d Island: Every EU fund euro should be taken and used purposefully - President of the Republic of Croatia - Zoran Milanovi\u0107","robots":{"index":"index","follow":"follow","max-snippet":"max-snippet:-1","max-image-preview":"max-image-preview:large","max-video-preview":"max-video-preview:-1"},"canonical":"https:\/\/www.predsjednik.hr\/en\/news\/president-milanovic-on-brac-island-every-eu-fund-euro-should-be-taken-and-used-purposefully\/","og_locale":"en_US","og_type":"article","og_title":"President Milanovi\u0107 on Bra\u010d Island: Every EU fund euro should be taken and used purposefully - President of the Republic of Croatia - Zoran Milanovi\u0107","og_description":"The President of the Republic Zoran Milanovi\u0107 attended on Wednesday a ceremony in Supetar on the island of Bra\u010d to mark the opening of the joint Supetar Fire Department (DVD Supetar), a capital project of the town of Supetar and the municipalities of Nere\u017ei\u0161\u0107a, Postira and Sutivan, which will serve as the operations centre of the fire and civil protection services of Bra\u010d Island and as the training centre for Split-Dalmatia County firefighters.","og_url":"https:\/\/www.predsjednik.hr\/en\/news\/president-milanovic-on-brac-island-every-eu-fund-euro-should-be-taken-and-used-purposefully\/","og_site_name":"President of the Republic of Croatia - Zoran Milanovi\u0107","article_modified_time":"2022-04-21T11:01:36+00:00","og_image":[{"width":6192,"height":3483,"url":"https:\/\/www.predsjednik.hr\/wp-content\/uploads\/2022\/04\/DSC_1119.jpg","type":"image\/jpeg"}],"twitter_card":"summary_large_image","twitter_misc":{"Est. reading time":"4 minutes"},"schema":{"@context":"https:\/\/schema.org","@graph":[{"@type":"WebPage","@id":"https:\/\/www.predsjednik.hr\/en\/news\/president-milanovic-on-brac-island-every-eu-fund-euro-should-be-taken-and-used-purposefully\/","url":"https:\/\/www.predsjednik.hr\/en\/news\/president-milanovic-on-brac-island-every-eu-fund-euro-should-be-taken-and-used-purposefully\/","name":"President Milanovi\u0107 on Bra\u010d Island: Every EU fund euro should be taken and used purposefully - President of the Republic of Croatia - Zoran Milanovi\u0107","isPartOf":{"@id":"https:\/\/www.predsjednik.hr\/en\/#website"},"primaryImageOfPage":{"@id":"https:\/\/www.predsjednik.hr\/en\/news\/president-milanovic-on-brac-island-every-eu-fund-euro-should-be-taken-and-used-purposefully\/#primaryimage"},"image":{"@id":"https:\/\/www.predsjednik.hr\/en\/news\/president-milanovic-on-brac-island-every-eu-fund-euro-should-be-taken-and-used-purposefully\/#primaryimage"},"thumbnailUrl":"https:\/\/www.predsjednik.hr\/wp-content\/uploads\/2022\/04\/DSC_1119.jpg","datePublished":"2022-04-21T11:01:34+00:00","dateModified":"2022-04-21T11:01:36+00:00","breadcrumb":{"@id":"https:\/\/www.predsjednik.hr\/en\/news\/president-milanovic-on-brac-island-every-eu-fund-euro-should-be-taken-and-used-purposefully\/#breadcrumb"},"inLanguage":"en-US","potentialAction":[{"@type":"ReadAction","target":["https:\/\/www.predsjednik.hr\/en\/news\/president-milanovic-on-brac-island-every-eu-fund-euro-should-be-taken-and-used-purposefully\/"]}]},{"@type":"ImageObject","inLanguage":"en-US","@id":"https:\/\/www.predsjednik.hr\/en\/news\/president-milanovic-on-brac-island-every-eu-fund-euro-should-be-taken-and-used-purposefully\/#primaryimage","url":"https:\/\/www.predsjednik.hr\/wp-content\/uploads\/2022\/04\/DSC_1119.jpg","contentUrl":"https:\/\/www.predsjednik.hr\/wp-content\/uploads\/2022\/04\/DSC_1119.jpg","width":6192,"height":3483,"caption":"The President of the Republic Zoran Milanovi\u0107 attended on Wednesday a ceremony in Supetar on the island of Bra\u010d to mark the opening of the joint Supetar Fire Department (DVD Supetar), a capital project of the town of Supetar and the municipalities of Nere\u017ei\u0161\u0107a, Postira and Sutivan, which will serve as the operations centre of the fire and civil protection services of Bra\u010d Island and as the training centre for Split-Dalmatia County firefighters."},{"@type":"BreadcrumbList","@id":"https:\/\/www.predsjednik.hr\/en\/news\/president-milanovic-on-brac-island-every-eu-fund-euro-should-be-taken-and-used-purposefully\/#breadcrumb","itemListElement":[{"@type":"ListItem","position":1,"name":"Home","item":"https:\/\/www.predsjednik.hr\/en\/"},{"@type":"ListItem","position":2,"name":"Vijesti","item":"https:\/\/www.predsjednik.hr\/en\/news\/"},{"@type":"ListItem","position":3,"name":"President Milanovi\u0107 on Bra\u010d Island: Every EU fund euro should be taken and used purposefully"}]},{"@type":"WebSite","@id":"https:\/\/www.predsjednik.hr\/en\/#website","url":"https:\/\/www.predsjednik.hr\/en\/","name":"President of the Republic of Croatia - Zoran Milanovi\u0107","description":"Just another WordPress site","potentialAction":[{"@type":"SearchAction","target":{"@type":"EntryPoint","urlTemplate":"https:\/\/www.predsjednik.hr\/en\/?s={search_term_string}"},"query-input":{"@type":"PropertyValueSpecification","valueRequired":true,"valueName":"search_term_string"}}],"inLanguage":"en-US"}]}},"_links":{"self":[{"href":"https:\/\/www.predsjednik.hr\/en\/wp-json\/wp\/v2\/news\/16560","targetHints":{"allow":["GET"]}}],"collection":[{"href":"https:\/\/www.predsjednik.hr\/en\/wp-json\/wp\/v2\/news"}],"about":[{"href":"https:\/\/www.predsjednik.hr\/en\/wp-json\/wp\/v2\/types\/news"}],"wp:featuredmedia":[{"embeddable":true,"href":"https:\/\/www.predsjednik.hr\/en\/wp-json\/wp\/v2\/media\/16543"}],"wp:attachment":[{"href":"https:\/\/www.predsjednik.hr\/en\/wp-json\/wp\/v2\/media?parent=16560"}],"wp:term":[{"taxonomy":"news-cat","embeddable":true,"href":"https:\/\/www.predsjednik.hr\/en\/wp-json\/wp\/v2\/news-cat?post=16560"}],"curies":[{"name":"wp","href":"https:\/\/api.w.org\/{rel}","templated":true}]}}