{"id":16586,"date":"2022-04-22T11:29:14","date_gmt":"2022-04-22T09:29:14","guid":{"rendered":"https:\/\/www.predsjednik.hr\/?post_type=news&#038;p=16586"},"modified":"2022-04-22T11:29:17","modified_gmt":"2022-04-22T09:29:17","slug":"president-milanovic-views-bukovac-and-klimt-exhibitions-in-klovicevi-dvori-gallery","status":"publish","type":"news","link":"https:\/\/www.predsjednik.hr\/en\/news\/president-milanovic-views-bukovac-and-klimt-exhibitions-in-klovicevi-dvori-gallery\/","title":{"rendered":"President Milanovi\u0107 Views Bukovac and Klimt Exhibitions in Klovi\u0107evi Dvori Gallery"},"content":{"rendered":"\n<p>The President of the Republic Zoran Milanovi\u0107 viewed two exhibitions in the Klovi\u0107evi Dvori Gallery today entitled \u201cVlaho Bukovac in Europe exhibition series: (2\/3) Roots and Wings: Vlaho Bukovac in Zagreb, Cavtat and Vienna, 1893-1903\u201d and \u201cKlimt in Rijeka \u2013 Love, Death, Ecstasy\u201d of Gustav Klimt.<\/p>\n\n\n\n<p>Accompanied by the Klovi\u0107evi Dvori Gallery director Antonio Picukari\u0107 and under the professional guidance by the head of the curatorial department and author of the exhibition \u201cRoots and Wings: Vlaho Bukovac in Zagreb, Cavtat and Vienna, 1893-1903\u201d, President Milanovi\u0107 viewed the exhibition depicting Bukovac\u2019s life and oeuvre. Also exhibited was Vlaho Bukovac\u2019s \u201cSlab pazar\u201d (Poor Sales), painting owned by the Office of the President of the Republic of Croatia otherwise on exhibit in the President\u2019s cabinet.<\/p>\n\n\n\n<p>President Milanovi\u0107 viewed the exhibition \u201cKlimt in Rijeka \u2013 Love, Death, Ecstasy\u201d under the professional guidance of exhibition curator Valentina Bach. Klimt\u2019s paintings at Burgtheater and Kunsthistorisches Museum are considered masterpieces of late historicism.<\/p>\n\n\n<!--GALLERY BLOCK-->\n<div class=\"c-lightbox-gallery js-lightbox\">\n                <!--single-->\n            <a data-no-swup class=\"c-lightbox-gallery__single js-lightbox-single\"\n               href=\"https:\/\/www.predsjednik.hr\/wp-content\/uploads\/2022\/04\/DSC_2266-1024x683.jpg\"\n               style=\"background-image: url('https:\/\/www.predsjednik.hr\/wp-content\/uploads\/2022\/04\/DSC_2266-768x512.jpg')\"><\/a>\n            <!--end single-->\n                    <!--single-->\n            <a data-no-swup class=\"c-lightbox-gallery__single js-lightbox-single\"\n               href=\"https:\/\/www.predsjednik.hr\/wp-content\/uploads\/2022\/04\/DSC_2363-1024x683.jpg\"\n               style=\"background-image: url('https:\/\/www.predsjednik.hr\/wp-content\/uploads\/2022\/04\/DSC_2363-768x512.jpg')\"><\/a>\n            <!--end single-->\n                    <!--single-->\n            <a data-no-swup class=\"c-lightbox-gallery__single js-lightbox-single\"\n               href=\"https:\/\/www.predsjednik.hr\/wp-content\/uploads\/2022\/04\/DSC_2461-1024x683.jpg\"\n               style=\"background-image: url('https:\/\/www.predsjednik.hr\/wp-content\/uploads\/2022\/04\/DSC_2461-768x512.jpg')\"><\/a>\n            <!--end single-->\n                    <!--single-->\n            <a data-no-swup class=\"c-lightbox-gallery__single js-lightbox-single\"\n               href=\"https:\/\/www.predsjednik.hr\/wp-content\/uploads\/2022\/04\/DSC_2506-1024x683.jpg\"\n               style=\"background-image: url('https:\/\/www.predsjednik.hr\/wp-content\/uploads\/2022\/04\/DSC_2506-768x512.jpg')\"><\/a>\n            <!--end single-->\n        <\/div>\n<!--end GALLERY BLOCK-->\n\n\n\n<p>PHOTO: Office of the President of the Republic of Croatia \/ Tomislav Bu\u0161ljeta<\/p>\n","protected":false},"excerpt":{"rendered":"<p>The President of the Republic Zoran Milanovi\u0107 viewed two exhibitions in the Klovi\u0107evi Dvori Gallery today entitled \u201cVlaho Bukovac in Europe exhibition series: (2\/3) Roots and Wings: Vlaho Bukovac in Zagreb, Cavtat and Vienna, 1893-1903\u201d and \u201cKlimt in Rijeka \u2013 Love, Death, Ecstasy\u201d of Gustav Klimt.<\/p>\n","protected":false},"featured_media":16565,"template":"","news-cat":[12],"class_list":["post-16586","news","type-news","status-publish","has-post-thumbnail","hentry","news-cat-news"],"acf":[],"yoast_head":"<!-- This site is optimized with the Yoast SEO plugin v27.4 - https:\/\/yoast.com\/product\/yoast-seo-wordpress\/ -->\n<title>President Milanovi\u0107 Views Bukovac and Klimt Exhibitions in Klovi\u0107evi Dvori Gallery - President of the Republic of Croatia - Zoran Milanovi\u0107<\/title>\n<meta name=\"robots\" content=\"index, follow, max-snippet:-1, max-image-preview:large, max-video-preview:-1\" \/>\n<link rel=\"canonical\" href=\"https:\/\/www.predsjednik.hr\/en\/news\/president-milanovic-views-bukovac-and-klimt-exhibitions-in-klovicevi-dvori-gallery\/\" \/>\n<meta property=\"og:locale\" content=\"en_US\" \/>\n<meta property=\"og:type\" content=\"article\" \/>\n<meta property=\"og:title\" content=\"President Milanovi\u0107 Views Bukovac and Klimt Exhibitions in Klovi\u0107evi Dvori Gallery - President of the Republic of Croatia - Zoran Milanovi\u0107\" \/>\n<meta property=\"og:description\" content=\"The President of the Republic Zoran Milanovi\u0107 viewed two exhibitions in the Klovi\u0107evi Dvori Gallery today entitled \u201cVlaho Bukovac in Europe exhibition series: (2\/3) Roots and Wings: Vlaho Bukovac in Zagreb, Cavtat and Vienna, 1893-1903\u201d and \u201cKlimt in Rijeka \u2013 Love, Death, Ecstasy\u201d of Gustav Klimt.\" \/>\n<meta property=\"og:url\" content=\"https:\/\/www.predsjednik.hr\/en\/news\/president-milanovic-views-bukovac-and-klimt-exhibitions-in-klovicevi-dvori-gallery\/\" \/>\n<meta property=\"og:site_name\" content=\"President of the Republic of Croatia - Zoran Milanovi\u0107\" \/>\n<meta property=\"article:modified_time\" content=\"2022-04-22T09:29:17+00:00\" \/>\n<meta property=\"og:image\" content=\"https:\/\/www.predsjednik.hr\/wp-content\/uploads\/2022\/04\/DSC_2266.jpg\" \/>\n\t<meta property=\"og:image:width\" content=\"5816\" \/>\n\t<meta property=\"og:image:height\" content=\"3877\" \/>\n\t<meta property=\"og:image:type\" content=\"image\/jpeg\" \/>\n<meta name=\"twitter:card\" content=\"summary_large_image\" \/>\n<meta name=\"twitter:label1\" content=\"Est. reading time\" \/>\n\t<meta name=\"twitter:data1\" content=\"1 minute\" \/>\n<script type=\"application\/ld+json\" class=\"yoast-schema-graph\">{\"@context\":\"https:\\\/\\\/schema.org\",\"@graph\":[{\"@type\":\"WebPage\",\"@id\":\"https:\\\/\\\/www.predsjednik.hr\\\/en\\\/news\\\/president-milanovic-views-bukovac-and-klimt-exhibitions-in-klovicevi-dvori-gallery\\\/\",\"url\":\"https:\\\/\\\/www.predsjednik.hr\\\/en\\\/news\\\/president-milanovic-views-bukovac-and-klimt-exhibitions-in-klovicevi-dvori-gallery\\\/\",\"name\":\"President Milanovi\u0107 Views Bukovac and Klimt Exhibitions in Klovi\u0107evi Dvori Gallery - President of the Republic of Croatia - Zoran Milanovi\u0107\",\"isPartOf\":{\"@id\":\"https:\\\/\\\/www.predsjednik.hr\\\/en\\\/#website\"},\"primaryImageOfPage\":{\"@id\":\"https:\\\/\\\/www.predsjednik.hr\\\/en\\\/news\\\/president-milanovic-views-bukovac-and-klimt-exhibitions-in-klovicevi-dvori-gallery\\\/#primaryimage\"},\"image\":{\"@id\":\"https:\\\/\\\/www.predsjednik.hr\\\/en\\\/news\\\/president-milanovic-views-bukovac-and-klimt-exhibitions-in-klovicevi-dvori-gallery\\\/#primaryimage\"},\"thumbnailUrl\":\"https:\\\/\\\/www.predsjednik.hr\\\/wp-content\\\/uploads\\\/2022\\\/04\\\/DSC_2266.jpg\",\"datePublished\":\"2022-04-22T09:29:14+00:00\",\"dateModified\":\"2022-04-22T09:29:17+00:00\",\"breadcrumb\":{\"@id\":\"https:\\\/\\\/www.predsjednik.hr\\\/en\\\/news\\\/president-milanovic-views-bukovac-and-klimt-exhibitions-in-klovicevi-dvori-gallery\\\/#breadcrumb\"},\"inLanguage\":\"en-US\",\"potentialAction\":[{\"@type\":\"ReadAction\",\"target\":[\"https:\\\/\\\/www.predsjednik.hr\\\/en\\\/news\\\/president-milanovic-views-bukovac-and-klimt-exhibitions-in-klovicevi-dvori-gallery\\\/\"]}]},{\"@type\":\"ImageObject\",\"inLanguage\":\"en-US\",\"@id\":\"https:\\\/\\\/www.predsjednik.hr\\\/en\\\/news\\\/president-milanovic-views-bukovac-and-klimt-exhibitions-in-klovicevi-dvori-gallery\\\/#primaryimage\",\"url\":\"https:\\\/\\\/www.predsjednik.hr\\\/wp-content\\\/uploads\\\/2022\\\/04\\\/DSC_2266.jpg\",\"contentUrl\":\"https:\\\/\\\/www.predsjednik.hr\\\/wp-content\\\/uploads\\\/2022\\\/04\\\/DSC_2266.jpg\",\"width\":5816,\"height\":3877,\"caption\":\"Predsjednik Republike Zoran Milanovi\u0107 obi\u0161ao je danas dvije izlo\u017ebe postavljene u Galeriji Klovi\u0107evi dvori \u201eCiklus Vlaho Bukovac u Europi: (2\\\/3) Korijeni i krila: Vlaho Bukovac u Zagrebu, Cavtatu i Be\u010du, 1893.-1903. \u201c i \u201eKlimt u Rijeci \u2013 Ljubav, smrt, ekstaza\u201c.\"},{\"@type\":\"BreadcrumbList\",\"@id\":\"https:\\\/\\\/www.predsjednik.hr\\\/en\\\/news\\\/president-milanovic-views-bukovac-and-klimt-exhibitions-in-klovicevi-dvori-gallery\\\/#breadcrumb\",\"itemListElement\":[{\"@type\":\"ListItem\",\"position\":1,\"name\":\"Home\",\"item\":\"https:\\\/\\\/www.predsjednik.hr\\\/en\\\/\"},{\"@type\":\"ListItem\",\"position\":2,\"name\":\"Vijesti\",\"item\":\"https:\\\/\\\/www.predsjednik.hr\\\/en\\\/news\\\/\"},{\"@type\":\"ListItem\",\"position\":3,\"name\":\"President Milanovi\u0107 Views Bukovac and Klimt Exhibitions in Klovi\u0107evi Dvori Gallery\"}]},{\"@type\":\"WebSite\",\"@id\":\"https:\\\/\\\/www.predsjednik.hr\\\/en\\\/#website\",\"url\":\"https:\\\/\\\/www.predsjednik.hr\\\/en\\\/\",\"name\":\"President of the Republic of Croatia - Zoran Milanovi\u0107\",\"description\":\"Just another WordPress site\",\"potentialAction\":[{\"@type\":\"SearchAction\",\"target\":{\"@type\":\"EntryPoint\",\"urlTemplate\":\"https:\\\/\\\/www.predsjednik.hr\\\/en\\\/?s={search_term_string}\"},\"query-input\":{\"@type\":\"PropertyValueSpecification\",\"valueRequired\":true,\"valueName\":\"search_term_string\"}}],\"inLanguage\":\"en-US\"}]}<\/script>\n<!-- \/ Yoast SEO plugin. -->","yoast_head_json":{"title":"President Milanovi\u0107 Views Bukovac and Klimt Exhibitions in Klovi\u0107evi Dvori Gallery - President of the Republic of Croatia - Zoran Milanovi\u0107","robots":{"index":"index","follow":"follow","max-snippet":"max-snippet:-1","max-image-preview":"max-image-preview:large","max-video-preview":"max-video-preview:-1"},"canonical":"https:\/\/www.predsjednik.hr\/en\/news\/president-milanovic-views-bukovac-and-klimt-exhibitions-in-klovicevi-dvori-gallery\/","og_locale":"en_US","og_type":"article","og_title":"President Milanovi\u0107 Views Bukovac and Klimt Exhibitions in Klovi\u0107evi Dvori Gallery - President of the Republic of Croatia - Zoran Milanovi\u0107","og_description":"The President of the Republic Zoran Milanovi\u0107 viewed two exhibitions in the Klovi\u0107evi Dvori Gallery today entitled \u201cVlaho Bukovac in Europe exhibition series: (2\/3) Roots and Wings: Vlaho Bukovac in Zagreb, Cavtat and Vienna, 1893-1903\u201d and \u201cKlimt in Rijeka \u2013 Love, Death, Ecstasy\u201d of Gustav Klimt.","og_url":"https:\/\/www.predsjednik.hr\/en\/news\/president-milanovic-views-bukovac-and-klimt-exhibitions-in-klovicevi-dvori-gallery\/","og_site_name":"President of the Republic of Croatia - Zoran Milanovi\u0107","article_modified_time":"2022-04-22T09:29:17+00:00","og_image":[{"width":5816,"height":3877,"url":"https:\/\/www.predsjednik.hr\/wp-content\/uploads\/2022\/04\/DSC_2266.jpg","type":"image\/jpeg"}],"twitter_card":"summary_large_image","twitter_misc":{"Est. reading time":"1 minute"},"schema":{"@context":"https:\/\/schema.org","@graph":[{"@type":"WebPage","@id":"https:\/\/www.predsjednik.hr\/en\/news\/president-milanovic-views-bukovac-and-klimt-exhibitions-in-klovicevi-dvori-gallery\/","url":"https:\/\/www.predsjednik.hr\/en\/news\/president-milanovic-views-bukovac-and-klimt-exhibitions-in-klovicevi-dvori-gallery\/","name":"President Milanovi\u0107 Views Bukovac and Klimt Exhibitions in Klovi\u0107evi Dvori Gallery - President of the Republic of Croatia - Zoran Milanovi\u0107","isPartOf":{"@id":"https:\/\/www.predsjednik.hr\/en\/#website"},"primaryImageOfPage":{"@id":"https:\/\/www.predsjednik.hr\/en\/news\/president-milanovic-views-bukovac-and-klimt-exhibitions-in-klovicevi-dvori-gallery\/#primaryimage"},"image":{"@id":"https:\/\/www.predsjednik.hr\/en\/news\/president-milanovic-views-bukovac-and-klimt-exhibitions-in-klovicevi-dvori-gallery\/#primaryimage"},"thumbnailUrl":"https:\/\/www.predsjednik.hr\/wp-content\/uploads\/2022\/04\/DSC_2266.jpg","datePublished":"2022-04-22T09:29:14+00:00","dateModified":"2022-04-22T09:29:17+00:00","breadcrumb":{"@id":"https:\/\/www.predsjednik.hr\/en\/news\/president-milanovic-views-bukovac-and-klimt-exhibitions-in-klovicevi-dvori-gallery\/#breadcrumb"},"inLanguage":"en-US","potentialAction":[{"@type":"ReadAction","target":["https:\/\/www.predsjednik.hr\/en\/news\/president-milanovic-views-bukovac-and-klimt-exhibitions-in-klovicevi-dvori-gallery\/"]}]},{"@type":"ImageObject","inLanguage":"en-US","@id":"https:\/\/www.predsjednik.hr\/en\/news\/president-milanovic-views-bukovac-and-klimt-exhibitions-in-klovicevi-dvori-gallery\/#primaryimage","url":"https:\/\/www.predsjednik.hr\/wp-content\/uploads\/2022\/04\/DSC_2266.jpg","contentUrl":"https:\/\/www.predsjednik.hr\/wp-content\/uploads\/2022\/04\/DSC_2266.jpg","width":5816,"height":3877,"caption":"Predsjednik Republike Zoran Milanovi\u0107 obi\u0161ao je danas dvije izlo\u017ebe postavljene u Galeriji Klovi\u0107evi dvori \u201eCiklus Vlaho Bukovac u Europi: (2\/3) Korijeni i krila: Vlaho Bukovac u Zagrebu, Cavtatu i Be\u010du, 1893.-1903. \u201c i \u201eKlimt u Rijeci \u2013 Ljubav, smrt, ekstaza\u201c."},{"@type":"BreadcrumbList","@id":"https:\/\/www.predsjednik.hr\/en\/news\/president-milanovic-views-bukovac-and-klimt-exhibitions-in-klovicevi-dvori-gallery\/#breadcrumb","itemListElement":[{"@type":"ListItem","position":1,"name":"Home","item":"https:\/\/www.predsjednik.hr\/en\/"},{"@type":"ListItem","position":2,"name":"Vijesti","item":"https:\/\/www.predsjednik.hr\/en\/news\/"},{"@type":"ListItem","position":3,"name":"President Milanovi\u0107 Views Bukovac and Klimt Exhibitions in Klovi\u0107evi Dvori Gallery"}]},{"@type":"WebSite","@id":"https:\/\/www.predsjednik.hr\/en\/#website","url":"https:\/\/www.predsjednik.hr\/en\/","name":"President of the Republic of Croatia - Zoran Milanovi\u0107","description":"Just another WordPress site","potentialAction":[{"@type":"SearchAction","target":{"@type":"EntryPoint","urlTemplate":"https:\/\/www.predsjednik.hr\/en\/?s={search_term_string}"},"query-input":{"@type":"PropertyValueSpecification","valueRequired":true,"valueName":"search_term_string"}}],"inLanguage":"en-US"}]}},"_links":{"self":[{"href":"https:\/\/www.predsjednik.hr\/en\/wp-json\/wp\/v2\/news\/16586","targetHints":{"allow":["GET"]}}],"collection":[{"href":"https:\/\/www.predsjednik.hr\/en\/wp-json\/wp\/v2\/news"}],"about":[{"href":"https:\/\/www.predsjednik.hr\/en\/wp-json\/wp\/v2\/types\/news"}],"wp:featuredmedia":[{"embeddable":true,"href":"https:\/\/www.predsjednik.hr\/en\/wp-json\/wp\/v2\/media\/16565"}],"wp:attachment":[{"href":"https:\/\/www.predsjednik.hr\/en\/wp-json\/wp\/v2\/media?parent=16586"}],"wp:term":[{"taxonomy":"news-cat","embeddable":true,"href":"https:\/\/www.predsjednik.hr\/en\/wp-json\/wp\/v2\/news-cat?post=16586"}],"curies":[{"name":"wp","href":"https:\/\/api.w.org\/{rel}","templated":true}]}}