{"id":16640,"date":"2022-04-25T12:42:07","date_gmt":"2022-04-25T10:42:07","guid":{"rendered":"https:\/\/www.predsjednik.hr\/?post_type=news&#038;p=16640"},"modified":"2022-04-25T12:42:10","modified_gmt":"2022-04-25T10:42:10","slug":"president-milanovic-in-livno-no-state-more-than-croatia-wants-bosnia-and-herzegovina-to-join-the-european-union","status":"publish","type":"news","link":"https:\/\/www.predsjednik.hr\/en\/news\/president-milanovic-in-livno-no-state-more-than-croatia-wants-bosnia-and-herzegovina-to-join-the-european-union\/","title":{"rendered":"President Milanovi\u0107 in Livno: No state more than Croatia wants Bosnia and Herzegovina to join the European Union"},"content":{"rendered":"\n<p>The President of the Republic of Croatia Zoran Milanovi\u0107 attended in Livno, Bosnia and Herzegovina, a ceremony marking the 30<sup>th<\/sup> anniversary of the defense of Livno and the Livno field.<\/p>\n\n\n\n<p>He began his address by proposing to the hosts that at their next gatherings the European Union\u2019s anthem \u201cOde to Joy\u201d be played after the national anthems of Bosnia and Herzegovina and of the Republic of Croatia. \u201cShow who you are, what your aspirations, goals, plans and ideas are. That they are pure, clear, and that they have no hidden agendas\u201d, President Milanovi\u0107 said.<\/p>\n\n\n\n<p>\u201cNo state more than Croatia wants Bosnia and Herzegovina to join the European Union. For sentimental reasons, and if you wish, purely selfish reasons, because selfishness is an important element in the path of a nation. I\u2019m doing a lot of things since from my position of president, it\u2019s in the interest of the community I represent\u201d, he told the gathering.<\/p>\n\n\n\n<p>The President of the Republic also referred to the proposal to sign a letter of the presidents of Eastern and Central European states immediately granting Ukraine EU candidate status, underlining: \u201cI say \u2013 fine, but not without Bosnia and Herzegovina. I know that questions will be raised about the motives of my messages in Livno, but believe me when I say that Zagreb is pushing harder for Bosnia and Herzegovina\u2019s perspective than a big part of Sarajevo. Don\u2019t forget it, this is important to us. This represents a security and emotional issue to us. Be unique to the extent that Croats in Croatia can\u2019t and perhaps don\u2019t have to be. We\u2019re safe and we wish to transfer this security to you as a gift from the heart, not a loan, but something that is our mutual interest\u201d.<\/p>\n\n\n\n<p>\u201cEvery euro offered by the European Union to Croatia is a euro that we must spend in order to provide better wages for our teachers, professors and pharmacists as well as help you since this Europe is not helping you in such a constellation, it\u2019s doing you harm. Croatia never had more peaceful, peace-minding and effective instruments at its disposal to help not just the Croats in Bosnia and Herzegovina, but the Serbs and Bosniaks as well\u201d, President Milanovi\u0107 noted.<\/p>\n\n\n\n<p>&#8220;Thirty years ago thanks to the courage and skills of a few individuals, the Croatian Bosnia and Herzegovina, the European Bosnia and Herzegovina was defended and in a certain way \u2013 despite the Sarajevo truce being already in force \u2013 the Croatian coast too. This is something Croatia can\u2019t forget\u201d, President Milanovi\u0107 stated, greeting those in attendance who in 1994-1995 fought the battles, \u201cthose are the people who were here when it was hardest and we all owe them gratitude because it was a joint Croatian effort\u201d.<\/p>\n\n\n\n<p>&#8220;Now agreements&nbsp;await you, not battles, not all is lost. I will do everything so that not all is lost, so that you are represented by the people you elect because democracy, forcing democracy down someone\u2019s throat ends up like in Iraq, Afghanistan, Syria, in all those states and societies that aren\u2019t ready. You can\u2019t skip certain things in development, because it\u2019s not good for you. Bosnia had a war and Croatia had a war, some things don\u2019t happen overnight. Had there not been a war, Croatia would be one of the most developed new EU members. We are where we are, strong enough to help you, strong enough to respect others. Long live a European Bosnia and Herzegovina!, the President of the Republic said in concluding his address in Livno.<\/p>\n\n\n\n<p>Addressing the gathering at the special session besides President Milanovi\u0107 were the mayor of Livno Darko \u010condri\u0107 and the chairman of the House of Peoples of the Parliamentary Assembly of Bosnia and Herzegovina and president of the Croatian National Council Dragan \u010covi\u0107. Alongside President Milanovi\u0107 were the Adviser to the President of the Republic for Defense and National Security Dragan Lozan\u010di\u0107 and the Special Adviser to the President for Homeland War Veteras Marijan Marekovi\u0107.<\/p>\n\n\n<!--GALLERY BLOCK-->\n<div class=\"c-lightbox-gallery js-lightbox\">\n                <!--single-->\n            <a data-no-swup class=\"c-lightbox-gallery__single js-lightbox-single\"\n               href=\"https:\/\/www.predsjednik.hr\/wp-content\/uploads\/2022\/04\/DSC_1581-1024x819.jpg\"\n               style=\"background-image: url('https:\/\/www.predsjednik.hr\/wp-content\/uploads\/2022\/04\/DSC_1581-768x614.jpg')\"><\/a>\n            <!--end single-->\n                    <!--single-->\n            <a data-no-swup class=\"c-lightbox-gallery__single js-lightbox-single\"\n               href=\"https:\/\/www.predsjednik.hr\/wp-content\/uploads\/2022\/04\/DSC_1637-1-1024x576.jpg\"\n               style=\"background-image: url('https:\/\/www.predsjednik.hr\/wp-content\/uploads\/2022\/04\/DSC_1637-1-768x432.jpg')\"><\/a>\n            <!--end single-->\n                    <!--single-->\n            <a data-no-swup class=\"c-lightbox-gallery__single js-lightbox-single\"\n               href=\"https:\/\/www.predsjednik.hr\/wp-content\/uploads\/2022\/04\/DSC_1684-1024x576.jpg\"\n               style=\"background-image: url('https:\/\/www.predsjednik.hr\/wp-content\/uploads\/2022\/04\/DSC_1684-768x432.jpg')\"><\/a>\n            <!--end single-->\n                    <!--single-->\n            <a data-no-swup class=\"c-lightbox-gallery__single js-lightbox-single\"\n               href=\"https:\/\/www.predsjednik.hr\/wp-content\/uploads\/2022\/04\/DSC_1690-1024x576.jpg\"\n               style=\"background-image: url('https:\/\/www.predsjednik.hr\/wp-content\/uploads\/2022\/04\/DSC_1690-768x432.jpg')\"><\/a>\n            <!--end single-->\n                    <!--single-->\n            <a data-no-swup class=\"c-lightbox-gallery__single js-lightbox-single\"\n               href=\"https:\/\/www.predsjednik.hr\/wp-content\/uploads\/2022\/04\/DSC_1736-1024x576.jpg\"\n               style=\"background-image: url('https:\/\/www.predsjednik.hr\/wp-content\/uploads\/2022\/04\/DSC_1736-768x432.jpg')\"><\/a>\n            <!--end single-->\n                    <!--single-->\n            <a data-no-swup class=\"c-lightbox-gallery__single js-lightbox-single\"\n               href=\"https:\/\/www.predsjednik.hr\/wp-content\/uploads\/2022\/04\/DSC_1740-1024x576.jpg\"\n               style=\"background-image: url('https:\/\/www.predsjednik.hr\/wp-content\/uploads\/2022\/04\/DSC_1740-768x432.jpg')\"><\/a>\n            <!--end single-->\n                    <!--single-->\n            <a data-no-swup class=\"c-lightbox-gallery__single js-lightbox-single\"\n               href=\"https:\/\/www.predsjednik.hr\/wp-content\/uploads\/2022\/04\/DSC_1784-1024x576.jpg\"\n               style=\"background-image: url('https:\/\/www.predsjednik.hr\/wp-content\/uploads\/2022\/04\/DSC_1784-768x432.jpg')\"><\/a>\n            <!--end single-->\n                    <!--single-->\n            <a data-no-swup class=\"c-lightbox-gallery__single js-lightbox-single\"\n               href=\"https:\/\/www.predsjednik.hr\/wp-content\/uploads\/2022\/04\/DSC_1917-1024x576.jpg\"\n               style=\"background-image: url('https:\/\/www.predsjednik.hr\/wp-content\/uploads\/2022\/04\/DSC_1917-768x432.jpg')\"><\/a>\n            <!--end single-->\n                    <!--single-->\n            <a data-no-swup class=\"c-lightbox-gallery__single js-lightbox-single\"\n               href=\"https:\/\/www.predsjednik.hr\/wp-content\/uploads\/2022\/04\/DSC_1944-1024x576.jpg\"\n               style=\"background-image: url('https:\/\/www.predsjednik.hr\/wp-content\/uploads\/2022\/04\/DSC_1944-768x432.jpg')\"><\/a>\n            <!--end single-->\n                    <!--single-->\n            <a data-no-swup class=\"c-lightbox-gallery__single js-lightbox-single\"\n               href=\"https:\/\/www.predsjednik.hr\/wp-content\/uploads\/2022\/04\/DSC_1952-1024x576.jpg\"\n               style=\"background-image: url('https:\/\/www.predsjednik.hr\/wp-content\/uploads\/2022\/04\/DSC_1952-768x432.jpg')\"><\/a>\n            <!--end single-->\n        <\/div>\n<!--end GALLERY BLOCK-->\n\n\n\n<p>PHOTO: Office of the President of the Republic of Croatia \/ Marko Beljan<\/p>\n","protected":false},"excerpt":{"rendered":"<p>The President of the Republic of Croatia Zoran Milanovi\u0107 attended in Livno, Bosnia and Herzegovina, a ceremony marking the 30th anniversary of the defense of Livno and the Livno field.<\/p>\n","protected":false},"featured_media":16628,"template":"","news-cat":[12],"class_list":["post-16640","news","type-news","status-publish","has-post-thumbnail","hentry","news-cat-news"],"acf":[],"yoast_head":"<!-- This site is optimized with the Yoast SEO plugin v27.4 - https:\/\/yoast.com\/product\/yoast-seo-wordpress\/ -->\n<title>President Milanovi\u0107 in Livno: No state more than Croatia wants Bosnia and Herzegovina to join the European Union - President of the Republic of Croatia - Zoran Milanovi\u0107<\/title>\n<meta name=\"robots\" content=\"index, follow, max-snippet:-1, max-image-preview:large, max-video-preview:-1\" \/>\n<link rel=\"canonical\" href=\"https:\/\/www.predsjednik.hr\/en\/news\/president-milanovic-in-livno-no-state-more-than-croatia-wants-bosnia-and-herzegovina-to-join-the-european-union\/\" \/>\n<meta property=\"og:locale\" content=\"en_US\" \/>\n<meta property=\"og:type\" content=\"article\" \/>\n<meta property=\"og:title\" content=\"President Milanovi\u0107 in Livno: No state more than Croatia wants Bosnia and Herzegovina to join the European Union - President of the Republic of Croatia - Zoran Milanovi\u0107\" \/>\n<meta property=\"og:description\" content=\"The President of the Republic of Croatia Zoran Milanovi\u0107 attended in Livno, Bosnia and Herzegovina, a ceremony marking the 30th anniversary of the defense of Livno and the Livno field.\" \/>\n<meta property=\"og:url\" content=\"https:\/\/www.predsjednik.hr\/en\/news\/president-milanovic-in-livno-no-state-more-than-croatia-wants-bosnia-and-herzegovina-to-join-the-european-union\/\" \/>\n<meta property=\"og:site_name\" content=\"President of the Republic of Croatia - Zoran Milanovi\u0107\" \/>\n<meta property=\"article:modified_time\" content=\"2022-04-25T10:42:10+00:00\" \/>\n<meta property=\"og:image\" content=\"https:\/\/www.predsjednik.hr\/wp-content\/uploads\/2022\/04\/DSC_1784.jpg\" \/>\n\t<meta property=\"og:image:width\" content=\"5882\" \/>\n\t<meta property=\"og:image:height\" content=\"3309\" \/>\n\t<meta property=\"og:image:type\" content=\"image\/jpeg\" \/>\n<meta name=\"twitter:card\" content=\"summary_large_image\" \/>\n<meta name=\"twitter:label1\" content=\"Est. reading time\" \/>\n\t<meta name=\"twitter:data1\" content=\"4 minutes\" \/>\n<script type=\"application\/ld+json\" class=\"yoast-schema-graph\">{\"@context\":\"https:\\\/\\\/schema.org\",\"@graph\":[{\"@type\":\"WebPage\",\"@id\":\"https:\\\/\\\/www.predsjednik.hr\\\/en\\\/news\\\/president-milanovic-in-livno-no-state-more-than-croatia-wants-bosnia-and-herzegovina-to-join-the-european-union\\\/\",\"url\":\"https:\\\/\\\/www.predsjednik.hr\\\/en\\\/news\\\/president-milanovic-in-livno-no-state-more-than-croatia-wants-bosnia-and-herzegovina-to-join-the-european-union\\\/\",\"name\":\"President Milanovi\u0107 in Livno: No state more than Croatia wants Bosnia and Herzegovina to join the European Union - President of the Republic of Croatia - Zoran Milanovi\u0107\",\"isPartOf\":{\"@id\":\"https:\\\/\\\/www.predsjednik.hr\\\/en\\\/#website\"},\"primaryImageOfPage\":{\"@id\":\"https:\\\/\\\/www.predsjednik.hr\\\/en\\\/news\\\/president-milanovic-in-livno-no-state-more-than-croatia-wants-bosnia-and-herzegovina-to-join-the-european-union\\\/#primaryimage\"},\"image\":{\"@id\":\"https:\\\/\\\/www.predsjednik.hr\\\/en\\\/news\\\/president-milanovic-in-livno-no-state-more-than-croatia-wants-bosnia-and-herzegovina-to-join-the-european-union\\\/#primaryimage\"},\"thumbnailUrl\":\"https:\\\/\\\/www.predsjednik.hr\\\/wp-content\\\/uploads\\\/2022\\\/04\\\/DSC_1784.jpg\",\"datePublished\":\"2022-04-25T10:42:07+00:00\",\"dateModified\":\"2022-04-25T10:42:10+00:00\",\"breadcrumb\":{\"@id\":\"https:\\\/\\\/www.predsjednik.hr\\\/en\\\/news\\\/president-milanovic-in-livno-no-state-more-than-croatia-wants-bosnia-and-herzegovina-to-join-the-european-union\\\/#breadcrumb\"},\"inLanguage\":\"en-US\",\"potentialAction\":[{\"@type\":\"ReadAction\",\"target\":[\"https:\\\/\\\/www.predsjednik.hr\\\/en\\\/news\\\/president-milanovic-in-livno-no-state-more-than-croatia-wants-bosnia-and-herzegovina-to-join-the-european-union\\\/\"]}]},{\"@type\":\"ImageObject\",\"inLanguage\":\"en-US\",\"@id\":\"https:\\\/\\\/www.predsjednik.hr\\\/en\\\/news\\\/president-milanovic-in-livno-no-state-more-than-croatia-wants-bosnia-and-herzegovina-to-join-the-european-union\\\/#primaryimage\",\"url\":\"https:\\\/\\\/www.predsjednik.hr\\\/wp-content\\\/uploads\\\/2022\\\/04\\\/DSC_1784.jpg\",\"contentUrl\":\"https:\\\/\\\/www.predsjednik.hr\\\/wp-content\\\/uploads\\\/2022\\\/04\\\/DSC_1784.jpg\",\"width\":5882,\"height\":3309,\"caption\":\"The President of the Republic of Croatia Zoran Milanovi\u0107 attended in Livno, Bosnia and Herzegovina, a ceremony marking the 30th anniversary of the defense of Livno and the Livno field.\"},{\"@type\":\"BreadcrumbList\",\"@id\":\"https:\\\/\\\/www.predsjednik.hr\\\/en\\\/news\\\/president-milanovic-in-livno-no-state-more-than-croatia-wants-bosnia-and-herzegovina-to-join-the-european-union\\\/#breadcrumb\",\"itemListElement\":[{\"@type\":\"ListItem\",\"position\":1,\"name\":\"Home\",\"item\":\"https:\\\/\\\/www.predsjednik.hr\\\/en\\\/\"},{\"@type\":\"ListItem\",\"position\":2,\"name\":\"Vijesti\",\"item\":\"https:\\\/\\\/www.predsjednik.hr\\\/en\\\/news\\\/\"},{\"@type\":\"ListItem\",\"position\":3,\"name\":\"President Milanovi\u0107 in Livno: No state more than Croatia wants Bosnia and Herzegovina to join the European Union\"}]},{\"@type\":\"WebSite\",\"@id\":\"https:\\\/\\\/www.predsjednik.hr\\\/en\\\/#website\",\"url\":\"https:\\\/\\\/www.predsjednik.hr\\\/en\\\/\",\"name\":\"President of the Republic of Croatia - Zoran Milanovi\u0107\",\"description\":\"Just another WordPress site\",\"potentialAction\":[{\"@type\":\"SearchAction\",\"target\":{\"@type\":\"EntryPoint\",\"urlTemplate\":\"https:\\\/\\\/www.predsjednik.hr\\\/en\\\/?s={search_term_string}\"},\"query-input\":{\"@type\":\"PropertyValueSpecification\",\"valueRequired\":true,\"valueName\":\"search_term_string\"}}],\"inLanguage\":\"en-US\"}]}<\/script>\n<!-- \/ Yoast SEO plugin. -->","yoast_head_json":{"title":"President Milanovi\u0107 in Livno: No state more than Croatia wants Bosnia and Herzegovina to join the European Union - President of the Republic of Croatia - Zoran Milanovi\u0107","robots":{"index":"index","follow":"follow","max-snippet":"max-snippet:-1","max-image-preview":"max-image-preview:large","max-video-preview":"max-video-preview:-1"},"canonical":"https:\/\/www.predsjednik.hr\/en\/news\/president-milanovic-in-livno-no-state-more-than-croatia-wants-bosnia-and-herzegovina-to-join-the-european-union\/","og_locale":"en_US","og_type":"article","og_title":"President Milanovi\u0107 in Livno: No state more than Croatia wants Bosnia and Herzegovina to join the European Union - President of the Republic of Croatia - Zoran Milanovi\u0107","og_description":"The President of the Republic of Croatia Zoran Milanovi\u0107 attended in Livno, Bosnia and Herzegovina, a ceremony marking the 30th anniversary of the defense of Livno and the Livno field.","og_url":"https:\/\/www.predsjednik.hr\/en\/news\/president-milanovic-in-livno-no-state-more-than-croatia-wants-bosnia-and-herzegovina-to-join-the-european-union\/","og_site_name":"President of the Republic of Croatia - Zoran Milanovi\u0107","article_modified_time":"2022-04-25T10:42:10+00:00","og_image":[{"width":5882,"height":3309,"url":"https:\/\/www.predsjednik.hr\/wp-content\/uploads\/2022\/04\/DSC_1784.jpg","type":"image\/jpeg"}],"twitter_card":"summary_large_image","twitter_misc":{"Est. reading time":"4 minutes"},"schema":{"@context":"https:\/\/schema.org","@graph":[{"@type":"WebPage","@id":"https:\/\/www.predsjednik.hr\/en\/news\/president-milanovic-in-livno-no-state-more-than-croatia-wants-bosnia-and-herzegovina-to-join-the-european-union\/","url":"https:\/\/www.predsjednik.hr\/en\/news\/president-milanovic-in-livno-no-state-more-than-croatia-wants-bosnia-and-herzegovina-to-join-the-european-union\/","name":"President Milanovi\u0107 in Livno: No state more than Croatia wants Bosnia and Herzegovina to join the European Union - President of the Republic of Croatia - Zoran Milanovi\u0107","isPartOf":{"@id":"https:\/\/www.predsjednik.hr\/en\/#website"},"primaryImageOfPage":{"@id":"https:\/\/www.predsjednik.hr\/en\/news\/president-milanovic-in-livno-no-state-more-than-croatia-wants-bosnia-and-herzegovina-to-join-the-european-union\/#primaryimage"},"image":{"@id":"https:\/\/www.predsjednik.hr\/en\/news\/president-milanovic-in-livno-no-state-more-than-croatia-wants-bosnia-and-herzegovina-to-join-the-european-union\/#primaryimage"},"thumbnailUrl":"https:\/\/www.predsjednik.hr\/wp-content\/uploads\/2022\/04\/DSC_1784.jpg","datePublished":"2022-04-25T10:42:07+00:00","dateModified":"2022-04-25T10:42:10+00:00","breadcrumb":{"@id":"https:\/\/www.predsjednik.hr\/en\/news\/president-milanovic-in-livno-no-state-more-than-croatia-wants-bosnia-and-herzegovina-to-join-the-european-union\/#breadcrumb"},"inLanguage":"en-US","potentialAction":[{"@type":"ReadAction","target":["https:\/\/www.predsjednik.hr\/en\/news\/president-milanovic-in-livno-no-state-more-than-croatia-wants-bosnia-and-herzegovina-to-join-the-european-union\/"]}]},{"@type":"ImageObject","inLanguage":"en-US","@id":"https:\/\/www.predsjednik.hr\/en\/news\/president-milanovic-in-livno-no-state-more-than-croatia-wants-bosnia-and-herzegovina-to-join-the-european-union\/#primaryimage","url":"https:\/\/www.predsjednik.hr\/wp-content\/uploads\/2022\/04\/DSC_1784.jpg","contentUrl":"https:\/\/www.predsjednik.hr\/wp-content\/uploads\/2022\/04\/DSC_1784.jpg","width":5882,"height":3309,"caption":"The President of the Republic of Croatia Zoran Milanovi\u0107 attended in Livno, Bosnia and Herzegovina, a ceremony marking the 30th anniversary of the defense of Livno and the Livno field."},{"@type":"BreadcrumbList","@id":"https:\/\/www.predsjednik.hr\/en\/news\/president-milanovic-in-livno-no-state-more-than-croatia-wants-bosnia-and-herzegovina-to-join-the-european-union\/#breadcrumb","itemListElement":[{"@type":"ListItem","position":1,"name":"Home","item":"https:\/\/www.predsjednik.hr\/en\/"},{"@type":"ListItem","position":2,"name":"Vijesti","item":"https:\/\/www.predsjednik.hr\/en\/news\/"},{"@type":"ListItem","position":3,"name":"President Milanovi\u0107 in Livno: No state more than Croatia wants Bosnia and Herzegovina to join the European Union"}]},{"@type":"WebSite","@id":"https:\/\/www.predsjednik.hr\/en\/#website","url":"https:\/\/www.predsjednik.hr\/en\/","name":"President of the Republic of Croatia - Zoran Milanovi\u0107","description":"Just another WordPress site","potentialAction":[{"@type":"SearchAction","target":{"@type":"EntryPoint","urlTemplate":"https:\/\/www.predsjednik.hr\/en\/?s={search_term_string}"},"query-input":{"@type":"PropertyValueSpecification","valueRequired":true,"valueName":"search_term_string"}}],"inLanguage":"en-US"}]}},"_links":{"self":[{"href":"https:\/\/www.predsjednik.hr\/en\/wp-json\/wp\/v2\/news\/16640","targetHints":{"allow":["GET"]}}],"collection":[{"href":"https:\/\/www.predsjednik.hr\/en\/wp-json\/wp\/v2\/news"}],"about":[{"href":"https:\/\/www.predsjednik.hr\/en\/wp-json\/wp\/v2\/types\/news"}],"wp:featuredmedia":[{"embeddable":true,"href":"https:\/\/www.predsjednik.hr\/en\/wp-json\/wp\/v2\/media\/16628"}],"wp:attachment":[{"href":"https:\/\/www.predsjednik.hr\/en\/wp-json\/wp\/v2\/media?parent=16640"}],"wp:term":[{"taxonomy":"news-cat","embeddable":true,"href":"https:\/\/www.predsjednik.hr\/en\/wp-json\/wp\/v2\/news-cat?post=16640"}],"curies":[{"name":"wp","href":"https:\/\/api.w.org\/{rel}","templated":true}]}}