{"id":16682,"date":"2022-04-26T13:45:00","date_gmt":"2022-04-26T11:45:00","guid":{"rendered":"https:\/\/www.predsjednik.hr\/?post_type=news&#038;p=16682"},"modified":"2022-04-26T13:45:02","modified_gmt":"2022-04-26T11:45:02","slug":"president-milanovic-green-transformation-must-become-a-way-of-life-and-state-of-consciousness","status":"publish","type":"news","link":"https:\/\/www.predsjednik.hr\/en\/news\/president-milanovic-green-transformation-must-become-a-way-of-life-and-state-of-consciousness\/","title":{"rendered":"President Milanovi\u0107: Green transformation must become a way of life and state of consciousness"},"content":{"rendered":"\n<p>The President of the Republic Zoran Milanovi\u0107 attended today the opening of the conference \u201cHrvatska kakvu trebamo \u2013 Zelenim razvojem protiv klimatske krize\u201d [The kind of Croatia we need \u2013 combating the climate crisis with green development], where he told the audience that green transformation must become a way of life and a state of consciousness.<\/p>\n\n\n\n<p>The conference is jointly organized by the Ve\u010dernji List daily and the Embassy of the State of Israel 25 years since the establishment of diplomatic ties between the Republic of Croatia and the State of Israel. The goal of the event is to bring together experts of various backgrounds from both countries, such as scientists, IT experts, policymakers, environmental activists and businesspeople in order to raise awareness among the Croatian public, through lectures and expert discussions, about the dangers posed by the climate crisis and the need to overcome it. &nbsp;<\/p>\n\n\n\n<p>In his address at the conference, President Milanovi\u0107 said that he had immediately taken very seriously matters related to green policies and green transformation. \u201cCroatia is a country that lives off services and tourism, beauty and clean surroundings. We are visited by people whose interests are different than fifty years ago and with much higher criteria. Green transformation must become a way of life and a state of consciousness,\u201d said President Milanovi\u0107, adding that the Western world is incomparably cleaner, tidier and healthier than it was during his childhood.<\/p>\n\n\n\n<p>\u201cThe middle class has swelled, there is pressure on resources and just when we thought the \u2018new virtuous world\u2019 was coming, before this war in Ukraine, the European Commission started to backtrack a bit in terms of gas classification and nuclear energy. This has caused nervousness in some European countries. The European Commission realized that we will not all be driving electric cars so fast because that is impossible, and that internal combustion cars will be with us for years to come. If you sum things up and understand them, then you have recognized the problem and you can work on it. If you get carried away with the notion that tomorrow we will all have electric cars, then that won\u2019t happen. A wide range of problems exist and we must accept them,\u201d said the President.<\/p>\n\n\n\n<p>\u201cThis is a kind of \u2018art\u2019 that requires firm, clear and long-term measures, but also the awareness that results will not be achieved forcefully overnight. If we come to understand that, we will do something useful for the next generation,\u201d said President Milanovi\u0107, who then announced that he would erect solar panels on the building of the Office of the President in the next year, adding that such panels are \u201cof little use if they do not flood the entire country.\u201d<\/p>\n\n\n\n<p>President Milanovi\u0107 also commented on the use of natural gas, saying that its use will not stop overnight. \u201cCroatia has some sources of gas, they are decreasing and we have to rely on imports. We have an LNG terminal so we are safe, but Germany is not. For twenty years, Germany has based its policy on close ties with Russia, which cannot change in twenty weeks and it will not change. And that is why all these pompous statements \u2013 i.e. \u2018we are giving up Russian energy\u2019 \u2013 that is impossible. One who creates the illusion that this is possible is a political trickster. It will not change overnight,\u201d he said.<\/p>\n\n\n\n<p>In his comments about nuclear energy and the Kr\u0161ko Nuclear Power Plant, 30 kilometres from Zagreb, the President said: \u201cThe nuclear power plant, built in the late 1970s, is modern and high-quality. The Slovenes are preparing to construct another block. Is it Croatia\u2019s business? It is! Does that make us nervous? Not me, because I see that there is no other option. After 80 years of nuclear energy, there are not many choices.\u201d In that regard, the President compared two European environmentally conscious countries, Finland \u2013 which is building nuclear power plants \u2013 and Austria \u2013 which is \u2018terrified\u2019 of them, and mentioned Germany \u2013 which he said must decide whether it wants to use Russian gas or build nuclear power plants.<\/p>\n\n\n\n<p>\u201cThe world has changed dramatically in just a few weeks and maybe we should wait a few more months or a year to see how the war in Ukraine will end instead of making decisions immediately and hastily. We need to discuss some things openly. If some consider these issues to be their private affairs, then we don\u2019t understand each other well and that is becoming a political ideology, and I don\u2019t want to deal with it,\u201d President Milanovi\u0107 concluded.<\/p>\n\n\n\n<p>In the remainder of the conference, solutions from Israel and Croatia that should form the basis for future cooperation between the two countries will be presented. The conference is part of Ve\u010dernji List daily\u2019s project \u201cResolution Earth,\u201d the largest environmental action programme undertaken in Croatia to date that seeks to raise awareness on the need to protect and preserve the environment.<\/p>\n\n\n\n<p>Special Adviser to the President of the Republic for the Economy Velibor Ma\u010dki\u0107 was at the conference alongside President Milanovi\u0107.<\/p>\n\n\n<!--GALLERY BLOCK-->\n<div class=\"c-lightbox-gallery js-lightbox\">\n                <!--single-->\n            <a data-no-swup class=\"c-lightbox-gallery__single js-lightbox-single\"\n               href=\"https:\/\/www.predsjednik.hr\/wp-content\/uploads\/2022\/04\/DSC_0042-1024x576.jpg\"\n               style=\"background-image: url('https:\/\/www.predsjednik.hr\/wp-content\/uploads\/2022\/04\/DSC_0042-768x432.jpg')\"><\/a>\n            <!--end single-->\n                    <!--single-->\n            <a data-no-swup class=\"c-lightbox-gallery__single js-lightbox-single\"\n               href=\"https:\/\/www.predsjednik.hr\/wp-content\/uploads\/2022\/04\/DSC_0073-1024x576.jpg\"\n               style=\"background-image: url('https:\/\/www.predsjednik.hr\/wp-content\/uploads\/2022\/04\/DSC_0073-768x432.jpg')\"><\/a>\n            <!--end single-->\n                    <!--single-->\n            <a data-no-swup class=\"c-lightbox-gallery__single js-lightbox-single\"\n               href=\"https:\/\/www.predsjednik.hr\/wp-content\/uploads\/2022\/04\/DSC_0164-1024x576.jpg\"\n               style=\"background-image: url('https:\/\/www.predsjednik.hr\/wp-content\/uploads\/2022\/04\/DSC_0164-768x432.jpg')\"><\/a>\n            <!--end single-->\n                    <!--single-->\n            <a data-no-swup class=\"c-lightbox-gallery__single js-lightbox-single\"\n               href=\"https:\/\/www.predsjednik.hr\/wp-content\/uploads\/2022\/04\/DSC_0323-1024x576.jpg\"\n               style=\"background-image: url('https:\/\/www.predsjednik.hr\/wp-content\/uploads\/2022\/04\/DSC_0323-768x432.jpg')\"><\/a>\n            <!--end single-->\n        <\/div>\n<!--end GALLERY BLOCK-->\n\n\n\n<p>PHOTO: Office of the President of the Republic of Croatia \/ Dario Andri\u0161ek<\/p>\n","protected":false},"excerpt":{"rendered":"<p>The President of the Republic Zoran Milanovi\u0107 attended today the opening of the conference \u201cHrvatska kakvu trebamo \u2013 Zelenim razvojem protiv klimatske krize\u201d [The kind of Croatia we need \u2013 combating the climate crisis with green development], where he told the audience that green transformation must become a way of life and a state of consciousness.<\/p>\n","protected":false},"featured_media":16667,"template":"","news-cat":[12],"class_list":["post-16682","news","type-news","status-publish","has-post-thumbnail","hentry","news-cat-news"],"acf":[],"yoast_head":"<!-- This site is optimized with the Yoast SEO plugin v27.4 - https:\/\/yoast.com\/product\/yoast-seo-wordpress\/ -->\n<title>President Milanovi\u0107: Green transformation must become a way of life and state of consciousness - President of the Republic of Croatia - Zoran Milanovi\u0107<\/title>\n<meta name=\"robots\" content=\"index, follow, max-snippet:-1, max-image-preview:large, max-video-preview:-1\" \/>\n<link rel=\"canonical\" href=\"https:\/\/www.predsjednik.hr\/en\/news\/president-milanovic-green-transformation-must-become-a-way-of-life-and-state-of-consciousness\/\" \/>\n<meta property=\"og:locale\" content=\"en_US\" \/>\n<meta property=\"og:type\" content=\"article\" \/>\n<meta property=\"og:title\" content=\"President Milanovi\u0107: Green transformation must become a way of life and state of consciousness - President of the Republic of Croatia - Zoran Milanovi\u0107\" \/>\n<meta property=\"og:description\" content=\"The President of the Republic Zoran Milanovi\u0107 attended today the opening of the conference \u201cHrvatska kakvu trebamo \u2013 Zelenim razvojem protiv klimatske krize\u201d [The kind of Croatia we need \u2013 combating the climate crisis with green development], where he told the audience that green transformation must become a way of life and a state of consciousness.\" \/>\n<meta property=\"og:url\" content=\"https:\/\/www.predsjednik.hr\/en\/news\/president-milanovic-green-transformation-must-become-a-way-of-life-and-state-of-consciousness\/\" \/>\n<meta property=\"og:site_name\" content=\"President of the Republic of Croatia - Zoran Milanovi\u0107\" \/>\n<meta property=\"article:modified_time\" content=\"2022-04-26T11:45:02+00:00\" \/>\n<meta property=\"og:image\" content=\"https:\/\/www.predsjednik.hr\/wp-content\/uploads\/2022\/04\/DSC_0164-1024x576.jpg\" \/>\n\t<meta property=\"og:image:width\" content=\"1024\" \/>\n\t<meta property=\"og:image:height\" content=\"576\" \/>\n\t<meta property=\"og:image:type\" content=\"image\/jpeg\" \/>\n<meta name=\"twitter:card\" content=\"summary_large_image\" \/>\n<meta name=\"twitter:label1\" content=\"Est. reading time\" \/>\n\t<meta name=\"twitter:data1\" content=\"5 minutes\" \/>\n<script type=\"application\/ld+json\" class=\"yoast-schema-graph\">{\"@context\":\"https:\\\/\\\/schema.org\",\"@graph\":[{\"@type\":\"WebPage\",\"@id\":\"https:\\\/\\\/www.predsjednik.hr\\\/en\\\/news\\\/president-milanovic-green-transformation-must-become-a-way-of-life-and-state-of-consciousness\\\/\",\"url\":\"https:\\\/\\\/www.predsjednik.hr\\\/en\\\/news\\\/president-milanovic-green-transformation-must-become-a-way-of-life-and-state-of-consciousness\\\/\",\"name\":\"President Milanovi\u0107: Green transformation must become a way of life and state of consciousness - President of the Republic of Croatia - Zoran Milanovi\u0107\",\"isPartOf\":{\"@id\":\"https:\\\/\\\/www.predsjednik.hr\\\/en\\\/#website\"},\"primaryImageOfPage\":{\"@id\":\"https:\\\/\\\/www.predsjednik.hr\\\/en\\\/news\\\/president-milanovic-green-transformation-must-become-a-way-of-life-and-state-of-consciousness\\\/#primaryimage\"},\"image\":{\"@id\":\"https:\\\/\\\/www.predsjednik.hr\\\/en\\\/news\\\/president-milanovic-green-transformation-must-become-a-way-of-life-and-state-of-consciousness\\\/#primaryimage\"},\"thumbnailUrl\":\"https:\\\/\\\/www.predsjednik.hr\\\/wp-content\\\/uploads\\\/2022\\\/04\\\/DSC_0164.jpg\",\"datePublished\":\"2022-04-26T11:45:00+00:00\",\"dateModified\":\"2022-04-26T11:45:02+00:00\",\"breadcrumb\":{\"@id\":\"https:\\\/\\\/www.predsjednik.hr\\\/en\\\/news\\\/president-milanovic-green-transformation-must-become-a-way-of-life-and-state-of-consciousness\\\/#breadcrumb\"},\"inLanguage\":\"en-US\",\"potentialAction\":[{\"@type\":\"ReadAction\",\"target\":[\"https:\\\/\\\/www.predsjednik.hr\\\/en\\\/news\\\/president-milanovic-green-transformation-must-become-a-way-of-life-and-state-of-consciousness\\\/\"]}]},{\"@type\":\"ImageObject\",\"inLanguage\":\"en-US\",\"@id\":\"https:\\\/\\\/www.predsjednik.hr\\\/en\\\/news\\\/president-milanovic-green-transformation-must-become-a-way-of-life-and-state-of-consciousness\\\/#primaryimage\",\"url\":\"https:\\\/\\\/www.predsjednik.hr\\\/wp-content\\\/uploads\\\/2022\\\/04\\\/DSC_0164.jpg\",\"contentUrl\":\"https:\\\/\\\/www.predsjednik.hr\\\/wp-content\\\/uploads\\\/2022\\\/04\\\/DSC_0164.jpg\",\"width\":5358,\"height\":3014,\"caption\":\"President Milanovi\u0107: Green transformation must become a way of life and state of consciousness\"},{\"@type\":\"BreadcrumbList\",\"@id\":\"https:\\\/\\\/www.predsjednik.hr\\\/en\\\/news\\\/president-milanovic-green-transformation-must-become-a-way-of-life-and-state-of-consciousness\\\/#breadcrumb\",\"itemListElement\":[{\"@type\":\"ListItem\",\"position\":1,\"name\":\"Home\",\"item\":\"https:\\\/\\\/www.predsjednik.hr\\\/en\\\/\"},{\"@type\":\"ListItem\",\"position\":2,\"name\":\"Vijesti\",\"item\":\"https:\\\/\\\/www.predsjednik.hr\\\/en\\\/news\\\/\"},{\"@type\":\"ListItem\",\"position\":3,\"name\":\"President Milanovi\u0107: Green transformation must become a way of life and state of consciousness\"}]},{\"@type\":\"WebSite\",\"@id\":\"https:\\\/\\\/www.predsjednik.hr\\\/en\\\/#website\",\"url\":\"https:\\\/\\\/www.predsjednik.hr\\\/en\\\/\",\"name\":\"President of the Republic of Croatia - Zoran Milanovi\u0107\",\"description\":\"Just another WordPress site\",\"potentialAction\":[{\"@type\":\"SearchAction\",\"target\":{\"@type\":\"EntryPoint\",\"urlTemplate\":\"https:\\\/\\\/www.predsjednik.hr\\\/en\\\/?s={search_term_string}\"},\"query-input\":{\"@type\":\"PropertyValueSpecification\",\"valueRequired\":true,\"valueName\":\"search_term_string\"}}],\"inLanguage\":\"en-US\"}]}<\/script>\n<!-- \/ Yoast SEO plugin. -->","yoast_head_json":{"title":"President Milanovi\u0107: Green transformation must become a way of life and state of consciousness - President of the Republic of Croatia - Zoran Milanovi\u0107","robots":{"index":"index","follow":"follow","max-snippet":"max-snippet:-1","max-image-preview":"max-image-preview:large","max-video-preview":"max-video-preview:-1"},"canonical":"https:\/\/www.predsjednik.hr\/en\/news\/president-milanovic-green-transformation-must-become-a-way-of-life-and-state-of-consciousness\/","og_locale":"en_US","og_type":"article","og_title":"President Milanovi\u0107: Green transformation must become a way of life and state of consciousness - President of the Republic of Croatia - Zoran Milanovi\u0107","og_description":"The President of the Republic Zoran Milanovi\u0107 attended today the opening of the conference \u201cHrvatska kakvu trebamo \u2013 Zelenim razvojem protiv klimatske krize\u201d [The kind of Croatia we need \u2013 combating the climate crisis with green development], where he told the audience that green transformation must become a way of life and a state of consciousness.","og_url":"https:\/\/www.predsjednik.hr\/en\/news\/president-milanovic-green-transformation-must-become-a-way-of-life-and-state-of-consciousness\/","og_site_name":"President of the Republic of Croatia - Zoran Milanovi\u0107","article_modified_time":"2022-04-26T11:45:02+00:00","og_image":[{"width":1024,"height":576,"url":"https:\/\/www.predsjednik.hr\/wp-content\/uploads\/2022\/04\/DSC_0164-1024x576.jpg","type":"image\/jpeg"}],"twitter_card":"summary_large_image","twitter_misc":{"Est. reading time":"5 minutes"},"schema":{"@context":"https:\/\/schema.org","@graph":[{"@type":"WebPage","@id":"https:\/\/www.predsjednik.hr\/en\/news\/president-milanovic-green-transformation-must-become-a-way-of-life-and-state-of-consciousness\/","url":"https:\/\/www.predsjednik.hr\/en\/news\/president-milanovic-green-transformation-must-become-a-way-of-life-and-state-of-consciousness\/","name":"President Milanovi\u0107: Green transformation must become a way of life and state of consciousness - President of the Republic of Croatia - Zoran Milanovi\u0107","isPartOf":{"@id":"https:\/\/www.predsjednik.hr\/en\/#website"},"primaryImageOfPage":{"@id":"https:\/\/www.predsjednik.hr\/en\/news\/president-milanovic-green-transformation-must-become-a-way-of-life-and-state-of-consciousness\/#primaryimage"},"image":{"@id":"https:\/\/www.predsjednik.hr\/en\/news\/president-milanovic-green-transformation-must-become-a-way-of-life-and-state-of-consciousness\/#primaryimage"},"thumbnailUrl":"https:\/\/www.predsjednik.hr\/wp-content\/uploads\/2022\/04\/DSC_0164.jpg","datePublished":"2022-04-26T11:45:00+00:00","dateModified":"2022-04-26T11:45:02+00:00","breadcrumb":{"@id":"https:\/\/www.predsjednik.hr\/en\/news\/president-milanovic-green-transformation-must-become-a-way-of-life-and-state-of-consciousness\/#breadcrumb"},"inLanguage":"en-US","potentialAction":[{"@type":"ReadAction","target":["https:\/\/www.predsjednik.hr\/en\/news\/president-milanovic-green-transformation-must-become-a-way-of-life-and-state-of-consciousness\/"]}]},{"@type":"ImageObject","inLanguage":"en-US","@id":"https:\/\/www.predsjednik.hr\/en\/news\/president-milanovic-green-transformation-must-become-a-way-of-life-and-state-of-consciousness\/#primaryimage","url":"https:\/\/www.predsjednik.hr\/wp-content\/uploads\/2022\/04\/DSC_0164.jpg","contentUrl":"https:\/\/www.predsjednik.hr\/wp-content\/uploads\/2022\/04\/DSC_0164.jpg","width":5358,"height":3014,"caption":"President Milanovi\u0107: Green transformation must become a way of life and state of consciousness"},{"@type":"BreadcrumbList","@id":"https:\/\/www.predsjednik.hr\/en\/news\/president-milanovic-green-transformation-must-become-a-way-of-life-and-state-of-consciousness\/#breadcrumb","itemListElement":[{"@type":"ListItem","position":1,"name":"Home","item":"https:\/\/www.predsjednik.hr\/en\/"},{"@type":"ListItem","position":2,"name":"Vijesti","item":"https:\/\/www.predsjednik.hr\/en\/news\/"},{"@type":"ListItem","position":3,"name":"President Milanovi\u0107: Green transformation must become a way of life and state of consciousness"}]},{"@type":"WebSite","@id":"https:\/\/www.predsjednik.hr\/en\/#website","url":"https:\/\/www.predsjednik.hr\/en\/","name":"President of the Republic of Croatia - Zoran Milanovi\u0107","description":"Just another WordPress site","potentialAction":[{"@type":"SearchAction","target":{"@type":"EntryPoint","urlTemplate":"https:\/\/www.predsjednik.hr\/en\/?s={search_term_string}"},"query-input":{"@type":"PropertyValueSpecification","valueRequired":true,"valueName":"search_term_string"}}],"inLanguage":"en-US"}]}},"_links":{"self":[{"href":"https:\/\/www.predsjednik.hr\/en\/wp-json\/wp\/v2\/news\/16682","targetHints":{"allow":["GET"]}}],"collection":[{"href":"https:\/\/www.predsjednik.hr\/en\/wp-json\/wp\/v2\/news"}],"about":[{"href":"https:\/\/www.predsjednik.hr\/en\/wp-json\/wp\/v2\/types\/news"}],"wp:featuredmedia":[{"embeddable":true,"href":"https:\/\/www.predsjednik.hr\/en\/wp-json\/wp\/v2\/media\/16667"}],"wp:attachment":[{"href":"https:\/\/www.predsjednik.hr\/en\/wp-json\/wp\/v2\/media?parent=16682"}],"wp:term":[{"taxonomy":"news-cat","embeddable":true,"href":"https:\/\/www.predsjednik.hr\/en\/wp-json\/wp\/v2\/news-cat?post=16682"}],"curies":[{"name":"wp","href":"https:\/\/api.w.org\/{rel}","templated":true}]}}