{"id":16694,"date":"2022-04-26T16:11:08","date_gmt":"2022-04-26T14:11:08","guid":{"rendered":"https:\/\/www.predsjednik.hr\/?post_type=news&#038;p=16694"},"modified":"2022-04-26T16:11:11","modified_gmt":"2022-04-26T14:11:11","slug":"president-milanovic-meets-with-delegation-of-association-of-1st-home-guard-battalion-pula","status":"publish","type":"news","link":"https:\/\/www.predsjednik.hr\/en\/news\/president-milanovic-meets-with-delegation-of-association-of-1st-home-guard-battalion-pula\/","title":{"rendered":"President Milanovi\u0107 Meets with Delegation of Association of 1st Home Guard Battalion \u201cPula\u201d"},"content":{"rendered":"\n<p>The President of the Republic Zoran Milanovi\u0107 received a delegation of the Association of the 1<sup>st<\/sup> Home Guard Battalion \u201cPula\u201d on the occasion of the 30<sup>th<\/sup> anniversary of its founding. The delegation included Association president Boris Ru\u017ei\u0107, secretary \u0110ildo Pli\u0161ko and founder Denis Konto\u0161i\u0107.<\/p>\n\n\n\n<p>They discussed the service and deployment of the 1<sup>st<\/sup> Home Guard Battalion \u201cPula\u201d, founded on 30 April 1992. It is significant due to the fact that it was the first Home Guard unit from Istria County that operated on the battlefield of Lika. The unit completed all its tasks without any losses and was a model of organization and conduct for all other units on the battlefield. The Association members noted that their Battalion comprised 4 companies, 609 members, and when it ceased to exist on 13 July 1999 due to restructuring more than 1,500 Istrian Home Guards had passed through its ranks.<\/p>\n\n\n\n<p>The representatives of the 1<sup>st<\/sup> Home Guard Battalion \u201cPula\u201d acquainted President Milanovi\u0107 with outstanding issues of the Battalion members as well as with the programme for the celebration of the founding of the Battalion, which includes the promotion of a monograph featuring the unit.<\/p>\n\n\n\n<p>Alongside President Milanovi\u0107 at the meeting was the Special Adviser to the President of the Republic for Homeland War Veterans Marijan Marekovi\u0107.<\/p>\n\n\n<!--GALLERY BLOCK-->\n<div class=\"c-lightbox-gallery js-lightbox\">\n                <!--single-->\n            <a data-no-swup class=\"c-lightbox-gallery__single js-lightbox-single\"\n               href=\"https:\/\/www.predsjednik.hr\/wp-content\/uploads\/2022\/04\/DSC_0549-1024x576.jpg\"\n               style=\"background-image: url('https:\/\/www.predsjednik.hr\/wp-content\/uploads\/2022\/04\/DSC_0549-768x432.jpg')\"><\/a>\n            <!--end single-->\n                    <!--single-->\n            <a data-no-swup class=\"c-lightbox-gallery__single js-lightbox-single\"\n               href=\"https:\/\/www.predsjednik.hr\/wp-content\/uploads\/2022\/04\/DSC_0556-1024x576.jpg\"\n               style=\"background-image: url('https:\/\/www.predsjednik.hr\/wp-content\/uploads\/2022\/04\/DSC_0556-768x432.jpg')\"><\/a>\n            <!--end single-->\n                    <!--single-->\n            <a data-no-swup class=\"c-lightbox-gallery__single js-lightbox-single\"\n               href=\"https:\/\/www.predsjednik.hr\/wp-content\/uploads\/2022\/04\/DSC_0574-1024x731.jpg\"\n               style=\"background-image: url('https:\/\/www.predsjednik.hr\/wp-content\/uploads\/2022\/04\/DSC_0574-768x549.jpg')\"><\/a>\n            <!--end single-->\n                    <!--single-->\n            <a data-no-swup class=\"c-lightbox-gallery__single js-lightbox-single\"\n               href=\"https:\/\/www.predsjednik.hr\/wp-content\/uploads\/2022\/04\/DSC_0578-1024x576.jpg\"\n               style=\"background-image: url('https:\/\/www.predsjednik.hr\/wp-content\/uploads\/2022\/04\/DSC_0578-768x432.jpg')\"><\/a>\n            <!--end single-->\n        <\/div>\n<!--end GALLERY BLOCK-->\n\n\n\n<p>PHOTO: Office of the President of the Republic of Croatia \/ Ana Marija Kati\u0107<\/p>\n","protected":false},"excerpt":{"rendered":"<p>The President of the Republic Zoran Milanovi\u0107 received a delegation of the Association of the 1st Home Guard Battalion \u201cPula\u201d on the occasion of the 30th anniversary of its founding<\/p>\n","protected":false},"featured_media":16688,"template":"","news-cat":[12],"class_list":["post-16694","news","type-news","status-publish","has-post-thumbnail","hentry","news-cat-news"],"acf":[],"yoast_head":"<!-- This site is optimized with the Yoast SEO plugin v27.4 - https:\/\/yoast.com\/product\/yoast-seo-wordpress\/ -->\n<title>President Milanovi\u0107 Meets with Delegation of Association of 1st Home Guard Battalion \u201cPula\u201d - President of the Republic of Croatia - Zoran Milanovi\u0107<\/title>\n<meta name=\"robots\" content=\"index, follow, max-snippet:-1, max-image-preview:large, max-video-preview:-1\" \/>\n<link rel=\"canonical\" href=\"https:\/\/www.predsjednik.hr\/en\/news\/president-milanovic-meets-with-delegation-of-association-of-1st-home-guard-battalion-pula\/\" \/>\n<meta property=\"og:locale\" content=\"en_US\" \/>\n<meta property=\"og:type\" content=\"article\" \/>\n<meta property=\"og:title\" content=\"President Milanovi\u0107 Meets with Delegation of Association of 1st Home Guard Battalion \u201cPula\u201d - President of the Republic of Croatia - Zoran Milanovi\u0107\" \/>\n<meta property=\"og:description\" content=\"The President of the Republic Zoran Milanovi\u0107 received a delegation of the Association of the 1st Home Guard Battalion \u201cPula\u201d on the occasion of the 30th anniversary of its founding\" \/>\n<meta property=\"og:url\" content=\"https:\/\/www.predsjednik.hr\/en\/news\/president-milanovic-meets-with-delegation-of-association-of-1st-home-guard-battalion-pula\/\" \/>\n<meta property=\"og:site_name\" content=\"President of the Republic of Croatia - Zoran Milanovi\u0107\" \/>\n<meta property=\"article:modified_time\" content=\"2022-04-26T14:11:11+00:00\" \/>\n<meta property=\"og:image\" content=\"https:\/\/www.predsjednik.hr\/wp-content\/uploads\/2022\/04\/DSC_0556.jpg\" \/>\n\t<meta property=\"og:image:width\" content=\"5656\" \/>\n\t<meta property=\"og:image:height\" content=\"3181\" \/>\n\t<meta property=\"og:image:type\" content=\"image\/jpeg\" \/>\n<meta name=\"twitter:card\" content=\"summary_large_image\" \/>\n<meta name=\"twitter:label1\" content=\"Est. reading time\" \/>\n\t<meta name=\"twitter:data1\" content=\"2 minutes\" \/>\n<script type=\"application\/ld+json\" class=\"yoast-schema-graph\">{\"@context\":\"https:\\\/\\\/schema.org\",\"@graph\":[{\"@type\":\"WebPage\",\"@id\":\"https:\\\/\\\/www.predsjednik.hr\\\/en\\\/news\\\/president-milanovic-meets-with-delegation-of-association-of-1st-home-guard-battalion-pula\\\/\",\"url\":\"https:\\\/\\\/www.predsjednik.hr\\\/en\\\/news\\\/president-milanovic-meets-with-delegation-of-association-of-1st-home-guard-battalion-pula\\\/\",\"name\":\"President Milanovi\u0107 Meets with Delegation of Association of 1st Home Guard Battalion \u201cPula\u201d - President of the Republic of Croatia - Zoran Milanovi\u0107\",\"isPartOf\":{\"@id\":\"https:\\\/\\\/www.predsjednik.hr\\\/en\\\/#website\"},\"primaryImageOfPage\":{\"@id\":\"https:\\\/\\\/www.predsjednik.hr\\\/en\\\/news\\\/president-milanovic-meets-with-delegation-of-association-of-1st-home-guard-battalion-pula\\\/#primaryimage\"},\"image\":{\"@id\":\"https:\\\/\\\/www.predsjednik.hr\\\/en\\\/news\\\/president-milanovic-meets-with-delegation-of-association-of-1st-home-guard-battalion-pula\\\/#primaryimage\"},\"thumbnailUrl\":\"https:\\\/\\\/www.predsjednik.hr\\\/wp-content\\\/uploads\\\/2022\\\/04\\\/DSC_0556.jpg\",\"datePublished\":\"2022-04-26T14:11:08+00:00\",\"dateModified\":\"2022-04-26T14:11:11+00:00\",\"breadcrumb\":{\"@id\":\"https:\\\/\\\/www.predsjednik.hr\\\/en\\\/news\\\/president-milanovic-meets-with-delegation-of-association-of-1st-home-guard-battalion-pula\\\/#breadcrumb\"},\"inLanguage\":\"en-US\",\"potentialAction\":[{\"@type\":\"ReadAction\",\"target\":[\"https:\\\/\\\/www.predsjednik.hr\\\/en\\\/news\\\/president-milanovic-meets-with-delegation-of-association-of-1st-home-guard-battalion-pula\\\/\"]}]},{\"@type\":\"ImageObject\",\"inLanguage\":\"en-US\",\"@id\":\"https:\\\/\\\/www.predsjednik.hr\\\/en\\\/news\\\/president-milanovic-meets-with-delegation-of-association-of-1st-home-guard-battalion-pula\\\/#primaryimage\",\"url\":\"https:\\\/\\\/www.predsjednik.hr\\\/wp-content\\\/uploads\\\/2022\\\/04\\\/DSC_0556.jpg\",\"contentUrl\":\"https:\\\/\\\/www.predsjednik.hr\\\/wp-content\\\/uploads\\\/2022\\\/04\\\/DSC_0556.jpg\",\"width\":5656,\"height\":3181,\"caption\":\"The President of the Republic Zoran Milanovi\u0107 received a delegation of the Association of the 1st Home Guard Battalion \u201cPula\u201d on the occasion of the 30th anniversary of its founding\"},{\"@type\":\"BreadcrumbList\",\"@id\":\"https:\\\/\\\/www.predsjednik.hr\\\/en\\\/news\\\/president-milanovic-meets-with-delegation-of-association-of-1st-home-guard-battalion-pula\\\/#breadcrumb\",\"itemListElement\":[{\"@type\":\"ListItem\",\"position\":1,\"name\":\"Home\",\"item\":\"https:\\\/\\\/www.predsjednik.hr\\\/en\\\/\"},{\"@type\":\"ListItem\",\"position\":2,\"name\":\"Vijesti\",\"item\":\"https:\\\/\\\/www.predsjednik.hr\\\/en\\\/news\\\/\"},{\"@type\":\"ListItem\",\"position\":3,\"name\":\"President Milanovi\u0107 Meets with Delegation of Association of 1st Home Guard Battalion \u201cPula\u201d\"}]},{\"@type\":\"WebSite\",\"@id\":\"https:\\\/\\\/www.predsjednik.hr\\\/en\\\/#website\",\"url\":\"https:\\\/\\\/www.predsjednik.hr\\\/en\\\/\",\"name\":\"President of the Republic of Croatia - Zoran Milanovi\u0107\",\"description\":\"Just another WordPress site\",\"potentialAction\":[{\"@type\":\"SearchAction\",\"target\":{\"@type\":\"EntryPoint\",\"urlTemplate\":\"https:\\\/\\\/www.predsjednik.hr\\\/en\\\/?s={search_term_string}\"},\"query-input\":{\"@type\":\"PropertyValueSpecification\",\"valueRequired\":true,\"valueName\":\"search_term_string\"}}],\"inLanguage\":\"en-US\"}]}<\/script>\n<!-- \/ Yoast SEO plugin. -->","yoast_head_json":{"title":"President Milanovi\u0107 Meets with Delegation of Association of 1st Home Guard Battalion \u201cPula\u201d - President of the Republic of Croatia - Zoran Milanovi\u0107","robots":{"index":"index","follow":"follow","max-snippet":"max-snippet:-1","max-image-preview":"max-image-preview:large","max-video-preview":"max-video-preview:-1"},"canonical":"https:\/\/www.predsjednik.hr\/en\/news\/president-milanovic-meets-with-delegation-of-association-of-1st-home-guard-battalion-pula\/","og_locale":"en_US","og_type":"article","og_title":"President Milanovi\u0107 Meets with Delegation of Association of 1st Home Guard Battalion \u201cPula\u201d - President of the Republic of Croatia - Zoran Milanovi\u0107","og_description":"The President of the Republic Zoran Milanovi\u0107 received a delegation of the Association of the 1st Home Guard Battalion \u201cPula\u201d on the occasion of the 30th anniversary of its founding","og_url":"https:\/\/www.predsjednik.hr\/en\/news\/president-milanovic-meets-with-delegation-of-association-of-1st-home-guard-battalion-pula\/","og_site_name":"President of the Republic of Croatia - Zoran Milanovi\u0107","article_modified_time":"2022-04-26T14:11:11+00:00","og_image":[{"width":5656,"height":3181,"url":"https:\/\/www.predsjednik.hr\/wp-content\/uploads\/2022\/04\/DSC_0556.jpg","type":"image\/jpeg"}],"twitter_card":"summary_large_image","twitter_misc":{"Est. reading time":"2 minutes"},"schema":{"@context":"https:\/\/schema.org","@graph":[{"@type":"WebPage","@id":"https:\/\/www.predsjednik.hr\/en\/news\/president-milanovic-meets-with-delegation-of-association-of-1st-home-guard-battalion-pula\/","url":"https:\/\/www.predsjednik.hr\/en\/news\/president-milanovic-meets-with-delegation-of-association-of-1st-home-guard-battalion-pula\/","name":"President Milanovi\u0107 Meets with Delegation of Association of 1st Home Guard Battalion \u201cPula\u201d - President of the Republic of Croatia - Zoran Milanovi\u0107","isPartOf":{"@id":"https:\/\/www.predsjednik.hr\/en\/#website"},"primaryImageOfPage":{"@id":"https:\/\/www.predsjednik.hr\/en\/news\/president-milanovic-meets-with-delegation-of-association-of-1st-home-guard-battalion-pula\/#primaryimage"},"image":{"@id":"https:\/\/www.predsjednik.hr\/en\/news\/president-milanovic-meets-with-delegation-of-association-of-1st-home-guard-battalion-pula\/#primaryimage"},"thumbnailUrl":"https:\/\/www.predsjednik.hr\/wp-content\/uploads\/2022\/04\/DSC_0556.jpg","datePublished":"2022-04-26T14:11:08+00:00","dateModified":"2022-04-26T14:11:11+00:00","breadcrumb":{"@id":"https:\/\/www.predsjednik.hr\/en\/news\/president-milanovic-meets-with-delegation-of-association-of-1st-home-guard-battalion-pula\/#breadcrumb"},"inLanguage":"en-US","potentialAction":[{"@type":"ReadAction","target":["https:\/\/www.predsjednik.hr\/en\/news\/president-milanovic-meets-with-delegation-of-association-of-1st-home-guard-battalion-pula\/"]}]},{"@type":"ImageObject","inLanguage":"en-US","@id":"https:\/\/www.predsjednik.hr\/en\/news\/president-milanovic-meets-with-delegation-of-association-of-1st-home-guard-battalion-pula\/#primaryimage","url":"https:\/\/www.predsjednik.hr\/wp-content\/uploads\/2022\/04\/DSC_0556.jpg","contentUrl":"https:\/\/www.predsjednik.hr\/wp-content\/uploads\/2022\/04\/DSC_0556.jpg","width":5656,"height":3181,"caption":"The President of the Republic Zoran Milanovi\u0107 received a delegation of the Association of the 1st Home Guard Battalion \u201cPula\u201d on the occasion of the 30th anniversary of its founding"},{"@type":"BreadcrumbList","@id":"https:\/\/www.predsjednik.hr\/en\/news\/president-milanovic-meets-with-delegation-of-association-of-1st-home-guard-battalion-pula\/#breadcrumb","itemListElement":[{"@type":"ListItem","position":1,"name":"Home","item":"https:\/\/www.predsjednik.hr\/en\/"},{"@type":"ListItem","position":2,"name":"Vijesti","item":"https:\/\/www.predsjednik.hr\/en\/news\/"},{"@type":"ListItem","position":3,"name":"President Milanovi\u0107 Meets with Delegation of Association of 1st Home Guard Battalion \u201cPula\u201d"}]},{"@type":"WebSite","@id":"https:\/\/www.predsjednik.hr\/en\/#website","url":"https:\/\/www.predsjednik.hr\/en\/","name":"President of the Republic of Croatia - Zoran Milanovi\u0107","description":"Just another WordPress site","potentialAction":[{"@type":"SearchAction","target":{"@type":"EntryPoint","urlTemplate":"https:\/\/www.predsjednik.hr\/en\/?s={search_term_string}"},"query-input":{"@type":"PropertyValueSpecification","valueRequired":true,"valueName":"search_term_string"}}],"inLanguage":"en-US"}]}},"_links":{"self":[{"href":"https:\/\/www.predsjednik.hr\/en\/wp-json\/wp\/v2\/news\/16694","targetHints":{"allow":["GET"]}}],"collection":[{"href":"https:\/\/www.predsjednik.hr\/en\/wp-json\/wp\/v2\/news"}],"about":[{"href":"https:\/\/www.predsjednik.hr\/en\/wp-json\/wp\/v2\/types\/news"}],"wp:featuredmedia":[{"embeddable":true,"href":"https:\/\/www.predsjednik.hr\/en\/wp-json\/wp\/v2\/media\/16688"}],"wp:attachment":[{"href":"https:\/\/www.predsjednik.hr\/en\/wp-json\/wp\/v2\/media?parent=16694"}],"wp:term":[{"taxonomy":"news-cat","embeddable":true,"href":"https:\/\/www.predsjednik.hr\/en\/wp-json\/wp\/v2\/news-cat?post=16694"}],"curies":[{"name":"wp","href":"https:\/\/api.w.org\/{rel}","templated":true}]}}