{"id":16735,"date":"2022-04-27T15:46:46","date_gmt":"2022-04-27T13:46:46","guid":{"rendered":"https:\/\/www.predsjednik.hr\/?post_type=news&#038;p=16735"},"modified":"2022-04-27T15:46:48","modified_gmt":"2022-04-27T13:46:48","slug":"president-milanovic-in-rovisce-the-more-we-absorb-eu-funds-the-more-money-will-be-left-for-croatias-needs","status":"publish","type":"news","link":"https:\/\/www.predsjednik.hr\/en\/news\/president-milanovic-in-rovisce-the-more-we-absorb-eu-funds-the-more-money-will-be-left-for-croatias-needs\/","title":{"rendered":"President Milanovi\u0107 in Rovi\u0161\u0107e: The more we absorb EU funds, the more money will be left for Croatia\u2019s needs"},"content":{"rendered":"\n<p>The President of the Republic Zoran Milanovi\u0107 attended a special session of the Municipal Council of Rovi\u0161\u0107e on the occasion of Municipal Day. In addressing the gathering, he remarked that already when entering the municipality the achievements are evident.<\/p>\n\n\n\n<p>Commenting on the development of the municipality and comparing it to the achievements of municipalities in Croatia\u2019s south that make a living from tourism, the President told them that \u201cyour success required a lot more concentration and work\u201d.<\/p>\n\n\n\n<p>The special session was held in Rovi\u0161\u0107e\u2019s Cultural Centre, built with resources from European funds, which President Milanovi\u0107 welcomed. \u201cAre those European funds \u2013 the only thing that interests me. You say they are and that\u2019s the essence of the story\u201d, President Milanovi\u0107 stated, adding that today the basis of Croatian membership in the European Union is money. \u201cThe basis is money that is offered as some sort of compensation to listen to those who are bigger and richer than we are. And if we don\u2019t spend the last euro, the money that is actually available, then we\u2019re not doing a good job. Every euro that comes from European funds should be the target of our ambition and our wish to utilize it because we in turn give up a good part of our sovereignty\u201d, President MIlanovi\u0107 stated, adding that this is the world we live in and to which we have to adapt.<\/p>\n\n\n\n<p>\u201cThose are the things I notice first \u2013 show me what you have and the source of its funding. European funds are good because they are terribly strict, is a just system that teaches us honest management. The more we absorb EU funds, the more money we\u2019ll have for our needs, for those who need help in our country, and in neighbouring Bosnia and Herzegovina\u201d, the President noted.<\/p>\n\n\n\n<p>In relation to Bosnia and Herzegovina, President Milanovi\u0107 underlined that he knows he is addressing a public that listens, feels and understands, since many of them originate from Rama. \u201cWhen I say that the fight is for the fundamental rights of Croats in Bosnia and Herzegovina, for their political rights in another state \u2013 towards which we have no ambitions \u2013 then this fight and this commitment is our deep and moral obligation, andd for some of you even more so\u201d, President Milanovi\u0107 stated.<\/p>\n\n\n\n<p>Prior to the special session the President of the Republic laid a wreath and lit a candle at the monument to the fallen Croatian defenders in the main square in Rovi\u0161\u0107e. Alongside President Milanovi\u0107 was the Adviser to the President for Human Rights and Civil Society Melita Muli\u0107 and the Special Adviser to the President for Homeland War Veterans Marijan Marekovi\u0107.<\/p>\n\n\n<!--GALLERY BLOCK-->\n<div class=\"c-lightbox-gallery js-lightbox\">\n                <!--single-->\n            <a data-no-swup class=\"c-lightbox-gallery__single js-lightbox-single\"\n               href=\"https:\/\/www.predsjednik.hr\/wp-content\/uploads\/2022\/04\/DSC_0961-1024x576.jpg\"\n               style=\"background-image: url('https:\/\/www.predsjednik.hr\/wp-content\/uploads\/2022\/04\/DSC_0961-768x432.jpg')\"><\/a>\n            <!--end single-->\n                    <!--single-->\n            <a data-no-swup class=\"c-lightbox-gallery__single js-lightbox-single\"\n               href=\"https:\/\/www.predsjednik.hr\/wp-content\/uploads\/2022\/04\/DSC_1044-1024x576.jpg\"\n               style=\"background-image: url('https:\/\/www.predsjednik.hr\/wp-content\/uploads\/2022\/04\/DSC_1044-768x432.jpg')\"><\/a>\n            <!--end single-->\n                    <!--single-->\n            <a data-no-swup class=\"c-lightbox-gallery__single js-lightbox-single\"\n               href=\"https:\/\/www.predsjednik.hr\/wp-content\/uploads\/2022\/04\/DSC_1072-1024x576.jpg\"\n               style=\"background-image: url('https:\/\/www.predsjednik.hr\/wp-content\/uploads\/2022\/04\/DSC_1072-768x432.jpg')\"><\/a>\n            <!--end single-->\n                    <!--single-->\n            <a data-no-swup class=\"c-lightbox-gallery__single js-lightbox-single\"\n               href=\"https:\/\/www.predsjednik.hr\/wp-content\/uploads\/2022\/04\/DSC_1241-1-1024x576.jpg\"\n               style=\"background-image: url('https:\/\/www.predsjednik.hr\/wp-content\/uploads\/2022\/04\/DSC_1241-1-768x432.jpg')\"><\/a>\n            <!--end single-->\n                    <!--single-->\n            <a data-no-swup class=\"c-lightbox-gallery__single js-lightbox-single\"\n               href=\"https:\/\/www.predsjednik.hr\/wp-content\/uploads\/2022\/04\/DSC_1397-1024x819.jpg\"\n               style=\"background-image: url('https:\/\/www.predsjednik.hr\/wp-content\/uploads\/2022\/04\/DSC_1397-768x614.jpg')\"><\/a>\n            <!--end single-->\n                    <!--single-->\n            <a data-no-swup class=\"c-lightbox-gallery__single js-lightbox-single\"\n               href=\"https:\/\/www.predsjednik.hr\/wp-content\/uploads\/2022\/04\/DSC_1416-1-1024x576.jpg\"\n               style=\"background-image: url('https:\/\/www.predsjednik.hr\/wp-content\/uploads\/2022\/04\/DSC_1416-1-768x432.jpg')\"><\/a>\n            <!--end single-->\n        <\/div>\n<!--end GALLERY BLOCK-->\n\n\n\n<p>PHOTO: Office of the President of the Republic of Croatia \/ Marko Beljan<\/p>\n","protected":false},"excerpt":{"rendered":"<p>The President of the Republic Zoran Milanovi\u0107 attended a special session of the Municipal Council of Rovi\u0161\u0107e on the occasion of Municipal Day. In addressing the gathering, he remarked that already when entering the municipality the achievements are evident.<\/p>\n","protected":false},"featured_media":16730,"template":"","news-cat":[12],"class_list":["post-16735","news","type-news","status-publish","has-post-thumbnail","hentry","news-cat-news"],"acf":[],"yoast_head":"<!-- This site is optimized with the Yoast SEO plugin v27.4 - https:\/\/yoast.com\/product\/yoast-seo-wordpress\/ -->\n<title>President Milanovi\u0107 in Rovi\u0161\u0107e: The more we absorb EU funds, the more money will be left for Croatia\u2019s needs - President of the Republic of Croatia - Zoran Milanovi\u0107<\/title>\n<meta name=\"robots\" content=\"index, follow, max-snippet:-1, max-image-preview:large, max-video-preview:-1\" \/>\n<link rel=\"canonical\" href=\"https:\/\/www.predsjednik.hr\/en\/news\/president-milanovic-in-rovisce-the-more-we-absorb-eu-funds-the-more-money-will-be-left-for-croatias-needs\/\" \/>\n<meta property=\"og:locale\" content=\"en_US\" \/>\n<meta property=\"og:type\" content=\"article\" \/>\n<meta property=\"og:title\" content=\"President Milanovi\u0107 in Rovi\u0161\u0107e: The more we absorb EU funds, the more money will be left for Croatia\u2019s needs - President of the Republic of Croatia - Zoran Milanovi\u0107\" \/>\n<meta property=\"og:description\" content=\"The President of the Republic Zoran Milanovi\u0107 attended a special session of the Municipal Council of Rovi\u0161\u0107e on the occasion of Municipal Day. In addressing the gathering, he remarked that already when entering the municipality the achievements are evident.\" \/>\n<meta property=\"og:url\" content=\"https:\/\/www.predsjednik.hr\/en\/news\/president-milanovic-in-rovisce-the-more-we-absorb-eu-funds-the-more-money-will-be-left-for-croatias-needs\/\" \/>\n<meta property=\"og:site_name\" content=\"President of the Republic of Croatia - Zoran Milanovi\u0107\" \/>\n<meta property=\"article:modified_time\" content=\"2022-04-27T13:46:48+00:00\" \/>\n<meta property=\"og:image\" content=\"https:\/\/www.predsjednik.hr\/wp-content\/uploads\/2022\/04\/DSC_1397.jpg\" \/>\n\t<meta property=\"og:image:width\" content=\"5008\" \/>\n\t<meta property=\"og:image:height\" content=\"4007\" \/>\n\t<meta property=\"og:image:type\" content=\"image\/jpeg\" \/>\n<meta name=\"twitter:card\" content=\"summary_large_image\" \/>\n<meta name=\"twitter:label1\" content=\"Est. reading time\" \/>\n\t<meta name=\"twitter:data1\" content=\"3 minutes\" \/>\n<script type=\"application\/ld+json\" class=\"yoast-schema-graph\">{\"@context\":\"https:\\\/\\\/schema.org\",\"@graph\":[{\"@type\":\"WebPage\",\"@id\":\"https:\\\/\\\/www.predsjednik.hr\\\/en\\\/news\\\/president-milanovic-in-rovisce-the-more-we-absorb-eu-funds-the-more-money-will-be-left-for-croatias-needs\\\/\",\"url\":\"https:\\\/\\\/www.predsjednik.hr\\\/en\\\/news\\\/president-milanovic-in-rovisce-the-more-we-absorb-eu-funds-the-more-money-will-be-left-for-croatias-needs\\\/\",\"name\":\"President Milanovi\u0107 in Rovi\u0161\u0107e: The more we absorb EU funds, the more money will be left for Croatia\u2019s needs - President of the Republic of Croatia - Zoran Milanovi\u0107\",\"isPartOf\":{\"@id\":\"https:\\\/\\\/www.predsjednik.hr\\\/en\\\/#website\"},\"primaryImageOfPage\":{\"@id\":\"https:\\\/\\\/www.predsjednik.hr\\\/en\\\/news\\\/president-milanovic-in-rovisce-the-more-we-absorb-eu-funds-the-more-money-will-be-left-for-croatias-needs\\\/#primaryimage\"},\"image\":{\"@id\":\"https:\\\/\\\/www.predsjednik.hr\\\/en\\\/news\\\/president-milanovic-in-rovisce-the-more-we-absorb-eu-funds-the-more-money-will-be-left-for-croatias-needs\\\/#primaryimage\"},\"thumbnailUrl\":\"https:\\\/\\\/www.predsjednik.hr\\\/wp-content\\\/uploads\\\/2022\\\/04\\\/DSC_1397.jpg\",\"datePublished\":\"2022-04-27T13:46:46+00:00\",\"dateModified\":\"2022-04-27T13:46:48+00:00\",\"breadcrumb\":{\"@id\":\"https:\\\/\\\/www.predsjednik.hr\\\/en\\\/news\\\/president-milanovic-in-rovisce-the-more-we-absorb-eu-funds-the-more-money-will-be-left-for-croatias-needs\\\/#breadcrumb\"},\"inLanguage\":\"en-US\",\"potentialAction\":[{\"@type\":\"ReadAction\",\"target\":[\"https:\\\/\\\/www.predsjednik.hr\\\/en\\\/news\\\/president-milanovic-in-rovisce-the-more-we-absorb-eu-funds-the-more-money-will-be-left-for-croatias-needs\\\/\"]}]},{\"@type\":\"ImageObject\",\"inLanguage\":\"en-US\",\"@id\":\"https:\\\/\\\/www.predsjednik.hr\\\/en\\\/news\\\/president-milanovic-in-rovisce-the-more-we-absorb-eu-funds-the-more-money-will-be-left-for-croatias-needs\\\/#primaryimage\",\"url\":\"https:\\\/\\\/www.predsjednik.hr\\\/wp-content\\\/uploads\\\/2022\\\/04\\\/DSC_1397.jpg\",\"contentUrl\":\"https:\\\/\\\/www.predsjednik.hr\\\/wp-content\\\/uploads\\\/2022\\\/04\\\/DSC_1397.jpg\",\"width\":5008,\"height\":4007,\"caption\":\"The President of the Republic Zoran Milanovi\u0107 attended a special session of the Municipal Council of Rovi\u0161\u0107e on the occasion of Municipal Day.\"},{\"@type\":\"BreadcrumbList\",\"@id\":\"https:\\\/\\\/www.predsjednik.hr\\\/en\\\/news\\\/president-milanovic-in-rovisce-the-more-we-absorb-eu-funds-the-more-money-will-be-left-for-croatias-needs\\\/#breadcrumb\",\"itemListElement\":[{\"@type\":\"ListItem\",\"position\":1,\"name\":\"Home\",\"item\":\"https:\\\/\\\/www.predsjednik.hr\\\/en\\\/\"},{\"@type\":\"ListItem\",\"position\":2,\"name\":\"Vijesti\",\"item\":\"https:\\\/\\\/www.predsjednik.hr\\\/en\\\/news\\\/\"},{\"@type\":\"ListItem\",\"position\":3,\"name\":\"President Milanovi\u0107 in Rovi\u0161\u0107e: The more we absorb EU funds, the more money will be left for Croatia\u2019s needs\"}]},{\"@type\":\"WebSite\",\"@id\":\"https:\\\/\\\/www.predsjednik.hr\\\/en\\\/#website\",\"url\":\"https:\\\/\\\/www.predsjednik.hr\\\/en\\\/\",\"name\":\"President of the Republic of Croatia - Zoran Milanovi\u0107\",\"description\":\"Just another WordPress site\",\"potentialAction\":[{\"@type\":\"SearchAction\",\"target\":{\"@type\":\"EntryPoint\",\"urlTemplate\":\"https:\\\/\\\/www.predsjednik.hr\\\/en\\\/?s={search_term_string}\"},\"query-input\":{\"@type\":\"PropertyValueSpecification\",\"valueRequired\":true,\"valueName\":\"search_term_string\"}}],\"inLanguage\":\"en-US\"}]}<\/script>\n<!-- \/ Yoast SEO plugin. -->","yoast_head_json":{"title":"President Milanovi\u0107 in Rovi\u0161\u0107e: The more we absorb EU funds, the more money will be left for Croatia\u2019s needs - President of the Republic of Croatia - Zoran Milanovi\u0107","robots":{"index":"index","follow":"follow","max-snippet":"max-snippet:-1","max-image-preview":"max-image-preview:large","max-video-preview":"max-video-preview:-1"},"canonical":"https:\/\/www.predsjednik.hr\/en\/news\/president-milanovic-in-rovisce-the-more-we-absorb-eu-funds-the-more-money-will-be-left-for-croatias-needs\/","og_locale":"en_US","og_type":"article","og_title":"President Milanovi\u0107 in Rovi\u0161\u0107e: The more we absorb EU funds, the more money will be left for Croatia\u2019s needs - President of the Republic of Croatia - Zoran Milanovi\u0107","og_description":"The President of the Republic Zoran Milanovi\u0107 attended a special session of the Municipal Council of Rovi\u0161\u0107e on the occasion of Municipal Day. In addressing the gathering, he remarked that already when entering the municipality the achievements are evident.","og_url":"https:\/\/www.predsjednik.hr\/en\/news\/president-milanovic-in-rovisce-the-more-we-absorb-eu-funds-the-more-money-will-be-left-for-croatias-needs\/","og_site_name":"President of the Republic of Croatia - Zoran Milanovi\u0107","article_modified_time":"2022-04-27T13:46:48+00:00","og_image":[{"width":5008,"height":4007,"url":"https:\/\/www.predsjednik.hr\/wp-content\/uploads\/2022\/04\/DSC_1397.jpg","type":"image\/jpeg"}],"twitter_card":"summary_large_image","twitter_misc":{"Est. reading time":"3 minutes"},"schema":{"@context":"https:\/\/schema.org","@graph":[{"@type":"WebPage","@id":"https:\/\/www.predsjednik.hr\/en\/news\/president-milanovic-in-rovisce-the-more-we-absorb-eu-funds-the-more-money-will-be-left-for-croatias-needs\/","url":"https:\/\/www.predsjednik.hr\/en\/news\/president-milanovic-in-rovisce-the-more-we-absorb-eu-funds-the-more-money-will-be-left-for-croatias-needs\/","name":"President Milanovi\u0107 in Rovi\u0161\u0107e: The more we absorb EU funds, the more money will be left for Croatia\u2019s needs - President of the Republic of Croatia - Zoran Milanovi\u0107","isPartOf":{"@id":"https:\/\/www.predsjednik.hr\/en\/#website"},"primaryImageOfPage":{"@id":"https:\/\/www.predsjednik.hr\/en\/news\/president-milanovic-in-rovisce-the-more-we-absorb-eu-funds-the-more-money-will-be-left-for-croatias-needs\/#primaryimage"},"image":{"@id":"https:\/\/www.predsjednik.hr\/en\/news\/president-milanovic-in-rovisce-the-more-we-absorb-eu-funds-the-more-money-will-be-left-for-croatias-needs\/#primaryimage"},"thumbnailUrl":"https:\/\/www.predsjednik.hr\/wp-content\/uploads\/2022\/04\/DSC_1397.jpg","datePublished":"2022-04-27T13:46:46+00:00","dateModified":"2022-04-27T13:46:48+00:00","breadcrumb":{"@id":"https:\/\/www.predsjednik.hr\/en\/news\/president-milanovic-in-rovisce-the-more-we-absorb-eu-funds-the-more-money-will-be-left-for-croatias-needs\/#breadcrumb"},"inLanguage":"en-US","potentialAction":[{"@type":"ReadAction","target":["https:\/\/www.predsjednik.hr\/en\/news\/president-milanovic-in-rovisce-the-more-we-absorb-eu-funds-the-more-money-will-be-left-for-croatias-needs\/"]}]},{"@type":"ImageObject","inLanguage":"en-US","@id":"https:\/\/www.predsjednik.hr\/en\/news\/president-milanovic-in-rovisce-the-more-we-absorb-eu-funds-the-more-money-will-be-left-for-croatias-needs\/#primaryimage","url":"https:\/\/www.predsjednik.hr\/wp-content\/uploads\/2022\/04\/DSC_1397.jpg","contentUrl":"https:\/\/www.predsjednik.hr\/wp-content\/uploads\/2022\/04\/DSC_1397.jpg","width":5008,"height":4007,"caption":"The President of the Republic Zoran Milanovi\u0107 attended a special session of the Municipal Council of Rovi\u0161\u0107e on the occasion of Municipal Day."},{"@type":"BreadcrumbList","@id":"https:\/\/www.predsjednik.hr\/en\/news\/president-milanovic-in-rovisce-the-more-we-absorb-eu-funds-the-more-money-will-be-left-for-croatias-needs\/#breadcrumb","itemListElement":[{"@type":"ListItem","position":1,"name":"Home","item":"https:\/\/www.predsjednik.hr\/en\/"},{"@type":"ListItem","position":2,"name":"Vijesti","item":"https:\/\/www.predsjednik.hr\/en\/news\/"},{"@type":"ListItem","position":3,"name":"President Milanovi\u0107 in Rovi\u0161\u0107e: The more we absorb EU funds, the more money will be left for Croatia\u2019s needs"}]},{"@type":"WebSite","@id":"https:\/\/www.predsjednik.hr\/en\/#website","url":"https:\/\/www.predsjednik.hr\/en\/","name":"President of the Republic of Croatia - Zoran Milanovi\u0107","description":"Just another WordPress site","potentialAction":[{"@type":"SearchAction","target":{"@type":"EntryPoint","urlTemplate":"https:\/\/www.predsjednik.hr\/en\/?s={search_term_string}"},"query-input":{"@type":"PropertyValueSpecification","valueRequired":true,"valueName":"search_term_string"}}],"inLanguage":"en-US"}]}},"_links":{"self":[{"href":"https:\/\/www.predsjednik.hr\/en\/wp-json\/wp\/v2\/news\/16735","targetHints":{"allow":["GET"]}}],"collection":[{"href":"https:\/\/www.predsjednik.hr\/en\/wp-json\/wp\/v2\/news"}],"about":[{"href":"https:\/\/www.predsjednik.hr\/en\/wp-json\/wp\/v2\/types\/news"}],"wp:featuredmedia":[{"embeddable":true,"href":"https:\/\/www.predsjednik.hr\/en\/wp-json\/wp\/v2\/media\/16730"}],"wp:attachment":[{"href":"https:\/\/www.predsjednik.hr\/en\/wp-json\/wp\/v2\/media?parent=16735"}],"wp:term":[{"taxonomy":"news-cat","embeddable":true,"href":"https:\/\/www.predsjednik.hr\/en\/wp-json\/wp\/v2\/news-cat?post=16735"}],"curies":[{"name":"wp","href":"https:\/\/api.w.org\/{rel}","templated":true}]}}