{"id":16839,"date":"2022-04-29T16:00:00","date_gmt":"2022-04-29T14:00:00","guid":{"rendered":"https:\/\/www.predsjednik.hr\/?post_type=news&#038;p=16839"},"modified":"2022-04-30T12:26:50","modified_gmt":"2022-04-30T10:26:50","slug":"president-milanovic-extends-congratulations-on-international-workers-day-inflation-is-a-threat-to-all-the-people-who-live-off-their-wages","status":"publish","type":"news","link":"https:\/\/www.predsjednik.hr\/en\/news\/president-milanovic-extends-congratulations-on-international-workers-day-inflation-is-a-threat-to-all-the-people-who-live-off-their-wages\/","title":{"rendered":"President Milanovi\u0107 Extends Congratulations on International Workers\u2019 Day: Inflation is a threat to all the people who live off their wages"},"content":{"rendered":"\n<p>At the traditional event for International Workers\u2019 Day in Tvornica, organized by the Union of Autonomous Trade Unions of Croatia, the President of the Republic Zoran Milanovi\u0107 congratulated the Croatian workers on International Workers\u2019 Day being observed on 1 May.<\/p>\n\n\n\n<p>Addressing Union members President Milanovi\u0107 stated that for the Union, which primarily represents workers in the private sector, it is difficult today to recognize their opponent because large manufacturing companies no longer exist. \u201cOnce there used to be big establishments in Radni\u010dka Street \u2013 there is none of that today\u201d, he said, warning that the main problem and danger today in Croatia is inflation. \u201cInflation is a danger that cannot be eradicated by union work. Inflation hits those who life off their wages, that is a huge number of people\u201d, President Milanovi\u0107 noted.<\/p>\n\n\n\n<p>He then referred to the inflation of the 1970s and 1980s, both in Croatia and in Western countries. \u201cWestern countries experienced that problem, but to a lower degree. It is coming back now \u2013 and why so \u2013 nobody knows the exact answer. Perhaps due to the crisis caused by the pandemic and the policy of printing a lot of money. If this is so, it means that the phenomenon is short-term and will soon disappear. That is the so-called transitory inflation\u201d, the President stated, emphasizing that inflation is a serious issue.<\/p>\n\n\n\n<p>He noted that he is not inclined to criticizing the government on the wage issue. \u201cEvery government indeed wishes to satisfy its voters, give wages amounting to 1,500 euros in the public sector, just to get rid of the problem. Unfortunately, life is a bit more complex: Croatian taxes are about average in Europe, corporate tax is small, forget about dividend tax. Not much can be changed, payroll deductions must be withheld from total earnings, otherwise the whole system will collapse and people will lose their security\u201d, President Milanovi\u0107 stated to Union members and said that they do not necessarily have enemies in the government.<\/p>\n\n\n\n<p>The \u201cPraznik rada u Tvornici\u201d (Workers\u2019 Day in Tvornica) is a traditional event and gathering of Union members with their Union representatives and with representatives of the legislative and executive branches of the government on a national and local scale in order to remember history and the meaning of International Workers\u2019 Day and the fight of the workers. Furthermore, it is an opportunity for Union representatives to transmit messages and expectations from government bodies aimed at improving the position of workers and society as a whole.<\/p>\n\n\n\n<p>Alongside President Milanovi\u0107 were the Gead of the Cabinet of the President Bartol \u0160imuni\u0107 and the Special Adviser to the President of the Republic for the Economy Velibor Ma\u010dki\u0107.<\/p>\n\n\n<!--GALLERY BLOCK-->\n<div class=\"c-lightbox-gallery js-lightbox\">\n                <!--single-->\n            <a data-no-swup class=\"c-lightbox-gallery__single js-lightbox-single\"\n               href=\"https:\/\/www.predsjednik.hr\/wp-content\/uploads\/2022\/04\/DSC_3208-1024x576.jpg\"\n               style=\"background-image: url('https:\/\/www.predsjednik.hr\/wp-content\/uploads\/2022\/04\/DSC_3208-768x432.jpg')\"><\/a>\n            <!--end single-->\n                    <!--single-->\n            <a data-no-swup class=\"c-lightbox-gallery__single js-lightbox-single\"\n               href=\"https:\/\/www.predsjednik.hr\/wp-content\/uploads\/2022\/04\/DSC_3217-1024x683.jpg\"\n               style=\"background-image: url('https:\/\/www.predsjednik.hr\/wp-content\/uploads\/2022\/04\/DSC_3217-768x512.jpg')\"><\/a>\n            <!--end single-->\n                    <!--single-->\n            <a data-no-swup class=\"c-lightbox-gallery__single js-lightbox-single\"\n               href=\"https:\/\/www.predsjednik.hr\/wp-content\/uploads\/2022\/04\/DSC_3278-2-1024x683.jpg\"\n               style=\"background-image: url('https:\/\/www.predsjednik.hr\/wp-content\/uploads\/2022\/04\/DSC_3278-2-768x512.jpg')\"><\/a>\n            <!--end single-->\n                    <!--single-->\n            <a data-no-swup class=\"c-lightbox-gallery__single js-lightbox-single\"\n               href=\"https:\/\/www.predsjednik.hr\/wp-content\/uploads\/2022\/04\/DSC_3337-1024x576.jpg\"\n               style=\"background-image: url('https:\/\/www.predsjednik.hr\/wp-content\/uploads\/2022\/04\/DSC_3337-768x432.jpg')\"><\/a>\n            <!--end single-->\n                    <!--single-->\n            <a data-no-swup class=\"c-lightbox-gallery__single js-lightbox-single\"\n               href=\"https:\/\/www.predsjednik.hr\/wp-content\/uploads\/2022\/04\/DSC_3388-1-1024x576.jpg\"\n               style=\"background-image: url('https:\/\/www.predsjednik.hr\/wp-content\/uploads\/2022\/04\/DSC_3388-1-768x432.jpg')\"><\/a>\n            <!--end single-->\n        <\/div>\n<!--end GALLERY BLOCK-->\n\n\n\n<p>PHOTO: Office of the President of the Republic of Croatia \/ Tomislav Bu\u0161ljeta<\/p>\n","protected":false},"excerpt":{"rendered":"<p>At the traditional event for International Workers\u2019 Day in Tvornica, organized by the Union of Autonomous Trade Unions of Croatia, the President of the Republic Zoran Milanovi\u0107 congratulated the Croatian workers on International Workers\u2019 Day being observed on 1 May.<\/p>\n","protected":false},"featured_media":16814,"template":"","news-cat":[12],"class_list":["post-16839","news","type-news","status-publish","has-post-thumbnail","hentry","news-cat-news"],"acf":[],"yoast_head":"<!-- This site is optimized with the Yoast SEO plugin v27.4 - https:\/\/yoast.com\/product\/yoast-seo-wordpress\/ -->\n<title>President Milanovi\u0107 Extends Congratulations on International Workers\u2019 Day: Inflation is a threat to all the people who live off their wages - President of the Republic of Croatia - Zoran Milanovi\u0107<\/title>\n<meta name=\"robots\" content=\"index, follow, max-snippet:-1, max-image-preview:large, max-video-preview:-1\" \/>\n<link rel=\"canonical\" href=\"https:\/\/www.predsjednik.hr\/en\/news\/president-milanovic-extends-congratulations-on-international-workers-day-inflation-is-a-threat-to-all-the-people-who-live-off-their-wages\/\" \/>\n<meta property=\"og:locale\" content=\"en_US\" \/>\n<meta property=\"og:type\" content=\"article\" \/>\n<meta property=\"og:title\" content=\"President Milanovi\u0107 Extends Congratulations on International Workers\u2019 Day: Inflation is a threat to all the people who live off their wages - President of the Republic of Croatia - Zoran Milanovi\u0107\" \/>\n<meta property=\"og:description\" content=\"At the traditional event for International Workers\u2019 Day in Tvornica, organized by the Union of Autonomous Trade Unions of Croatia, the President of the Republic Zoran Milanovi\u0107 congratulated the Croatian workers on International Workers\u2019 Day being observed on 1 May.\" \/>\n<meta property=\"og:url\" content=\"https:\/\/www.predsjednik.hr\/en\/news\/president-milanovic-extends-congratulations-on-international-workers-day-inflation-is-a-threat-to-all-the-people-who-live-off-their-wages\/\" \/>\n<meta property=\"og:site_name\" content=\"President of the Republic of Croatia - Zoran Milanovi\u0107\" \/>\n<meta property=\"article:modified_time\" content=\"2022-04-30T10:26:50+00:00\" \/>\n<meta property=\"og:image\" content=\"https:\/\/www.predsjednik.hr\/wp-content\/uploads\/2022\/04\/DSC_3208.jpg\" \/>\n\t<meta property=\"og:image:width\" content=\"5770\" \/>\n\t<meta property=\"og:image:height\" content=\"3246\" \/>\n\t<meta property=\"og:image:type\" content=\"image\/jpeg\" \/>\n<meta name=\"twitter:card\" content=\"summary_large_image\" \/>\n<meta name=\"twitter:label1\" content=\"Est. reading time\" \/>\n\t<meta name=\"twitter:data1\" content=\"3 minutes\" \/>\n<script type=\"application\/ld+json\" class=\"yoast-schema-graph\">{\"@context\":\"https:\\\/\\\/schema.org\",\"@graph\":[{\"@type\":\"WebPage\",\"@id\":\"https:\\\/\\\/www.predsjednik.hr\\\/en\\\/news\\\/president-milanovic-extends-congratulations-on-international-workers-day-inflation-is-a-threat-to-all-the-people-who-live-off-their-wages\\\/\",\"url\":\"https:\\\/\\\/www.predsjednik.hr\\\/en\\\/news\\\/president-milanovic-extends-congratulations-on-international-workers-day-inflation-is-a-threat-to-all-the-people-who-live-off-their-wages\\\/\",\"name\":\"President Milanovi\u0107 Extends Congratulations on International Workers\u2019 Day: Inflation is a threat to all the people who live off their wages - President of the Republic of Croatia - Zoran Milanovi\u0107\",\"isPartOf\":{\"@id\":\"https:\\\/\\\/www.predsjednik.hr\\\/en\\\/#website\"},\"primaryImageOfPage\":{\"@id\":\"https:\\\/\\\/www.predsjednik.hr\\\/en\\\/news\\\/president-milanovic-extends-congratulations-on-international-workers-day-inflation-is-a-threat-to-all-the-people-who-live-off-their-wages\\\/#primaryimage\"},\"image\":{\"@id\":\"https:\\\/\\\/www.predsjednik.hr\\\/en\\\/news\\\/president-milanovic-extends-congratulations-on-international-workers-day-inflation-is-a-threat-to-all-the-people-who-live-off-their-wages\\\/#primaryimage\"},\"thumbnailUrl\":\"https:\\\/\\\/www.predsjednik.hr\\\/wp-content\\\/uploads\\\/2022\\\/04\\\/DSC_3208.jpg\",\"datePublished\":\"2022-04-29T14:00:00+00:00\",\"dateModified\":\"2022-04-30T10:26:50+00:00\",\"breadcrumb\":{\"@id\":\"https:\\\/\\\/www.predsjednik.hr\\\/en\\\/news\\\/president-milanovic-extends-congratulations-on-international-workers-day-inflation-is-a-threat-to-all-the-people-who-live-off-their-wages\\\/#breadcrumb\"},\"inLanguage\":\"en-US\",\"potentialAction\":[{\"@type\":\"ReadAction\",\"target\":[\"https:\\\/\\\/www.predsjednik.hr\\\/en\\\/news\\\/president-milanovic-extends-congratulations-on-international-workers-day-inflation-is-a-threat-to-all-the-people-who-live-off-their-wages\\\/\"]}]},{\"@type\":\"ImageObject\",\"inLanguage\":\"en-US\",\"@id\":\"https:\\\/\\\/www.predsjednik.hr\\\/en\\\/news\\\/president-milanovic-extends-congratulations-on-international-workers-day-inflation-is-a-threat-to-all-the-people-who-live-off-their-wages\\\/#primaryimage\",\"url\":\"https:\\\/\\\/www.predsjednik.hr\\\/wp-content\\\/uploads\\\/2022\\\/04\\\/DSC_3208.jpg\",\"contentUrl\":\"https:\\\/\\\/www.predsjednik.hr\\\/wp-content\\\/uploads\\\/2022\\\/04\\\/DSC_3208.jpg\",\"width\":5770,\"height\":3246,\"caption\":\"At the traditional event for International Workers\u2019 Day in Tvornica, organized by the Union of Autonomous Trade Unions of Croatia, the President of the Republic Zoran Milanovi\u0107 congratulated the Croatian workers on International Workers\u2019 Day being observed on 1 May.\"},{\"@type\":\"BreadcrumbList\",\"@id\":\"https:\\\/\\\/www.predsjednik.hr\\\/en\\\/news\\\/president-milanovic-extends-congratulations-on-international-workers-day-inflation-is-a-threat-to-all-the-people-who-live-off-their-wages\\\/#breadcrumb\",\"itemListElement\":[{\"@type\":\"ListItem\",\"position\":1,\"name\":\"Home\",\"item\":\"https:\\\/\\\/www.predsjednik.hr\\\/en\\\/\"},{\"@type\":\"ListItem\",\"position\":2,\"name\":\"Vijesti\",\"item\":\"https:\\\/\\\/www.predsjednik.hr\\\/en\\\/news\\\/\"},{\"@type\":\"ListItem\",\"position\":3,\"name\":\"President Milanovi\u0107 Extends Congratulations on International Workers\u2019 Day: Inflation is a threat to all the people who live off their wages\"}]},{\"@type\":\"WebSite\",\"@id\":\"https:\\\/\\\/www.predsjednik.hr\\\/en\\\/#website\",\"url\":\"https:\\\/\\\/www.predsjednik.hr\\\/en\\\/\",\"name\":\"President of the Republic of Croatia - Zoran Milanovi\u0107\",\"description\":\"Just another WordPress site\",\"potentialAction\":[{\"@type\":\"SearchAction\",\"target\":{\"@type\":\"EntryPoint\",\"urlTemplate\":\"https:\\\/\\\/www.predsjednik.hr\\\/en\\\/?s={search_term_string}\"},\"query-input\":{\"@type\":\"PropertyValueSpecification\",\"valueRequired\":true,\"valueName\":\"search_term_string\"}}],\"inLanguage\":\"en-US\"}]}<\/script>\n<!-- \/ Yoast SEO plugin. -->","yoast_head_json":{"title":"President Milanovi\u0107 Extends Congratulations on International Workers\u2019 Day: Inflation is a threat to all the people who live off their wages - President of the Republic of Croatia - Zoran Milanovi\u0107","robots":{"index":"index","follow":"follow","max-snippet":"max-snippet:-1","max-image-preview":"max-image-preview:large","max-video-preview":"max-video-preview:-1"},"canonical":"https:\/\/www.predsjednik.hr\/en\/news\/president-milanovic-extends-congratulations-on-international-workers-day-inflation-is-a-threat-to-all-the-people-who-live-off-their-wages\/","og_locale":"en_US","og_type":"article","og_title":"President Milanovi\u0107 Extends Congratulations on International Workers\u2019 Day: Inflation is a threat to all the people who live off their wages - President of the Republic of Croatia - Zoran Milanovi\u0107","og_description":"At the traditional event for International Workers\u2019 Day in Tvornica, organized by the Union of Autonomous Trade Unions of Croatia, the President of the Republic Zoran Milanovi\u0107 congratulated the Croatian workers on International Workers\u2019 Day being observed on 1 May.","og_url":"https:\/\/www.predsjednik.hr\/en\/news\/president-milanovic-extends-congratulations-on-international-workers-day-inflation-is-a-threat-to-all-the-people-who-live-off-their-wages\/","og_site_name":"President of the Republic of Croatia - Zoran Milanovi\u0107","article_modified_time":"2022-04-30T10:26:50+00:00","og_image":[{"width":5770,"height":3246,"url":"https:\/\/www.predsjednik.hr\/wp-content\/uploads\/2022\/04\/DSC_3208.jpg","type":"image\/jpeg"}],"twitter_card":"summary_large_image","twitter_misc":{"Est. reading time":"3 minutes"},"schema":{"@context":"https:\/\/schema.org","@graph":[{"@type":"WebPage","@id":"https:\/\/www.predsjednik.hr\/en\/news\/president-milanovic-extends-congratulations-on-international-workers-day-inflation-is-a-threat-to-all-the-people-who-live-off-their-wages\/","url":"https:\/\/www.predsjednik.hr\/en\/news\/president-milanovic-extends-congratulations-on-international-workers-day-inflation-is-a-threat-to-all-the-people-who-live-off-their-wages\/","name":"President Milanovi\u0107 Extends Congratulations on International Workers\u2019 Day: Inflation is a threat to all the people who live off their wages - President of the Republic of Croatia - Zoran Milanovi\u0107","isPartOf":{"@id":"https:\/\/www.predsjednik.hr\/en\/#website"},"primaryImageOfPage":{"@id":"https:\/\/www.predsjednik.hr\/en\/news\/president-milanovic-extends-congratulations-on-international-workers-day-inflation-is-a-threat-to-all-the-people-who-live-off-their-wages\/#primaryimage"},"image":{"@id":"https:\/\/www.predsjednik.hr\/en\/news\/president-milanovic-extends-congratulations-on-international-workers-day-inflation-is-a-threat-to-all-the-people-who-live-off-their-wages\/#primaryimage"},"thumbnailUrl":"https:\/\/www.predsjednik.hr\/wp-content\/uploads\/2022\/04\/DSC_3208.jpg","datePublished":"2022-04-29T14:00:00+00:00","dateModified":"2022-04-30T10:26:50+00:00","breadcrumb":{"@id":"https:\/\/www.predsjednik.hr\/en\/news\/president-milanovic-extends-congratulations-on-international-workers-day-inflation-is-a-threat-to-all-the-people-who-live-off-their-wages\/#breadcrumb"},"inLanguage":"en-US","potentialAction":[{"@type":"ReadAction","target":["https:\/\/www.predsjednik.hr\/en\/news\/president-milanovic-extends-congratulations-on-international-workers-day-inflation-is-a-threat-to-all-the-people-who-live-off-their-wages\/"]}]},{"@type":"ImageObject","inLanguage":"en-US","@id":"https:\/\/www.predsjednik.hr\/en\/news\/president-milanovic-extends-congratulations-on-international-workers-day-inflation-is-a-threat-to-all-the-people-who-live-off-their-wages\/#primaryimage","url":"https:\/\/www.predsjednik.hr\/wp-content\/uploads\/2022\/04\/DSC_3208.jpg","contentUrl":"https:\/\/www.predsjednik.hr\/wp-content\/uploads\/2022\/04\/DSC_3208.jpg","width":5770,"height":3246,"caption":"At the traditional event for International Workers\u2019 Day in Tvornica, organized by the Union of Autonomous Trade Unions of Croatia, the President of the Republic Zoran Milanovi\u0107 congratulated the Croatian workers on International Workers\u2019 Day being observed on 1 May."},{"@type":"BreadcrumbList","@id":"https:\/\/www.predsjednik.hr\/en\/news\/president-milanovic-extends-congratulations-on-international-workers-day-inflation-is-a-threat-to-all-the-people-who-live-off-their-wages\/#breadcrumb","itemListElement":[{"@type":"ListItem","position":1,"name":"Home","item":"https:\/\/www.predsjednik.hr\/en\/"},{"@type":"ListItem","position":2,"name":"Vijesti","item":"https:\/\/www.predsjednik.hr\/en\/news\/"},{"@type":"ListItem","position":3,"name":"President Milanovi\u0107 Extends Congratulations on International Workers\u2019 Day: Inflation is a threat to all the people who live off their wages"}]},{"@type":"WebSite","@id":"https:\/\/www.predsjednik.hr\/en\/#website","url":"https:\/\/www.predsjednik.hr\/en\/","name":"President of the Republic of Croatia - Zoran Milanovi\u0107","description":"Just another WordPress site","potentialAction":[{"@type":"SearchAction","target":{"@type":"EntryPoint","urlTemplate":"https:\/\/www.predsjednik.hr\/en\/?s={search_term_string}"},"query-input":{"@type":"PropertyValueSpecification","valueRequired":true,"valueName":"search_term_string"}}],"inLanguage":"en-US"}]}},"_links":{"self":[{"href":"https:\/\/www.predsjednik.hr\/en\/wp-json\/wp\/v2\/news\/16839","targetHints":{"allow":["GET"]}}],"collection":[{"href":"https:\/\/www.predsjednik.hr\/en\/wp-json\/wp\/v2\/news"}],"about":[{"href":"https:\/\/www.predsjednik.hr\/en\/wp-json\/wp\/v2\/types\/news"}],"wp:featuredmedia":[{"embeddable":true,"href":"https:\/\/www.predsjednik.hr\/en\/wp-json\/wp\/v2\/media\/16814"}],"wp:attachment":[{"href":"https:\/\/www.predsjednik.hr\/en\/wp-json\/wp\/v2\/media?parent=16839"}],"wp:term":[{"taxonomy":"news-cat","embeddable":true,"href":"https:\/\/www.predsjednik.hr\/en\/wp-json\/wp\/v2\/news-cat?post=16839"}],"curies":[{"name":"wp","href":"https:\/\/api.w.org\/{rel}","templated":true}]}}