{"id":16887,"date":"2022-05-01T14:00:00","date_gmt":"2022-05-01T12:00:00","guid":{"rendered":"https:\/\/www.predsjednik.hr\/?post_type=news&#038;p=16887"},"modified":"2022-05-02T11:11:44","modified_gmt":"2022-05-02T09:11:44","slug":"president-milanovic-extends-international-workers-day-congratulations-to-croatian-citizens-from-varazdin","status":"publish","type":"news","link":"https:\/\/www.predsjednik.hr\/en\/news\/president-milanovic-extends-international-workers-day-congratulations-to-croatian-citizens-from-varazdin\/","title":{"rendered":"President Milanovi\u0107 Extends International Workers\u2019 Day Congratulations to Croatian Citizens from Vara\u017edin"},"content":{"rendered":"\n<p>The President of the Republic Zoran Milanovi\u0107 joined today residents in the northern city of Vara\u017edin and their guests at the traditional festivity held on the occasion of International Workers\u2019 Day, which is celebrated on the 1<sup>st<\/sup> of May, from where he extended his congratulations on International Workers\u2019 Day to all Croatian citizens.<\/p>\n\n\n\n<p>After a two-year break due to the pandemic, a May Day celebration with more than 150 participants was held at the Vara\u017edin picnic area on the Drava River. The event was organized by the City of Vara\u017edin and the Vara\u017edin Tourist Board.<\/p>\n\n\n\n<p>\u201cThe unions once went \u2018bone to bone\u2019, \u2018iron to iron\u2019 to the big employers. Now it\u2019s dispersed and the unions are waging some kind of hybrid war because their rivals, the employers, are dispersed on many more positions. It\u2019s more difficult to be a unionist than ever and a worker is someone who lives off their pay. Inflation affects such people the most. Food and energy prices are increasing the most,\u201d said President Milanovi\u0107, commenting on workers\u2019 rights in Croatia.<\/p>\n\n\n\n<p>In this respect, he added that the situation is quite serious \u201cnot only in Croatia but also in Germany, France and the USA. This has much less to do with workers\u2019 rights and much more with geopolitics and the systemic global policy,\u201d said President Milanovi\u0107, adding that he chose to celebrate May Day in Vara\u017edin because it is one of the largest events of its kind in Croatia.<\/p>\n\n\n\n<p>Accompanied by the Mayor of Vara\u017edin Neven Bosilj and his associates, President Milanovi\u0107 attended the event programme after which he fired the traditional May Day cannon, by pulling a cord, next to the lined-up Vara\u017edin Civil Guard \u201cPurgari.\u201d<\/p>\n\n\n\n<p>Head of the Cabinet of the President of the Republic Bartol \u0160imuni\u0107 and Special Adviser to the President of the Republic for the Economy Velibor Ma\u010dki\u0107 were alongside President Milanovi\u0107.<\/p>\n\n\n<!--GALLERY BLOCK-->\n<div class=\"c-lightbox-gallery js-lightbox\">\n                <!--single-->\n            <a data-no-swup class=\"c-lightbox-gallery__single js-lightbox-single\"\n               href=\"https:\/\/www.predsjednik.hr\/wp-content\/uploads\/2022\/05\/DSC_4497-1024x576.jpg\"\n               style=\"background-image: url('https:\/\/www.predsjednik.hr\/wp-content\/uploads\/2022\/05\/DSC_4497-768x432.jpg')\"><\/a>\n            <!--end single-->\n                    <!--single-->\n            <a data-no-swup class=\"c-lightbox-gallery__single js-lightbox-single\"\n               href=\"https:\/\/www.predsjednik.hr\/wp-content\/uploads\/2022\/05\/DSC_4558-1024x768.jpg\"\n               style=\"background-image: url('https:\/\/www.predsjednik.hr\/wp-content\/uploads\/2022\/05\/DSC_4558-768x576.jpg')\"><\/a>\n            <!--end single-->\n                    <!--single-->\n            <a data-no-swup class=\"c-lightbox-gallery__single js-lightbox-single\"\n               href=\"https:\/\/www.predsjednik.hr\/wp-content\/uploads\/2022\/05\/DSC_4573-1024x576.jpg\"\n               style=\"background-image: url('https:\/\/www.predsjednik.hr\/wp-content\/uploads\/2022\/05\/DSC_4573-768x432.jpg')\"><\/a>\n            <!--end single-->\n                    <!--single-->\n            <a data-no-swup class=\"c-lightbox-gallery__single js-lightbox-single\"\n               href=\"https:\/\/www.predsjednik.hr\/wp-content\/uploads\/2022\/05\/DSC_4587-1024x768.jpg\"\n               style=\"background-image: url('https:\/\/www.predsjednik.hr\/wp-content\/uploads\/2022\/05\/DSC_4587-768x576.jpg')\"><\/a>\n            <!--end single-->\n                    <!--single-->\n            <a data-no-swup class=\"c-lightbox-gallery__single js-lightbox-single\"\n               href=\"https:\/\/www.predsjednik.hr\/wp-content\/uploads\/2022\/05\/DSC_4615-1024x576.jpg\"\n               style=\"background-image: url('https:\/\/www.predsjednik.hr\/wp-content\/uploads\/2022\/05\/DSC_4615-768x432.jpg')\"><\/a>\n            <!--end single-->\n        <\/div>\n<!--end GALLERY BLOCK-->\n\n\n\n<p>PHOTO: Office of the President of the Republic of Croatia \/ Ana Marija Kati\u0107<\/p>\n","protected":false},"excerpt":{"rendered":"<p>The President of the Republic Zoran Milanovi\u0107 joined today residents in the northern city of Vara\u017edin and their guests at the traditional festivity held on the occasion of International Workers\u2019 Day, which is celebrated on the 1st of May, from where he extended his congratulations on International Workers\u2019 Day to all Croatian citizens.<\/p>\n","protected":false},"featured_media":16861,"template":"","news-cat":[12],"class_list":["post-16887","news","type-news","status-publish","has-post-thumbnail","hentry","news-cat-news"],"acf":[],"yoast_head":"<!-- This site is optimized with the Yoast SEO plugin v27.4 - https:\/\/yoast.com\/product\/yoast-seo-wordpress\/ -->\n<title>President Milanovi\u0107 Extends International Workers\u2019 Day Congratulations to Croatian Citizens from Vara\u017edin - President of the Republic of Croatia - Zoran Milanovi\u0107<\/title>\n<meta name=\"robots\" content=\"index, follow, max-snippet:-1, max-image-preview:large, max-video-preview:-1\" \/>\n<link rel=\"canonical\" href=\"https:\/\/www.predsjednik.hr\/en\/news\/president-milanovic-extends-international-workers-day-congratulations-to-croatian-citizens-from-varazdin\/\" \/>\n<meta property=\"og:locale\" content=\"en_US\" \/>\n<meta property=\"og:type\" content=\"article\" \/>\n<meta property=\"og:title\" content=\"President Milanovi\u0107 Extends International Workers\u2019 Day Congratulations to Croatian Citizens from Vara\u017edin - President of the Republic of Croatia - Zoran Milanovi\u0107\" \/>\n<meta property=\"og:description\" content=\"The President of the Republic Zoran Milanovi\u0107 joined today residents in the northern city of Vara\u017edin and their guests at the traditional festivity held on the occasion of International Workers\u2019 Day, which is celebrated on the 1st of May, from where he extended his congratulations on International Workers\u2019 Day to all Croatian citizens.\" \/>\n<meta property=\"og:url\" content=\"https:\/\/www.predsjednik.hr\/en\/news\/president-milanovic-extends-international-workers-day-congratulations-to-croatian-citizens-from-varazdin\/\" \/>\n<meta property=\"og:site_name\" content=\"President of the Republic of Croatia - Zoran Milanovi\u0107\" \/>\n<meta property=\"article:modified_time\" content=\"2022-05-02T09:11:44+00:00\" \/>\n<meta property=\"og:image\" content=\"https:\/\/www.predsjednik.hr\/wp-content\/uploads\/2022\/05\/DSC_4587.jpg\" \/>\n\t<meta property=\"og:image:width\" content=\"3641\" \/>\n\t<meta property=\"og:image:height\" content=\"2731\" \/>\n\t<meta property=\"og:image:type\" content=\"image\/jpeg\" \/>\n<meta name=\"twitter:card\" content=\"summary_large_image\" \/>\n<meta name=\"twitter:label1\" content=\"Est. reading time\" \/>\n\t<meta name=\"twitter:data1\" content=\"2 minutes\" \/>\n<script type=\"application\/ld+json\" class=\"yoast-schema-graph\">{\"@context\":\"https:\\\/\\\/schema.org\",\"@graph\":[{\"@type\":\"WebPage\",\"@id\":\"https:\\\/\\\/www.predsjednik.hr\\\/en\\\/news\\\/president-milanovic-extends-international-workers-day-congratulations-to-croatian-citizens-from-varazdin\\\/\",\"url\":\"https:\\\/\\\/www.predsjednik.hr\\\/en\\\/news\\\/president-milanovic-extends-international-workers-day-congratulations-to-croatian-citizens-from-varazdin\\\/\",\"name\":\"President Milanovi\u0107 Extends International Workers\u2019 Day Congratulations to Croatian Citizens from Vara\u017edin - President of the Republic of Croatia - Zoran Milanovi\u0107\",\"isPartOf\":{\"@id\":\"https:\\\/\\\/www.predsjednik.hr\\\/en\\\/#website\"},\"primaryImageOfPage\":{\"@id\":\"https:\\\/\\\/www.predsjednik.hr\\\/en\\\/news\\\/president-milanovic-extends-international-workers-day-congratulations-to-croatian-citizens-from-varazdin\\\/#primaryimage\"},\"image\":{\"@id\":\"https:\\\/\\\/www.predsjednik.hr\\\/en\\\/news\\\/president-milanovic-extends-international-workers-day-congratulations-to-croatian-citizens-from-varazdin\\\/#primaryimage\"},\"thumbnailUrl\":\"https:\\\/\\\/www.predsjednik.hr\\\/wp-content\\\/uploads\\\/2022\\\/05\\\/DSC_4587.jpg\",\"datePublished\":\"2022-05-01T12:00:00+00:00\",\"dateModified\":\"2022-05-02T09:11:44+00:00\",\"breadcrumb\":{\"@id\":\"https:\\\/\\\/www.predsjednik.hr\\\/en\\\/news\\\/president-milanovic-extends-international-workers-day-congratulations-to-croatian-citizens-from-varazdin\\\/#breadcrumb\"},\"inLanguage\":\"en-US\",\"potentialAction\":[{\"@type\":\"ReadAction\",\"target\":[\"https:\\\/\\\/www.predsjednik.hr\\\/en\\\/news\\\/president-milanovic-extends-international-workers-day-congratulations-to-croatian-citizens-from-varazdin\\\/\"]}]},{\"@type\":\"ImageObject\",\"inLanguage\":\"en-US\",\"@id\":\"https:\\\/\\\/www.predsjednik.hr\\\/en\\\/news\\\/president-milanovic-extends-international-workers-day-congratulations-to-croatian-citizens-from-varazdin\\\/#primaryimage\",\"url\":\"https:\\\/\\\/www.predsjednik.hr\\\/wp-content\\\/uploads\\\/2022\\\/05\\\/DSC_4587.jpg\",\"contentUrl\":\"https:\\\/\\\/www.predsjednik.hr\\\/wp-content\\\/uploads\\\/2022\\\/05\\\/DSC_4587.jpg\",\"width\":3641,\"height\":2731,\"caption\":\"President Milanovi\u0107 Extends International Workers\u2019 Day Congratulations to Croatian Citizens from Vara\u017edin\"},{\"@type\":\"BreadcrumbList\",\"@id\":\"https:\\\/\\\/www.predsjednik.hr\\\/en\\\/news\\\/president-milanovic-extends-international-workers-day-congratulations-to-croatian-citizens-from-varazdin\\\/#breadcrumb\",\"itemListElement\":[{\"@type\":\"ListItem\",\"position\":1,\"name\":\"Home\",\"item\":\"https:\\\/\\\/www.predsjednik.hr\\\/en\\\/\"},{\"@type\":\"ListItem\",\"position\":2,\"name\":\"Vijesti\",\"item\":\"https:\\\/\\\/www.predsjednik.hr\\\/en\\\/news\\\/\"},{\"@type\":\"ListItem\",\"position\":3,\"name\":\"President Milanovi\u0107 Extends International Workers\u2019 Day Congratulations to Croatian Citizens from Vara\u017edin\"}]},{\"@type\":\"WebSite\",\"@id\":\"https:\\\/\\\/www.predsjednik.hr\\\/en\\\/#website\",\"url\":\"https:\\\/\\\/www.predsjednik.hr\\\/en\\\/\",\"name\":\"President of the Republic of Croatia - Zoran Milanovi\u0107\",\"description\":\"Just another WordPress site\",\"potentialAction\":[{\"@type\":\"SearchAction\",\"target\":{\"@type\":\"EntryPoint\",\"urlTemplate\":\"https:\\\/\\\/www.predsjednik.hr\\\/en\\\/?s={search_term_string}\"},\"query-input\":{\"@type\":\"PropertyValueSpecification\",\"valueRequired\":true,\"valueName\":\"search_term_string\"}}],\"inLanguage\":\"en-US\"}]}<\/script>\n<!-- \/ Yoast SEO plugin. -->","yoast_head_json":{"title":"President Milanovi\u0107 Extends International Workers\u2019 Day Congratulations to Croatian Citizens from Vara\u017edin - President of the Republic of Croatia - Zoran Milanovi\u0107","robots":{"index":"index","follow":"follow","max-snippet":"max-snippet:-1","max-image-preview":"max-image-preview:large","max-video-preview":"max-video-preview:-1"},"canonical":"https:\/\/www.predsjednik.hr\/en\/news\/president-milanovic-extends-international-workers-day-congratulations-to-croatian-citizens-from-varazdin\/","og_locale":"en_US","og_type":"article","og_title":"President Milanovi\u0107 Extends International Workers\u2019 Day Congratulations to Croatian Citizens from Vara\u017edin - President of the Republic of Croatia - Zoran Milanovi\u0107","og_description":"The President of the Republic Zoran Milanovi\u0107 joined today residents in the northern city of Vara\u017edin and their guests at the traditional festivity held on the occasion of International Workers\u2019 Day, which is celebrated on the 1st of May, from where he extended his congratulations on International Workers\u2019 Day to all Croatian citizens.","og_url":"https:\/\/www.predsjednik.hr\/en\/news\/president-milanovic-extends-international-workers-day-congratulations-to-croatian-citizens-from-varazdin\/","og_site_name":"President of the Republic of Croatia - Zoran Milanovi\u0107","article_modified_time":"2022-05-02T09:11:44+00:00","og_image":[{"width":3641,"height":2731,"url":"https:\/\/www.predsjednik.hr\/wp-content\/uploads\/2022\/05\/DSC_4587.jpg","type":"image\/jpeg"}],"twitter_card":"summary_large_image","twitter_misc":{"Est. reading time":"2 minutes"},"schema":{"@context":"https:\/\/schema.org","@graph":[{"@type":"WebPage","@id":"https:\/\/www.predsjednik.hr\/en\/news\/president-milanovic-extends-international-workers-day-congratulations-to-croatian-citizens-from-varazdin\/","url":"https:\/\/www.predsjednik.hr\/en\/news\/president-milanovic-extends-international-workers-day-congratulations-to-croatian-citizens-from-varazdin\/","name":"President Milanovi\u0107 Extends International Workers\u2019 Day Congratulations to Croatian Citizens from Vara\u017edin - President of the Republic of Croatia - Zoran Milanovi\u0107","isPartOf":{"@id":"https:\/\/www.predsjednik.hr\/en\/#website"},"primaryImageOfPage":{"@id":"https:\/\/www.predsjednik.hr\/en\/news\/president-milanovic-extends-international-workers-day-congratulations-to-croatian-citizens-from-varazdin\/#primaryimage"},"image":{"@id":"https:\/\/www.predsjednik.hr\/en\/news\/president-milanovic-extends-international-workers-day-congratulations-to-croatian-citizens-from-varazdin\/#primaryimage"},"thumbnailUrl":"https:\/\/www.predsjednik.hr\/wp-content\/uploads\/2022\/05\/DSC_4587.jpg","datePublished":"2022-05-01T12:00:00+00:00","dateModified":"2022-05-02T09:11:44+00:00","breadcrumb":{"@id":"https:\/\/www.predsjednik.hr\/en\/news\/president-milanovic-extends-international-workers-day-congratulations-to-croatian-citizens-from-varazdin\/#breadcrumb"},"inLanguage":"en-US","potentialAction":[{"@type":"ReadAction","target":["https:\/\/www.predsjednik.hr\/en\/news\/president-milanovic-extends-international-workers-day-congratulations-to-croatian-citizens-from-varazdin\/"]}]},{"@type":"ImageObject","inLanguage":"en-US","@id":"https:\/\/www.predsjednik.hr\/en\/news\/president-milanovic-extends-international-workers-day-congratulations-to-croatian-citizens-from-varazdin\/#primaryimage","url":"https:\/\/www.predsjednik.hr\/wp-content\/uploads\/2022\/05\/DSC_4587.jpg","contentUrl":"https:\/\/www.predsjednik.hr\/wp-content\/uploads\/2022\/05\/DSC_4587.jpg","width":3641,"height":2731,"caption":"President Milanovi\u0107 Extends International Workers\u2019 Day Congratulations to Croatian Citizens from Vara\u017edin"},{"@type":"BreadcrumbList","@id":"https:\/\/www.predsjednik.hr\/en\/news\/president-milanovic-extends-international-workers-day-congratulations-to-croatian-citizens-from-varazdin\/#breadcrumb","itemListElement":[{"@type":"ListItem","position":1,"name":"Home","item":"https:\/\/www.predsjednik.hr\/en\/"},{"@type":"ListItem","position":2,"name":"Vijesti","item":"https:\/\/www.predsjednik.hr\/en\/news\/"},{"@type":"ListItem","position":3,"name":"President Milanovi\u0107 Extends International Workers\u2019 Day Congratulations to Croatian Citizens from Vara\u017edin"}]},{"@type":"WebSite","@id":"https:\/\/www.predsjednik.hr\/en\/#website","url":"https:\/\/www.predsjednik.hr\/en\/","name":"President of the Republic of Croatia - Zoran Milanovi\u0107","description":"Just another WordPress site","potentialAction":[{"@type":"SearchAction","target":{"@type":"EntryPoint","urlTemplate":"https:\/\/www.predsjednik.hr\/en\/?s={search_term_string}"},"query-input":{"@type":"PropertyValueSpecification","valueRequired":true,"valueName":"search_term_string"}}],"inLanguage":"en-US"}]}},"_links":{"self":[{"href":"https:\/\/www.predsjednik.hr\/en\/wp-json\/wp\/v2\/news\/16887","targetHints":{"allow":["GET"]}}],"collection":[{"href":"https:\/\/www.predsjednik.hr\/en\/wp-json\/wp\/v2\/news"}],"about":[{"href":"https:\/\/www.predsjednik.hr\/en\/wp-json\/wp\/v2\/types\/news"}],"wp:featuredmedia":[{"embeddable":true,"href":"https:\/\/www.predsjednik.hr\/en\/wp-json\/wp\/v2\/media\/16861"}],"wp:attachment":[{"href":"https:\/\/www.predsjednik.hr\/en\/wp-json\/wp\/v2\/media?parent=16887"}],"wp:term":[{"taxonomy":"news-cat","embeddable":true,"href":"https:\/\/www.predsjednik.hr\/en\/wp-json\/wp\/v2\/news-cat?post=16887"}],"curies":[{"name":"wp","href":"https:\/\/api.w.org\/{rel}","templated":true}]}}