{"id":16889,"date":"2022-05-01T22:12:00","date_gmt":"2022-05-01T20:12:00","guid":{"rendered":"https:\/\/www.predsjednik.hr\/?post_type=news&#038;p=16889"},"modified":"2022-05-02T12:14:03","modified_gmt":"2022-05-02T10:14:03","slug":"president-milanovic-attends-iftar-on-the-occasion-of-ramadan-bayram","status":"publish","type":"news","link":"https:\/\/www.predsjednik.hr\/en\/news\/president-milanovic-attends-iftar-on-the-occasion-of-ramadan-bayram\/","title":{"rendered":"President Milanovi\u0107 Attends Iftar on the Occasion of Ramadan Bayram"},"content":{"rendered":"\n<p>At the invitation of the President of the Meshihat of the Islamic Community of Croatia Mufti Aziz Hasanovi\u0107, the President of the Republic Zoran Milanovi\u0107 attended a formal reception and dinner \/ iftar on the occasion of Ramadan Bayram celebrations, where he delivered an address in which he extended Bayram congratulations to all citizens of the Islamic faith.<\/p>\n\n\n\n<p>\u201cI extend heartfelt congratulations to you on Bayram. My wish is for us to talk as often as possible and exchange opinions, because people tend to reciprocate and help, but they also expect reciprocity. Only in this way can nations, peoples and religions function. I am ready to pledge all that I can in this regard,\u201d President Milanovi\u0107 told guests gathered at the ceremony in the Westin Zagreb Hotel.<\/p>\n\n\n\n<p>The President of the Meshihat of the Islamic Community of Croatia Mufti and Academician Aziz Hasanovi\u0107, who hosted the event, extended his congratulations on Ramadan Bayram to all citizens of the Islamic faith, as did the Mayor of Zagreb Tomislav Toma\u0161evi\u0107, Minister of Culture and Media and envoy of the Croatian Prime Minister Nina Obuljen Kor\u017einek, and Deputy Speaker of the Croatian Parliament and envoy of the Speaker of the Croatian Parliament Academician \u017deljko Reiner. Adviser to the President of the Republic for Education Jadranka \u017darkovi\u0107 was alongside President Milanovi\u0107.<\/p>\n\n\n<!--GALLERY BLOCK-->\n<div class=\"c-lightbox-gallery js-lightbox\">\n                <!--single-->\n            <a data-no-swup class=\"c-lightbox-gallery__single js-lightbox-single\"\n               href=\"https:\/\/www.predsjednik.hr\/wp-content\/uploads\/2022\/05\/DSC_4813-1024x576.jpg\"\n               style=\"background-image: url('https:\/\/www.predsjednik.hr\/wp-content\/uploads\/2022\/05\/DSC_4813-768x432.jpg')\"><\/a>\n            <!--end single-->\n                    <!--single-->\n            <a data-no-swup class=\"c-lightbox-gallery__single js-lightbox-single\"\n               href=\"https:\/\/www.predsjednik.hr\/wp-content\/uploads\/2022\/05\/DSC_4822-1024x576.jpg\"\n               style=\"background-image: url('https:\/\/www.predsjednik.hr\/wp-content\/uploads\/2022\/05\/DSC_4822-768x432.jpg')\"><\/a>\n            <!--end single-->\n                    <!--single-->\n            <a data-no-swup class=\"c-lightbox-gallery__single js-lightbox-single\"\n               href=\"https:\/\/www.predsjednik.hr\/wp-content\/uploads\/2022\/05\/DSC_4853-1024x576.jpg\"\n               style=\"background-image: url('https:\/\/www.predsjednik.hr\/wp-content\/uploads\/2022\/05\/DSC_4853-768x432.jpg')\"><\/a>\n            <!--end single-->\n                    <!--single-->\n            <a data-no-swup class=\"c-lightbox-gallery__single js-lightbox-single\"\n               href=\"https:\/\/www.predsjednik.hr\/wp-content\/uploads\/2022\/05\/DSC_4872-1024x576.jpg\"\n               style=\"background-image: url('https:\/\/www.predsjednik.hr\/wp-content\/uploads\/2022\/05\/DSC_4872-768x432.jpg')\"><\/a>\n            <!--end single-->\n        <\/div>\n<!--end GALLERY BLOCK-->\n\n\n\n<p>PHOTO: Office of the President of the Republic of Croatia \/ Ana Marija Kati\u0107<\/p>\n","protected":false},"excerpt":{"rendered":"<p>At the invitation of the President of the Meshihat of the Islamic Community of Croatia Mufti Aziz Hasanovi\u0107, the President of the Republic Zoran Milanovi\u0107 attended a formal reception and dinner \/ iftar on the occasion of Ramadan Bayram celebrations, where he delivered an address in which he extended Bayram congratulations to all citizens of the Islamic faith.<\/p>\n","protected":false},"featured_media":16882,"template":"","news-cat":[12],"class_list":["post-16889","news","type-news","status-publish","has-post-thumbnail","hentry","news-cat-news"],"acf":[],"yoast_head":"<!-- This site is optimized with the Yoast SEO plugin v27.4 - https:\/\/yoast.com\/product\/yoast-seo-wordpress\/ -->\n<title>President Milanovi\u0107 Attends Iftar on the Occasion of Ramadan Bayram - President of the Republic of Croatia - Zoran Milanovi\u0107<\/title>\n<meta name=\"robots\" content=\"index, follow, max-snippet:-1, max-image-preview:large, max-video-preview:-1\" \/>\n<link rel=\"canonical\" href=\"https:\/\/www.predsjednik.hr\/en\/news\/president-milanovic-attends-iftar-on-the-occasion-of-ramadan-bayram\/\" \/>\n<meta property=\"og:locale\" content=\"en_US\" \/>\n<meta property=\"og:type\" content=\"article\" \/>\n<meta property=\"og:title\" content=\"President Milanovi\u0107 Attends Iftar on the Occasion of Ramadan Bayram - President of the Republic of Croatia - Zoran Milanovi\u0107\" \/>\n<meta property=\"og:description\" content=\"At the invitation of the President of the Meshihat of the Islamic Community of Croatia Mufti Aziz Hasanovi\u0107, the President of the Republic Zoran Milanovi\u0107 attended a formal reception and dinner \/ iftar on the occasion of Ramadan Bayram celebrations, where he delivered an address in which he extended Bayram congratulations to all citizens of the Islamic faith.\" \/>\n<meta property=\"og:url\" content=\"https:\/\/www.predsjednik.hr\/en\/news\/president-milanovic-attends-iftar-on-the-occasion-of-ramadan-bayram\/\" \/>\n<meta property=\"og:site_name\" content=\"President of the Republic of Croatia - Zoran Milanovi\u0107\" \/>\n<meta property=\"article:modified_time\" content=\"2022-05-02T10:14:03+00:00\" \/>\n<meta property=\"og:image\" content=\"https:\/\/www.predsjednik.hr\/wp-content\/uploads\/2022\/05\/DSC_4872.jpg\" \/>\n\t<meta property=\"og:image:width\" content=\"3908\" \/>\n\t<meta property=\"og:image:height\" content=\"2198\" \/>\n\t<meta property=\"og:image:type\" content=\"image\/jpeg\" \/>\n<meta name=\"twitter:card\" content=\"summary_large_image\" \/>\n<meta name=\"twitter:label1\" content=\"Est. reading time\" \/>\n\t<meta name=\"twitter:data1\" content=\"2 minutes\" \/>\n<script type=\"application\/ld+json\" class=\"yoast-schema-graph\">{\"@context\":\"https:\\\/\\\/schema.org\",\"@graph\":[{\"@type\":\"WebPage\",\"@id\":\"https:\\\/\\\/www.predsjednik.hr\\\/en\\\/news\\\/president-milanovic-attends-iftar-on-the-occasion-of-ramadan-bayram\\\/\",\"url\":\"https:\\\/\\\/www.predsjednik.hr\\\/en\\\/news\\\/president-milanovic-attends-iftar-on-the-occasion-of-ramadan-bayram\\\/\",\"name\":\"President Milanovi\u0107 Attends Iftar on the Occasion of Ramadan Bayram - President of the Republic of Croatia - Zoran Milanovi\u0107\",\"isPartOf\":{\"@id\":\"https:\\\/\\\/www.predsjednik.hr\\\/en\\\/#website\"},\"primaryImageOfPage\":{\"@id\":\"https:\\\/\\\/www.predsjednik.hr\\\/en\\\/news\\\/president-milanovic-attends-iftar-on-the-occasion-of-ramadan-bayram\\\/#primaryimage\"},\"image\":{\"@id\":\"https:\\\/\\\/www.predsjednik.hr\\\/en\\\/news\\\/president-milanovic-attends-iftar-on-the-occasion-of-ramadan-bayram\\\/#primaryimage\"},\"thumbnailUrl\":\"https:\\\/\\\/www.predsjednik.hr\\\/wp-content\\\/uploads\\\/2022\\\/05\\\/DSC_4872.jpg\",\"datePublished\":\"2022-05-01T20:12:00+00:00\",\"dateModified\":\"2022-05-02T10:14:03+00:00\",\"breadcrumb\":{\"@id\":\"https:\\\/\\\/www.predsjednik.hr\\\/en\\\/news\\\/president-milanovic-attends-iftar-on-the-occasion-of-ramadan-bayram\\\/#breadcrumb\"},\"inLanguage\":\"en-US\",\"potentialAction\":[{\"@type\":\"ReadAction\",\"target\":[\"https:\\\/\\\/www.predsjednik.hr\\\/en\\\/news\\\/president-milanovic-attends-iftar-on-the-occasion-of-ramadan-bayram\\\/\"]}]},{\"@type\":\"ImageObject\",\"inLanguage\":\"en-US\",\"@id\":\"https:\\\/\\\/www.predsjednik.hr\\\/en\\\/news\\\/president-milanovic-attends-iftar-on-the-occasion-of-ramadan-bayram\\\/#primaryimage\",\"url\":\"https:\\\/\\\/www.predsjednik.hr\\\/wp-content\\\/uploads\\\/2022\\\/05\\\/DSC_4872.jpg\",\"contentUrl\":\"https:\\\/\\\/www.predsjednik.hr\\\/wp-content\\\/uploads\\\/2022\\\/05\\\/DSC_4872.jpg\",\"width\":3908,\"height\":2198,\"caption\":\"President Milanovi\u0107 Attends Iftar on the Occasion of Ramadan Bayram\"},{\"@type\":\"BreadcrumbList\",\"@id\":\"https:\\\/\\\/www.predsjednik.hr\\\/en\\\/news\\\/president-milanovic-attends-iftar-on-the-occasion-of-ramadan-bayram\\\/#breadcrumb\",\"itemListElement\":[{\"@type\":\"ListItem\",\"position\":1,\"name\":\"Home\",\"item\":\"https:\\\/\\\/www.predsjednik.hr\\\/en\\\/\"},{\"@type\":\"ListItem\",\"position\":2,\"name\":\"Vijesti\",\"item\":\"https:\\\/\\\/www.predsjednik.hr\\\/en\\\/news\\\/\"},{\"@type\":\"ListItem\",\"position\":3,\"name\":\"President Milanovi\u0107 Attends Iftar on the Occasion of Ramadan Bayram\"}]},{\"@type\":\"WebSite\",\"@id\":\"https:\\\/\\\/www.predsjednik.hr\\\/en\\\/#website\",\"url\":\"https:\\\/\\\/www.predsjednik.hr\\\/en\\\/\",\"name\":\"President of the Republic of Croatia - Zoran Milanovi\u0107\",\"description\":\"Just another WordPress site\",\"potentialAction\":[{\"@type\":\"SearchAction\",\"target\":{\"@type\":\"EntryPoint\",\"urlTemplate\":\"https:\\\/\\\/www.predsjednik.hr\\\/en\\\/?s={search_term_string}\"},\"query-input\":{\"@type\":\"PropertyValueSpecification\",\"valueRequired\":true,\"valueName\":\"search_term_string\"}}],\"inLanguage\":\"en-US\"}]}<\/script>\n<!-- \/ Yoast SEO plugin. -->","yoast_head_json":{"title":"President Milanovi\u0107 Attends Iftar on the Occasion of Ramadan Bayram - President of the Republic of Croatia - Zoran Milanovi\u0107","robots":{"index":"index","follow":"follow","max-snippet":"max-snippet:-1","max-image-preview":"max-image-preview:large","max-video-preview":"max-video-preview:-1"},"canonical":"https:\/\/www.predsjednik.hr\/en\/news\/president-milanovic-attends-iftar-on-the-occasion-of-ramadan-bayram\/","og_locale":"en_US","og_type":"article","og_title":"President Milanovi\u0107 Attends Iftar on the Occasion of Ramadan Bayram - President of the Republic of Croatia - Zoran Milanovi\u0107","og_description":"At the invitation of the President of the Meshihat of the Islamic Community of Croatia Mufti Aziz Hasanovi\u0107, the President of the Republic Zoran Milanovi\u0107 attended a formal reception and dinner \/ iftar on the occasion of Ramadan Bayram celebrations, where he delivered an address in which he extended Bayram congratulations to all citizens of the Islamic faith.","og_url":"https:\/\/www.predsjednik.hr\/en\/news\/president-milanovic-attends-iftar-on-the-occasion-of-ramadan-bayram\/","og_site_name":"President of the Republic of Croatia - Zoran Milanovi\u0107","article_modified_time":"2022-05-02T10:14:03+00:00","og_image":[{"width":3908,"height":2198,"url":"https:\/\/www.predsjednik.hr\/wp-content\/uploads\/2022\/05\/DSC_4872.jpg","type":"image\/jpeg"}],"twitter_card":"summary_large_image","twitter_misc":{"Est. reading time":"2 minutes"},"schema":{"@context":"https:\/\/schema.org","@graph":[{"@type":"WebPage","@id":"https:\/\/www.predsjednik.hr\/en\/news\/president-milanovic-attends-iftar-on-the-occasion-of-ramadan-bayram\/","url":"https:\/\/www.predsjednik.hr\/en\/news\/president-milanovic-attends-iftar-on-the-occasion-of-ramadan-bayram\/","name":"President Milanovi\u0107 Attends Iftar on the Occasion of Ramadan Bayram - President of the Republic of Croatia - Zoran Milanovi\u0107","isPartOf":{"@id":"https:\/\/www.predsjednik.hr\/en\/#website"},"primaryImageOfPage":{"@id":"https:\/\/www.predsjednik.hr\/en\/news\/president-milanovic-attends-iftar-on-the-occasion-of-ramadan-bayram\/#primaryimage"},"image":{"@id":"https:\/\/www.predsjednik.hr\/en\/news\/president-milanovic-attends-iftar-on-the-occasion-of-ramadan-bayram\/#primaryimage"},"thumbnailUrl":"https:\/\/www.predsjednik.hr\/wp-content\/uploads\/2022\/05\/DSC_4872.jpg","datePublished":"2022-05-01T20:12:00+00:00","dateModified":"2022-05-02T10:14:03+00:00","breadcrumb":{"@id":"https:\/\/www.predsjednik.hr\/en\/news\/president-milanovic-attends-iftar-on-the-occasion-of-ramadan-bayram\/#breadcrumb"},"inLanguage":"en-US","potentialAction":[{"@type":"ReadAction","target":["https:\/\/www.predsjednik.hr\/en\/news\/president-milanovic-attends-iftar-on-the-occasion-of-ramadan-bayram\/"]}]},{"@type":"ImageObject","inLanguage":"en-US","@id":"https:\/\/www.predsjednik.hr\/en\/news\/president-milanovic-attends-iftar-on-the-occasion-of-ramadan-bayram\/#primaryimage","url":"https:\/\/www.predsjednik.hr\/wp-content\/uploads\/2022\/05\/DSC_4872.jpg","contentUrl":"https:\/\/www.predsjednik.hr\/wp-content\/uploads\/2022\/05\/DSC_4872.jpg","width":3908,"height":2198,"caption":"President Milanovi\u0107 Attends Iftar on the Occasion of Ramadan Bayram"},{"@type":"BreadcrumbList","@id":"https:\/\/www.predsjednik.hr\/en\/news\/president-milanovic-attends-iftar-on-the-occasion-of-ramadan-bayram\/#breadcrumb","itemListElement":[{"@type":"ListItem","position":1,"name":"Home","item":"https:\/\/www.predsjednik.hr\/en\/"},{"@type":"ListItem","position":2,"name":"Vijesti","item":"https:\/\/www.predsjednik.hr\/en\/news\/"},{"@type":"ListItem","position":3,"name":"President Milanovi\u0107 Attends Iftar on the Occasion of Ramadan Bayram"}]},{"@type":"WebSite","@id":"https:\/\/www.predsjednik.hr\/en\/#website","url":"https:\/\/www.predsjednik.hr\/en\/","name":"President of the Republic of Croatia - Zoran Milanovi\u0107","description":"Just another WordPress site","potentialAction":[{"@type":"SearchAction","target":{"@type":"EntryPoint","urlTemplate":"https:\/\/www.predsjednik.hr\/en\/?s={search_term_string}"},"query-input":{"@type":"PropertyValueSpecification","valueRequired":true,"valueName":"search_term_string"}}],"inLanguage":"en-US"}]}},"_links":{"self":[{"href":"https:\/\/www.predsjednik.hr\/en\/wp-json\/wp\/v2\/news\/16889","targetHints":{"allow":["GET"]}}],"collection":[{"href":"https:\/\/www.predsjednik.hr\/en\/wp-json\/wp\/v2\/news"}],"about":[{"href":"https:\/\/www.predsjednik.hr\/en\/wp-json\/wp\/v2\/types\/news"}],"wp:featuredmedia":[{"embeddable":true,"href":"https:\/\/www.predsjednik.hr\/en\/wp-json\/wp\/v2\/media\/16882"}],"wp:attachment":[{"href":"https:\/\/www.predsjednik.hr\/en\/wp-json\/wp\/v2\/media?parent=16889"}],"wp:term":[{"taxonomy":"news-cat","embeddable":true,"href":"https:\/\/www.predsjednik.hr\/en\/wp-json\/wp\/v2\/news-cat?post=16889"}],"curies":[{"name":"wp","href":"https:\/\/api.w.org\/{rel}","templated":true}]}}