{"id":16901,"date":"2022-05-03T14:24:48","date_gmt":"2022-05-03T12:24:48","guid":{"rendered":"https:\/\/www.predsjednik.hr\/?post_type=news&#038;p=16901"},"modified":"2022-05-03T14:39:16","modified_gmt":"2022-05-03T12:39:16","slug":"president-milanovic-pays-tribute-to-twelve-fallen-croatian-police-officers-in-borovo","status":"publish","type":"news","link":"https:\/\/www.predsjednik.hr\/en\/news\/president-milanovic-pays-tribute-to-twelve-fallen-croatian-police-officers-in-borovo\/","title":{"rendered":"President Milanovi\u0107 Pays Tribute to Twelve Fallen Croatian Police Officers in Borovo"},"content":{"rendered":"\n<p>The President of the Republic and Commander in Chief of the Croatian Armed Forces Zoran Milanovi\u0107 today paid tribute to twelve fallen Croatian police officers at the memorial in Borovo, where he laid a wreath in their honour.<\/p>\n\n\n\n<p>President Milanovi\u0107 laid a wreath on the 31<sup>st<\/sup> anniversary of the tragic death of twelve Croatian police officers who were members of the special police unit from Vinkovci. They were massacred by Serb paramilitaries on 2 May 1991 in Borovo (formerly Borovo Selo). The following police officers were murdered in the ambush, which took place that day in Borovo Selo: Stipan Bo\u0161njak, Antun Grbavac, Josip Culej, Mladen \u0160ari\u0107, Zdenko Perica, Zoran Gra\u0161i\u0107, Ivica Vu\u010di\u0107, Luka Crnkovi\u0107, Marinko Petru\u0161i\u0107, Janko \u010covi\u0107, \u017deljko Hrala, Mladen \u010cati\u0107. Twenty-one members of the special police unit were wounded in the attack.<\/p>\n\n\n\n<p>Adviser to the President of the Republic for Human Rights and Civil Society Melita Muli\u0107 and Special Adviser to the President of the Republic for Homeland War Veterans Marijan Marekovi\u0107 were alongside President Milanovi\u0107 at the wreath-laying at the memorial in Borovo town centre, held in memory of the murdered members of the special police unit from Vinkovci. &nbsp;&nbsp;<\/p>\n\n\n<!--GALLERY BLOCK-->\n<div class=\"c-lightbox-gallery js-lightbox\">\n                <!--single-->\n            <a data-no-swup class=\"c-lightbox-gallery__single js-lightbox-single\"\n               href=\"https:\/\/www.predsjednik.hr\/wp-content\/uploads\/2022\/05\/DSC_5003-1024x683.jpg\"\n               style=\"background-image: url('https:\/\/www.predsjednik.hr\/wp-content\/uploads\/2022\/05\/DSC_5003-768x512.jpg')\"><\/a>\n            <!--end single-->\n                    <!--single-->\n            <a data-no-swup class=\"c-lightbox-gallery__single js-lightbox-single\"\n               href=\"https:\/\/www.predsjednik.hr\/wp-content\/uploads\/2022\/05\/DSC_5024-1024x768.jpg\"\n               style=\"background-image: url('https:\/\/www.predsjednik.hr\/wp-content\/uploads\/2022\/05\/DSC_5024-768x576.jpg')\"><\/a>\n            <!--end single-->\n                    <!--single-->\n            <a data-no-swup class=\"c-lightbox-gallery__single js-lightbox-single\"\n               href=\"https:\/\/www.predsjednik.hr\/wp-content\/uploads\/2022\/05\/DSC_5029-1024x683.jpg\"\n               style=\"background-image: url('https:\/\/www.predsjednik.hr\/wp-content\/uploads\/2022\/05\/DSC_5029-768x512.jpg')\"><\/a>\n            <!--end single-->\n                    <!--single-->\n            <a data-no-swup class=\"c-lightbox-gallery__single js-lightbox-single\"\n               href=\"https:\/\/www.predsjednik.hr\/wp-content\/uploads\/2022\/05\/DSC_4918-1-1024x683.jpg\"\n               style=\"background-image: url('https:\/\/www.predsjednik.hr\/wp-content\/uploads\/2022\/05\/DSC_4918-1-768x512.jpg')\"><\/a>\n            <!--end single-->\n        <\/div>\n<!--end GALLERY BLOCK-->\n\n\n\n<p>PHOTO: Office of the President of the Republic of Croatia \/ Tomislav Bu\u0161ljeta<\/p>\n","protected":false},"excerpt":{"rendered":"<p>The President of the Republic and Commander in Chief of the Croatian Armed Forces Zoran Milanovi\u0107 today paid tribute to twelve fallen Croatian police officers at the memorial in Borovo, where he laid a wreath in their honour.<\/p>\n","protected":false},"featured_media":16898,"template":"","news-cat":[12],"class_list":["post-16901","news","type-news","status-publish","has-post-thumbnail","hentry","news-cat-news"],"acf":[],"yoast_head":"<!-- This site is optimized with the Yoast SEO plugin v27.4 - https:\/\/yoast.com\/product\/yoast-seo-wordpress\/ -->\n<title>President Milanovi\u0107 Pays Tribute to Twelve Fallen Croatian Police Officers in Borovo - President of the Republic of Croatia - Zoran Milanovi\u0107<\/title>\n<meta name=\"robots\" content=\"index, follow, max-snippet:-1, max-image-preview:large, max-video-preview:-1\" \/>\n<link rel=\"canonical\" href=\"https:\/\/www.predsjednik.hr\/en\/news\/president-milanovic-pays-tribute-to-twelve-fallen-croatian-police-officers-in-borovo\/\" \/>\n<meta property=\"og:locale\" content=\"en_US\" \/>\n<meta property=\"og:type\" content=\"article\" \/>\n<meta property=\"og:title\" content=\"President Milanovi\u0107 Pays Tribute to Twelve Fallen Croatian Police Officers in Borovo - President of the Republic of Croatia - Zoran Milanovi\u0107\" \/>\n<meta property=\"og:description\" content=\"The President of the Republic and Commander in Chief of the Croatian Armed Forces Zoran Milanovi\u0107 today paid tribute to twelve fallen Croatian police officers at the memorial in Borovo, where he laid a wreath in their honour.\" \/>\n<meta property=\"og:url\" content=\"https:\/\/www.predsjednik.hr\/en\/news\/president-milanovic-pays-tribute-to-twelve-fallen-croatian-police-officers-in-borovo\/\" \/>\n<meta property=\"og:site_name\" content=\"President of the Republic of Croatia - Zoran Milanovi\u0107\" \/>\n<meta property=\"article:modified_time\" content=\"2022-05-03T12:39:16+00:00\" \/>\n<meta property=\"og:image\" content=\"https:\/\/www.predsjednik.hr\/wp-content\/uploads\/2022\/05\/DSC_5029-1024x683.jpg\" \/>\n\t<meta property=\"og:image:width\" content=\"1024\" \/>\n\t<meta property=\"og:image:height\" content=\"683\" \/>\n\t<meta property=\"og:image:type\" content=\"image\/jpeg\" \/>\n<meta name=\"twitter:card\" content=\"summary_large_image\" \/>\n<meta name=\"twitter:label1\" content=\"Est. reading time\" \/>\n\t<meta name=\"twitter:data1\" content=\"2 minutes\" \/>\n<script type=\"application\/ld+json\" class=\"yoast-schema-graph\">{\"@context\":\"https:\\\/\\\/schema.org\",\"@graph\":[{\"@type\":\"WebPage\",\"@id\":\"https:\\\/\\\/www.predsjednik.hr\\\/en\\\/news\\\/president-milanovic-pays-tribute-to-twelve-fallen-croatian-police-officers-in-borovo\\\/\",\"url\":\"https:\\\/\\\/www.predsjednik.hr\\\/en\\\/news\\\/president-milanovic-pays-tribute-to-twelve-fallen-croatian-police-officers-in-borovo\\\/\",\"name\":\"President Milanovi\u0107 Pays Tribute to Twelve Fallen Croatian Police Officers in Borovo - President of the Republic of Croatia - Zoran Milanovi\u0107\",\"isPartOf\":{\"@id\":\"https:\\\/\\\/www.predsjednik.hr\\\/en\\\/#website\"},\"primaryImageOfPage\":{\"@id\":\"https:\\\/\\\/www.predsjednik.hr\\\/en\\\/news\\\/president-milanovic-pays-tribute-to-twelve-fallen-croatian-police-officers-in-borovo\\\/#primaryimage\"},\"image\":{\"@id\":\"https:\\\/\\\/www.predsjednik.hr\\\/en\\\/news\\\/president-milanovic-pays-tribute-to-twelve-fallen-croatian-police-officers-in-borovo\\\/#primaryimage\"},\"thumbnailUrl\":\"https:\\\/\\\/www.predsjednik.hr\\\/wp-content\\\/uploads\\\/2022\\\/05\\\/DSC_5029.jpg\",\"datePublished\":\"2022-05-03T12:24:48+00:00\",\"dateModified\":\"2022-05-03T12:39:16+00:00\",\"breadcrumb\":{\"@id\":\"https:\\\/\\\/www.predsjednik.hr\\\/en\\\/news\\\/president-milanovic-pays-tribute-to-twelve-fallen-croatian-police-officers-in-borovo\\\/#breadcrumb\"},\"inLanguage\":\"en-US\",\"potentialAction\":[{\"@type\":\"ReadAction\",\"target\":[\"https:\\\/\\\/www.predsjednik.hr\\\/en\\\/news\\\/president-milanovic-pays-tribute-to-twelve-fallen-croatian-police-officers-in-borovo\\\/\"]}]},{\"@type\":\"ImageObject\",\"inLanguage\":\"en-US\",\"@id\":\"https:\\\/\\\/www.predsjednik.hr\\\/en\\\/news\\\/president-milanovic-pays-tribute-to-twelve-fallen-croatian-police-officers-in-borovo\\\/#primaryimage\",\"url\":\"https:\\\/\\\/www.predsjednik.hr\\\/wp-content\\\/uploads\\\/2022\\\/05\\\/DSC_5029.jpg\",\"contentUrl\":\"https:\\\/\\\/www.predsjednik.hr\\\/wp-content\\\/uploads\\\/2022\\\/05\\\/DSC_5029.jpg\",\"width\":5960,\"height\":3973,\"caption\":\"President Milanovi\u0107 Pays Tribute to Twelve Fallen Croatian Police Officers in Borovo\"},{\"@type\":\"BreadcrumbList\",\"@id\":\"https:\\\/\\\/www.predsjednik.hr\\\/en\\\/news\\\/president-milanovic-pays-tribute-to-twelve-fallen-croatian-police-officers-in-borovo\\\/#breadcrumb\",\"itemListElement\":[{\"@type\":\"ListItem\",\"position\":1,\"name\":\"Home\",\"item\":\"https:\\\/\\\/www.predsjednik.hr\\\/en\\\/\"},{\"@type\":\"ListItem\",\"position\":2,\"name\":\"Vijesti\",\"item\":\"https:\\\/\\\/www.predsjednik.hr\\\/en\\\/news\\\/\"},{\"@type\":\"ListItem\",\"position\":3,\"name\":\"President Milanovi\u0107 Pays Tribute to Twelve Fallen Croatian Police Officers in Borovo\"}]},{\"@type\":\"WebSite\",\"@id\":\"https:\\\/\\\/www.predsjednik.hr\\\/en\\\/#website\",\"url\":\"https:\\\/\\\/www.predsjednik.hr\\\/en\\\/\",\"name\":\"President of the Republic of Croatia - Zoran Milanovi\u0107\",\"description\":\"Just another WordPress site\",\"potentialAction\":[{\"@type\":\"SearchAction\",\"target\":{\"@type\":\"EntryPoint\",\"urlTemplate\":\"https:\\\/\\\/www.predsjednik.hr\\\/en\\\/?s={search_term_string}\"},\"query-input\":{\"@type\":\"PropertyValueSpecification\",\"valueRequired\":true,\"valueName\":\"search_term_string\"}}],\"inLanguage\":\"en-US\"}]}<\/script>\n<!-- \/ Yoast SEO plugin. -->","yoast_head_json":{"title":"President Milanovi\u0107 Pays Tribute to Twelve Fallen Croatian Police Officers in Borovo - President of the Republic of Croatia - Zoran Milanovi\u0107","robots":{"index":"index","follow":"follow","max-snippet":"max-snippet:-1","max-image-preview":"max-image-preview:large","max-video-preview":"max-video-preview:-1"},"canonical":"https:\/\/www.predsjednik.hr\/en\/news\/president-milanovic-pays-tribute-to-twelve-fallen-croatian-police-officers-in-borovo\/","og_locale":"en_US","og_type":"article","og_title":"President Milanovi\u0107 Pays Tribute to Twelve Fallen Croatian Police Officers in Borovo - President of the Republic of Croatia - Zoran Milanovi\u0107","og_description":"The President of the Republic and Commander in Chief of the Croatian Armed Forces Zoran Milanovi\u0107 today paid tribute to twelve fallen Croatian police officers at the memorial in Borovo, where he laid a wreath in their honour.","og_url":"https:\/\/www.predsjednik.hr\/en\/news\/president-milanovic-pays-tribute-to-twelve-fallen-croatian-police-officers-in-borovo\/","og_site_name":"President of the Republic of Croatia - Zoran Milanovi\u0107","article_modified_time":"2022-05-03T12:39:16+00:00","og_image":[{"width":1024,"height":683,"url":"https:\/\/www.predsjednik.hr\/wp-content\/uploads\/2022\/05\/DSC_5029-1024x683.jpg","type":"image\/jpeg"}],"twitter_card":"summary_large_image","twitter_misc":{"Est. reading time":"2 minutes"},"schema":{"@context":"https:\/\/schema.org","@graph":[{"@type":"WebPage","@id":"https:\/\/www.predsjednik.hr\/en\/news\/president-milanovic-pays-tribute-to-twelve-fallen-croatian-police-officers-in-borovo\/","url":"https:\/\/www.predsjednik.hr\/en\/news\/president-milanovic-pays-tribute-to-twelve-fallen-croatian-police-officers-in-borovo\/","name":"President Milanovi\u0107 Pays Tribute to Twelve Fallen Croatian Police Officers in Borovo - President of the Republic of Croatia - Zoran Milanovi\u0107","isPartOf":{"@id":"https:\/\/www.predsjednik.hr\/en\/#website"},"primaryImageOfPage":{"@id":"https:\/\/www.predsjednik.hr\/en\/news\/president-milanovic-pays-tribute-to-twelve-fallen-croatian-police-officers-in-borovo\/#primaryimage"},"image":{"@id":"https:\/\/www.predsjednik.hr\/en\/news\/president-milanovic-pays-tribute-to-twelve-fallen-croatian-police-officers-in-borovo\/#primaryimage"},"thumbnailUrl":"https:\/\/www.predsjednik.hr\/wp-content\/uploads\/2022\/05\/DSC_5029.jpg","datePublished":"2022-05-03T12:24:48+00:00","dateModified":"2022-05-03T12:39:16+00:00","breadcrumb":{"@id":"https:\/\/www.predsjednik.hr\/en\/news\/president-milanovic-pays-tribute-to-twelve-fallen-croatian-police-officers-in-borovo\/#breadcrumb"},"inLanguage":"en-US","potentialAction":[{"@type":"ReadAction","target":["https:\/\/www.predsjednik.hr\/en\/news\/president-milanovic-pays-tribute-to-twelve-fallen-croatian-police-officers-in-borovo\/"]}]},{"@type":"ImageObject","inLanguage":"en-US","@id":"https:\/\/www.predsjednik.hr\/en\/news\/president-milanovic-pays-tribute-to-twelve-fallen-croatian-police-officers-in-borovo\/#primaryimage","url":"https:\/\/www.predsjednik.hr\/wp-content\/uploads\/2022\/05\/DSC_5029.jpg","contentUrl":"https:\/\/www.predsjednik.hr\/wp-content\/uploads\/2022\/05\/DSC_5029.jpg","width":5960,"height":3973,"caption":"President Milanovi\u0107 Pays Tribute to Twelve Fallen Croatian Police Officers in Borovo"},{"@type":"BreadcrumbList","@id":"https:\/\/www.predsjednik.hr\/en\/news\/president-milanovic-pays-tribute-to-twelve-fallen-croatian-police-officers-in-borovo\/#breadcrumb","itemListElement":[{"@type":"ListItem","position":1,"name":"Home","item":"https:\/\/www.predsjednik.hr\/en\/"},{"@type":"ListItem","position":2,"name":"Vijesti","item":"https:\/\/www.predsjednik.hr\/en\/news\/"},{"@type":"ListItem","position":3,"name":"President Milanovi\u0107 Pays Tribute to Twelve Fallen Croatian Police Officers in Borovo"}]},{"@type":"WebSite","@id":"https:\/\/www.predsjednik.hr\/en\/#website","url":"https:\/\/www.predsjednik.hr\/en\/","name":"President of the Republic of Croatia - Zoran Milanovi\u0107","description":"Just another WordPress site","potentialAction":[{"@type":"SearchAction","target":{"@type":"EntryPoint","urlTemplate":"https:\/\/www.predsjednik.hr\/en\/?s={search_term_string}"},"query-input":{"@type":"PropertyValueSpecification","valueRequired":true,"valueName":"search_term_string"}}],"inLanguage":"en-US"}]}},"_links":{"self":[{"href":"https:\/\/www.predsjednik.hr\/en\/wp-json\/wp\/v2\/news\/16901","targetHints":{"allow":["GET"]}}],"collection":[{"href":"https:\/\/www.predsjednik.hr\/en\/wp-json\/wp\/v2\/news"}],"about":[{"href":"https:\/\/www.predsjednik.hr\/en\/wp-json\/wp\/v2\/types\/news"}],"wp:featuredmedia":[{"embeddable":true,"href":"https:\/\/www.predsjednik.hr\/en\/wp-json\/wp\/v2\/media\/16898"}],"wp:attachment":[{"href":"https:\/\/www.predsjednik.hr\/en\/wp-json\/wp\/v2\/media?parent=16901"}],"wp:term":[{"taxonomy":"news-cat","embeddable":true,"href":"https:\/\/www.predsjednik.hr\/en\/wp-json\/wp\/v2\/news-cat?post=16901"}],"curies":[{"name":"wp","href":"https:\/\/api.w.org\/{rel}","templated":true}]}}