{"id":16955,"date":"2022-05-03T18:24:00","date_gmt":"2022-05-03T16:24:00","guid":{"rendered":"https:\/\/www.predsjednik.hr\/?post_type=news&#038;p=16955"},"modified":"2022-05-04T11:27:22","modified_gmt":"2022-05-04T09:27:22","slug":"president-milanovic-bestows-decorations-upon-vukovar-defenders-beneath-vukovar-water-tower","status":"publish","type":"news","link":"https:\/\/www.predsjednik.hr\/en\/news\/president-milanovic-bestows-decorations-upon-vukovar-defenders-beneath-vukovar-water-tower\/","title":{"rendered":"President Milanovi\u0107 Bestows Decorations upon Vukovar Defenders beneath Vukovar Water Tower"},"content":{"rendered":"\n<p>On the occasion of the Day of the City of Vukovar, the President of the Republic and Commander in Chief of the Croatian Armed Forces Zoran Milanovi\u0107 bestowed decorations upon the defenders of Vukovar at a ceremony held in the amphitheatre of the Vukovar water tower.<\/p>\n\n\n\n<p>\u201cThis is the least I can do as president of Croatia, a modern Croatian Republic, our state, the one you have fought for, it is a small symbolic gesture. I hope it is not too late\u201d, President Milanovi\u0107 stated at an awards ceremony for Vukovar defenders.<\/p>\n\n\n\n<p>\u201cI have been president for two years, and what I succeed in doing in five years \u2013 I will do, I cannot move mountains, but I can do small things. This is something small, but a great thing for great people. I often say that Croatia was defended by a small number of good people, and that in every war a small number of people tip the balance. In fact, in most human endeavours the deciding factor, the victory and the difference are a small number of good people. In our war that number was so small that today it is hard to believe that it was possible at all\u201d, President Milanovi\u0107 said, thanking the defenders for defending Croatia.<\/p>\n\n\n\n<p>\u201cYou are receiving these decorations as Croatian defenders, at that time you were still defenders, because Croatia had not been recognized. Had it not been for you, Croatia would not even have been recognized\u201d, the President of the Republic said in concluding his address.<\/p>\n\n\n\n<p>The President of the Republic made the decisions on bestowing these decorations to the defenders of Vukovar on the occasion of the observance of the 30<sup>th<\/sup> anniversary of the 204<sup>th<\/sup> Croatian Army Brigade and the 30<sup>th<\/sup> anniversary of the Battle of Vukovar, and the presentation took place at a ceremony marking the Day of the City of Vukovar.<\/p>\n\n\n\n<p>The Order of Duke Domagoj with Ribbon was posthumously awarded to Velimir \u0110erek for bravery and heroism displayed in the Homeland War.<\/p>\n\n\n\n<p>The following defenders of Vukovar were awarded the Order of Nikola \u0160ubi\u0107 Zrinski for a deed of valour in the Homeland War: Robert Alvir (missing in action), Ivica Arbanas, Ivica Bano\u017ei\u0107, Stanislav Bartolovi\u0107 (posthumously), Sini\u0161a Cvijan, Dra\u017een \u0110urovi\u0107, Anto Ga\u0161i\u0107 (posthumously), Petar Gojun, Marin Ivankovi\u0107, Stjepan Kati\u0107 (posthumously), Darko Mihaljevi\u0107 and Zoran Milas.<\/p>\n\n\n\n<p>For outstanding successful command of units of the Croatian Armed Forces and for extraordinary military services in their organization and development, the Order of Ban Jela\u010di\u0107 was bestowed upon Ivan An\u0111eli\u0107, Marko Filkovi\u0107, Zoran Gruber (posthumously), Zlatko Horvat (posthumously), \u017deljko Juki\u0107, Antun Juri\u0107, Petar Ka\u010di\u0107 (posthumously), Stjepan Kuli\u0107, Marinko Leko, Sini\u0161a Mataija (posthumously), Juraj Njavro (posthumously), Vlado O\u0161ust, Drago Skoko, Josip Toma\u0161i\u0107 (posthumously) and Adorjan Toth (posthumously.<\/p>\n\n\n\n<p>As an honourable sign of the eternal memory of those who laid down their lives for the Croatian state in war, the Order of Petar Zrinski and Fran Krsto Frankopan with Gilded Interlace was posthumously bestowed upon Kre\u0161imir Arnold.<\/p>\n\n\n\n<p>The Order of the Croatian Cross was bestowed upon Antun Dugan who was seriously wounded in the Homeland War. Zvonimir Petri\u0107 and Tomislav Josi\u0107 were awarded the Order of the Croatian Trefoil for extraordinary services to the Republic of Croatia in a state of war.<\/p>\n\n\n\n<p>After the awards ceremony for the defenders of Vukovar, President Milanovi\u0107 toured the Vukovar water tower in the company of the director of the Vukovar water tower Mirela Jankovi\u0107 and the Mayor of Vukovar Ivan Penava.<\/p>\n\n\n\n<p>Alongside President Milanovi\u0107 at the awards ceremony was the Special Adviser to the President for Homeland War Marijan Marekovi\u0107.<\/p>\n\n\n<!--GALLERY BLOCK-->\n<div class=\"c-lightbox-gallery js-lightbox\">\n                <!--single-->\n            <a data-no-swup class=\"c-lightbox-gallery__single js-lightbox-single\"\n               href=\"https:\/\/www.predsjednik.hr\/wp-content\/uploads\/2022\/05\/DSC_5643-1024x683.jpg\"\n               style=\"background-image: url('https:\/\/www.predsjednik.hr\/wp-content\/uploads\/2022\/05\/DSC_5643-768x512.jpg')\"><\/a>\n            <!--end single-->\n                    <!--single-->\n            <a data-no-swup class=\"c-lightbox-gallery__single js-lightbox-single\"\n               href=\"https:\/\/www.predsjednik.hr\/wp-content\/uploads\/2022\/05\/DSC_5687-1024x683.jpg\"\n               style=\"background-image: url('https:\/\/www.predsjednik.hr\/wp-content\/uploads\/2022\/05\/DSC_5687-768x512.jpg')\"><\/a>\n            <!--end single-->\n                    <!--single-->\n            <a data-no-swup class=\"c-lightbox-gallery__single js-lightbox-single\"\n               href=\"https:\/\/www.predsjednik.hr\/wp-content\/uploads\/2022\/05\/DSC_5719-1024x683.jpg\"\n               style=\"background-image: url('https:\/\/www.predsjednik.hr\/wp-content\/uploads\/2022\/05\/DSC_5719-768x512.jpg')\"><\/a>\n            <!--end single-->\n                    <!--single-->\n            <a data-no-swup class=\"c-lightbox-gallery__single js-lightbox-single\"\n               href=\"https:\/\/www.predsjednik.hr\/wp-content\/uploads\/2022\/05\/DSC_5763-1024x683.jpg\"\n               style=\"background-image: url('https:\/\/www.predsjednik.hr\/wp-content\/uploads\/2022\/05\/DSC_5763-768x512.jpg')\"><\/a>\n            <!--end single-->\n                    <!--single-->\n            <a data-no-swup class=\"c-lightbox-gallery__single js-lightbox-single\"\n               href=\"https:\/\/www.predsjednik.hr\/wp-content\/uploads\/2022\/05\/DSC_5974-1024x683.jpg\"\n               style=\"background-image: url('https:\/\/www.predsjednik.hr\/wp-content\/uploads\/2022\/05\/DSC_5974-768x512.jpg')\"><\/a>\n            <!--end single-->\n                    <!--single-->\n            <a data-no-swup class=\"c-lightbox-gallery__single js-lightbox-single\"\n               href=\"https:\/\/www.predsjednik.hr\/wp-content\/uploads\/2022\/05\/DSC_6163-1024x683.jpg\"\n               style=\"background-image: url('https:\/\/www.predsjednik.hr\/wp-content\/uploads\/2022\/05\/DSC_6163-768x512.jpg')\"><\/a>\n            <!--end single-->\n                    <!--single-->\n            <a data-no-swup class=\"c-lightbox-gallery__single js-lightbox-single\"\n               href=\"https:\/\/www.predsjednik.hr\/wp-content\/uploads\/2022\/05\/DSC_6191-1024x683.jpg\"\n               style=\"background-image: url('https:\/\/www.predsjednik.hr\/wp-content\/uploads\/2022\/05\/DSC_6191-768x512.jpg')\"><\/a>\n            <!--end single-->\n                    <!--single-->\n            <a data-no-swup class=\"c-lightbox-gallery__single js-lightbox-single\"\n               href=\"https:\/\/www.predsjednik.hr\/wp-content\/uploads\/2022\/05\/DSC_6224-1024x683.jpg\"\n               style=\"background-image: url('https:\/\/www.predsjednik.hr\/wp-content\/uploads\/2022\/05\/DSC_6224-768x512.jpg')\"><\/a>\n            <!--end single-->\n                    <!--single-->\n            <a data-no-swup class=\"c-lightbox-gallery__single js-lightbox-single\"\n               href=\"https:\/\/www.predsjednik.hr\/wp-content\/uploads\/2022\/05\/DSC_6268-1024x683.jpg\"\n               style=\"background-image: url('https:\/\/www.predsjednik.hr\/wp-content\/uploads\/2022\/05\/DSC_6268-768x512.jpg')\"><\/a>\n            <!--end single-->\n                    <!--single-->\n            <a data-no-swup class=\"c-lightbox-gallery__single js-lightbox-single\"\n               href=\"https:\/\/www.predsjednik.hr\/wp-content\/uploads\/2022\/05\/DSC_6321-1024x576.jpg\"\n               style=\"background-image: url('https:\/\/www.predsjednik.hr\/wp-content\/uploads\/2022\/05\/DSC_6321-768x432.jpg')\"><\/a>\n            <!--end single-->\n                    <!--single-->\n            <a data-no-swup class=\"c-lightbox-gallery__single js-lightbox-single\"\n               href=\"https:\/\/www.predsjednik.hr\/wp-content\/uploads\/2022\/05\/DSC_6354-1024x683.jpg\"\n               style=\"background-image: url('https:\/\/www.predsjednik.hr\/wp-content\/uploads\/2022\/05\/DSC_6354-768x512.jpg')\"><\/a>\n            <!--end single-->\n                    <!--single-->\n            <a data-no-swup class=\"c-lightbox-gallery__single js-lightbox-single\"\n               href=\"https:\/\/www.predsjednik.hr\/wp-content\/uploads\/2022\/05\/DSC_6373-1-1024x683.jpg\"\n               style=\"background-image: url('https:\/\/www.predsjednik.hr\/wp-content\/uploads\/2022\/05\/DSC_6373-1-768x512.jpg')\"><\/a>\n            <!--end single-->\n                    <!--single-->\n            <a data-no-swup class=\"c-lightbox-gallery__single js-lightbox-single\"\n               href=\"https:\/\/www.predsjednik.hr\/wp-content\/uploads\/2022\/05\/DSC_6461-1024x683.jpg\"\n               style=\"background-image: url('https:\/\/www.predsjednik.hr\/wp-content\/uploads\/2022\/05\/DSC_6461-768x512.jpg')\"><\/a>\n            <!--end single-->\n                    <!--single-->\n            <a data-no-swup class=\"c-lightbox-gallery__single js-lightbox-single\"\n               href=\"https:\/\/www.predsjednik.hr\/wp-content\/uploads\/2022\/05\/DSC_6494-1024x683.jpg\"\n               style=\"background-image: url('https:\/\/www.predsjednik.hr\/wp-content\/uploads\/2022\/05\/DSC_6494-768x512.jpg')\"><\/a>\n            <!--end single-->\n                    <!--single-->\n            <a data-no-swup class=\"c-lightbox-gallery__single js-lightbox-single\"\n               href=\"https:\/\/www.predsjednik.hr\/wp-content\/uploads\/2022\/05\/DSC_6566-1024x683.jpg\"\n               style=\"background-image: url('https:\/\/www.predsjednik.hr\/wp-content\/uploads\/2022\/05\/DSC_6566-768x512.jpg')\"><\/a>\n            <!--end single-->\n                    <!--single-->\n            <a data-no-swup class=\"c-lightbox-gallery__single js-lightbox-single\"\n               href=\"https:\/\/www.predsjednik.hr\/wp-content\/uploads\/2022\/05\/DSC_6662-665x1024.jpg\"\n               style=\"background-image: url('https:\/\/www.predsjednik.hr\/wp-content\/uploads\/2022\/05\/DSC_6662-768x1182.jpg')\"><\/a>\n            <!--end single-->\n        <\/div>\n<!--end GALLERY BLOCK-->\n\n\n\n<p>PHOTO: Office of the President of the Republic of Croatia \/ Tomislav Bu\u0161ljeta<\/p>\n","protected":false},"excerpt":{"rendered":"<p>\u201cThis is the least I can do as president of Croatia, a modern Croatian Republic, our state, the one you have fought for, it is a small symbolic gesture. I hope it is not too late\u201d, President Milanovi\u0107 stated at an awards ceremony for Vukovar defenders.<\/p>\n","protected":false},"featured_media":16942,"template":"","news-cat":[12],"class_list":["post-16955","news","type-news","status-publish","has-post-thumbnail","hentry","news-cat-news"],"acf":[],"yoast_head":"<!-- This site is optimized with the Yoast SEO plugin v27.4 - https:\/\/yoast.com\/product\/yoast-seo-wordpress\/ -->\n<title>President Milanovi\u0107 Bestows Decorations upon Vukovar Defenders beneath Vukovar Water Tower - President of the Republic of Croatia - Zoran Milanovi\u0107<\/title>\n<meta name=\"robots\" content=\"index, follow, max-snippet:-1, max-image-preview:large, max-video-preview:-1\" \/>\n<link rel=\"canonical\" href=\"https:\/\/www.predsjednik.hr\/en\/news\/president-milanovic-bestows-decorations-upon-vukovar-defenders-beneath-vukovar-water-tower\/\" \/>\n<meta property=\"og:locale\" content=\"en_US\" \/>\n<meta property=\"og:type\" content=\"article\" \/>\n<meta property=\"og:title\" content=\"President Milanovi\u0107 Bestows Decorations upon Vukovar Defenders beneath Vukovar Water Tower - President of the Republic of Croatia - Zoran Milanovi\u0107\" \/>\n<meta property=\"og:description\" content=\"\u201cThis is the least I can do as president of Croatia, a modern Croatian Republic, our state, the one you have fought for, it is a small symbolic gesture. I hope it is not too late\u201d, President Milanovi\u0107 stated at an awards ceremony for Vukovar defenders.\" \/>\n<meta property=\"og:url\" content=\"https:\/\/www.predsjednik.hr\/en\/news\/president-milanovic-bestows-decorations-upon-vukovar-defenders-beneath-vukovar-water-tower\/\" \/>\n<meta property=\"og:site_name\" content=\"President of the Republic of Croatia - Zoran Milanovi\u0107\" \/>\n<meta property=\"article:modified_time\" content=\"2022-05-04T09:27:22+00:00\" \/>\n<meta property=\"og:image\" content=\"https:\/\/www.predsjednik.hr\/wp-content\/uploads\/2022\/05\/DSC_6321-1024x576.jpg\" \/>\n\t<meta property=\"og:image:width\" content=\"1024\" \/>\n\t<meta property=\"og:image:height\" content=\"576\" \/>\n\t<meta property=\"og:image:type\" content=\"image\/jpeg\" \/>\n<meta name=\"twitter:card\" content=\"summary_large_image\" \/>\n<meta name=\"twitter:label1\" content=\"Est. reading time\" \/>\n\t<meta name=\"twitter:data1\" content=\"4 minutes\" \/>\n<script type=\"application\/ld+json\" class=\"yoast-schema-graph\">{\"@context\":\"https:\\\/\\\/schema.org\",\"@graph\":[{\"@type\":\"WebPage\",\"@id\":\"https:\\\/\\\/www.predsjednik.hr\\\/en\\\/news\\\/president-milanovic-bestows-decorations-upon-vukovar-defenders-beneath-vukovar-water-tower\\\/\",\"url\":\"https:\\\/\\\/www.predsjednik.hr\\\/en\\\/news\\\/president-milanovic-bestows-decorations-upon-vukovar-defenders-beneath-vukovar-water-tower\\\/\",\"name\":\"President Milanovi\u0107 Bestows Decorations upon Vukovar Defenders beneath Vukovar Water Tower - President of the Republic of Croatia - Zoran Milanovi\u0107\",\"isPartOf\":{\"@id\":\"https:\\\/\\\/www.predsjednik.hr\\\/en\\\/#website\"},\"primaryImageOfPage\":{\"@id\":\"https:\\\/\\\/www.predsjednik.hr\\\/en\\\/news\\\/president-milanovic-bestows-decorations-upon-vukovar-defenders-beneath-vukovar-water-tower\\\/#primaryimage\"},\"image\":{\"@id\":\"https:\\\/\\\/www.predsjednik.hr\\\/en\\\/news\\\/president-milanovic-bestows-decorations-upon-vukovar-defenders-beneath-vukovar-water-tower\\\/#primaryimage\"},\"thumbnailUrl\":\"https:\\\/\\\/www.predsjednik.hr\\\/wp-content\\\/uploads\\\/2022\\\/05\\\/DSC_6321.jpg\",\"datePublished\":\"2022-05-03T16:24:00+00:00\",\"dateModified\":\"2022-05-04T09:27:22+00:00\",\"breadcrumb\":{\"@id\":\"https:\\\/\\\/www.predsjednik.hr\\\/en\\\/news\\\/president-milanovic-bestows-decorations-upon-vukovar-defenders-beneath-vukovar-water-tower\\\/#breadcrumb\"},\"inLanguage\":\"en-US\",\"potentialAction\":[{\"@type\":\"ReadAction\",\"target\":[\"https:\\\/\\\/www.predsjednik.hr\\\/en\\\/news\\\/president-milanovic-bestows-decorations-upon-vukovar-defenders-beneath-vukovar-water-tower\\\/\"]}]},{\"@type\":\"ImageObject\",\"inLanguage\":\"en-US\",\"@id\":\"https:\\\/\\\/www.predsjednik.hr\\\/en\\\/news\\\/president-milanovic-bestows-decorations-upon-vukovar-defenders-beneath-vukovar-water-tower\\\/#primaryimage\",\"url\":\"https:\\\/\\\/www.predsjednik.hr\\\/wp-content\\\/uploads\\\/2022\\\/05\\\/DSC_6321.jpg\",\"contentUrl\":\"https:\\\/\\\/www.predsjednik.hr\\\/wp-content\\\/uploads\\\/2022\\\/05\\\/DSC_6321.jpg\",\"width\":5973,\"height\":3360,\"caption\":\"President Milanovi\u0107 Bestows Decorations upon Vukovar Defenders beneath Vukovar Water Tower\"},{\"@type\":\"BreadcrumbList\",\"@id\":\"https:\\\/\\\/www.predsjednik.hr\\\/en\\\/news\\\/president-milanovic-bestows-decorations-upon-vukovar-defenders-beneath-vukovar-water-tower\\\/#breadcrumb\",\"itemListElement\":[{\"@type\":\"ListItem\",\"position\":1,\"name\":\"Home\",\"item\":\"https:\\\/\\\/www.predsjednik.hr\\\/en\\\/\"},{\"@type\":\"ListItem\",\"position\":2,\"name\":\"Vijesti\",\"item\":\"https:\\\/\\\/www.predsjednik.hr\\\/en\\\/news\\\/\"},{\"@type\":\"ListItem\",\"position\":3,\"name\":\"President Milanovi\u0107 Bestows Decorations upon Vukovar Defenders beneath Vukovar Water Tower\"}]},{\"@type\":\"WebSite\",\"@id\":\"https:\\\/\\\/www.predsjednik.hr\\\/en\\\/#website\",\"url\":\"https:\\\/\\\/www.predsjednik.hr\\\/en\\\/\",\"name\":\"President of the Republic of Croatia - Zoran Milanovi\u0107\",\"description\":\"Just another WordPress site\",\"potentialAction\":[{\"@type\":\"SearchAction\",\"target\":{\"@type\":\"EntryPoint\",\"urlTemplate\":\"https:\\\/\\\/www.predsjednik.hr\\\/en\\\/?s={search_term_string}\"},\"query-input\":{\"@type\":\"PropertyValueSpecification\",\"valueRequired\":true,\"valueName\":\"search_term_string\"}}],\"inLanguage\":\"en-US\"}]}<\/script>\n<!-- \/ Yoast SEO plugin. -->","yoast_head_json":{"title":"President Milanovi\u0107 Bestows Decorations upon Vukovar Defenders beneath Vukovar Water Tower - President of the Republic of Croatia - Zoran Milanovi\u0107","robots":{"index":"index","follow":"follow","max-snippet":"max-snippet:-1","max-image-preview":"max-image-preview:large","max-video-preview":"max-video-preview:-1"},"canonical":"https:\/\/www.predsjednik.hr\/en\/news\/president-milanovic-bestows-decorations-upon-vukovar-defenders-beneath-vukovar-water-tower\/","og_locale":"en_US","og_type":"article","og_title":"President Milanovi\u0107 Bestows Decorations upon Vukovar Defenders beneath Vukovar Water Tower - President of the Republic of Croatia - Zoran Milanovi\u0107","og_description":"\u201cThis is the least I can do as president of Croatia, a modern Croatian Republic, our state, the one you have fought for, it is a small symbolic gesture. I hope it is not too late\u201d, President Milanovi\u0107 stated at an awards ceremony for Vukovar defenders.","og_url":"https:\/\/www.predsjednik.hr\/en\/news\/president-milanovic-bestows-decorations-upon-vukovar-defenders-beneath-vukovar-water-tower\/","og_site_name":"President of the Republic of Croatia - Zoran Milanovi\u0107","article_modified_time":"2022-05-04T09:27:22+00:00","og_image":[{"width":1024,"height":576,"url":"https:\/\/www.predsjednik.hr\/wp-content\/uploads\/2022\/05\/DSC_6321-1024x576.jpg","type":"image\/jpeg"}],"twitter_card":"summary_large_image","twitter_misc":{"Est. reading time":"4 minutes"},"schema":{"@context":"https:\/\/schema.org","@graph":[{"@type":"WebPage","@id":"https:\/\/www.predsjednik.hr\/en\/news\/president-milanovic-bestows-decorations-upon-vukovar-defenders-beneath-vukovar-water-tower\/","url":"https:\/\/www.predsjednik.hr\/en\/news\/president-milanovic-bestows-decorations-upon-vukovar-defenders-beneath-vukovar-water-tower\/","name":"President Milanovi\u0107 Bestows Decorations upon Vukovar Defenders beneath Vukovar Water Tower - President of the Republic of Croatia - Zoran Milanovi\u0107","isPartOf":{"@id":"https:\/\/www.predsjednik.hr\/en\/#website"},"primaryImageOfPage":{"@id":"https:\/\/www.predsjednik.hr\/en\/news\/president-milanovic-bestows-decorations-upon-vukovar-defenders-beneath-vukovar-water-tower\/#primaryimage"},"image":{"@id":"https:\/\/www.predsjednik.hr\/en\/news\/president-milanovic-bestows-decorations-upon-vukovar-defenders-beneath-vukovar-water-tower\/#primaryimage"},"thumbnailUrl":"https:\/\/www.predsjednik.hr\/wp-content\/uploads\/2022\/05\/DSC_6321.jpg","datePublished":"2022-05-03T16:24:00+00:00","dateModified":"2022-05-04T09:27:22+00:00","breadcrumb":{"@id":"https:\/\/www.predsjednik.hr\/en\/news\/president-milanovic-bestows-decorations-upon-vukovar-defenders-beneath-vukovar-water-tower\/#breadcrumb"},"inLanguage":"en-US","potentialAction":[{"@type":"ReadAction","target":["https:\/\/www.predsjednik.hr\/en\/news\/president-milanovic-bestows-decorations-upon-vukovar-defenders-beneath-vukovar-water-tower\/"]}]},{"@type":"ImageObject","inLanguage":"en-US","@id":"https:\/\/www.predsjednik.hr\/en\/news\/president-milanovic-bestows-decorations-upon-vukovar-defenders-beneath-vukovar-water-tower\/#primaryimage","url":"https:\/\/www.predsjednik.hr\/wp-content\/uploads\/2022\/05\/DSC_6321.jpg","contentUrl":"https:\/\/www.predsjednik.hr\/wp-content\/uploads\/2022\/05\/DSC_6321.jpg","width":5973,"height":3360,"caption":"President Milanovi\u0107 Bestows Decorations upon Vukovar Defenders beneath Vukovar Water Tower"},{"@type":"BreadcrumbList","@id":"https:\/\/www.predsjednik.hr\/en\/news\/president-milanovic-bestows-decorations-upon-vukovar-defenders-beneath-vukovar-water-tower\/#breadcrumb","itemListElement":[{"@type":"ListItem","position":1,"name":"Home","item":"https:\/\/www.predsjednik.hr\/en\/"},{"@type":"ListItem","position":2,"name":"Vijesti","item":"https:\/\/www.predsjednik.hr\/en\/news\/"},{"@type":"ListItem","position":3,"name":"President Milanovi\u0107 Bestows Decorations upon Vukovar Defenders beneath Vukovar Water Tower"}]},{"@type":"WebSite","@id":"https:\/\/www.predsjednik.hr\/en\/#website","url":"https:\/\/www.predsjednik.hr\/en\/","name":"President of the Republic of Croatia - Zoran Milanovi\u0107","description":"Just another WordPress site","potentialAction":[{"@type":"SearchAction","target":{"@type":"EntryPoint","urlTemplate":"https:\/\/www.predsjednik.hr\/en\/?s={search_term_string}"},"query-input":{"@type":"PropertyValueSpecification","valueRequired":true,"valueName":"search_term_string"}}],"inLanguage":"en-US"}]}},"_links":{"self":[{"href":"https:\/\/www.predsjednik.hr\/en\/wp-json\/wp\/v2\/news\/16955","targetHints":{"allow":["GET"]}}],"collection":[{"href":"https:\/\/www.predsjednik.hr\/en\/wp-json\/wp\/v2\/news"}],"about":[{"href":"https:\/\/www.predsjednik.hr\/en\/wp-json\/wp\/v2\/types\/news"}],"wp:featuredmedia":[{"embeddable":true,"href":"https:\/\/www.predsjednik.hr\/en\/wp-json\/wp\/v2\/media\/16942"}],"wp:attachment":[{"href":"https:\/\/www.predsjednik.hr\/en\/wp-json\/wp\/v2\/media?parent=16955"}],"wp:term":[{"taxonomy":"news-cat","embeddable":true,"href":"https:\/\/www.predsjednik.hr\/en\/wp-json\/wp\/v2\/news-cat?post=16955"}],"curies":[{"name":"wp","href":"https:\/\/api.w.org\/{rel}","templated":true}]}}