{"id":17087,"date":"2022-05-09T15:30:12","date_gmt":"2022-05-09T13:30:12","guid":{"rendered":"https:\/\/www.predsjednik.hr\/?post_type=news&#038;p=17087"},"modified":"2022-05-09T15:30:16","modified_gmt":"2022-05-09T13:30:16","slug":"president-milanovic-receives-society-of-sibenik-and-friends-of-sibenik-in-zagreb-delegation","status":"publish","type":"news","link":"https:\/\/www.predsjednik.hr\/en\/news\/president-milanovic-receives-society-of-sibenik-and-friends-of-sibenik-in-zagreb-delegation\/","title":{"rendered":"President Milanovi\u0107 Receives Society of \u0160ibenik and Friends of \u0160ibenik in Zagreb Delegation"},"content":{"rendered":"\n<p>The President of the Republic Zoran Milanovi\u0107 received in the Office of the President a delegation of the Society of \u0160ibenik and Friends of \u0160ibenik in Zagreb accompanied by City of \u0160ibenik representatives.<\/p>\n\n\n\n<p>The Society of \u0160ibenik and Friends of \u0160ibenik in Zagreb was organized by students from \u0160ibenik in Zagreb as early as 1965, it was formally established as an association in 1976 and has been active ever since. They are considered to be one of the oldest societies of such kind in Croatia. The purpose of the Society was to make contacts and organize various activities not just for the citizens of \u0160ibenik in Zagreb, but for their friends as well, and to present their local community. It was a period when the Society included several thousand members, and today the best students from \u0160ibenik in Zagreb are involved in its work today.<\/p>\n\n\n\n<p>They further explained that the Society plans to open branch offices, and the most active among them is the Students\u2019 Club of \u0160ibenik Citizens. This Club organizes events such as panels, art exhibitions, musical and film soirees, concerts, quizzes and a Mini-football league. One of the Society\u2019s most recognizable projects is the traditional \u0160ibenik evening. They underlined that the Society of \u0160ibenik and Friends of \u0160ibenik in Zagreb does not engage in politics. They also discussed \u0160ibenik\u2019s development in the past thirty years.<\/p>\n\n\n\n<p>The delegation of the Society of \u0160ibenik and Friends of \u0160ibenik in Zagreb comprised its president Miljenko Bura, vice-president Josip Nini\u0107 and members of the Board of Directors Goran Petkovi\u0107, Zdenko Krajina, Kristijana Kelava, \u017deljko Rupi\u0107 and Lovro \u0160trbini\u0107. Representing the City of \u0160ibenik at the meeting with President Milanovi\u0107 were the head of the Administrative Department for City Property Management and the envoy of the mayor of \u0160ibenik Tihomir Pa\u0161kov, and the head of the Office of the mayor of \u0160ibenik Mladena Baran Jakeli\u0107.<\/p>\n\n\n\n<p>Alongside President Milanovi\u0107 was the Adviser to the President for Human Rights and Civil Society Melita Muli\u0107.<\/p>\n\n\n<!--GALLERY BLOCK-->\n<div class=\"c-lightbox-gallery js-lightbox\">\n                <!--single-->\n            <a data-no-swup class=\"c-lightbox-gallery__single js-lightbox-single\"\n               href=\"https:\/\/www.predsjednik.hr\/wp-content\/uploads\/2022\/05\/DSC_1597-1024x576.jpg\"\n               style=\"background-image: url('https:\/\/www.predsjednik.hr\/wp-content\/uploads\/2022\/05\/DSC_1597-768x432.jpg')\"><\/a>\n            <!--end single-->\n                    <!--single-->\n            <a data-no-swup class=\"c-lightbox-gallery__single js-lightbox-single\"\n               href=\"https:\/\/www.predsjednik.hr\/wp-content\/uploads\/2022\/05\/DSC_1604-1024x576.jpg\"\n               style=\"background-image: url('https:\/\/www.predsjednik.hr\/wp-content\/uploads\/2022\/05\/DSC_1604-768x432.jpg')\"><\/a>\n            <!--end single-->\n                    <!--single-->\n            <a data-no-swup class=\"c-lightbox-gallery__single js-lightbox-single\"\n               href=\"https:\/\/www.predsjednik.hr\/wp-content\/uploads\/2022\/05\/DSC_1612-1024x576.jpg\"\n               style=\"background-image: url('https:\/\/www.predsjednik.hr\/wp-content\/uploads\/2022\/05\/DSC_1612-768x432.jpg')\"><\/a>\n            <!--end single-->\n                    <!--single-->\n            <a data-no-swup class=\"c-lightbox-gallery__single js-lightbox-single\"\n               href=\"https:\/\/www.predsjednik.hr\/wp-content\/uploads\/2022\/05\/DSC_1623-1024x576.jpg\"\n               style=\"background-image: url('https:\/\/www.predsjednik.hr\/wp-content\/uploads\/2022\/05\/DSC_1623-768x432.jpg')\"><\/a>\n            <!--end single-->\n        <\/div>\n<!--end GALLERY BLOCK-->\n\n\n\n<p>PHOTO: Office of the President of the Republic of Croatia \/ Marko Beljan<\/p>\n","protected":false},"excerpt":{"rendered":"<p>The President of the Republic Zoran Milanovi\u0107 received in the Office of the President a delegation of the Society of \u0160ibenik and Friends of \u0160ibenik in Zagreb accompanied by City of \u0160ibenik representatives.<\/p>\n","protected":false},"featured_media":17075,"template":"","news-cat":[12],"class_list":["post-17087","news","type-news","status-publish","has-post-thumbnail","hentry","news-cat-news"],"acf":[],"yoast_head":"<!-- This site is optimized with the Yoast SEO plugin v27.4 - https:\/\/yoast.com\/product\/yoast-seo-wordpress\/ -->\n<title>President Milanovi\u0107 Receives Society of \u0160ibenik and Friends of \u0160ibenik in Zagreb Delegation - President of the Republic of Croatia - Zoran Milanovi\u0107<\/title>\n<meta name=\"robots\" content=\"index, follow, max-snippet:-1, max-image-preview:large, max-video-preview:-1\" \/>\n<link rel=\"canonical\" href=\"https:\/\/www.predsjednik.hr\/en\/news\/president-milanovic-receives-society-of-sibenik-and-friends-of-sibenik-in-zagreb-delegation\/\" \/>\n<meta property=\"og:locale\" content=\"en_US\" \/>\n<meta property=\"og:type\" content=\"article\" \/>\n<meta property=\"og:title\" content=\"President Milanovi\u0107 Receives Society of \u0160ibenik and Friends of \u0160ibenik in Zagreb Delegation - President of the Republic of Croatia - Zoran Milanovi\u0107\" \/>\n<meta property=\"og:description\" content=\"The President of the Republic Zoran Milanovi\u0107 received in the Office of the President a delegation of the Society of \u0160ibenik and Friends of \u0160ibenik in Zagreb accompanied by City of \u0160ibenik representatives.\" \/>\n<meta property=\"og:url\" content=\"https:\/\/www.predsjednik.hr\/en\/news\/president-milanovic-receives-society-of-sibenik-and-friends-of-sibenik-in-zagreb-delegation\/\" \/>\n<meta property=\"og:site_name\" content=\"President of the Republic of Croatia - Zoran Milanovi\u0107\" \/>\n<meta property=\"article:modified_time\" content=\"2022-05-09T13:30:16+00:00\" \/>\n<meta property=\"og:image\" content=\"https:\/\/www.predsjednik.hr\/wp-content\/uploads\/2022\/05\/DSC_1612-1024x576.jpg\" \/>\n\t<meta property=\"og:image:width\" content=\"1024\" \/>\n\t<meta property=\"og:image:height\" content=\"576\" \/>\n\t<meta property=\"og:image:type\" content=\"image\/jpeg\" \/>\n<meta name=\"twitter:card\" content=\"summary_large_image\" \/>\n<meta name=\"twitter:label1\" content=\"Est. reading time\" \/>\n\t<meta name=\"twitter:data1\" content=\"2 minutes\" \/>\n<script type=\"application\/ld+json\" class=\"yoast-schema-graph\">{\"@context\":\"https:\\\/\\\/schema.org\",\"@graph\":[{\"@type\":\"WebPage\",\"@id\":\"https:\\\/\\\/www.predsjednik.hr\\\/en\\\/news\\\/president-milanovic-receives-society-of-sibenik-and-friends-of-sibenik-in-zagreb-delegation\\\/\",\"url\":\"https:\\\/\\\/www.predsjednik.hr\\\/en\\\/news\\\/president-milanovic-receives-society-of-sibenik-and-friends-of-sibenik-in-zagreb-delegation\\\/\",\"name\":\"President Milanovi\u0107 Receives Society of \u0160ibenik and Friends of \u0160ibenik in Zagreb Delegation - President of the Republic of Croatia - Zoran Milanovi\u0107\",\"isPartOf\":{\"@id\":\"https:\\\/\\\/www.predsjednik.hr\\\/en\\\/#website\"},\"primaryImageOfPage\":{\"@id\":\"https:\\\/\\\/www.predsjednik.hr\\\/en\\\/news\\\/president-milanovic-receives-society-of-sibenik-and-friends-of-sibenik-in-zagreb-delegation\\\/#primaryimage\"},\"image\":{\"@id\":\"https:\\\/\\\/www.predsjednik.hr\\\/en\\\/news\\\/president-milanovic-receives-society-of-sibenik-and-friends-of-sibenik-in-zagreb-delegation\\\/#primaryimage\"},\"thumbnailUrl\":\"https:\\\/\\\/www.predsjednik.hr\\\/wp-content\\\/uploads\\\/2022\\\/05\\\/DSC_1612.jpg\",\"datePublished\":\"2022-05-09T13:30:12+00:00\",\"dateModified\":\"2022-05-09T13:30:16+00:00\",\"breadcrumb\":{\"@id\":\"https:\\\/\\\/www.predsjednik.hr\\\/en\\\/news\\\/president-milanovic-receives-society-of-sibenik-and-friends-of-sibenik-in-zagreb-delegation\\\/#breadcrumb\"},\"inLanguage\":\"en-US\",\"potentialAction\":[{\"@type\":\"ReadAction\",\"target\":[\"https:\\\/\\\/www.predsjednik.hr\\\/en\\\/news\\\/president-milanovic-receives-society-of-sibenik-and-friends-of-sibenik-in-zagreb-delegation\\\/\"]}]},{\"@type\":\"ImageObject\",\"inLanguage\":\"en-US\",\"@id\":\"https:\\\/\\\/www.predsjednik.hr\\\/en\\\/news\\\/president-milanovic-receives-society-of-sibenik-and-friends-of-sibenik-in-zagreb-delegation\\\/#primaryimage\",\"url\":\"https:\\\/\\\/www.predsjednik.hr\\\/wp-content\\\/uploads\\\/2022\\\/05\\\/DSC_1612.jpg\",\"contentUrl\":\"https:\\\/\\\/www.predsjednik.hr\\\/wp-content\\\/uploads\\\/2022\\\/05\\\/DSC_1612.jpg\",\"width\":6052,\"height\":3405,\"caption\":\"President Milanovi\u0107 Receives Society of \u0160ibenik and Friends of \u0160ibenik in Zagreb Delegation\"},{\"@type\":\"BreadcrumbList\",\"@id\":\"https:\\\/\\\/www.predsjednik.hr\\\/en\\\/news\\\/president-milanovic-receives-society-of-sibenik-and-friends-of-sibenik-in-zagreb-delegation\\\/#breadcrumb\",\"itemListElement\":[{\"@type\":\"ListItem\",\"position\":1,\"name\":\"Home\",\"item\":\"https:\\\/\\\/www.predsjednik.hr\\\/en\\\/\"},{\"@type\":\"ListItem\",\"position\":2,\"name\":\"Vijesti\",\"item\":\"https:\\\/\\\/www.predsjednik.hr\\\/en\\\/news\\\/\"},{\"@type\":\"ListItem\",\"position\":3,\"name\":\"President Milanovi\u0107 Receives Society of \u0160ibenik and Friends of \u0160ibenik in Zagreb Delegation\"}]},{\"@type\":\"WebSite\",\"@id\":\"https:\\\/\\\/www.predsjednik.hr\\\/en\\\/#website\",\"url\":\"https:\\\/\\\/www.predsjednik.hr\\\/en\\\/\",\"name\":\"President of the Republic of Croatia - Zoran Milanovi\u0107\",\"description\":\"Just another WordPress site\",\"potentialAction\":[{\"@type\":\"SearchAction\",\"target\":{\"@type\":\"EntryPoint\",\"urlTemplate\":\"https:\\\/\\\/www.predsjednik.hr\\\/en\\\/?s={search_term_string}\"},\"query-input\":{\"@type\":\"PropertyValueSpecification\",\"valueRequired\":true,\"valueName\":\"search_term_string\"}}],\"inLanguage\":\"en-US\"}]}<\/script>\n<!-- \/ Yoast SEO plugin. -->","yoast_head_json":{"title":"President Milanovi\u0107 Receives Society of \u0160ibenik and Friends of \u0160ibenik in Zagreb Delegation - President of the Republic of Croatia - Zoran Milanovi\u0107","robots":{"index":"index","follow":"follow","max-snippet":"max-snippet:-1","max-image-preview":"max-image-preview:large","max-video-preview":"max-video-preview:-1"},"canonical":"https:\/\/www.predsjednik.hr\/en\/news\/president-milanovic-receives-society-of-sibenik-and-friends-of-sibenik-in-zagreb-delegation\/","og_locale":"en_US","og_type":"article","og_title":"President Milanovi\u0107 Receives Society of \u0160ibenik and Friends of \u0160ibenik in Zagreb Delegation - President of the Republic of Croatia - Zoran Milanovi\u0107","og_description":"The President of the Republic Zoran Milanovi\u0107 received in the Office of the President a delegation of the Society of \u0160ibenik and Friends of \u0160ibenik in Zagreb accompanied by City of \u0160ibenik representatives.","og_url":"https:\/\/www.predsjednik.hr\/en\/news\/president-milanovic-receives-society-of-sibenik-and-friends-of-sibenik-in-zagreb-delegation\/","og_site_name":"President of the Republic of Croatia - Zoran Milanovi\u0107","article_modified_time":"2022-05-09T13:30:16+00:00","og_image":[{"width":1024,"height":576,"url":"https:\/\/www.predsjednik.hr\/wp-content\/uploads\/2022\/05\/DSC_1612-1024x576.jpg","type":"image\/jpeg"}],"twitter_card":"summary_large_image","twitter_misc":{"Est. reading time":"2 minutes"},"schema":{"@context":"https:\/\/schema.org","@graph":[{"@type":"WebPage","@id":"https:\/\/www.predsjednik.hr\/en\/news\/president-milanovic-receives-society-of-sibenik-and-friends-of-sibenik-in-zagreb-delegation\/","url":"https:\/\/www.predsjednik.hr\/en\/news\/president-milanovic-receives-society-of-sibenik-and-friends-of-sibenik-in-zagreb-delegation\/","name":"President Milanovi\u0107 Receives Society of \u0160ibenik and Friends of \u0160ibenik in Zagreb Delegation - President of the Republic of Croatia - Zoran Milanovi\u0107","isPartOf":{"@id":"https:\/\/www.predsjednik.hr\/en\/#website"},"primaryImageOfPage":{"@id":"https:\/\/www.predsjednik.hr\/en\/news\/president-milanovic-receives-society-of-sibenik-and-friends-of-sibenik-in-zagreb-delegation\/#primaryimage"},"image":{"@id":"https:\/\/www.predsjednik.hr\/en\/news\/president-milanovic-receives-society-of-sibenik-and-friends-of-sibenik-in-zagreb-delegation\/#primaryimage"},"thumbnailUrl":"https:\/\/www.predsjednik.hr\/wp-content\/uploads\/2022\/05\/DSC_1612.jpg","datePublished":"2022-05-09T13:30:12+00:00","dateModified":"2022-05-09T13:30:16+00:00","breadcrumb":{"@id":"https:\/\/www.predsjednik.hr\/en\/news\/president-milanovic-receives-society-of-sibenik-and-friends-of-sibenik-in-zagreb-delegation\/#breadcrumb"},"inLanguage":"en-US","potentialAction":[{"@type":"ReadAction","target":["https:\/\/www.predsjednik.hr\/en\/news\/president-milanovic-receives-society-of-sibenik-and-friends-of-sibenik-in-zagreb-delegation\/"]}]},{"@type":"ImageObject","inLanguage":"en-US","@id":"https:\/\/www.predsjednik.hr\/en\/news\/president-milanovic-receives-society-of-sibenik-and-friends-of-sibenik-in-zagreb-delegation\/#primaryimage","url":"https:\/\/www.predsjednik.hr\/wp-content\/uploads\/2022\/05\/DSC_1612.jpg","contentUrl":"https:\/\/www.predsjednik.hr\/wp-content\/uploads\/2022\/05\/DSC_1612.jpg","width":6052,"height":3405,"caption":"President Milanovi\u0107 Receives Society of \u0160ibenik and Friends of \u0160ibenik in Zagreb Delegation"},{"@type":"BreadcrumbList","@id":"https:\/\/www.predsjednik.hr\/en\/news\/president-milanovic-receives-society-of-sibenik-and-friends-of-sibenik-in-zagreb-delegation\/#breadcrumb","itemListElement":[{"@type":"ListItem","position":1,"name":"Home","item":"https:\/\/www.predsjednik.hr\/en\/"},{"@type":"ListItem","position":2,"name":"Vijesti","item":"https:\/\/www.predsjednik.hr\/en\/news\/"},{"@type":"ListItem","position":3,"name":"President Milanovi\u0107 Receives Society of \u0160ibenik and Friends of \u0160ibenik in Zagreb Delegation"}]},{"@type":"WebSite","@id":"https:\/\/www.predsjednik.hr\/en\/#website","url":"https:\/\/www.predsjednik.hr\/en\/","name":"President of the Republic of Croatia - Zoran Milanovi\u0107","description":"Just another WordPress site","potentialAction":[{"@type":"SearchAction","target":{"@type":"EntryPoint","urlTemplate":"https:\/\/www.predsjednik.hr\/en\/?s={search_term_string}"},"query-input":{"@type":"PropertyValueSpecification","valueRequired":true,"valueName":"search_term_string"}}],"inLanguage":"en-US"}]}},"_links":{"self":[{"href":"https:\/\/www.predsjednik.hr\/en\/wp-json\/wp\/v2\/news\/17087","targetHints":{"allow":["GET"]}}],"collection":[{"href":"https:\/\/www.predsjednik.hr\/en\/wp-json\/wp\/v2\/news"}],"about":[{"href":"https:\/\/www.predsjednik.hr\/en\/wp-json\/wp\/v2\/types\/news"}],"wp:featuredmedia":[{"embeddable":true,"href":"https:\/\/www.predsjednik.hr\/en\/wp-json\/wp\/v2\/media\/17075"}],"wp:attachment":[{"href":"https:\/\/www.predsjednik.hr\/en\/wp-json\/wp\/v2\/media?parent=17087"}],"wp:term":[{"taxonomy":"news-cat","embeddable":true,"href":"https:\/\/www.predsjednik.hr\/en\/wp-json\/wp\/v2\/news-cat?post=17087"}],"curies":[{"name":"wp","href":"https:\/\/api.w.org\/{rel}","templated":true}]}}