{"id":17104,"date":"2022-05-11T14:45:33","date_gmt":"2022-05-11T12:45:33","guid":{"rendered":"https:\/\/www.predsjednik.hr\/?post_type=news&#038;p=17104"},"modified":"2022-05-11T14:45:36","modified_gmt":"2022-05-11T12:45:36","slug":"president-milanovic-at-opening-of-15th-job-fair-be-ambitious-and-eager-to-succeed","status":"publish","type":"news","link":"https:\/\/www.predsjednik.hr\/en\/news\/president-milanovic-at-opening-of-15th-job-fair-be-ambitious-and-eager-to-succeed\/","title":{"rendered":"President Milanovi\u0107 at Opening of 15th Job Fair: Be ambitious and eager to succeed"},"content":{"rendered":"\n<p>The President of the Republic Zoran Milanovi\u0107 attended the opening of the 15<sup>th<\/sup> Job Fair where he told the students in attendance who are searching for a job to continue building their careers, to be ambitious and eager to succeed.<\/p>\n\n\n\n<p>The Job Fair is organized by the Faculty of Electrical Engineering and Computing (FER) of the University of Zagreb, the FER Career Centre, the FER Student Union and the FER Electrical Engineering Student Club (KSET). In his address, President Milanovi\u0107 referred to it a career centre. \u201cI spend a lot of time with career oriented people, you are the only career oriented people I\u2019m fond of. Build your careers since Croatia has no raw material and what\u2019s left for us is to make a living from rent, tourism. Your faculty is one of three centres of excellence and intelligence that are vital for Croatia\u2019s future\u201d, the President remarked.<\/p>\n\n\n\n<p>He underlined that Croatia as a nation and state, in words and in deeds, must stop relying on European funds. \u201cWe have to make optimum use of European funds. Unfortunately, we do not fare well in that area. As a nation we are losing the edge of ambition because if we come to terms with life only from rent and from parasitism on European funds, which very often serve to keep you in that state \u2013 it won\u2019t be good\u201d, President Milanovi\u0107 stated.<\/p>\n\n\n\n<p>\u201cThe moment Croatia frees itself from the yoke of European funds will the moment Croatia becomes a prosperous country. You and others lead the way to this prosperity, there aren\u2019t many of you. Dear career oriented people, be ambitious, eager to succeed and I\u2019m not afraid for you. I\u2019d be happy if this was in Croatia because Croatia without such knowledge doesn\u2019t have many assets. There aren\u2019t many assets that can bring us together, make us independent to earn enough so as not to need these European funds, or nobody\u2019s help, but rather that we and you give to others\u201d, President Milanovi\u0107 stated in concluding his address.<\/p>\n\n\n\n<p>After the opening, President Milanovi\u0107 accompanied by the Dean of the Faculty of Electrical Engineering and Computing Gordan Gledec toured the stands of many successful Croatian and foreign companies exhibiting their projects, technologies and know-how to interested students at the Job Fair. This year\u2019s Job Fair hosted 135 companies. On 11 and 12 May, employers will have the opportunity to present current and future job offers and internships in their own companies in talks with students of FER and related technical faculties.<\/p>\n\n\n\n<p>Alongside President Milanovi\u0107 was the Adviser for Education Jadranka \u017darkovi\u0107 and the Special Adviser for Energy and Climate Julije Domac.<\/p>\n\n\n<!--GALLERY BLOCK-->\n<div class=\"c-lightbox-gallery js-lightbox\">\n                <!--single-->\n            <a data-no-swup class=\"c-lightbox-gallery__single js-lightbox-single\"\n               href=\"https:\/\/www.predsjednik.hr\/wp-content\/uploads\/2022\/05\/DSC_3312-1024x683.jpg\"\n               style=\"background-image: url('https:\/\/www.predsjednik.hr\/wp-content\/uploads\/2022\/05\/DSC_3312-768x512.jpg')\"><\/a>\n            <!--end single-->\n                    <!--single-->\n            <a data-no-swup class=\"c-lightbox-gallery__single js-lightbox-single\"\n               href=\"https:\/\/www.predsjednik.hr\/wp-content\/uploads\/2022\/05\/DSC_3541-1024x683.jpg\"\n               style=\"background-image: url('https:\/\/www.predsjednik.hr\/wp-content\/uploads\/2022\/05\/DSC_3541-768x512.jpg')\"><\/a>\n            <!--end single-->\n                    <!--single-->\n            <a data-no-swup class=\"c-lightbox-gallery__single js-lightbox-single\"\n               href=\"https:\/\/www.predsjednik.hr\/wp-content\/uploads\/2022\/05\/DSC_3605-1024x731.jpg\"\n               style=\"background-image: url('https:\/\/www.predsjednik.hr\/wp-content\/uploads\/2022\/05\/DSC_3605-768x549.jpg')\"><\/a>\n            <!--end single-->\n                    <!--single-->\n            <a data-no-swup class=\"c-lightbox-gallery__single js-lightbox-single\"\n               href=\"https:\/\/www.predsjednik.hr\/wp-content\/uploads\/2022\/05\/DSC_3656-1024x683.jpg\"\n               style=\"background-image: url('https:\/\/www.predsjednik.hr\/wp-content\/uploads\/2022\/05\/DSC_3656-768x512.jpg')\"><\/a>\n            <!--end single-->\n                    <!--single-->\n            <a data-no-swup class=\"c-lightbox-gallery__single js-lightbox-single\"\n               href=\"https:\/\/www.predsjednik.hr\/wp-content\/uploads\/2022\/05\/DSC_3793-1024x576.jpg\"\n               style=\"background-image: url('https:\/\/www.predsjednik.hr\/wp-content\/uploads\/2022\/05\/DSC_3793-768x432.jpg')\"><\/a>\n            <!--end single-->\n                    <!--single-->\n            <a data-no-swup class=\"c-lightbox-gallery__single js-lightbox-single\"\n               href=\"https:\/\/www.predsjednik.hr\/wp-content\/uploads\/2022\/05\/DSC_3908-1024x683.jpg\"\n               style=\"background-image: url('https:\/\/www.predsjednik.hr\/wp-content\/uploads\/2022\/05\/DSC_3908-768x512.jpg')\"><\/a>\n            <!--end single-->\n        <\/div>\n<!--end GALLERY BLOCK-->\n\n\n\n<p>PHOTO: Office of the President of the Republic of Croatia \/ Marko Beljan<\/p>\n","protected":false},"excerpt":{"rendered":"<p>The President of the Republic Zoran Milanovi\u0107 attended the opening of the 15th Job Fair where he told the students in attendance who are searching for a job to continue building their careers, to be ambitious and eager to succeed.<\/p>\n","protected":false},"featured_media":17103,"template":"","news-cat":[12],"class_list":["post-17104","news","type-news","status-publish","has-post-thumbnail","hentry","news-cat-news"],"acf":[],"yoast_head":"<!-- This site is optimized with the Yoast SEO plugin v27.4 - https:\/\/yoast.com\/product\/yoast-seo-wordpress\/ -->\n<title>President Milanovi\u0107 at Opening of 15th Job Fair: Be ambitious and eager to succeed - President of the Republic of Croatia - Zoran Milanovi\u0107<\/title>\n<meta name=\"robots\" content=\"index, follow, max-snippet:-1, max-image-preview:large, max-video-preview:-1\" \/>\n<link rel=\"canonical\" href=\"https:\/\/www.predsjednik.hr\/en\/news\/president-milanovic-at-opening-of-15th-job-fair-be-ambitious-and-eager-to-succeed\/\" \/>\n<meta property=\"og:locale\" content=\"en_US\" \/>\n<meta property=\"og:type\" content=\"article\" \/>\n<meta property=\"og:title\" content=\"President Milanovi\u0107 at Opening of 15th Job Fair: Be ambitious and eager to succeed - President of the Republic of Croatia - Zoran Milanovi\u0107\" \/>\n<meta property=\"og:description\" content=\"The President of the Republic Zoran Milanovi\u0107 attended the opening of the 15th Job Fair where he told the students in attendance who are searching for a job to continue building their careers, to be ambitious and eager to succeed.\" \/>\n<meta property=\"og:url\" content=\"https:\/\/www.predsjednik.hr\/en\/news\/president-milanovic-at-opening-of-15th-job-fair-be-ambitious-and-eager-to-succeed\/\" \/>\n<meta property=\"og:site_name\" content=\"President of the Republic of Croatia - Zoran Milanovi\u0107\" \/>\n<meta property=\"article:modified_time\" content=\"2022-05-11T12:45:36+00:00\" \/>\n<meta property=\"og:image\" content=\"https:\/\/www.predsjednik.hr\/wp-content\/uploads\/2022\/05\/DSC_3908.jpg\" \/>\n\t<meta property=\"og:image:width\" content=\"5476\" \/>\n\t<meta property=\"og:image:height\" content=\"3651\" \/>\n\t<meta property=\"og:image:type\" content=\"image\/jpeg\" \/>\n<meta name=\"twitter:card\" content=\"summary_large_image\" \/>\n<meta name=\"twitter:label1\" content=\"Est. reading time\" \/>\n\t<meta name=\"twitter:data1\" content=\"3 minutes\" \/>\n<script type=\"application\/ld+json\" class=\"yoast-schema-graph\">{\"@context\":\"https:\\\/\\\/schema.org\",\"@graph\":[{\"@type\":\"WebPage\",\"@id\":\"https:\\\/\\\/www.predsjednik.hr\\\/en\\\/news\\\/president-milanovic-at-opening-of-15th-job-fair-be-ambitious-and-eager-to-succeed\\\/\",\"url\":\"https:\\\/\\\/www.predsjednik.hr\\\/en\\\/news\\\/president-milanovic-at-opening-of-15th-job-fair-be-ambitious-and-eager-to-succeed\\\/\",\"name\":\"President Milanovi\u0107 at Opening of 15th Job Fair: Be ambitious and eager to succeed - President of the Republic of Croatia - Zoran Milanovi\u0107\",\"isPartOf\":{\"@id\":\"https:\\\/\\\/www.predsjednik.hr\\\/en\\\/#website\"},\"primaryImageOfPage\":{\"@id\":\"https:\\\/\\\/www.predsjednik.hr\\\/en\\\/news\\\/president-milanovic-at-opening-of-15th-job-fair-be-ambitious-and-eager-to-succeed\\\/#primaryimage\"},\"image\":{\"@id\":\"https:\\\/\\\/www.predsjednik.hr\\\/en\\\/news\\\/president-milanovic-at-opening-of-15th-job-fair-be-ambitious-and-eager-to-succeed\\\/#primaryimage\"},\"thumbnailUrl\":\"https:\\\/\\\/www.predsjednik.hr\\\/wp-content\\\/uploads\\\/2022\\\/05\\\/DSC_3908.jpg\",\"datePublished\":\"2022-05-11T12:45:33+00:00\",\"dateModified\":\"2022-05-11T12:45:36+00:00\",\"breadcrumb\":{\"@id\":\"https:\\\/\\\/www.predsjednik.hr\\\/en\\\/news\\\/president-milanovic-at-opening-of-15th-job-fair-be-ambitious-and-eager-to-succeed\\\/#breadcrumb\"},\"inLanguage\":\"en-US\",\"potentialAction\":[{\"@type\":\"ReadAction\",\"target\":[\"https:\\\/\\\/www.predsjednik.hr\\\/en\\\/news\\\/president-milanovic-at-opening-of-15th-job-fair-be-ambitious-and-eager-to-succeed\\\/\"]}]},{\"@type\":\"ImageObject\",\"inLanguage\":\"en-US\",\"@id\":\"https:\\\/\\\/www.predsjednik.hr\\\/en\\\/news\\\/president-milanovic-at-opening-of-15th-job-fair-be-ambitious-and-eager-to-succeed\\\/#primaryimage\",\"url\":\"https:\\\/\\\/www.predsjednik.hr\\\/wp-content\\\/uploads\\\/2022\\\/05\\\/DSC_3908.jpg\",\"contentUrl\":\"https:\\\/\\\/www.predsjednik.hr\\\/wp-content\\\/uploads\\\/2022\\\/05\\\/DSC_3908.jpg\",\"width\":5476,\"height\":3651,\"caption\":\"President Milanovi\u0107 at Opening of 15th Job Fair: Be ambitious and eager to succeed\"},{\"@type\":\"BreadcrumbList\",\"@id\":\"https:\\\/\\\/www.predsjednik.hr\\\/en\\\/news\\\/president-milanovic-at-opening-of-15th-job-fair-be-ambitious-and-eager-to-succeed\\\/#breadcrumb\",\"itemListElement\":[{\"@type\":\"ListItem\",\"position\":1,\"name\":\"Home\",\"item\":\"https:\\\/\\\/www.predsjednik.hr\\\/en\\\/\"},{\"@type\":\"ListItem\",\"position\":2,\"name\":\"Vijesti\",\"item\":\"https:\\\/\\\/www.predsjednik.hr\\\/en\\\/news\\\/\"},{\"@type\":\"ListItem\",\"position\":3,\"name\":\"President Milanovi\u0107 at Opening of 15th Job Fair: Be ambitious and eager to succeed\"}]},{\"@type\":\"WebSite\",\"@id\":\"https:\\\/\\\/www.predsjednik.hr\\\/en\\\/#website\",\"url\":\"https:\\\/\\\/www.predsjednik.hr\\\/en\\\/\",\"name\":\"President of the Republic of Croatia - Zoran Milanovi\u0107\",\"description\":\"Just another WordPress site\",\"potentialAction\":[{\"@type\":\"SearchAction\",\"target\":{\"@type\":\"EntryPoint\",\"urlTemplate\":\"https:\\\/\\\/www.predsjednik.hr\\\/en\\\/?s={search_term_string}\"},\"query-input\":{\"@type\":\"PropertyValueSpecification\",\"valueRequired\":true,\"valueName\":\"search_term_string\"}}],\"inLanguage\":\"en-US\"}]}<\/script>\n<!-- \/ Yoast SEO plugin. -->","yoast_head_json":{"title":"President Milanovi\u0107 at Opening of 15th Job Fair: Be ambitious and eager to succeed - President of the Republic of Croatia - Zoran Milanovi\u0107","robots":{"index":"index","follow":"follow","max-snippet":"max-snippet:-1","max-image-preview":"max-image-preview:large","max-video-preview":"max-video-preview:-1"},"canonical":"https:\/\/www.predsjednik.hr\/en\/news\/president-milanovic-at-opening-of-15th-job-fair-be-ambitious-and-eager-to-succeed\/","og_locale":"en_US","og_type":"article","og_title":"President Milanovi\u0107 at Opening of 15th Job Fair: Be ambitious and eager to succeed - President of the Republic of Croatia - Zoran Milanovi\u0107","og_description":"The President of the Republic Zoran Milanovi\u0107 attended the opening of the 15th Job Fair where he told the students in attendance who are searching for a job to continue building their careers, to be ambitious and eager to succeed.","og_url":"https:\/\/www.predsjednik.hr\/en\/news\/president-milanovic-at-opening-of-15th-job-fair-be-ambitious-and-eager-to-succeed\/","og_site_name":"President of the Republic of Croatia - Zoran Milanovi\u0107","article_modified_time":"2022-05-11T12:45:36+00:00","og_image":[{"width":5476,"height":3651,"url":"https:\/\/www.predsjednik.hr\/wp-content\/uploads\/2022\/05\/DSC_3908.jpg","type":"image\/jpeg"}],"twitter_card":"summary_large_image","twitter_misc":{"Est. reading time":"3 minutes"},"schema":{"@context":"https:\/\/schema.org","@graph":[{"@type":"WebPage","@id":"https:\/\/www.predsjednik.hr\/en\/news\/president-milanovic-at-opening-of-15th-job-fair-be-ambitious-and-eager-to-succeed\/","url":"https:\/\/www.predsjednik.hr\/en\/news\/president-milanovic-at-opening-of-15th-job-fair-be-ambitious-and-eager-to-succeed\/","name":"President Milanovi\u0107 at Opening of 15th Job Fair: Be ambitious and eager to succeed - President of the Republic of Croatia - Zoran Milanovi\u0107","isPartOf":{"@id":"https:\/\/www.predsjednik.hr\/en\/#website"},"primaryImageOfPage":{"@id":"https:\/\/www.predsjednik.hr\/en\/news\/president-milanovic-at-opening-of-15th-job-fair-be-ambitious-and-eager-to-succeed\/#primaryimage"},"image":{"@id":"https:\/\/www.predsjednik.hr\/en\/news\/president-milanovic-at-opening-of-15th-job-fair-be-ambitious-and-eager-to-succeed\/#primaryimage"},"thumbnailUrl":"https:\/\/www.predsjednik.hr\/wp-content\/uploads\/2022\/05\/DSC_3908.jpg","datePublished":"2022-05-11T12:45:33+00:00","dateModified":"2022-05-11T12:45:36+00:00","breadcrumb":{"@id":"https:\/\/www.predsjednik.hr\/en\/news\/president-milanovic-at-opening-of-15th-job-fair-be-ambitious-and-eager-to-succeed\/#breadcrumb"},"inLanguage":"en-US","potentialAction":[{"@type":"ReadAction","target":["https:\/\/www.predsjednik.hr\/en\/news\/president-milanovic-at-opening-of-15th-job-fair-be-ambitious-and-eager-to-succeed\/"]}]},{"@type":"ImageObject","inLanguage":"en-US","@id":"https:\/\/www.predsjednik.hr\/en\/news\/president-milanovic-at-opening-of-15th-job-fair-be-ambitious-and-eager-to-succeed\/#primaryimage","url":"https:\/\/www.predsjednik.hr\/wp-content\/uploads\/2022\/05\/DSC_3908.jpg","contentUrl":"https:\/\/www.predsjednik.hr\/wp-content\/uploads\/2022\/05\/DSC_3908.jpg","width":5476,"height":3651,"caption":"President Milanovi\u0107 at Opening of 15th Job Fair: Be ambitious and eager to succeed"},{"@type":"BreadcrumbList","@id":"https:\/\/www.predsjednik.hr\/en\/news\/president-milanovic-at-opening-of-15th-job-fair-be-ambitious-and-eager-to-succeed\/#breadcrumb","itemListElement":[{"@type":"ListItem","position":1,"name":"Home","item":"https:\/\/www.predsjednik.hr\/en\/"},{"@type":"ListItem","position":2,"name":"Vijesti","item":"https:\/\/www.predsjednik.hr\/en\/news\/"},{"@type":"ListItem","position":3,"name":"President Milanovi\u0107 at Opening of 15th Job Fair: Be ambitious and eager to succeed"}]},{"@type":"WebSite","@id":"https:\/\/www.predsjednik.hr\/en\/#website","url":"https:\/\/www.predsjednik.hr\/en\/","name":"President of the Republic of Croatia - Zoran Milanovi\u0107","description":"Just another WordPress site","potentialAction":[{"@type":"SearchAction","target":{"@type":"EntryPoint","urlTemplate":"https:\/\/www.predsjednik.hr\/en\/?s={search_term_string}"},"query-input":{"@type":"PropertyValueSpecification","valueRequired":true,"valueName":"search_term_string"}}],"inLanguage":"en-US"}]}},"_links":{"self":[{"href":"https:\/\/www.predsjednik.hr\/en\/wp-json\/wp\/v2\/news\/17104","targetHints":{"allow":["GET"]}}],"collection":[{"href":"https:\/\/www.predsjednik.hr\/en\/wp-json\/wp\/v2\/news"}],"about":[{"href":"https:\/\/www.predsjednik.hr\/en\/wp-json\/wp\/v2\/types\/news"}],"wp:featuredmedia":[{"embeddable":true,"href":"https:\/\/www.predsjednik.hr\/en\/wp-json\/wp\/v2\/media\/17103"}],"wp:attachment":[{"href":"https:\/\/www.predsjednik.hr\/en\/wp-json\/wp\/v2\/media?parent=17104"}],"wp:term":[{"taxonomy":"news-cat","embeddable":true,"href":"https:\/\/www.predsjednik.hr\/en\/wp-json\/wp\/v2\/news-cat?post=17104"}],"curies":[{"name":"wp","href":"https:\/\/api.w.org\/{rel}","templated":true}]}}