{"id":17184,"date":"2022-05-15T13:04:00","date_gmt":"2022-05-15T11:04:00","guid":{"rendered":"https:\/\/www.predsjednik.hr\/?post_type=news&#038;p=17184"},"modified":"2022-05-16T09:05:46","modified_gmt":"2022-05-16T07:05:46","slug":"envoy-of-the-president-of-the-republic-lays-wreath-for-postwar-victims-at-dobrava-cemetery-near-maribor","status":"publish","type":"news","link":"https:\/\/www.predsjednik.hr\/en\/news\/envoy-of-the-president-of-the-republic-lays-wreath-for-postwar-victims-at-dobrava-cemetery-near-maribor\/","title":{"rendered":"Envoy of the President of the Republic Lays Wreath for Postwar Victims at Dobrava Cemetery near Maribor"},"content":{"rendered":"\n<p>The envoy of the President of the Republic of Croatia the Special Adviser to the President of the Republic for Homeland War Veterans Marijan Marekovi\u0107 laid a wreath and lit a candle at the memorial and the tomb to the postwar victims of the Second World War at the Dobrava cemetery near Maribor, Republic of Slovenia.<\/p>\n\n\n\n<p>Accompanying the Special Adviser to the President of the Republic for Homeland War Veterans Marijan Marekovi\u0107 was the Minister Plenipotentiary in the Embassy of the Republic of Croatia to the Republic of Slovenia Romana Franulovi\u0107-Bu\u0161i\u0107 and the Honorary Consul of the Republic of Croatia in Maribor \u0160ime Ivanjko.<\/p>\n\n\n<!--GALLERY BLOCK-->\n<div class=\"c-lightbox-gallery js-lightbox\">\n                <!--single-->\n            <a data-no-swup class=\"c-lightbox-gallery__single js-lightbox-single\"\n               href=\"https:\/\/www.predsjednik.hr\/wp-content\/uploads\/2022\/05\/DSC_2557-1024x576.jpg\"\n               style=\"background-image: url('https:\/\/www.predsjednik.hr\/wp-content\/uploads\/2022\/05\/DSC_2557-768x432.jpg')\"><\/a>\n            <!--end single-->\n                    <!--single-->\n            <a data-no-swup class=\"c-lightbox-gallery__single js-lightbox-single\"\n               href=\"https:\/\/www.predsjednik.hr\/wp-content\/uploads\/2022\/05\/DSC_2568-1024x576.jpg\"\n               style=\"background-image: url('https:\/\/www.predsjednik.hr\/wp-content\/uploads\/2022\/05\/DSC_2568-768x432.jpg')\"><\/a>\n            <!--end single-->\n                    <!--single-->\n            <a data-no-swup class=\"c-lightbox-gallery__single js-lightbox-single\"\n               href=\"https:\/\/www.predsjednik.hr\/wp-content\/uploads\/2022\/05\/DSC_2589-1-1024x576.jpg\"\n               style=\"background-image: url('https:\/\/www.predsjednik.hr\/wp-content\/uploads\/2022\/05\/DSC_2589-1-768x432.jpg')\"><\/a>\n            <!--end single-->\n                    <!--single-->\n            <a data-no-swup class=\"c-lightbox-gallery__single js-lightbox-single\"\n               href=\"https:\/\/www.predsjednik.hr\/wp-content\/uploads\/2022\/05\/DSC_2619-1024x576.jpg\"\n               style=\"background-image: url('https:\/\/www.predsjednik.hr\/wp-content\/uploads\/2022\/05\/DSC_2619-768x432.jpg')\"><\/a>\n            <!--end single-->\n        <\/div>\n<!--end GALLERY BLOCK-->\n\n\n\n<p>PHOTO: Office of the President of the Republic of Croatia \/ Marko Beljan<\/p>\n","protected":false},"excerpt":{"rendered":"<p>The envoy of the President of the Republic of Croatia the Special Adviser to the President of the Republic for Homeland War Veterans Marijan Marekovi\u0107 laid a wreath and lit a candle at the memorial and the tomb to the postwar victims of the Second World War at the Dobrava cemetery near Maribor, Republic of Slovenia.<\/p>\n","protected":false},"featured_media":17180,"template":"","news-cat":[12],"class_list":["post-17184","news","type-news","status-publish","has-post-thumbnail","hentry","news-cat-news"],"acf":[],"yoast_head":"<!-- This site is optimized with the Yoast SEO plugin v27.4 - https:\/\/yoast.com\/product\/yoast-seo-wordpress\/ -->\n<title>Envoy of the President of the Republic Lays Wreath for Postwar Victims at Dobrava Cemetery near Maribor - President of the Republic of Croatia - Zoran Milanovi\u0107<\/title>\n<meta name=\"robots\" content=\"index, follow, max-snippet:-1, max-image-preview:large, max-video-preview:-1\" \/>\n<link rel=\"canonical\" href=\"https:\/\/www.predsjednik.hr\/en\/news\/envoy-of-the-president-of-the-republic-lays-wreath-for-postwar-victims-at-dobrava-cemetery-near-maribor\/\" \/>\n<meta property=\"og:locale\" content=\"en_US\" \/>\n<meta property=\"og:type\" content=\"article\" \/>\n<meta property=\"og:title\" content=\"Envoy of the President of the Republic Lays Wreath for Postwar Victims at Dobrava Cemetery near Maribor - President of the Republic of Croatia - Zoran Milanovi\u0107\" \/>\n<meta property=\"og:description\" content=\"The envoy of the President of the Republic of Croatia the Special Adviser to the President of the Republic for Homeland War Veterans Marijan Marekovi\u0107 laid a wreath and lit a candle at the memorial and the tomb to the postwar victims of the Second World War at the Dobrava cemetery near Maribor, Republic of Slovenia.\" \/>\n<meta property=\"og:url\" content=\"https:\/\/www.predsjednik.hr\/en\/news\/envoy-of-the-president-of-the-republic-lays-wreath-for-postwar-victims-at-dobrava-cemetery-near-maribor\/\" \/>\n<meta property=\"og:site_name\" content=\"President of the Republic of Croatia - Zoran Milanovi\u0107\" \/>\n<meta property=\"article:modified_time\" content=\"2022-05-16T07:05:46+00:00\" \/>\n<meta property=\"og:image\" content=\"https:\/\/www.predsjednik.hr\/wp-content\/uploads\/2022\/05\/DSC_2589-1.jpg\" \/>\n\t<meta property=\"og:image:width\" content=\"4096\" \/>\n\t<meta property=\"og:image:height\" content=\"2305\" \/>\n\t<meta property=\"og:image:type\" content=\"image\/jpeg\" \/>\n<meta name=\"twitter:card\" content=\"summary_large_image\" \/>\n<meta name=\"twitter:label1\" content=\"Est. reading time\" \/>\n\t<meta name=\"twitter:data1\" content=\"1 minute\" \/>\n<script type=\"application\/ld+json\" class=\"yoast-schema-graph\">{\"@context\":\"https:\\\/\\\/schema.org\",\"@graph\":[{\"@type\":\"WebPage\",\"@id\":\"https:\\\/\\\/www.predsjednik.hr\\\/en\\\/news\\\/envoy-of-the-president-of-the-republic-lays-wreath-for-postwar-victims-at-dobrava-cemetery-near-maribor\\\/\",\"url\":\"https:\\\/\\\/www.predsjednik.hr\\\/en\\\/news\\\/envoy-of-the-president-of-the-republic-lays-wreath-for-postwar-victims-at-dobrava-cemetery-near-maribor\\\/\",\"name\":\"Envoy of the President of the Republic Lays Wreath for Postwar Victims at Dobrava Cemetery near Maribor - President of the Republic of Croatia - Zoran Milanovi\u0107\",\"isPartOf\":{\"@id\":\"https:\\\/\\\/www.predsjednik.hr\\\/en\\\/#website\"},\"primaryImageOfPage\":{\"@id\":\"https:\\\/\\\/www.predsjednik.hr\\\/en\\\/news\\\/envoy-of-the-president-of-the-republic-lays-wreath-for-postwar-victims-at-dobrava-cemetery-near-maribor\\\/#primaryimage\"},\"image\":{\"@id\":\"https:\\\/\\\/www.predsjednik.hr\\\/en\\\/news\\\/envoy-of-the-president-of-the-republic-lays-wreath-for-postwar-victims-at-dobrava-cemetery-near-maribor\\\/#primaryimage\"},\"thumbnailUrl\":\"https:\\\/\\\/www.predsjednik.hr\\\/wp-content\\\/uploads\\\/2022\\\/05\\\/DSC_2589-1.jpg\",\"datePublished\":\"2022-05-15T11:04:00+00:00\",\"dateModified\":\"2022-05-16T07:05:46+00:00\",\"breadcrumb\":{\"@id\":\"https:\\\/\\\/www.predsjednik.hr\\\/en\\\/news\\\/envoy-of-the-president-of-the-republic-lays-wreath-for-postwar-victims-at-dobrava-cemetery-near-maribor\\\/#breadcrumb\"},\"inLanguage\":\"en-US\",\"potentialAction\":[{\"@type\":\"ReadAction\",\"target\":[\"https:\\\/\\\/www.predsjednik.hr\\\/en\\\/news\\\/envoy-of-the-president-of-the-republic-lays-wreath-for-postwar-victims-at-dobrava-cemetery-near-maribor\\\/\"]}]},{\"@type\":\"ImageObject\",\"inLanguage\":\"en-US\",\"@id\":\"https:\\\/\\\/www.predsjednik.hr\\\/en\\\/news\\\/envoy-of-the-president-of-the-republic-lays-wreath-for-postwar-victims-at-dobrava-cemetery-near-maribor\\\/#primaryimage\",\"url\":\"https:\\\/\\\/www.predsjednik.hr\\\/wp-content\\\/uploads\\\/2022\\\/05\\\/DSC_2589-1.jpg\",\"contentUrl\":\"https:\\\/\\\/www.predsjednik.hr\\\/wp-content\\\/uploads\\\/2022\\\/05\\\/DSC_2589-1.jpg\",\"width\":4096,\"height\":2305,\"caption\":\"Envoy of the President of the Republic Lays Wreath for Postwar Victims at Dobrava Cemetery near Maribor\"},{\"@type\":\"BreadcrumbList\",\"@id\":\"https:\\\/\\\/www.predsjednik.hr\\\/en\\\/news\\\/envoy-of-the-president-of-the-republic-lays-wreath-for-postwar-victims-at-dobrava-cemetery-near-maribor\\\/#breadcrumb\",\"itemListElement\":[{\"@type\":\"ListItem\",\"position\":1,\"name\":\"Home\",\"item\":\"https:\\\/\\\/www.predsjednik.hr\\\/en\\\/\"},{\"@type\":\"ListItem\",\"position\":2,\"name\":\"Vijesti\",\"item\":\"https:\\\/\\\/www.predsjednik.hr\\\/en\\\/news\\\/\"},{\"@type\":\"ListItem\",\"position\":3,\"name\":\"Envoy of the President of the Republic Lays Wreath for Postwar Victims at Dobrava Cemetery near Maribor\"}]},{\"@type\":\"WebSite\",\"@id\":\"https:\\\/\\\/www.predsjednik.hr\\\/en\\\/#website\",\"url\":\"https:\\\/\\\/www.predsjednik.hr\\\/en\\\/\",\"name\":\"President of the Republic of Croatia - Zoran Milanovi\u0107\",\"description\":\"Just another WordPress site\",\"potentialAction\":[{\"@type\":\"SearchAction\",\"target\":{\"@type\":\"EntryPoint\",\"urlTemplate\":\"https:\\\/\\\/www.predsjednik.hr\\\/en\\\/?s={search_term_string}\"},\"query-input\":{\"@type\":\"PropertyValueSpecification\",\"valueRequired\":true,\"valueName\":\"search_term_string\"}}],\"inLanguage\":\"en-US\"}]}<\/script>\n<!-- \/ Yoast SEO plugin. -->","yoast_head_json":{"title":"Envoy of the President of the Republic Lays Wreath for Postwar Victims at Dobrava Cemetery near Maribor - President of the Republic of Croatia - Zoran Milanovi\u0107","robots":{"index":"index","follow":"follow","max-snippet":"max-snippet:-1","max-image-preview":"max-image-preview:large","max-video-preview":"max-video-preview:-1"},"canonical":"https:\/\/www.predsjednik.hr\/en\/news\/envoy-of-the-president-of-the-republic-lays-wreath-for-postwar-victims-at-dobrava-cemetery-near-maribor\/","og_locale":"en_US","og_type":"article","og_title":"Envoy of the President of the Republic Lays Wreath for Postwar Victims at Dobrava Cemetery near Maribor - President of the Republic of Croatia - Zoran Milanovi\u0107","og_description":"The envoy of the President of the Republic of Croatia the Special Adviser to the President of the Republic for Homeland War Veterans Marijan Marekovi\u0107 laid a wreath and lit a candle at the memorial and the tomb to the postwar victims of the Second World War at the Dobrava cemetery near Maribor, Republic of Slovenia.","og_url":"https:\/\/www.predsjednik.hr\/en\/news\/envoy-of-the-president-of-the-republic-lays-wreath-for-postwar-victims-at-dobrava-cemetery-near-maribor\/","og_site_name":"President of the Republic of Croatia - Zoran Milanovi\u0107","article_modified_time":"2022-05-16T07:05:46+00:00","og_image":[{"width":4096,"height":2305,"url":"https:\/\/www.predsjednik.hr\/wp-content\/uploads\/2022\/05\/DSC_2589-1.jpg","type":"image\/jpeg"}],"twitter_card":"summary_large_image","twitter_misc":{"Est. reading time":"1 minute"},"schema":{"@context":"https:\/\/schema.org","@graph":[{"@type":"WebPage","@id":"https:\/\/www.predsjednik.hr\/en\/news\/envoy-of-the-president-of-the-republic-lays-wreath-for-postwar-victims-at-dobrava-cemetery-near-maribor\/","url":"https:\/\/www.predsjednik.hr\/en\/news\/envoy-of-the-president-of-the-republic-lays-wreath-for-postwar-victims-at-dobrava-cemetery-near-maribor\/","name":"Envoy of the President of the Republic Lays Wreath for Postwar Victims at Dobrava Cemetery near Maribor - President of the Republic of Croatia - Zoran Milanovi\u0107","isPartOf":{"@id":"https:\/\/www.predsjednik.hr\/en\/#website"},"primaryImageOfPage":{"@id":"https:\/\/www.predsjednik.hr\/en\/news\/envoy-of-the-president-of-the-republic-lays-wreath-for-postwar-victims-at-dobrava-cemetery-near-maribor\/#primaryimage"},"image":{"@id":"https:\/\/www.predsjednik.hr\/en\/news\/envoy-of-the-president-of-the-republic-lays-wreath-for-postwar-victims-at-dobrava-cemetery-near-maribor\/#primaryimage"},"thumbnailUrl":"https:\/\/www.predsjednik.hr\/wp-content\/uploads\/2022\/05\/DSC_2589-1.jpg","datePublished":"2022-05-15T11:04:00+00:00","dateModified":"2022-05-16T07:05:46+00:00","breadcrumb":{"@id":"https:\/\/www.predsjednik.hr\/en\/news\/envoy-of-the-president-of-the-republic-lays-wreath-for-postwar-victims-at-dobrava-cemetery-near-maribor\/#breadcrumb"},"inLanguage":"en-US","potentialAction":[{"@type":"ReadAction","target":["https:\/\/www.predsjednik.hr\/en\/news\/envoy-of-the-president-of-the-republic-lays-wreath-for-postwar-victims-at-dobrava-cemetery-near-maribor\/"]}]},{"@type":"ImageObject","inLanguage":"en-US","@id":"https:\/\/www.predsjednik.hr\/en\/news\/envoy-of-the-president-of-the-republic-lays-wreath-for-postwar-victims-at-dobrava-cemetery-near-maribor\/#primaryimage","url":"https:\/\/www.predsjednik.hr\/wp-content\/uploads\/2022\/05\/DSC_2589-1.jpg","contentUrl":"https:\/\/www.predsjednik.hr\/wp-content\/uploads\/2022\/05\/DSC_2589-1.jpg","width":4096,"height":2305,"caption":"Envoy of the President of the Republic Lays Wreath for Postwar Victims at Dobrava Cemetery near Maribor"},{"@type":"BreadcrumbList","@id":"https:\/\/www.predsjednik.hr\/en\/news\/envoy-of-the-president-of-the-republic-lays-wreath-for-postwar-victims-at-dobrava-cemetery-near-maribor\/#breadcrumb","itemListElement":[{"@type":"ListItem","position":1,"name":"Home","item":"https:\/\/www.predsjednik.hr\/en\/"},{"@type":"ListItem","position":2,"name":"Vijesti","item":"https:\/\/www.predsjednik.hr\/en\/news\/"},{"@type":"ListItem","position":3,"name":"Envoy of the President of the Republic Lays Wreath for Postwar Victims at Dobrava Cemetery near Maribor"}]},{"@type":"WebSite","@id":"https:\/\/www.predsjednik.hr\/en\/#website","url":"https:\/\/www.predsjednik.hr\/en\/","name":"President of the Republic of Croatia - Zoran Milanovi\u0107","description":"Just another WordPress site","potentialAction":[{"@type":"SearchAction","target":{"@type":"EntryPoint","urlTemplate":"https:\/\/www.predsjednik.hr\/en\/?s={search_term_string}"},"query-input":{"@type":"PropertyValueSpecification","valueRequired":true,"valueName":"search_term_string"}}],"inLanguage":"en-US"}]}},"_links":{"self":[{"href":"https:\/\/www.predsjednik.hr\/en\/wp-json\/wp\/v2\/news\/17184","targetHints":{"allow":["GET"]}}],"collection":[{"href":"https:\/\/www.predsjednik.hr\/en\/wp-json\/wp\/v2\/news"}],"about":[{"href":"https:\/\/www.predsjednik.hr\/en\/wp-json\/wp\/v2\/types\/news"}],"wp:featuredmedia":[{"embeddable":true,"href":"https:\/\/www.predsjednik.hr\/en\/wp-json\/wp\/v2\/media\/17180"}],"wp:attachment":[{"href":"https:\/\/www.predsjednik.hr\/en\/wp-json\/wp\/v2\/media?parent=17184"}],"wp:term":[{"taxonomy":"news-cat","embeddable":true,"href":"https:\/\/www.predsjednik.hr\/en\/wp-json\/wp\/v2\/news-cat?post=17184"}],"curies":[{"name":"wp","href":"https:\/\/api.w.org\/{rel}","templated":true}]}}