{"id":17231,"date":"2022-05-16T16:47:00","date_gmt":"2022-05-16T14:47:00","guid":{"rendered":"https:\/\/www.predsjednik.hr\/?post_type=news&#038;p=17231"},"modified":"2022-05-17T11:50:15","modified_gmt":"2022-05-17T09:50:15","slug":"president-milanovic-at-send-off-ceremony-of-croatian-troops-to-natos-kfor-mission-in-kosovo-why-can-there-be-no-croatian-officers-in-the-eufor-mission-in-bih","status":"publish","type":"news","link":"https:\/\/www.predsjednik.hr\/en\/news\/president-milanovic-at-send-off-ceremony-of-croatian-troops-to-natos-kfor-mission-in-kosovo-why-can-there-be-no-croatian-officers-in-the-eufor-mission-in-bih\/","title":{"rendered":"President Milanovi\u0107 at Send-Off Ceremony of Croatian Troops to NATO\u2019s KFOR Mission in Kosovo: Why can there be no Croatian officers in the EUFOR Mission in BiH?"},"content":{"rendered":"\n<p>The President of the Republic and Commander in Chief of the Croatian Armed Forces Zoran Milanovi\u0107 attended a send-off ceremony of the 37<sup>th<\/sup> contingent of Croatian troops (HRVCON) participating in the NATO-led KFOR mission in the Republic of Kosovo.<\/p>\n\n\n\n<p>At the send-off ceremony held at the \u201cPukovnik Predrag Matanovi\u0107\u201d barracks in Petrinja, President Milanovi\u0107 told members of the Croatian contingent that they were professionals who would perform their duty and tasks professionally and well.<\/p>\n\n\n\n<p>\u201cKosovo is an internationally recognized state. Serbia doesn\u2019t accept that, and as it is, it won\u2019t anytime soon. But we don\u2019t interfere in that policy more than what we did many years ago, when we recognised Kosovo. Not in order to spite Serbia, as that is not the way I see foreign policy or Croatia\u2019s behaviour in the world, but in order to reward Kosovo for everything it had been through,\u201d said the President of the Republic.<\/p>\n\n\n\n<p>\u201cI hope that we will soon be present in a small and symbolic number also in the EUFOR mission in Bosnia and Herzegovina, from which we are kept at a distance,\u201d said President Milanovi\u0107, adding that he considered this unacceptable and irritating after 25 years. \u201cWe haven\u2019t thought about that yet, but I set myself the task of clearing it up and getting an answer from those deciding on it \u2013 why no Croatian officer can be in that mission. Until I get an answer to that question, I won\u2019t stop repeating it,\u201d said the President of the Republic.<\/p>\n\n\n\n<p>Attending the send-off ceremony of the 37<sup>th<\/sup> contingent of Croatian troops participating in the NATO-led KFOR mission in Kosovo apart from the President of the Republic and Commander in Chief of the Croatian Armed Forces Zoran Milanovi\u0107 were the Chief of the General Staff of the Croatian Armed Forces Admiral Robert Hranj, Commander of the Croatian Army Lieutenant General Boris \u0160eri\u0107, envoy of the Minister of Defence and Adviser to the Minister of Defence for Military Affairs Brigadier General Perica Turalija, Chief of Staff \u2013 Deputy Commander of Support Command Brigadier General Ivan Raos, Commander of the Croatian Army Guards Mechanized Brigade Brigadier General Dra\u017een Ressler, Deputy Commander of Operations Command of the General Staff of the Croatian Armed Forces Colonel Robert Sunte\u0161i\u0107, Head of the Current Operations Department of Operations Command of the General Staff of the Croatian Armed Forces Colonel Sini\u0161a Ciglene\u010dki and Commander of the Intelligence Regiment Lieutenant Colonel Zvonimir Rogi\u0107.<\/p>\n\n\n\n<p>Adviser to the President of the Republic for Defence and National Security Dragan Lozan\u010di\u0107 and Head of the Military Office Rear Admiral Predrag Stipanovi\u0107 were alongside the President of the Republic and Commander in Chief of the Croatian Armed Forces Zoran Milanovi\u0107.<\/p>\n\n\n<!--GALLERY BLOCK-->\n<div class=\"c-lightbox-gallery js-lightbox\">\n                <!--single-->\n            <a data-no-swup class=\"c-lightbox-gallery__single js-lightbox-single\"\n               href=\"https:\/\/www.predsjednik.hr\/wp-content\/uploads\/2022\/05\/DSC_3319-1024x576.jpg\"\n               style=\"background-image: url('https:\/\/www.predsjednik.hr\/wp-content\/uploads\/2022\/05\/DSC_3319-768x432.jpg')\"><\/a>\n            <!--end single-->\n                    <!--single-->\n            <a data-no-swup class=\"c-lightbox-gallery__single js-lightbox-single\"\n               href=\"https:\/\/www.predsjednik.hr\/wp-content\/uploads\/2022\/05\/DSC_3330-1024x576.jpg\"\n               style=\"background-image: url('https:\/\/www.predsjednik.hr\/wp-content\/uploads\/2022\/05\/DSC_3330-768x432.jpg')\"><\/a>\n            <!--end single-->\n                    <!--single-->\n            <a data-no-swup class=\"c-lightbox-gallery__single js-lightbox-single\"\n               href=\"https:\/\/www.predsjednik.hr\/wp-content\/uploads\/2022\/05\/DSC_3374-1024x576.jpg\"\n               style=\"background-image: url('https:\/\/www.predsjednik.hr\/wp-content\/uploads\/2022\/05\/DSC_3374-768x432.jpg')\"><\/a>\n            <!--end single-->\n                    <!--single-->\n            <a data-no-swup class=\"c-lightbox-gallery__single js-lightbox-single\"\n               href=\"https:\/\/www.predsjednik.hr\/wp-content\/uploads\/2022\/05\/DSC_3382-1024x576.jpg\"\n               style=\"background-image: url('https:\/\/www.predsjednik.hr\/wp-content\/uploads\/2022\/05\/DSC_3382-768x432.jpg')\"><\/a>\n            <!--end single-->\n                    <!--single-->\n            <a data-no-swup class=\"c-lightbox-gallery__single js-lightbox-single\"\n               href=\"https:\/\/www.predsjednik.hr\/wp-content\/uploads\/2022\/05\/DSC_3486-1-1024x576.jpg\"\n               style=\"background-image: url('https:\/\/www.predsjednik.hr\/wp-content\/uploads\/2022\/05\/DSC_3486-1-768x432.jpg')\"><\/a>\n            <!--end single-->\n                    <!--single-->\n            <a data-no-swup class=\"c-lightbox-gallery__single js-lightbox-single\"\n               href=\"https:\/\/www.predsjednik.hr\/wp-content\/uploads\/2022\/05\/DSC_3499-1024x576.jpg\"\n               style=\"background-image: url('https:\/\/www.predsjednik.hr\/wp-content\/uploads\/2022\/05\/DSC_3499-768x432.jpg')\"><\/a>\n            <!--end single-->\n                    <!--single-->\n            <a data-no-swup class=\"c-lightbox-gallery__single js-lightbox-single\"\n               href=\"https:\/\/www.predsjednik.hr\/wp-content\/uploads\/2022\/05\/DSC_3542-1024x576.jpg\"\n               style=\"background-image: url('https:\/\/www.predsjednik.hr\/wp-content\/uploads\/2022\/05\/DSC_3542-768x432.jpg')\"><\/a>\n            <!--end single-->\n                    <!--single-->\n            <a data-no-swup class=\"c-lightbox-gallery__single js-lightbox-single\"\n               href=\"https:\/\/www.predsjednik.hr\/wp-content\/uploads\/2022\/05\/DSC_3554-1024x576.jpg\"\n               style=\"background-image: url('https:\/\/www.predsjednik.hr\/wp-content\/uploads\/2022\/05\/DSC_3554-768x432.jpg')\"><\/a>\n            <!--end single-->\n                    <!--single-->\n            <a data-no-swup class=\"c-lightbox-gallery__single js-lightbox-single\"\n               href=\"https:\/\/www.predsjednik.hr\/wp-content\/uploads\/2022\/05\/DSC_3623-1024x576.jpg\"\n               style=\"background-image: url('https:\/\/www.predsjednik.hr\/wp-content\/uploads\/2022\/05\/DSC_3623-768x432.jpg')\"><\/a>\n            <!--end single-->\n                    <!--single-->\n            <a data-no-swup class=\"c-lightbox-gallery__single js-lightbox-single\"\n               href=\"https:\/\/www.predsjednik.hr\/wp-content\/uploads\/2022\/05\/DSC_3659-1024x576.jpg\"\n               style=\"background-image: url('https:\/\/www.predsjednik.hr\/wp-content\/uploads\/2022\/05\/DSC_3659-768x432.jpg')\"><\/a>\n            <!--end single-->\n        <\/div>\n<!--end GALLERY BLOCK-->\n\n\n\n<p>PHOTO: Office of the President of the Republic of Croatia \/ Marko Beljan<\/p>\n","protected":false},"excerpt":{"rendered":"<p>At the send-off ceremony held at the \u201cPukovnik Predrag Matanovi\u0107\u201d barracks in Petrinja, President Milanovi\u0107 told members of the Croatian contingent that they were professionals who would perform their duty and tasks professionally and well.<\/p>\n","protected":false},"featured_media":17223,"template":"","news-cat":[12],"class_list":["post-17231","news","type-news","status-publish","has-post-thumbnail","hentry","news-cat-news"],"acf":[],"yoast_head":"<!-- This site is optimized with the Yoast SEO plugin v27.4 - https:\/\/yoast.com\/product\/yoast-seo-wordpress\/ -->\n<title>President Milanovi\u0107 at Send-Off Ceremony of Croatian Troops to NATO\u2019s KFOR Mission in Kosovo: Why can there be no Croatian officers in the EUFOR Mission in BiH? - President of the Republic of Croatia - Zoran Milanovi\u0107<\/title>\n<meta name=\"robots\" content=\"index, follow, max-snippet:-1, max-image-preview:large, max-video-preview:-1\" \/>\n<link rel=\"canonical\" href=\"https:\/\/www.predsjednik.hr\/en\/news\/president-milanovic-at-send-off-ceremony-of-croatian-troops-to-natos-kfor-mission-in-kosovo-why-can-there-be-no-croatian-officers-in-the-eufor-mission-in-bih\/\" \/>\n<meta property=\"og:locale\" content=\"en_US\" \/>\n<meta property=\"og:type\" content=\"article\" \/>\n<meta property=\"og:title\" content=\"President Milanovi\u0107 at Send-Off Ceremony of Croatian Troops to NATO\u2019s KFOR Mission in Kosovo: Why can there be no Croatian officers in the EUFOR Mission in BiH? - President of the Republic of Croatia - Zoran Milanovi\u0107\" \/>\n<meta property=\"og:description\" content=\"At the send-off ceremony held at the \u201cPukovnik Predrag Matanovi\u0107\u201d barracks in Petrinja, President Milanovi\u0107 told members of the Croatian contingent that they were professionals who would perform their duty and tasks professionally and well.\" \/>\n<meta property=\"og:url\" content=\"https:\/\/www.predsjednik.hr\/en\/news\/president-milanovic-at-send-off-ceremony-of-croatian-troops-to-natos-kfor-mission-in-kosovo-why-can-there-be-no-croatian-officers-in-the-eufor-mission-in-bih\/\" \/>\n<meta property=\"og:site_name\" content=\"President of the Republic of Croatia - Zoran Milanovi\u0107\" \/>\n<meta property=\"article:modified_time\" content=\"2022-05-17T09:50:15+00:00\" \/>\n<meta property=\"og:image\" content=\"https:\/\/www.predsjednik.hr\/wp-content\/uploads\/2022\/05\/DSC_3659-1024x576.jpg\" \/>\n\t<meta property=\"og:image:width\" content=\"1024\" \/>\n\t<meta property=\"og:image:height\" content=\"576\" \/>\n\t<meta property=\"og:image:type\" content=\"image\/jpeg\" \/>\n<meta name=\"twitter:card\" content=\"summary_large_image\" \/>\n<meta name=\"twitter:label1\" content=\"Est. reading time\" \/>\n\t<meta name=\"twitter:data1\" content=\"3 minutes\" \/>\n<script type=\"application\/ld+json\" class=\"yoast-schema-graph\">{\"@context\":\"https:\\\/\\\/schema.org\",\"@graph\":[{\"@type\":\"WebPage\",\"@id\":\"https:\\\/\\\/www.predsjednik.hr\\\/en\\\/news\\\/president-milanovic-at-send-off-ceremony-of-croatian-troops-to-natos-kfor-mission-in-kosovo-why-can-there-be-no-croatian-officers-in-the-eufor-mission-in-bih\\\/\",\"url\":\"https:\\\/\\\/www.predsjednik.hr\\\/en\\\/news\\\/president-milanovic-at-send-off-ceremony-of-croatian-troops-to-natos-kfor-mission-in-kosovo-why-can-there-be-no-croatian-officers-in-the-eufor-mission-in-bih\\\/\",\"name\":\"President Milanovi\u0107 at Send-Off Ceremony of Croatian Troops to NATO\u2019s KFOR Mission in Kosovo: Why can there be no Croatian officers in the EUFOR Mission in BiH? - President of the Republic of Croatia - Zoran Milanovi\u0107\",\"isPartOf\":{\"@id\":\"https:\\\/\\\/www.predsjednik.hr\\\/en\\\/#website\"},\"primaryImageOfPage\":{\"@id\":\"https:\\\/\\\/www.predsjednik.hr\\\/en\\\/news\\\/president-milanovic-at-send-off-ceremony-of-croatian-troops-to-natos-kfor-mission-in-kosovo-why-can-there-be-no-croatian-officers-in-the-eufor-mission-in-bih\\\/#primaryimage\"},\"image\":{\"@id\":\"https:\\\/\\\/www.predsjednik.hr\\\/en\\\/news\\\/president-milanovic-at-send-off-ceremony-of-croatian-troops-to-natos-kfor-mission-in-kosovo-why-can-there-be-no-croatian-officers-in-the-eufor-mission-in-bih\\\/#primaryimage\"},\"thumbnailUrl\":\"https:\\\/\\\/www.predsjednik.hr\\\/wp-content\\\/uploads\\\/2022\\\/05\\\/DSC_3659.jpg\",\"datePublished\":\"2022-05-16T14:47:00+00:00\",\"dateModified\":\"2022-05-17T09:50:15+00:00\",\"breadcrumb\":{\"@id\":\"https:\\\/\\\/www.predsjednik.hr\\\/en\\\/news\\\/president-milanovic-at-send-off-ceremony-of-croatian-troops-to-natos-kfor-mission-in-kosovo-why-can-there-be-no-croatian-officers-in-the-eufor-mission-in-bih\\\/#breadcrumb\"},\"inLanguage\":\"en-US\",\"potentialAction\":[{\"@type\":\"ReadAction\",\"target\":[\"https:\\\/\\\/www.predsjednik.hr\\\/en\\\/news\\\/president-milanovic-at-send-off-ceremony-of-croatian-troops-to-natos-kfor-mission-in-kosovo-why-can-there-be-no-croatian-officers-in-the-eufor-mission-in-bih\\\/\"]}]},{\"@type\":\"ImageObject\",\"inLanguage\":\"en-US\",\"@id\":\"https:\\\/\\\/www.predsjednik.hr\\\/en\\\/news\\\/president-milanovic-at-send-off-ceremony-of-croatian-troops-to-natos-kfor-mission-in-kosovo-why-can-there-be-no-croatian-officers-in-the-eufor-mission-in-bih\\\/#primaryimage\",\"url\":\"https:\\\/\\\/www.predsjednik.hr\\\/wp-content\\\/uploads\\\/2022\\\/05\\\/DSC_3659.jpg\",\"contentUrl\":\"https:\\\/\\\/www.predsjednik.hr\\\/wp-content\\\/uploads\\\/2022\\\/05\\\/DSC_3659.jpg\",\"width\":5797,\"height\":3261,\"caption\":\"The President of the Republic and Commander in Chief of the Croatian Armed Forces Zoran Milanovi\u0107 attended a send-off ceremony of the 37th contingent of Croatian troops (HRVCON) participating in the NATO-led KFOR mission in the Republic of Kosovo.\"},{\"@type\":\"BreadcrumbList\",\"@id\":\"https:\\\/\\\/www.predsjednik.hr\\\/en\\\/news\\\/president-milanovic-at-send-off-ceremony-of-croatian-troops-to-natos-kfor-mission-in-kosovo-why-can-there-be-no-croatian-officers-in-the-eufor-mission-in-bih\\\/#breadcrumb\",\"itemListElement\":[{\"@type\":\"ListItem\",\"position\":1,\"name\":\"Home\",\"item\":\"https:\\\/\\\/www.predsjednik.hr\\\/en\\\/\"},{\"@type\":\"ListItem\",\"position\":2,\"name\":\"Vijesti\",\"item\":\"https:\\\/\\\/www.predsjednik.hr\\\/en\\\/news\\\/\"},{\"@type\":\"ListItem\",\"position\":3,\"name\":\"President Milanovi\u0107 at Send-Off Ceremony of Croatian Troops to NATO\u2019s KFOR Mission in Kosovo: Why can there be no Croatian officers in the EUFOR Mission in BiH?\"}]},{\"@type\":\"WebSite\",\"@id\":\"https:\\\/\\\/www.predsjednik.hr\\\/en\\\/#website\",\"url\":\"https:\\\/\\\/www.predsjednik.hr\\\/en\\\/\",\"name\":\"President of the Republic of Croatia - Zoran Milanovi\u0107\",\"description\":\"Just another WordPress site\",\"potentialAction\":[{\"@type\":\"SearchAction\",\"target\":{\"@type\":\"EntryPoint\",\"urlTemplate\":\"https:\\\/\\\/www.predsjednik.hr\\\/en\\\/?s={search_term_string}\"},\"query-input\":{\"@type\":\"PropertyValueSpecification\",\"valueRequired\":true,\"valueName\":\"search_term_string\"}}],\"inLanguage\":\"en-US\"}]}<\/script>\n<!-- \/ Yoast SEO plugin. -->","yoast_head_json":{"title":"President Milanovi\u0107 at Send-Off Ceremony of Croatian Troops to NATO\u2019s KFOR Mission in Kosovo: Why can there be no Croatian officers in the EUFOR Mission in BiH? - President of the Republic of Croatia - Zoran Milanovi\u0107","robots":{"index":"index","follow":"follow","max-snippet":"max-snippet:-1","max-image-preview":"max-image-preview:large","max-video-preview":"max-video-preview:-1"},"canonical":"https:\/\/www.predsjednik.hr\/en\/news\/president-milanovic-at-send-off-ceremony-of-croatian-troops-to-natos-kfor-mission-in-kosovo-why-can-there-be-no-croatian-officers-in-the-eufor-mission-in-bih\/","og_locale":"en_US","og_type":"article","og_title":"President Milanovi\u0107 at Send-Off Ceremony of Croatian Troops to NATO\u2019s KFOR Mission in Kosovo: Why can there be no Croatian officers in the EUFOR Mission in BiH? - President of the Republic of Croatia - Zoran Milanovi\u0107","og_description":"At the send-off ceremony held at the \u201cPukovnik Predrag Matanovi\u0107\u201d barracks in Petrinja, President Milanovi\u0107 told members of the Croatian contingent that they were professionals who would perform their duty and tasks professionally and well.","og_url":"https:\/\/www.predsjednik.hr\/en\/news\/president-milanovic-at-send-off-ceremony-of-croatian-troops-to-natos-kfor-mission-in-kosovo-why-can-there-be-no-croatian-officers-in-the-eufor-mission-in-bih\/","og_site_name":"President of the Republic of Croatia - Zoran Milanovi\u0107","article_modified_time":"2022-05-17T09:50:15+00:00","og_image":[{"width":1024,"height":576,"url":"https:\/\/www.predsjednik.hr\/wp-content\/uploads\/2022\/05\/DSC_3659-1024x576.jpg","type":"image\/jpeg"}],"twitter_card":"summary_large_image","twitter_misc":{"Est. reading time":"3 minutes"},"schema":{"@context":"https:\/\/schema.org","@graph":[{"@type":"WebPage","@id":"https:\/\/www.predsjednik.hr\/en\/news\/president-milanovic-at-send-off-ceremony-of-croatian-troops-to-natos-kfor-mission-in-kosovo-why-can-there-be-no-croatian-officers-in-the-eufor-mission-in-bih\/","url":"https:\/\/www.predsjednik.hr\/en\/news\/president-milanovic-at-send-off-ceremony-of-croatian-troops-to-natos-kfor-mission-in-kosovo-why-can-there-be-no-croatian-officers-in-the-eufor-mission-in-bih\/","name":"President Milanovi\u0107 at Send-Off Ceremony of Croatian Troops to NATO\u2019s KFOR Mission in Kosovo: Why can there be no Croatian officers in the EUFOR Mission in BiH? - President of the Republic of Croatia - Zoran Milanovi\u0107","isPartOf":{"@id":"https:\/\/www.predsjednik.hr\/en\/#website"},"primaryImageOfPage":{"@id":"https:\/\/www.predsjednik.hr\/en\/news\/president-milanovic-at-send-off-ceremony-of-croatian-troops-to-natos-kfor-mission-in-kosovo-why-can-there-be-no-croatian-officers-in-the-eufor-mission-in-bih\/#primaryimage"},"image":{"@id":"https:\/\/www.predsjednik.hr\/en\/news\/president-milanovic-at-send-off-ceremony-of-croatian-troops-to-natos-kfor-mission-in-kosovo-why-can-there-be-no-croatian-officers-in-the-eufor-mission-in-bih\/#primaryimage"},"thumbnailUrl":"https:\/\/www.predsjednik.hr\/wp-content\/uploads\/2022\/05\/DSC_3659.jpg","datePublished":"2022-05-16T14:47:00+00:00","dateModified":"2022-05-17T09:50:15+00:00","breadcrumb":{"@id":"https:\/\/www.predsjednik.hr\/en\/news\/president-milanovic-at-send-off-ceremony-of-croatian-troops-to-natos-kfor-mission-in-kosovo-why-can-there-be-no-croatian-officers-in-the-eufor-mission-in-bih\/#breadcrumb"},"inLanguage":"en-US","potentialAction":[{"@type":"ReadAction","target":["https:\/\/www.predsjednik.hr\/en\/news\/president-milanovic-at-send-off-ceremony-of-croatian-troops-to-natos-kfor-mission-in-kosovo-why-can-there-be-no-croatian-officers-in-the-eufor-mission-in-bih\/"]}]},{"@type":"ImageObject","inLanguage":"en-US","@id":"https:\/\/www.predsjednik.hr\/en\/news\/president-milanovic-at-send-off-ceremony-of-croatian-troops-to-natos-kfor-mission-in-kosovo-why-can-there-be-no-croatian-officers-in-the-eufor-mission-in-bih\/#primaryimage","url":"https:\/\/www.predsjednik.hr\/wp-content\/uploads\/2022\/05\/DSC_3659.jpg","contentUrl":"https:\/\/www.predsjednik.hr\/wp-content\/uploads\/2022\/05\/DSC_3659.jpg","width":5797,"height":3261,"caption":"The President of the Republic and Commander in Chief of the Croatian Armed Forces Zoran Milanovi\u0107 attended a send-off ceremony of the 37th contingent of Croatian troops (HRVCON) participating in the NATO-led KFOR mission in the Republic of Kosovo."},{"@type":"BreadcrumbList","@id":"https:\/\/www.predsjednik.hr\/en\/news\/president-milanovic-at-send-off-ceremony-of-croatian-troops-to-natos-kfor-mission-in-kosovo-why-can-there-be-no-croatian-officers-in-the-eufor-mission-in-bih\/#breadcrumb","itemListElement":[{"@type":"ListItem","position":1,"name":"Home","item":"https:\/\/www.predsjednik.hr\/en\/"},{"@type":"ListItem","position":2,"name":"Vijesti","item":"https:\/\/www.predsjednik.hr\/en\/news\/"},{"@type":"ListItem","position":3,"name":"President Milanovi\u0107 at Send-Off Ceremony of Croatian Troops to NATO\u2019s KFOR Mission in Kosovo: Why can there be no Croatian officers in the EUFOR Mission in BiH?"}]},{"@type":"WebSite","@id":"https:\/\/www.predsjednik.hr\/en\/#website","url":"https:\/\/www.predsjednik.hr\/en\/","name":"President of the Republic of Croatia - Zoran Milanovi\u0107","description":"Just another WordPress site","potentialAction":[{"@type":"SearchAction","target":{"@type":"EntryPoint","urlTemplate":"https:\/\/www.predsjednik.hr\/en\/?s={search_term_string}"},"query-input":{"@type":"PropertyValueSpecification","valueRequired":true,"valueName":"search_term_string"}}],"inLanguage":"en-US"}]}},"_links":{"self":[{"href":"https:\/\/www.predsjednik.hr\/en\/wp-json\/wp\/v2\/news\/17231","targetHints":{"allow":["GET"]}}],"collection":[{"href":"https:\/\/www.predsjednik.hr\/en\/wp-json\/wp\/v2\/news"}],"about":[{"href":"https:\/\/www.predsjednik.hr\/en\/wp-json\/wp\/v2\/types\/news"}],"wp:featuredmedia":[{"embeddable":true,"href":"https:\/\/www.predsjednik.hr\/en\/wp-json\/wp\/v2\/media\/17223"}],"wp:attachment":[{"href":"https:\/\/www.predsjednik.hr\/en\/wp-json\/wp\/v2\/media?parent=17231"}],"wp:term":[{"taxonomy":"news-cat","embeddable":true,"href":"https:\/\/www.predsjednik.hr\/en\/wp-json\/wp\/v2\/news-cat?post=17231"}],"curies":[{"name":"wp","href":"https:\/\/api.w.org\/{rel}","templated":true}]}}