{"id":17341,"date":"2022-05-22T17:27:00","date_gmt":"2022-05-22T15:27:00","guid":{"rendered":"https:\/\/www.predsjednik.hr\/?post_type=news&#038;p=17341"},"modified":"2022-05-23T11:30:40","modified_gmt":"2022-05-23T09:30:40","slug":"president-milanovic-at-75th-world-health-assembly-in-geneva","status":"publish","type":"news","link":"https:\/\/www.predsjednik.hr\/en\/news\/president-milanovic-at-75th-world-health-assembly-in-geneva\/","title":{"rendered":"President Milanovi\u0107 at 75th World Health Assembly in Geneva"},"content":{"rendered":"\n<p>The President of the Republic Zoran Milanovi\u0107 participated in the opening session of the 75<sup>th<\/sup> World Health Assembly in Geneva, saying he was pleased to address the gathering on the very day when Croatia marks the 30<sup>th<\/sup> anniversary of its membership in the United Nations. In his address, the President reminded of the importance of Croatia\u2019s cooperation with the World Health Organization (WHO).<\/p>\n\n\n\n<p>\u201cExactly 30 years ago, the Croatian flag was proudly raised in front of the UN Headquarters on the East River and in other United Nations hubs. The adherence to the World Health Organization in this context, for the young independent state where war was raging was of special importance. This was our debut on the global scene, where we looked for assistance, but also offered the lessons learned and the goodwill to work together for the common global good,\u201d said President Milanovi\u0107.<\/p>\n\n\n\n<p>The President of the Republic underscored that the theme of this year\u2019s Assembly, \u2018Health for Peace, Peace for Health\u2019, resonates loud and clear with Croatia. \u201cIt brings back deep memories of the shelling of hospitals, health facilities and ambulances transporting victims during the war in Croatia in the 90s, as well as the health emergency stemming from a large number of civilian casualties. Even children\u2019s hospitals were not safe havens at the time. Furthermore, this situation indirectly worsened chronic disease in the population. Several limited epidemics of infectious diseases were also reported,\u201d President Milanovi\u0107 recalled.<\/p>\n\n\n\n<p>The President emphasized that Croatia deeply sympathizes with all people going through hardship in the face of war and its consequences. \u201cI watch with immense sadness and disbelief that attacks on hospitals and health care facilities remain the terrifying contemporary feature,\u201d said President Milanovi\u0107.<\/p>\n\n\n\n<p>It is tragic, the President continued, that Ukraine is not the only emergency the world is currently facing. \u201cI believe it is clear that peace is a precondition for inclusive, equitable access to health as part of other inclusive and equitable access to other social services,\u201d said President Milanovi\u0107, adding he was looking forward to the results of this high level debate because its goal was to build a healthy and peaceful planet.<\/p>\n\n\n\n<p>In his address, President Milanovi\u0107 looked back two years, saying that when this Assembly met there was a single subject dominating the agenda \u2013 the COVID-19 pandemic. \u201cThe pandemic has damaged health worldwide in direct and in many indirect ways. The pandemic has been a severe disruption to health systems, economies and society worldwide. Its consequences affected progress in health-related targets in SDGs and undermined the overall health of the world population,\u201d the President underscored, adding that mental health remains a particular concern and new generations have been impacted in particular.<\/p>\n\n\n\n<p>\u201cThe resilience and preparedness of the national health systems have been seriously challenged. In Croatia, during the first COVID-19 pandemic wave, two devastating earthquakes further stretched the health system,\u201d said President Milanovi\u0107, noting that the COVID-19 pandemic also highlighted profound weaknesses in the global governance of health. \u201cWe should build stronger and more inclusive global health architecture to mitigate the health and socioeconomic damage of the ongoing challenges and to prepare for the next major global threat to health,\u201d he told the audience.<\/p>\n\n\n\n<p>In this regard, President Milanovi\u0107 said that Croatia fully supports the World Health Organization\u2019s leading and central role in this process and its role at the heart of the new global health architecture. \u201cPredictable and sustainable financing is fundamental for fulfilling the WHO core mandate with the independence, technical expertise and ability to do long-term planning,\u201d said the President, adding that Croatia is actively advocating for the \u2018Pandemic Preparedness and Response Agreement\u2019.<\/p>\n\n\n\n<p>\u201cI would like to add my voice in calling for continuous focus on better preparedness. This week\u2019s report by the WHO Panel came out with a serious conclusion that governments around the world are no better prepared today to address a new global disease threat than they were just before the coronavirus outbreak began in late 2019,\u201d President Milanovi\u0107 emphasized. He assessed that the success we have had in fast and successful development of COVID-19 vaccines was a positive outcome of the pandemic, however, as he put it, \u201caccess to vaccines, on the other hand, drew attention to the issue of equality and equitable opportunities.\u201d<\/p>\n\n\n\n<p>Concluding his address, President Milanovi\u0107 reminded of the heritage of the first President of the first World Health Assembly, a Croat Dr. Andrija \u0160tampar, who showed his broad understanding of public health. \u201cHe argued that diseases are caused not only by physical and biological factors but also by economic and social conditions. His principles encompass the vision of health as a state of overall well-being and society as the key responsible health care provider. Dr. \u0160tampar called for action to enable all people to enjoy good health in the widest sense of that word. This way, he said, the WHO would \u2018become a powerful pioneer of world peace and understanding among nations\u2019,\u201d President Milanovi\u0107 recalled, saying in conclusion that the 75<sup>th<\/sup> World Health Assembly is a historic opportunity for us to make a difference by taking right, responsible and determined decisions.<\/p>\n\n\n\n<p>Prior to the session of the 75<sup>th<\/sup> World Health Assembly, President Milanovi\u0107 held a bilateral meeting with the Director-General of the World Health Organization Tedros Adhanom Ghebreyesus.<\/p>\n\n\n<!--GALLERY BLOCK-->\n<div class=\"c-lightbox-gallery js-lightbox\">\n                <!--single-->\n            <a data-no-swup class=\"c-lightbox-gallery__single js-lightbox-single\"\n               href=\"https:\/\/www.predsjednik.hr\/wp-content\/uploads\/2022\/05\/DSC_0079-1024x768.jpg\"\n               style=\"background-image: url('https:\/\/www.predsjednik.hr\/wp-content\/uploads\/2022\/05\/DSC_0079-768x576.jpg')\"><\/a>\n            <!--end single-->\n                    <!--single-->\n            <a data-no-swup class=\"c-lightbox-gallery__single js-lightbox-single\"\n               href=\"https:\/\/www.predsjednik.hr\/wp-content\/uploads\/2022\/05\/DSC_0123-1024x576.jpg\"\n               style=\"background-image: url('https:\/\/www.predsjednik.hr\/wp-content\/uploads\/2022\/05\/DSC_0123-768x432.jpg')\"><\/a>\n            <!--end single-->\n                    <!--single-->\n            <a data-no-swup class=\"c-lightbox-gallery__single js-lightbox-single\"\n               href=\"https:\/\/www.predsjednik.hr\/wp-content\/uploads\/2022\/05\/DSC_0286-1024x768.jpg\"\n               style=\"background-image: url('https:\/\/www.predsjednik.hr\/wp-content\/uploads\/2022\/05\/DSC_0286-768x576.jpg')\"><\/a>\n            <!--end single-->\n                    <!--single-->\n            <a data-no-swup class=\"c-lightbox-gallery__single js-lightbox-single\"\n               href=\"https:\/\/www.predsjednik.hr\/wp-content\/uploads\/2022\/05\/DSC_0364-1024x706.jpg\"\n               style=\"background-image: url('https:\/\/www.predsjednik.hr\/wp-content\/uploads\/2022\/05\/DSC_0364-768x529.jpg')\"><\/a>\n            <!--end single-->\n                    <!--single-->\n            <a data-no-swup class=\"c-lightbox-gallery__single js-lightbox-single\"\n               href=\"https:\/\/www.predsjednik.hr\/wp-content\/uploads\/2022\/05\/DSC_0528-1024x576.jpg\"\n               style=\"background-image: url('https:\/\/www.predsjednik.hr\/wp-content\/uploads\/2022\/05\/DSC_0528-768x432.jpg')\"><\/a>\n            <!--end single-->\n                    <!--single-->\n            <a data-no-swup class=\"c-lightbox-gallery__single js-lightbox-single\"\n               href=\"https:\/\/www.predsjednik.hr\/wp-content\/uploads\/2022\/05\/DSC_0574-1024x683.jpg\"\n               style=\"background-image: url('https:\/\/www.predsjednik.hr\/wp-content\/uploads\/2022\/05\/DSC_0574-768x512.jpg')\"><\/a>\n            <!--end single-->\n                    <!--single-->\n            <a data-no-swup class=\"c-lightbox-gallery__single js-lightbox-single\"\n               href=\"https:\/\/www.predsjednik.hr\/wp-content\/uploads\/2022\/05\/DSC_0589-1024x576.jpg\"\n               style=\"background-image: url('https:\/\/www.predsjednik.hr\/wp-content\/uploads\/2022\/05\/DSC_0589-768x432.jpg')\"><\/a>\n            <!--end single-->\n                    <!--single-->\n            <a data-no-swup class=\"c-lightbox-gallery__single js-lightbox-single\"\n               href=\"https:\/\/www.predsjednik.hr\/wp-content\/uploads\/2022\/05\/DSC_0604-1024x683.jpg\"\n               style=\"background-image: url('https:\/\/www.predsjednik.hr\/wp-content\/uploads\/2022\/05\/DSC_0604-768x512.jpg')\"><\/a>\n            <!--end single-->\n                    <!--single-->\n            <a data-no-swup class=\"c-lightbox-gallery__single js-lightbox-single\"\n               href=\"https:\/\/www.predsjednik.hr\/wp-content\/uploads\/2022\/05\/DSC_0649-1024x683.jpg\"\n               style=\"background-image: url('https:\/\/www.predsjednik.hr\/wp-content\/uploads\/2022\/05\/DSC_0649-768x512.jpg')\"><\/a>\n            <!--end single-->\n        <\/div>\n<!--end GALLERY BLOCK-->\n\n\n\n<p>PHOTO: Office of the President of the Republic of Croatia \/ Dario Andri\u0161ek<\/p>\n","protected":false},"excerpt":{"rendered":"<p>The President of the Republic Zoran Milanovi\u0107 participated in the opening session of the 75th World Health Assembly in Geneva, saying he was pleased to address the gathering on the very day when Croatia marks the 30th anniversary of its membership in the United Nations. In his address, the President reminded of the importance of Croatia\u2019s cooperation with the World Health Organization (WHO).<\/p>\n","protected":false},"featured_media":17330,"template":"","news-cat":[12],"class_list":["post-17341","news","type-news","status-publish","has-post-thumbnail","hentry","news-cat-news"],"acf":[],"yoast_head":"<!-- This site is optimized with the Yoast SEO plugin v27.4 - https:\/\/yoast.com\/product\/yoast-seo-wordpress\/ -->\n<title>President Milanovi\u0107 at 75th World Health Assembly in Geneva - President of the Republic of Croatia - Zoran Milanovi\u0107<\/title>\n<meta name=\"robots\" content=\"index, follow, max-snippet:-1, max-image-preview:large, max-video-preview:-1\" \/>\n<link rel=\"canonical\" href=\"https:\/\/www.predsjednik.hr\/en\/news\/president-milanovic-at-75th-world-health-assembly-in-geneva\/\" \/>\n<meta property=\"og:locale\" content=\"en_US\" \/>\n<meta property=\"og:type\" content=\"article\" \/>\n<meta property=\"og:title\" content=\"President Milanovi\u0107 at 75th World Health Assembly in Geneva - President of the Republic of Croatia - Zoran Milanovi\u0107\" \/>\n<meta property=\"og:description\" content=\"The President of the Republic Zoran Milanovi\u0107 participated in the opening session of the 75th World Health Assembly in Geneva, saying he was pleased to address the gathering on the very day when Croatia marks the 30th anniversary of its membership in the United Nations. In his address, the President reminded of the importance of Croatia\u2019s cooperation with the World Health Organization (WHO).\" \/>\n<meta property=\"og:url\" content=\"https:\/\/www.predsjednik.hr\/en\/news\/president-milanovic-at-75th-world-health-assembly-in-geneva\/\" \/>\n<meta property=\"og:site_name\" content=\"President of the Republic of Croatia - Zoran Milanovi\u0107\" \/>\n<meta property=\"article:modified_time\" content=\"2022-05-23T09:30:40+00:00\" \/>\n<meta property=\"og:image\" content=\"https:\/\/www.predsjednik.hr\/wp-content\/uploads\/2022\/05\/DSC_0574.jpg\" \/>\n\t<meta property=\"og:image:width\" content=\"4096\" \/>\n\t<meta property=\"og:image:height\" content=\"2731\" \/>\n\t<meta property=\"og:image:type\" content=\"image\/jpeg\" \/>\n<meta name=\"twitter:card\" content=\"summary_large_image\" \/>\n<meta name=\"twitter:label1\" content=\"Est. reading time\" \/>\n\t<meta name=\"twitter:data1\" content=\"5 minutes\" \/>\n<script type=\"application\/ld+json\" class=\"yoast-schema-graph\">{\"@context\":\"https:\\\/\\\/schema.org\",\"@graph\":[{\"@type\":\"WebPage\",\"@id\":\"https:\\\/\\\/www.predsjednik.hr\\\/en\\\/news\\\/president-milanovic-at-75th-world-health-assembly-in-geneva\\\/\",\"url\":\"https:\\\/\\\/www.predsjednik.hr\\\/en\\\/news\\\/president-milanovic-at-75th-world-health-assembly-in-geneva\\\/\",\"name\":\"President Milanovi\u0107 at 75th World Health Assembly in Geneva - President of the Republic of Croatia - Zoran Milanovi\u0107\",\"isPartOf\":{\"@id\":\"https:\\\/\\\/www.predsjednik.hr\\\/en\\\/#website\"},\"primaryImageOfPage\":{\"@id\":\"https:\\\/\\\/www.predsjednik.hr\\\/en\\\/news\\\/president-milanovic-at-75th-world-health-assembly-in-geneva\\\/#primaryimage\"},\"image\":{\"@id\":\"https:\\\/\\\/www.predsjednik.hr\\\/en\\\/news\\\/president-milanovic-at-75th-world-health-assembly-in-geneva\\\/#primaryimage\"},\"thumbnailUrl\":\"https:\\\/\\\/www.predsjednik.hr\\\/wp-content\\\/uploads\\\/2022\\\/05\\\/DSC_0574.jpg\",\"datePublished\":\"2022-05-22T15:27:00+00:00\",\"dateModified\":\"2022-05-23T09:30:40+00:00\",\"breadcrumb\":{\"@id\":\"https:\\\/\\\/www.predsjednik.hr\\\/en\\\/news\\\/president-milanovic-at-75th-world-health-assembly-in-geneva\\\/#breadcrumb\"},\"inLanguage\":\"en-US\",\"potentialAction\":[{\"@type\":\"ReadAction\",\"target\":[\"https:\\\/\\\/www.predsjednik.hr\\\/en\\\/news\\\/president-milanovic-at-75th-world-health-assembly-in-geneva\\\/\"]}]},{\"@type\":\"ImageObject\",\"inLanguage\":\"en-US\",\"@id\":\"https:\\\/\\\/www.predsjednik.hr\\\/en\\\/news\\\/president-milanovic-at-75th-world-health-assembly-in-geneva\\\/#primaryimage\",\"url\":\"https:\\\/\\\/www.predsjednik.hr\\\/wp-content\\\/uploads\\\/2022\\\/05\\\/DSC_0574.jpg\",\"contentUrl\":\"https:\\\/\\\/www.predsjednik.hr\\\/wp-content\\\/uploads\\\/2022\\\/05\\\/DSC_0574.jpg\",\"width\":4096,\"height\":2731,\"caption\":\"President Milanovi\u0107 at 75th World Health Assembly in Geneva\"},{\"@type\":\"BreadcrumbList\",\"@id\":\"https:\\\/\\\/www.predsjednik.hr\\\/en\\\/news\\\/president-milanovic-at-75th-world-health-assembly-in-geneva\\\/#breadcrumb\",\"itemListElement\":[{\"@type\":\"ListItem\",\"position\":1,\"name\":\"Home\",\"item\":\"https:\\\/\\\/www.predsjednik.hr\\\/en\\\/\"},{\"@type\":\"ListItem\",\"position\":2,\"name\":\"Vijesti\",\"item\":\"https:\\\/\\\/www.predsjednik.hr\\\/en\\\/news\\\/\"},{\"@type\":\"ListItem\",\"position\":3,\"name\":\"President Milanovi\u0107 at 75th World Health Assembly in Geneva\"}]},{\"@type\":\"WebSite\",\"@id\":\"https:\\\/\\\/www.predsjednik.hr\\\/en\\\/#website\",\"url\":\"https:\\\/\\\/www.predsjednik.hr\\\/en\\\/\",\"name\":\"President of the Republic of Croatia - Zoran Milanovi\u0107\",\"description\":\"Just another WordPress site\",\"potentialAction\":[{\"@type\":\"SearchAction\",\"target\":{\"@type\":\"EntryPoint\",\"urlTemplate\":\"https:\\\/\\\/www.predsjednik.hr\\\/en\\\/?s={search_term_string}\"},\"query-input\":{\"@type\":\"PropertyValueSpecification\",\"valueRequired\":true,\"valueName\":\"search_term_string\"}}],\"inLanguage\":\"en-US\"}]}<\/script>\n<!-- \/ Yoast SEO plugin. -->","yoast_head_json":{"title":"President Milanovi\u0107 at 75th World Health Assembly in Geneva - President of the Republic of Croatia - Zoran Milanovi\u0107","robots":{"index":"index","follow":"follow","max-snippet":"max-snippet:-1","max-image-preview":"max-image-preview:large","max-video-preview":"max-video-preview:-1"},"canonical":"https:\/\/www.predsjednik.hr\/en\/news\/president-milanovic-at-75th-world-health-assembly-in-geneva\/","og_locale":"en_US","og_type":"article","og_title":"President Milanovi\u0107 at 75th World Health Assembly in Geneva - President of the Republic of Croatia - Zoran Milanovi\u0107","og_description":"The President of the Republic Zoran Milanovi\u0107 participated in the opening session of the 75th World Health Assembly in Geneva, saying he was pleased to address the gathering on the very day when Croatia marks the 30th anniversary of its membership in the United Nations. In his address, the President reminded of the importance of Croatia\u2019s cooperation with the World Health Organization (WHO).","og_url":"https:\/\/www.predsjednik.hr\/en\/news\/president-milanovic-at-75th-world-health-assembly-in-geneva\/","og_site_name":"President of the Republic of Croatia - Zoran Milanovi\u0107","article_modified_time":"2022-05-23T09:30:40+00:00","og_image":[{"width":4096,"height":2731,"url":"https:\/\/www.predsjednik.hr\/wp-content\/uploads\/2022\/05\/DSC_0574.jpg","type":"image\/jpeg"}],"twitter_card":"summary_large_image","twitter_misc":{"Est. reading time":"5 minutes"},"schema":{"@context":"https:\/\/schema.org","@graph":[{"@type":"WebPage","@id":"https:\/\/www.predsjednik.hr\/en\/news\/president-milanovic-at-75th-world-health-assembly-in-geneva\/","url":"https:\/\/www.predsjednik.hr\/en\/news\/president-milanovic-at-75th-world-health-assembly-in-geneva\/","name":"President Milanovi\u0107 at 75th World Health Assembly in Geneva - President of the Republic of Croatia - Zoran Milanovi\u0107","isPartOf":{"@id":"https:\/\/www.predsjednik.hr\/en\/#website"},"primaryImageOfPage":{"@id":"https:\/\/www.predsjednik.hr\/en\/news\/president-milanovic-at-75th-world-health-assembly-in-geneva\/#primaryimage"},"image":{"@id":"https:\/\/www.predsjednik.hr\/en\/news\/president-milanovic-at-75th-world-health-assembly-in-geneva\/#primaryimage"},"thumbnailUrl":"https:\/\/www.predsjednik.hr\/wp-content\/uploads\/2022\/05\/DSC_0574.jpg","datePublished":"2022-05-22T15:27:00+00:00","dateModified":"2022-05-23T09:30:40+00:00","breadcrumb":{"@id":"https:\/\/www.predsjednik.hr\/en\/news\/president-milanovic-at-75th-world-health-assembly-in-geneva\/#breadcrumb"},"inLanguage":"en-US","potentialAction":[{"@type":"ReadAction","target":["https:\/\/www.predsjednik.hr\/en\/news\/president-milanovic-at-75th-world-health-assembly-in-geneva\/"]}]},{"@type":"ImageObject","inLanguage":"en-US","@id":"https:\/\/www.predsjednik.hr\/en\/news\/president-milanovic-at-75th-world-health-assembly-in-geneva\/#primaryimage","url":"https:\/\/www.predsjednik.hr\/wp-content\/uploads\/2022\/05\/DSC_0574.jpg","contentUrl":"https:\/\/www.predsjednik.hr\/wp-content\/uploads\/2022\/05\/DSC_0574.jpg","width":4096,"height":2731,"caption":"President Milanovi\u0107 at 75th World Health Assembly in Geneva"},{"@type":"BreadcrumbList","@id":"https:\/\/www.predsjednik.hr\/en\/news\/president-milanovic-at-75th-world-health-assembly-in-geneva\/#breadcrumb","itemListElement":[{"@type":"ListItem","position":1,"name":"Home","item":"https:\/\/www.predsjednik.hr\/en\/"},{"@type":"ListItem","position":2,"name":"Vijesti","item":"https:\/\/www.predsjednik.hr\/en\/news\/"},{"@type":"ListItem","position":3,"name":"President Milanovi\u0107 at 75th World Health Assembly in Geneva"}]},{"@type":"WebSite","@id":"https:\/\/www.predsjednik.hr\/en\/#website","url":"https:\/\/www.predsjednik.hr\/en\/","name":"President of the Republic of Croatia - Zoran Milanovi\u0107","description":"Just another WordPress site","potentialAction":[{"@type":"SearchAction","target":{"@type":"EntryPoint","urlTemplate":"https:\/\/www.predsjednik.hr\/en\/?s={search_term_string}"},"query-input":{"@type":"PropertyValueSpecification","valueRequired":true,"valueName":"search_term_string"}}],"inLanguage":"en-US"}]}},"_links":{"self":[{"href":"https:\/\/www.predsjednik.hr\/en\/wp-json\/wp\/v2\/news\/17341","targetHints":{"allow":["GET"]}}],"collection":[{"href":"https:\/\/www.predsjednik.hr\/en\/wp-json\/wp\/v2\/news"}],"about":[{"href":"https:\/\/www.predsjednik.hr\/en\/wp-json\/wp\/v2\/types\/news"}],"wp:featuredmedia":[{"embeddable":true,"href":"https:\/\/www.predsjednik.hr\/en\/wp-json\/wp\/v2\/media\/17330"}],"wp:attachment":[{"href":"https:\/\/www.predsjednik.hr\/en\/wp-json\/wp\/v2\/media?parent=17341"}],"wp:term":[{"taxonomy":"news-cat","embeddable":true,"href":"https:\/\/www.predsjednik.hr\/en\/wp-json\/wp\/v2\/news-cat?post=17341"}],"curies":[{"name":"wp","href":"https:\/\/api.w.org\/{rel}","templated":true}]}}