{"id":17456,"date":"2022-05-25T17:53:22","date_gmt":"2022-05-25T15:53:22","guid":{"rendered":"https:\/\/www.predsjednik.hr\/?post_type=news&#038;p=17456"},"modified":"2022-05-25T17:53:23","modified_gmt":"2022-05-25T15:53:23","slug":"president-milanovic-receives-representatives-of-town-of-sinj-and-gradska-glazba-sinj","status":"publish","type":"news","link":"https:\/\/www.predsjednik.hr\/en\/news\/president-milanovic-receives-representatives-of-town-of-sinj-and-gradska-glazba-sinj\/","title":{"rendered":"President Milanovi\u0107 Receives Representatives of Town of Sinj and \u201cGradska glazba Sinj\u201d"},"content":{"rendered":"\n<p>The President of the Republic Zoran Milanovi\u0107 received in the Office of the President today representatives of the Town of Sinj and its orchestra on the occasion of the 160<sup>th<\/sup> anniversary and continuous work of the \u201cGradska glazba Sinj\u201d orchestra. The President of the Republic is also the patron of the anniversary celebration of the foundation and activities of the Sinj orchestra.<\/p>\n\n\n\n<p>The Mayor of Sinj Miro Bulj and representatives of Sinj\u2019s orchestra: president Petar Pavlovi\u0107, vice-president Damir Vu\u010dkovi\u0107, Management Board member An\u0111ela Pa\u0161tar Krn\u010devi\u0107, and the president of the Club of Sinj Citizens in Zagreb (Klub Sinjana u Zagrebu) Davor Varenina underlined that the orchestra is one of the oldest cultural societies in Sinj. With its longstanding work the orchestra has played a major role in developing and promoting music culture, and by assembling a large number of school-aged youngsters it has played a significant role in their upbringing.<\/p>\n\n\n\n<p>Today no important event or celebration can be imagined from Sinj\u2019s past and present history without its orchestra, and especially not the \u201cSinjska alka\u201d knights\u2019 tournament. It was stressed that it would be quite difficult to imagine Sinj without its orchestra because it has become a major part of everyday life.<\/p>\n\n\n\n<p>On the occasion of the anniversary of the \u201cGradska glazba Sinj\u201d orchestra, a concert will be held next month in Zagreb\u2019s Zrinjevac park in the organization of the \u201cKlub Sinjana u Zagrebu\u201d with the support of the City of Zagreb and the Town of Sinj as well as Tourist Boards of Zagreb and Sinj. They added that it will be just one of many performances they will hold during this jubilee year.<\/p>\n\n\n\n<p>Alongside President Milanovi\u0107 at the meeting was the Adviser to the President for Human Rights and Civil Society Melita Muli\u0107.<\/p>\n\n\n<!--GALLERY BLOCK-->\n<div class=\"c-lightbox-gallery js-lightbox\">\n                <!--single-->\n            <a data-no-swup class=\"c-lightbox-gallery__single js-lightbox-single\"\n               href=\"https:\/\/www.predsjednik.hr\/wp-content\/uploads\/2022\/05\/DSC_1365-1024x576.jpg\"\n               style=\"background-image: url('https:\/\/www.predsjednik.hr\/wp-content\/uploads\/2022\/05\/DSC_1365-768x432.jpg')\"><\/a>\n            <!--end single-->\n                    <!--single-->\n            <a data-no-swup class=\"c-lightbox-gallery__single js-lightbox-single\"\n               href=\"https:\/\/www.predsjednik.hr\/wp-content\/uploads\/2022\/05\/DSC_1376-1024x576.jpg\"\n               style=\"background-image: url('https:\/\/www.predsjednik.hr\/wp-content\/uploads\/2022\/05\/DSC_1376-768x432.jpg')\"><\/a>\n            <!--end single-->\n                    <!--single-->\n            <a data-no-swup class=\"c-lightbox-gallery__single js-lightbox-single\"\n               href=\"https:\/\/www.predsjednik.hr\/wp-content\/uploads\/2022\/05\/DSC_1385-1024x576.jpg\"\n               style=\"background-image: url('https:\/\/www.predsjednik.hr\/wp-content\/uploads\/2022\/05\/DSC_1385-768x432.jpg')\"><\/a>\n            <!--end single-->\n                    <!--single-->\n            <a data-no-swup class=\"c-lightbox-gallery__single js-lightbox-single\"\n               href=\"https:\/\/www.predsjednik.hr\/wp-content\/uploads\/2022\/05\/DSC_1391-1024x576.jpg\"\n               style=\"background-image: url('https:\/\/www.predsjednik.hr\/wp-content\/uploads\/2022\/05\/DSC_1391-768x432.jpg')\"><\/a>\n            <!--end single-->\n        <\/div>\n<!--end GALLERY BLOCK-->\n\n\n\n<p>PHOTO: Office of the President of the Republic of Croatia \/ Ana Marija Kati\u0107<\/p>\n","protected":false},"excerpt":{"rendered":"<p>The President of the Republic Zoran Milanovi\u0107 received in the Office of the President today representatives of the Town of Sinj and its orchestra on the occasion of the 160th anniversary and continuous work of the \u201cGradska glazba Sinj\u201d orchestra<\/p>\n","protected":false},"featured_media":17406,"template":"","news-cat":[12],"class_list":["post-17456","news","type-news","status-publish","has-post-thumbnail","hentry","news-cat-news"],"acf":[],"yoast_head":"<!-- This site is optimized with the Yoast SEO plugin v27.4 - https:\/\/yoast.com\/product\/yoast-seo-wordpress\/ -->\n<title>President Milanovi\u0107 Receives Representatives of Town of Sinj and \u201cGradska glazba Sinj\u201d - President of the Republic of Croatia - Zoran Milanovi\u0107<\/title>\n<meta name=\"robots\" content=\"index, follow, max-snippet:-1, max-image-preview:large, max-video-preview:-1\" \/>\n<link rel=\"canonical\" href=\"https:\/\/www.predsjednik.hr\/en\/news\/president-milanovic-receives-representatives-of-town-of-sinj-and-gradska-glazba-sinj\/\" \/>\n<meta property=\"og:locale\" content=\"en_US\" \/>\n<meta property=\"og:type\" content=\"article\" \/>\n<meta property=\"og:title\" content=\"President Milanovi\u0107 Receives Representatives of Town of Sinj and \u201cGradska glazba Sinj\u201d - President of the Republic of Croatia - Zoran Milanovi\u0107\" \/>\n<meta property=\"og:description\" content=\"The President of the Republic Zoran Milanovi\u0107 received in the Office of the President today representatives of the Town of Sinj and its orchestra on the occasion of the 160th anniversary and continuous work of the \u201cGradska glazba Sinj\u201d orchestra\" \/>\n<meta property=\"og:url\" content=\"https:\/\/www.predsjednik.hr\/en\/news\/president-milanovic-receives-representatives-of-town-of-sinj-and-gradska-glazba-sinj\/\" \/>\n<meta property=\"og:site_name\" content=\"President of the Republic of Croatia - Zoran Milanovi\u0107\" \/>\n<meta property=\"article:modified_time\" content=\"2022-05-25T15:53:23+00:00\" \/>\n<meta property=\"og:image\" content=\"https:\/\/www.predsjednik.hr\/wp-content\/uploads\/2022\/05\/DSC_1365.jpg\" \/>\n\t<meta property=\"og:image:width\" content=\"4746\" \/>\n\t<meta property=\"og:image:height\" content=\"2670\" \/>\n\t<meta property=\"og:image:type\" content=\"image\/jpeg\" \/>\n<meta name=\"twitter:card\" content=\"summary_large_image\" \/>\n<meta name=\"twitter:label1\" content=\"Est. reading time\" \/>\n\t<meta name=\"twitter:data1\" content=\"2 minutes\" \/>\n<script type=\"application\/ld+json\" class=\"yoast-schema-graph\">{\"@context\":\"https:\\\/\\\/schema.org\",\"@graph\":[{\"@type\":\"WebPage\",\"@id\":\"https:\\\/\\\/www.predsjednik.hr\\\/en\\\/news\\\/president-milanovic-receives-representatives-of-town-of-sinj-and-gradska-glazba-sinj\\\/\",\"url\":\"https:\\\/\\\/www.predsjednik.hr\\\/en\\\/news\\\/president-milanovic-receives-representatives-of-town-of-sinj-and-gradska-glazba-sinj\\\/\",\"name\":\"President Milanovi\u0107 Receives Representatives of Town of Sinj and \u201cGradska glazba Sinj\u201d - President of the Republic of Croatia - Zoran Milanovi\u0107\",\"isPartOf\":{\"@id\":\"https:\\\/\\\/www.predsjednik.hr\\\/en\\\/#website\"},\"primaryImageOfPage\":{\"@id\":\"https:\\\/\\\/www.predsjednik.hr\\\/en\\\/news\\\/president-milanovic-receives-representatives-of-town-of-sinj-and-gradska-glazba-sinj\\\/#primaryimage\"},\"image\":{\"@id\":\"https:\\\/\\\/www.predsjednik.hr\\\/en\\\/news\\\/president-milanovic-receives-representatives-of-town-of-sinj-and-gradska-glazba-sinj\\\/#primaryimage\"},\"thumbnailUrl\":\"https:\\\/\\\/www.predsjednik.hr\\\/wp-content\\\/uploads\\\/2022\\\/05\\\/DSC_1365.jpg\",\"datePublished\":\"2022-05-25T15:53:22+00:00\",\"dateModified\":\"2022-05-25T15:53:23+00:00\",\"breadcrumb\":{\"@id\":\"https:\\\/\\\/www.predsjednik.hr\\\/en\\\/news\\\/president-milanovic-receives-representatives-of-town-of-sinj-and-gradska-glazba-sinj\\\/#breadcrumb\"},\"inLanguage\":\"en-US\",\"potentialAction\":[{\"@type\":\"ReadAction\",\"target\":[\"https:\\\/\\\/www.predsjednik.hr\\\/en\\\/news\\\/president-milanovic-receives-representatives-of-town-of-sinj-and-gradska-glazba-sinj\\\/\"]}]},{\"@type\":\"ImageObject\",\"inLanguage\":\"en-US\",\"@id\":\"https:\\\/\\\/www.predsjednik.hr\\\/en\\\/news\\\/president-milanovic-receives-representatives-of-town-of-sinj-and-gradska-glazba-sinj\\\/#primaryimage\",\"url\":\"https:\\\/\\\/www.predsjednik.hr\\\/wp-content\\\/uploads\\\/2022\\\/05\\\/DSC_1365.jpg\",\"contentUrl\":\"https:\\\/\\\/www.predsjednik.hr\\\/wp-content\\\/uploads\\\/2022\\\/05\\\/DSC_1365.jpg\",\"width\":4746,\"height\":2670,\"caption\":\"The President of the Republic Zoran Milanovi\u0107 received in the Office of the President today representatives of the Town of Sinj and its orchestra on the occasion of the 160th anniversary and continuous work of the \u201cGradska glazba Sinj\u201d orchestra\"},{\"@type\":\"BreadcrumbList\",\"@id\":\"https:\\\/\\\/www.predsjednik.hr\\\/en\\\/news\\\/president-milanovic-receives-representatives-of-town-of-sinj-and-gradska-glazba-sinj\\\/#breadcrumb\",\"itemListElement\":[{\"@type\":\"ListItem\",\"position\":1,\"name\":\"Home\",\"item\":\"https:\\\/\\\/www.predsjednik.hr\\\/en\\\/\"},{\"@type\":\"ListItem\",\"position\":2,\"name\":\"Vijesti\",\"item\":\"https:\\\/\\\/www.predsjednik.hr\\\/en\\\/news\\\/\"},{\"@type\":\"ListItem\",\"position\":3,\"name\":\"President Milanovi\u0107 Receives Representatives of Town of Sinj and \u201cGradska glazba Sinj\u201d\"}]},{\"@type\":\"WebSite\",\"@id\":\"https:\\\/\\\/www.predsjednik.hr\\\/en\\\/#website\",\"url\":\"https:\\\/\\\/www.predsjednik.hr\\\/en\\\/\",\"name\":\"President of the Republic of Croatia - Zoran Milanovi\u0107\",\"description\":\"Just another WordPress site\",\"potentialAction\":[{\"@type\":\"SearchAction\",\"target\":{\"@type\":\"EntryPoint\",\"urlTemplate\":\"https:\\\/\\\/www.predsjednik.hr\\\/en\\\/?s={search_term_string}\"},\"query-input\":{\"@type\":\"PropertyValueSpecification\",\"valueRequired\":true,\"valueName\":\"search_term_string\"}}],\"inLanguage\":\"en-US\"}]}<\/script>\n<!-- \/ Yoast SEO plugin. -->","yoast_head_json":{"title":"President Milanovi\u0107 Receives Representatives of Town of Sinj and \u201cGradska glazba Sinj\u201d - President of the Republic of Croatia - Zoran Milanovi\u0107","robots":{"index":"index","follow":"follow","max-snippet":"max-snippet:-1","max-image-preview":"max-image-preview:large","max-video-preview":"max-video-preview:-1"},"canonical":"https:\/\/www.predsjednik.hr\/en\/news\/president-milanovic-receives-representatives-of-town-of-sinj-and-gradska-glazba-sinj\/","og_locale":"en_US","og_type":"article","og_title":"President Milanovi\u0107 Receives Representatives of Town of Sinj and \u201cGradska glazba Sinj\u201d - President of the Republic of Croatia - Zoran Milanovi\u0107","og_description":"The President of the Republic Zoran Milanovi\u0107 received in the Office of the President today representatives of the Town of Sinj and its orchestra on the occasion of the 160th anniversary and continuous work of the \u201cGradska glazba Sinj\u201d orchestra","og_url":"https:\/\/www.predsjednik.hr\/en\/news\/president-milanovic-receives-representatives-of-town-of-sinj-and-gradska-glazba-sinj\/","og_site_name":"President of the Republic of Croatia - Zoran Milanovi\u0107","article_modified_time":"2022-05-25T15:53:23+00:00","og_image":[{"width":4746,"height":2670,"url":"https:\/\/www.predsjednik.hr\/wp-content\/uploads\/2022\/05\/DSC_1365.jpg","type":"image\/jpeg"}],"twitter_card":"summary_large_image","twitter_misc":{"Est. reading time":"2 minutes"},"schema":{"@context":"https:\/\/schema.org","@graph":[{"@type":"WebPage","@id":"https:\/\/www.predsjednik.hr\/en\/news\/president-milanovic-receives-representatives-of-town-of-sinj-and-gradska-glazba-sinj\/","url":"https:\/\/www.predsjednik.hr\/en\/news\/president-milanovic-receives-representatives-of-town-of-sinj-and-gradska-glazba-sinj\/","name":"President Milanovi\u0107 Receives Representatives of Town of Sinj and \u201cGradska glazba Sinj\u201d - President of the Republic of Croatia - Zoran Milanovi\u0107","isPartOf":{"@id":"https:\/\/www.predsjednik.hr\/en\/#website"},"primaryImageOfPage":{"@id":"https:\/\/www.predsjednik.hr\/en\/news\/president-milanovic-receives-representatives-of-town-of-sinj-and-gradska-glazba-sinj\/#primaryimage"},"image":{"@id":"https:\/\/www.predsjednik.hr\/en\/news\/president-milanovic-receives-representatives-of-town-of-sinj-and-gradska-glazba-sinj\/#primaryimage"},"thumbnailUrl":"https:\/\/www.predsjednik.hr\/wp-content\/uploads\/2022\/05\/DSC_1365.jpg","datePublished":"2022-05-25T15:53:22+00:00","dateModified":"2022-05-25T15:53:23+00:00","breadcrumb":{"@id":"https:\/\/www.predsjednik.hr\/en\/news\/president-milanovic-receives-representatives-of-town-of-sinj-and-gradska-glazba-sinj\/#breadcrumb"},"inLanguage":"en-US","potentialAction":[{"@type":"ReadAction","target":["https:\/\/www.predsjednik.hr\/en\/news\/president-milanovic-receives-representatives-of-town-of-sinj-and-gradska-glazba-sinj\/"]}]},{"@type":"ImageObject","inLanguage":"en-US","@id":"https:\/\/www.predsjednik.hr\/en\/news\/president-milanovic-receives-representatives-of-town-of-sinj-and-gradska-glazba-sinj\/#primaryimage","url":"https:\/\/www.predsjednik.hr\/wp-content\/uploads\/2022\/05\/DSC_1365.jpg","contentUrl":"https:\/\/www.predsjednik.hr\/wp-content\/uploads\/2022\/05\/DSC_1365.jpg","width":4746,"height":2670,"caption":"The President of the Republic Zoran Milanovi\u0107 received in the Office of the President today representatives of the Town of Sinj and its orchestra on the occasion of the 160th anniversary and continuous work of the \u201cGradska glazba Sinj\u201d orchestra"},{"@type":"BreadcrumbList","@id":"https:\/\/www.predsjednik.hr\/en\/news\/president-milanovic-receives-representatives-of-town-of-sinj-and-gradska-glazba-sinj\/#breadcrumb","itemListElement":[{"@type":"ListItem","position":1,"name":"Home","item":"https:\/\/www.predsjednik.hr\/en\/"},{"@type":"ListItem","position":2,"name":"Vijesti","item":"https:\/\/www.predsjednik.hr\/en\/news\/"},{"@type":"ListItem","position":3,"name":"President Milanovi\u0107 Receives Representatives of Town of Sinj and \u201cGradska glazba Sinj\u201d"}]},{"@type":"WebSite","@id":"https:\/\/www.predsjednik.hr\/en\/#website","url":"https:\/\/www.predsjednik.hr\/en\/","name":"President of the Republic of Croatia - Zoran Milanovi\u0107","description":"Just another WordPress site","potentialAction":[{"@type":"SearchAction","target":{"@type":"EntryPoint","urlTemplate":"https:\/\/www.predsjednik.hr\/en\/?s={search_term_string}"},"query-input":{"@type":"PropertyValueSpecification","valueRequired":true,"valueName":"search_term_string"}}],"inLanguage":"en-US"}]}},"_links":{"self":[{"href":"https:\/\/www.predsjednik.hr\/en\/wp-json\/wp\/v2\/news\/17456","targetHints":{"allow":["GET"]}}],"collection":[{"href":"https:\/\/www.predsjednik.hr\/en\/wp-json\/wp\/v2\/news"}],"about":[{"href":"https:\/\/www.predsjednik.hr\/en\/wp-json\/wp\/v2\/types\/news"}],"wp:featuredmedia":[{"embeddable":true,"href":"https:\/\/www.predsjednik.hr\/en\/wp-json\/wp\/v2\/media\/17406"}],"wp:attachment":[{"href":"https:\/\/www.predsjednik.hr\/en\/wp-json\/wp\/v2\/media?parent=17456"}],"wp:term":[{"taxonomy":"news-cat","embeddable":true,"href":"https:\/\/www.predsjednik.hr\/en\/wp-json\/wp\/v2\/news-cat?post=17456"}],"curies":[{"name":"wp","href":"https:\/\/api.w.org\/{rel}","templated":true}]}}