{"id":17457,"date":"2022-05-25T17:55:00","date_gmt":"2022-05-25T15:55:00","guid":{"rendered":"https:\/\/www.predsjednik.hr\/?post_type=news&#038;p=17457"},"modified":"2022-05-26T10:57:16","modified_gmt":"2022-05-26T08:57:16","slug":"president-milanovic-comments-on-us-donation-black-hawk-helicopters-are-a-pledge-of-future-cooperation-we-cant-buy-anything-other-than-western","status":"publish","type":"news","link":"https:\/\/www.predsjednik.hr\/en\/news\/president-milanovic-comments-on-us-donation-black-hawk-helicopters-are-a-pledge-of-future-cooperation-we-cant-buy-anything-other-than-western\/","title":{"rendered":"President Milanovi\u0107 Comments on US Donation: Black Hawk helicopters are a pledge of future cooperation; we can\u2019t buy anything other than Western"},"content":{"rendered":"\n<p>The President of the Republic and Commander in Chief of the Croatian Armed Forces Zoran Milanovi\u0107 attended at the Lieutenant Colonel Marko \u017divkovi\u0107 Barracks in Velika Gorica the handover of two UH-60M Black Hawk helicopters donated by the United States of America to the Republic of Croatia.<\/p>\n\n\n\n<p>President Milanovi\u0107 considers the new US Black Hawk helicopters \u201ca good investment, a gift and a pledge of future cooperation,\u201d adding that \u201cwe have good defence cooperation with the Americans, as was proven.\u201d \u201cWe can\u2019t buy anything other than Western. This is high quality and expensive, the price of a new helicopter is 30 million dollars,\u201d said President Milanovi\u0107.<\/p>\n\n\n\n<p>At the ceremony, Commander of US Armed Forces Special Operations Command Europe Major General David H. Tabor said that the transfer of the two UH-60M Black Hawk helicopters is representative of the close bond between Croatia and the US. \u201cThank you for your leadership and service. Without your commitment and dedication to our common defence, we would not be here today. I also want to thank all the distinguished guests in attendance for everything you have done, not only for your proud country, but for the NATO alliance,\u201d Major General Tabor told those present, pointing out that NATO is not just a military alliance, but an alliance of shared values.<\/p>\n\n\n\n<p>He emphasized that Croatia had rightly earned the reputation as a committed and capable NATO ally. \u201cOur soldiers have served shoulder-to-shoulder from Afghanistan to Kosovo, and we have been deeply impressed with the professionalism, capacities, and dedication of your men and women in uniform. We are proud to call you an ally. We know we can count on Croatia, and Croatia can count on the US,\u201d the Commander of Special Operations Command Europe said, adding that the introduction of Black Hawk helicopters will further enhance the capabilities of the Croatian Armed Forces and serve as a joint investment in our shared security.<\/p>\n\n\n\n<p>He expressed satisfaction that Croatia is also acquiring US Bradley Fighting Vehicles, calling this \u201canother important investment in Croatia\u2019s and our collective defence.\u201d In regard to defence cooperation between the US and Croatia, Major General Tabor said it remains a cornerstone of relations between the two countries, whose common interest is that Croatia remains a strong US and NATO ally in Europe, and a regional leader. \u201cWe are extremely grateful for the support you have given us over these many years. Again, thank you and we are proud to have you as an ally,\u201d concluded Commander of US Armed Forces Special Operations Command Europe Major General David H. Tabor.<\/p>\n\n\n\n<p>The helicopters were accepted on Croatia\u2019s behalf by the Commander of the Croatian Air Force Brigadier General Michael Kri\u017eanec, who pointed out that all pilots present at the handover of the helicopters are living witnesses to the history that began in 2014. \u201cAlmost eight years ago, Croatia launched efforts to modernize and equip the Air Force with Western multi-purpose helicopters. Immediately after fighting broke out in Ukraine,\u201d said Brigadier General Kri\u017eanec, emphasizing that a decision was made at the time on the need to replace the fleet of helicopters that were the mainstay of the helicopter capabilities of the Air Force and the Croatian Armed Forces.<\/p>\n\n\n\n<p>\u201cOne of the first choices of the Croatian Air Force was the Black Hawk helicopter and the higher organizational units viewed this option positively. Great wisdom was not needed to have trust in the choice of a combat-tested helicopter, manufactured for military tasks, which still has a long service life ahead,\u201d said the Commander of the Croatian Air Force, adding that the entire process, from the expression of interest to the delivery of the helicopters, was long and called for perseverance.<\/p>\n\n\n\n<p>He explained that the process of acquiring the helicopters was also a learning process because they first had to learn the language and understand the principles underlying the procurement of US military equipment. \u201cThe assumptions that when we buy a helicopter we also get two engines were not correct. The assumptions that the helicopters would come with seats and passenger seat belts, let alone two workstations, were not accurate. The most difficult thing was to return home with very short and comprehensible reports, inform your superiors and convey only what is most important, so that we could all be here today and witness the handover of helicopters with Croatian insignia on the fuselage,\u201d Brigadier General Kri\u017eanec said in conclusion of his address, also thanking, in addition to the US Government, all those who were part of the team that led the procurement process and who remain part of the joint Croatian-US team that continues to support the Air Force.<\/p>\n\n\n\n<p>The Chief of the General Staff of the Croatian Armed Forces Admiral Robert Hranj, envoy of the Speaker of the Croatian Parliament and Member of Parliament Ante Deur, envoy of the Croatian Prime Minister and Minister of Defence Mario Bano\u017ei\u0107, and numerous other army officials attended the ceremony.<\/p>\n\n\n\n<p>Following the helicopter transfer ceremony, the President of the Republic viewed the UH-60M Black Hawk helicopters.<\/p>\n\n\n\n<p>Adviser to the President of the Republic for Defence and National Security Dragan Lozan\u010di\u0107, Special Adviser to the President of the Republic for Homeland War Veterans Marijan Marekovi\u0107 and Head of the Military Office in the Cabinet for Defence and National Security at the Office of the President Rear Admiral Predrag Stipanovi\u0107 were alongside President Milanovi\u0107.<\/p>\n\n\n<!--GALLERY BLOCK-->\n<div class=\"c-lightbox-gallery js-lightbox\">\n                <!--single-->\n            <a data-no-swup class=\"c-lightbox-gallery__single js-lightbox-single\"\n               href=\"https:\/\/www.predsjednik.hr\/wp-content\/uploads\/2022\/05\/DSC_0277-1024x576.jpg\"\n               style=\"background-image: url('https:\/\/www.predsjednik.hr\/wp-content\/uploads\/2022\/05\/DSC_0277-768x432.jpg')\"><\/a>\n            <!--end single-->\n                    <!--single-->\n            <a data-no-swup class=\"c-lightbox-gallery__single js-lightbox-single\"\n               href=\"https:\/\/www.predsjednik.hr\/wp-content\/uploads\/2022\/05\/DSC_0513-1024x683.jpg\"\n               style=\"background-image: url('https:\/\/www.predsjednik.hr\/wp-content\/uploads\/2022\/05\/DSC_0513-768x512.jpg')\"><\/a>\n            <!--end single-->\n                    <!--single-->\n            <a data-no-swup class=\"c-lightbox-gallery__single js-lightbox-single\"\n               href=\"https:\/\/www.predsjednik.hr\/wp-content\/uploads\/2022\/05\/DSC_0545-1024x683.jpg\"\n               style=\"background-image: url('https:\/\/www.predsjednik.hr\/wp-content\/uploads\/2022\/05\/DSC_0545-768x512.jpg')\"><\/a>\n            <!--end single-->\n                    <!--single-->\n            <a data-no-swup class=\"c-lightbox-gallery__single js-lightbox-single\"\n               href=\"https:\/\/www.predsjednik.hr\/wp-content\/uploads\/2022\/05\/DSC_0569-1024x576.jpg\"\n               style=\"background-image: url('https:\/\/www.predsjednik.hr\/wp-content\/uploads\/2022\/05\/DSC_0569-768x432.jpg')\"><\/a>\n            <!--end single-->\n                    <!--single-->\n            <a data-no-swup class=\"c-lightbox-gallery__single js-lightbox-single\"\n               href=\"https:\/\/www.predsjednik.hr\/wp-content\/uploads\/2022\/05\/DSC_0581-1024x576.jpg\"\n               style=\"background-image: url('https:\/\/www.predsjednik.hr\/wp-content\/uploads\/2022\/05\/DSC_0581-768x432.jpg')\"><\/a>\n            <!--end single-->\n                    <!--single-->\n            <a data-no-swup class=\"c-lightbox-gallery__single js-lightbox-single\"\n               href=\"https:\/\/www.predsjednik.hr\/wp-content\/uploads\/2022\/05\/DSC_0649-1-1024x576.jpg\"\n               style=\"background-image: url('https:\/\/www.predsjednik.hr\/wp-content\/uploads\/2022\/05\/DSC_0649-1-768x432.jpg')\"><\/a>\n            <!--end single-->\n                    <!--single-->\n            <a data-no-swup class=\"c-lightbox-gallery__single js-lightbox-single\"\n               href=\"https:\/\/www.predsjednik.hr\/wp-content\/uploads\/2022\/05\/DSC_0677-1024x576.jpg\"\n               style=\"background-image: url('https:\/\/www.predsjednik.hr\/wp-content\/uploads\/2022\/05\/DSC_0677-768x432.jpg')\"><\/a>\n            <!--end single-->\n                    <!--single-->\n            <a data-no-swup class=\"c-lightbox-gallery__single js-lightbox-single\"\n               href=\"https:\/\/www.predsjednik.hr\/wp-content\/uploads\/2022\/05\/DSC_0689-1024x576.jpg\"\n               style=\"background-image: url('https:\/\/www.predsjednik.hr\/wp-content\/uploads\/2022\/05\/DSC_0689-768x432.jpg')\"><\/a>\n            <!--end single-->\n                    <!--single-->\n            <a data-no-swup class=\"c-lightbox-gallery__single js-lightbox-single\"\n               href=\"https:\/\/www.predsjednik.hr\/wp-content\/uploads\/2022\/05\/DSC_0749-1024x576.jpg\"\n               style=\"background-image: url('https:\/\/www.predsjednik.hr\/wp-content\/uploads\/2022\/05\/DSC_0749-768x432.jpg')\"><\/a>\n            <!--end single-->\n                    <!--single-->\n            <a data-no-swup class=\"c-lightbox-gallery__single js-lightbox-single\"\n               href=\"https:\/\/www.predsjednik.hr\/wp-content\/uploads\/2022\/05\/DSC_0869-1024x683.jpg\"\n               style=\"background-image: url('https:\/\/www.predsjednik.hr\/wp-content\/uploads\/2022\/05\/DSC_0869-768x512.jpg')\"><\/a>\n            <!--end single-->\n                    <!--single-->\n            <a data-no-swup class=\"c-lightbox-gallery__single js-lightbox-single\"\n               href=\"https:\/\/www.predsjednik.hr\/wp-content\/uploads\/2022\/05\/DSC_0937-1024x683.jpg\"\n               style=\"background-image: url('https:\/\/www.predsjednik.hr\/wp-content\/uploads\/2022\/05\/DSC_0937-768x512.jpg')\"><\/a>\n            <!--end single-->\n                    <!--single-->\n            <a data-no-swup class=\"c-lightbox-gallery__single js-lightbox-single\"\n               href=\"https:\/\/www.predsjednik.hr\/wp-content\/uploads\/2022\/05\/DSC_0989-1024x683.jpg\"\n               style=\"background-image: url('https:\/\/www.predsjednik.hr\/wp-content\/uploads\/2022\/05\/DSC_0989-768x512.jpg')\"><\/a>\n            <!--end single-->\n                    <!--single-->\n            <a data-no-swup class=\"c-lightbox-gallery__single js-lightbox-single\"\n               href=\"https:\/\/www.predsjednik.hr\/wp-content\/uploads\/2022\/05\/DSC_1029-1024x683.jpg\"\n               style=\"background-image: url('https:\/\/www.predsjednik.hr\/wp-content\/uploads\/2022\/05\/DSC_1029-768x512.jpg')\"><\/a>\n            <!--end single-->\n                    <!--single-->\n            <a data-no-swup class=\"c-lightbox-gallery__single js-lightbox-single\"\n               href=\"https:\/\/www.predsjednik.hr\/wp-content\/uploads\/2022\/05\/DSC_1073-1024x683.jpg\"\n               style=\"background-image: url('https:\/\/www.predsjednik.hr\/wp-content\/uploads\/2022\/05\/DSC_1073-768x512.jpg')\"><\/a>\n            <!--end single-->\n                    <!--single-->\n            <a data-no-swup class=\"c-lightbox-gallery__single js-lightbox-single\"\n               href=\"https:\/\/www.predsjednik.hr\/wp-content\/uploads\/2022\/05\/DSC_1164-1024x683.jpg\"\n               style=\"background-image: url('https:\/\/www.predsjednik.hr\/wp-content\/uploads\/2022\/05\/DSC_1164-768x512.jpg')\"><\/a>\n            <!--end single-->\n        <\/div>\n<!--end GALLERY BLOCK-->\n\n\n\n<p>PHOTO: Office of the President of the Republic of Croatia \/ Marko Beljan<\/p>\n","protected":false},"excerpt":{"rendered":"<p>The President of the Republic and Commander in Chief of the Croatian Armed Forces Zoran Milanovi\u0107 attended at the Lieutenant Colonel Marko \u017divkovi\u0107 Barracks in Velika Gorica the handover of two UH-60M Black Hawk helicopters donated by the United States of America to the Republic of Croatia.<\/p>\n","protected":false},"featured_media":17442,"template":"","news-cat":[12],"class_list":["post-17457","news","type-news","status-publish","has-post-thumbnail","hentry","news-cat-news"],"acf":[],"yoast_head":"<!-- This site is optimized with the Yoast SEO plugin v27.4 - https:\/\/yoast.com\/product\/yoast-seo-wordpress\/ -->\n<title>President Milanovi\u0107 Comments on US Donation: Black Hawk helicopters are a pledge of future cooperation; we can\u2019t buy anything other than Western - President of the Republic of Croatia - Zoran Milanovi\u0107<\/title>\n<meta name=\"robots\" content=\"index, follow, max-snippet:-1, max-image-preview:large, max-video-preview:-1\" \/>\n<link rel=\"canonical\" href=\"https:\/\/www.predsjednik.hr\/en\/news\/president-milanovic-comments-on-us-donation-black-hawk-helicopters-are-a-pledge-of-future-cooperation-we-cant-buy-anything-other-than-western\/\" \/>\n<meta property=\"og:locale\" content=\"en_US\" \/>\n<meta property=\"og:type\" content=\"article\" \/>\n<meta property=\"og:title\" content=\"President Milanovi\u0107 Comments on US Donation: Black Hawk helicopters are a pledge of future cooperation; we can\u2019t buy anything other than Western - President of the Republic of Croatia - Zoran Milanovi\u0107\" \/>\n<meta property=\"og:description\" content=\"The President of the Republic and Commander in Chief of the Croatian Armed Forces Zoran Milanovi\u0107 attended at the Lieutenant Colonel Marko \u017divkovi\u0107 Barracks in Velika Gorica the handover of two UH-60M Black Hawk helicopters donated by the United States of America to the Republic of Croatia.\" \/>\n<meta property=\"og:url\" content=\"https:\/\/www.predsjednik.hr\/en\/news\/president-milanovic-comments-on-us-donation-black-hawk-helicopters-are-a-pledge-of-future-cooperation-we-cant-buy-anything-other-than-western\/\" \/>\n<meta property=\"og:site_name\" content=\"President of the Republic of Croatia - Zoran Milanovi\u0107\" \/>\n<meta property=\"article:modified_time\" content=\"2022-05-26T08:57:16+00:00\" \/>\n<meta property=\"og:image\" content=\"https:\/\/www.predsjednik.hr\/wp-content\/uploads\/2022\/05\/DSC_1029.jpg\" \/>\n\t<meta property=\"og:image:width\" content=\"5220\" \/>\n\t<meta property=\"og:image:height\" content=\"3480\" \/>\n\t<meta property=\"og:image:type\" content=\"image\/jpeg\" \/>\n<meta name=\"twitter:card\" content=\"summary_large_image\" \/>\n<meta name=\"twitter:label1\" content=\"Est. reading time\" \/>\n\t<meta name=\"twitter:data1\" content=\"5 minutes\" \/>\n<script type=\"application\/ld+json\" class=\"yoast-schema-graph\">{\"@context\":\"https:\\\/\\\/schema.org\",\"@graph\":[{\"@type\":\"WebPage\",\"@id\":\"https:\\\/\\\/www.predsjednik.hr\\\/en\\\/news\\\/president-milanovic-comments-on-us-donation-black-hawk-helicopters-are-a-pledge-of-future-cooperation-we-cant-buy-anything-other-than-western\\\/\",\"url\":\"https:\\\/\\\/www.predsjednik.hr\\\/en\\\/news\\\/president-milanovic-comments-on-us-donation-black-hawk-helicopters-are-a-pledge-of-future-cooperation-we-cant-buy-anything-other-than-western\\\/\",\"name\":\"President Milanovi\u0107 Comments on US Donation: Black Hawk helicopters are a pledge of future cooperation; we can\u2019t buy anything other than Western - President of the Republic of Croatia - Zoran Milanovi\u0107\",\"isPartOf\":{\"@id\":\"https:\\\/\\\/www.predsjednik.hr\\\/en\\\/#website\"},\"primaryImageOfPage\":{\"@id\":\"https:\\\/\\\/www.predsjednik.hr\\\/en\\\/news\\\/president-milanovic-comments-on-us-donation-black-hawk-helicopters-are-a-pledge-of-future-cooperation-we-cant-buy-anything-other-than-western\\\/#primaryimage\"},\"image\":{\"@id\":\"https:\\\/\\\/www.predsjednik.hr\\\/en\\\/news\\\/president-milanovic-comments-on-us-donation-black-hawk-helicopters-are-a-pledge-of-future-cooperation-we-cant-buy-anything-other-than-western\\\/#primaryimage\"},\"thumbnailUrl\":\"https:\\\/\\\/www.predsjednik.hr\\\/wp-content\\\/uploads\\\/2022\\\/05\\\/DSC_1029.jpg\",\"datePublished\":\"2022-05-25T15:55:00+00:00\",\"dateModified\":\"2022-05-26T08:57:16+00:00\",\"breadcrumb\":{\"@id\":\"https:\\\/\\\/www.predsjednik.hr\\\/en\\\/news\\\/president-milanovic-comments-on-us-donation-black-hawk-helicopters-are-a-pledge-of-future-cooperation-we-cant-buy-anything-other-than-western\\\/#breadcrumb\"},\"inLanguage\":\"en-US\",\"potentialAction\":[{\"@type\":\"ReadAction\",\"target\":[\"https:\\\/\\\/www.predsjednik.hr\\\/en\\\/news\\\/president-milanovic-comments-on-us-donation-black-hawk-helicopters-are-a-pledge-of-future-cooperation-we-cant-buy-anything-other-than-western\\\/\"]}]},{\"@type\":\"ImageObject\",\"inLanguage\":\"en-US\",\"@id\":\"https:\\\/\\\/www.predsjednik.hr\\\/en\\\/news\\\/president-milanovic-comments-on-us-donation-black-hawk-helicopters-are-a-pledge-of-future-cooperation-we-cant-buy-anything-other-than-western\\\/#primaryimage\",\"url\":\"https:\\\/\\\/www.predsjednik.hr\\\/wp-content\\\/uploads\\\/2022\\\/05\\\/DSC_1029.jpg\",\"contentUrl\":\"https:\\\/\\\/www.predsjednik.hr\\\/wp-content\\\/uploads\\\/2022\\\/05\\\/DSC_1029.jpg\",\"width\":5220,\"height\":3480,\"caption\":\"Predsjednik Republike i vrhovni zapovjednik Oru\u017eanih snaga Republike Hrvatske Zoran Milanovi\u0107 prisustvovao je, u vojarni \u201ePukovnik Marko \u017divkovi\u0107\u201c u Velikoj Gorici, preuzimanju dvaju helikoptera UH-60M Black Hawk koji su donacija Vlade Sjedinjenih Ameri\u010dkih Dr\u017eava Republici Hrvatskoj.\"},{\"@type\":\"BreadcrumbList\",\"@id\":\"https:\\\/\\\/www.predsjednik.hr\\\/en\\\/news\\\/president-milanovic-comments-on-us-donation-black-hawk-helicopters-are-a-pledge-of-future-cooperation-we-cant-buy-anything-other-than-western\\\/#breadcrumb\",\"itemListElement\":[{\"@type\":\"ListItem\",\"position\":1,\"name\":\"Home\",\"item\":\"https:\\\/\\\/www.predsjednik.hr\\\/en\\\/\"},{\"@type\":\"ListItem\",\"position\":2,\"name\":\"Vijesti\",\"item\":\"https:\\\/\\\/www.predsjednik.hr\\\/en\\\/news\\\/\"},{\"@type\":\"ListItem\",\"position\":3,\"name\":\"President Milanovi\u0107 Comments on US Donation: Black Hawk helicopters are a pledge of future cooperation; we can\u2019t buy anything other than Western\"}]},{\"@type\":\"WebSite\",\"@id\":\"https:\\\/\\\/www.predsjednik.hr\\\/en\\\/#website\",\"url\":\"https:\\\/\\\/www.predsjednik.hr\\\/en\\\/\",\"name\":\"President of the Republic of Croatia - Zoran Milanovi\u0107\",\"description\":\"Just another WordPress site\",\"potentialAction\":[{\"@type\":\"SearchAction\",\"target\":{\"@type\":\"EntryPoint\",\"urlTemplate\":\"https:\\\/\\\/www.predsjednik.hr\\\/en\\\/?s={search_term_string}\"},\"query-input\":{\"@type\":\"PropertyValueSpecification\",\"valueRequired\":true,\"valueName\":\"search_term_string\"}}],\"inLanguage\":\"en-US\"}]}<\/script>\n<!-- \/ Yoast SEO plugin. -->","yoast_head_json":{"title":"President Milanovi\u0107 Comments on US Donation: Black Hawk helicopters are a pledge of future cooperation; we can\u2019t buy anything other than Western - President of the Republic of Croatia - Zoran Milanovi\u0107","robots":{"index":"index","follow":"follow","max-snippet":"max-snippet:-1","max-image-preview":"max-image-preview:large","max-video-preview":"max-video-preview:-1"},"canonical":"https:\/\/www.predsjednik.hr\/en\/news\/president-milanovic-comments-on-us-donation-black-hawk-helicopters-are-a-pledge-of-future-cooperation-we-cant-buy-anything-other-than-western\/","og_locale":"en_US","og_type":"article","og_title":"President Milanovi\u0107 Comments on US Donation: Black Hawk helicopters are a pledge of future cooperation; we can\u2019t buy anything other than Western - President of the Republic of Croatia - Zoran Milanovi\u0107","og_description":"The President of the Republic and Commander in Chief of the Croatian Armed Forces Zoran Milanovi\u0107 attended at the Lieutenant Colonel Marko \u017divkovi\u0107 Barracks in Velika Gorica the handover of two UH-60M Black Hawk helicopters donated by the United States of America to the Republic of Croatia.","og_url":"https:\/\/www.predsjednik.hr\/en\/news\/president-milanovic-comments-on-us-donation-black-hawk-helicopters-are-a-pledge-of-future-cooperation-we-cant-buy-anything-other-than-western\/","og_site_name":"President of the Republic of Croatia - Zoran Milanovi\u0107","article_modified_time":"2022-05-26T08:57:16+00:00","og_image":[{"width":5220,"height":3480,"url":"https:\/\/www.predsjednik.hr\/wp-content\/uploads\/2022\/05\/DSC_1029.jpg","type":"image\/jpeg"}],"twitter_card":"summary_large_image","twitter_misc":{"Est. reading time":"5 minutes"},"schema":{"@context":"https:\/\/schema.org","@graph":[{"@type":"WebPage","@id":"https:\/\/www.predsjednik.hr\/en\/news\/president-milanovic-comments-on-us-donation-black-hawk-helicopters-are-a-pledge-of-future-cooperation-we-cant-buy-anything-other-than-western\/","url":"https:\/\/www.predsjednik.hr\/en\/news\/president-milanovic-comments-on-us-donation-black-hawk-helicopters-are-a-pledge-of-future-cooperation-we-cant-buy-anything-other-than-western\/","name":"President Milanovi\u0107 Comments on US Donation: Black Hawk helicopters are a pledge of future cooperation; we can\u2019t buy anything other than Western - President of the Republic of Croatia - Zoran Milanovi\u0107","isPartOf":{"@id":"https:\/\/www.predsjednik.hr\/en\/#website"},"primaryImageOfPage":{"@id":"https:\/\/www.predsjednik.hr\/en\/news\/president-milanovic-comments-on-us-donation-black-hawk-helicopters-are-a-pledge-of-future-cooperation-we-cant-buy-anything-other-than-western\/#primaryimage"},"image":{"@id":"https:\/\/www.predsjednik.hr\/en\/news\/president-milanovic-comments-on-us-donation-black-hawk-helicopters-are-a-pledge-of-future-cooperation-we-cant-buy-anything-other-than-western\/#primaryimage"},"thumbnailUrl":"https:\/\/www.predsjednik.hr\/wp-content\/uploads\/2022\/05\/DSC_1029.jpg","datePublished":"2022-05-25T15:55:00+00:00","dateModified":"2022-05-26T08:57:16+00:00","breadcrumb":{"@id":"https:\/\/www.predsjednik.hr\/en\/news\/president-milanovic-comments-on-us-donation-black-hawk-helicopters-are-a-pledge-of-future-cooperation-we-cant-buy-anything-other-than-western\/#breadcrumb"},"inLanguage":"en-US","potentialAction":[{"@type":"ReadAction","target":["https:\/\/www.predsjednik.hr\/en\/news\/president-milanovic-comments-on-us-donation-black-hawk-helicopters-are-a-pledge-of-future-cooperation-we-cant-buy-anything-other-than-western\/"]}]},{"@type":"ImageObject","inLanguage":"en-US","@id":"https:\/\/www.predsjednik.hr\/en\/news\/president-milanovic-comments-on-us-donation-black-hawk-helicopters-are-a-pledge-of-future-cooperation-we-cant-buy-anything-other-than-western\/#primaryimage","url":"https:\/\/www.predsjednik.hr\/wp-content\/uploads\/2022\/05\/DSC_1029.jpg","contentUrl":"https:\/\/www.predsjednik.hr\/wp-content\/uploads\/2022\/05\/DSC_1029.jpg","width":5220,"height":3480,"caption":"Predsjednik Republike i vrhovni zapovjednik Oru\u017eanih snaga Republike Hrvatske Zoran Milanovi\u0107 prisustvovao je, u vojarni \u201ePukovnik Marko \u017divkovi\u0107\u201c u Velikoj Gorici, preuzimanju dvaju helikoptera UH-60M Black Hawk koji su donacija Vlade Sjedinjenih Ameri\u010dkih Dr\u017eava Republici Hrvatskoj."},{"@type":"BreadcrumbList","@id":"https:\/\/www.predsjednik.hr\/en\/news\/president-milanovic-comments-on-us-donation-black-hawk-helicopters-are-a-pledge-of-future-cooperation-we-cant-buy-anything-other-than-western\/#breadcrumb","itemListElement":[{"@type":"ListItem","position":1,"name":"Home","item":"https:\/\/www.predsjednik.hr\/en\/"},{"@type":"ListItem","position":2,"name":"Vijesti","item":"https:\/\/www.predsjednik.hr\/en\/news\/"},{"@type":"ListItem","position":3,"name":"President Milanovi\u0107 Comments on US Donation: Black Hawk helicopters are a pledge of future cooperation; we can\u2019t buy anything other than Western"}]},{"@type":"WebSite","@id":"https:\/\/www.predsjednik.hr\/en\/#website","url":"https:\/\/www.predsjednik.hr\/en\/","name":"President of the Republic of Croatia - Zoran Milanovi\u0107","description":"Just another WordPress site","potentialAction":[{"@type":"SearchAction","target":{"@type":"EntryPoint","urlTemplate":"https:\/\/www.predsjednik.hr\/en\/?s={search_term_string}"},"query-input":{"@type":"PropertyValueSpecification","valueRequired":true,"valueName":"search_term_string"}}],"inLanguage":"en-US"}]}},"_links":{"self":[{"href":"https:\/\/www.predsjednik.hr\/en\/wp-json\/wp\/v2\/news\/17457","targetHints":{"allow":["GET"]}}],"collection":[{"href":"https:\/\/www.predsjednik.hr\/en\/wp-json\/wp\/v2\/news"}],"about":[{"href":"https:\/\/www.predsjednik.hr\/en\/wp-json\/wp\/v2\/types\/news"}],"wp:featuredmedia":[{"embeddable":true,"href":"https:\/\/www.predsjednik.hr\/en\/wp-json\/wp\/v2\/media\/17442"}],"wp:attachment":[{"href":"https:\/\/www.predsjednik.hr\/en\/wp-json\/wp\/v2\/media?parent=17457"}],"wp:term":[{"taxonomy":"news-cat","embeddable":true,"href":"https:\/\/www.predsjednik.hr\/en\/wp-json\/wp\/v2\/news-cat?post=17457"}],"curies":[{"name":"wp","href":"https:\/\/api.w.org\/{rel}","templated":true}]}}