{"id":17568,"date":"2022-05-31T15:00:00","date_gmt":"2022-05-31T13:00:00","guid":{"rendered":"https:\/\/www.predsjednik.hr\/?post_type=news&#038;p=17568"},"modified":"2022-05-31T17:12:57","modified_gmt":"2022-05-31T15:12:57","slug":"president-milanovic-congratulates-soldiers-on-armed-forces-day-lets-nurture-our-alliances-and-friends-but-first-and-foremost-our-croatia-which-you-have-created","status":"publish","type":"news","link":"https:\/\/www.predsjednik.hr\/en\/news\/president-milanovic-congratulates-soldiers-on-armed-forces-day-lets-nurture-our-alliances-and-friends-but-first-and-foremost-our-croatia-which-you-have-created\/","title":{"rendered":"President Milanovi\u0107 congratulates soldiers on Armed Forces Day: Let\u2019s nurture our alliances and friends, but first and foremost our Croatia, which you have created"},"content":{"rendered":"\n<p>The President of the Republic and Commander in Chief of the Croatian Armed Forces Zoran Milanovi\u0107 hosted an official reception on the occasion of Croatian Armed Forces Day, Croatian Army, and the 31<sup>st <\/sup>anniversary of the formation of the Croatian Army.<\/p>\n\n\n\n<p>\u201cHappy Armed Forces Day! Thirty years have passed, and it\u2019s good to repeat certain truths\u201d, President Milanovi\u0107 began his address, reminding the guests that Croatia freed itself alone without anyone\u2019s help. \u201cWe freed ourselves, you freed us, on your own. No one persuaded you, no one encouraged or helped you. The Croatian Army is the one that made peace possible in Bosnia and Herzegovina, and only then NATO bombers. For this you have not been properly rewarded. We have waited for years to joint NATO and the European Union. Croatia was defended by a very small number of good people, a very small number\u201d, President Milanovi\u0107 noted.<\/p>\n\n\n\n<p>Talking about relations between states and peoples, he said that it\u2019s a matter of constantly proving and convincing one another to avoid war. \u201cHow it looks when war erupts and a bigger state attacks a smaller one by surprise and deceivingly, we are witnessing this these days. We are somewhat far from that war, yet we live with it on a daily basis\u201d, President Milanovi\u0107 underlined, and said that we must first of all take care of ourselves and be aware that we owe maximum loyalty to our allies and NATO.<\/p>\n\n\n\n<p>\u201cNational interest is something that the state and its leadership must recognize. It must be continuous and cannot change from cycle to cycle \u2013 it\u2019s the only way to achieve it, to reach a consensus, the lowest point of understanding, which is important to us, which makes us a nation that shares community spirit and a joint history. Not arrogance, not hatred towards anyone, but simply reality\u201d, the President stated.<\/p>\n\n\n\n<p>He pointed out that this was a year of certain important and good acquisitions in terms of material conditions and equipment for the Croatian Armed Forces. \u201cThis should be welcomed. However, we must know that defence systems are unrealistically costly, and so is their maintenance, therefore we must maintain a balance, and we must have, not everything, because it\u2019s not possible, but a bit of everything\u201d, the President stated, adding that politics decides this and \u201cmust look beyond the horizon, it has to consider long-term interests\u201d.<\/p>\n\n\n\n<p>He further referred to the state of affairs in Bosnia and Herzegovina saying things aren\u2019t good. \u201cHow things are evolving and in which direction they\u2019re heading \u2013 isn\u2019t good and should be mentioned in every place. If we were united in this matter, we would quickly find a solution to the problem without noise and commotion. I won\u2019t tire in my efforts\u201d, the President noted. He added that on the official website of the European delegation in Sarajevo threats are made against the Croatian side \u201cto one party, the largest party, but only to one of thirteen parties. Threatening language is used to warn that something will be done to them if they don\u2019t knuckle under. I realize pressure is part of politics, but I wonder in whose name they\u2019re speaking, in the name of which member?\u201d, the President stated, and called for dialogue and agreement.<\/p>\n\n\n\n<p>\u201cA lack of dialogue always leads to war, misunderstanding, arrogance. There will be no war here, but years, good years are being lost. Years for success, for development are being lost. Let\u2019s move forward, let\u2019s go further, let\u2019s nurture our alliances, our friends, but in the end and first and foremost for ourselves and for our Croatia, which you have created and which should live happily and successfully\u201d, President Milanovi\u0107 stated in concluding his address.<\/p>\n\n\n\n<p>At the official reception held in the Office of the President, the President of the Republic and Commander in Chief of the Croatian Armed Forces presented members of the Armed Forces and former members of the Frankopan Battalion with decorations, ranks and commendations.<\/p>\n\n\n\n<p>He presented a total of 15 decorations to former members of the Frankopan Battalion and one decoration to the unit. The Order of Duke Domagoj with Ribbon for displayed bravery and heroism in the Homeland War was presented to retired Brigadier General Mladen Mikol\u010devi\u0107. For displayed heroism of its members in the Homeland War, the Order of Nikola \u0160ubi\u0107 Zrinski was presented to the Frankopan Battalion. Bruno Zorica was decorated with the Order of Ban Jela\u010di\u0107 for extraordinary successful command of Croatian Armed Forces units and for outstanding military service in their formation.<\/p>\n\n\n\n<p>The Order of the Croatian Trefoil for extraordinary service to the Republic of Croatia in a state of war was presented to Vinko \u010cabraja, Nenad Kamenar, Josip Nikovi\u0107, Darko \u0160trobilius and Nikola Vukadin. The Order of the Croatian Interlace for extraordinary contribution to the development and reputation of the Republic of Croatia, and the welfare of its citizens was presented to Goran Bek, Stipe \u0106avar, Sini\u0161a Golub, Sergej Matuli\u0107, Mario Mi\u0161i\u0107, and Milan Petrli\u0107.<\/p>\n\n\n\n<p>The President of the Republic and Commander in Chief of the Croatian Armed Forces decorated members of the Croatian Armed Forces as follows: the Order of Ban Jela\u010di\u0107 for extraordinary service to the formation and development of the Croatian Armed Forces to Colonel Dragan Baturina and Colonel Senka Vu\u010di\u0107. The Order of the Croatian Trefoil for extraordinary service to the Republic of Croatia in a state of war and in special circumstances in peace to Colonel Tomo Bagari\u0107, Lieutenant Colonel Nenad Telebec, and Commander Damir Toli\u0107.<\/p>\n\n\n\n<p>The Order of the Croatian Interlace for extraordinary contribution to the development and reputation of the Republic of Croatia, and the welfare of its citizens was presented to Colonel Robert Huf, Colonel Milan Slavica, Lieutenant Colonel Vedran Ivan\u010di\u0107, Lieutenant Colonel Ivica Pocrni\u0107, Lieutenant Colonel Marin Tudor, Major Miroslav Karaula, Sergeant Major Zvonko Arti\u0107, Master Sergeant Alen Solo, and Staff Sergeant Mario Pastuhovi\u0107.<\/p>\n\n\n\n<p>For extraordinary service and outstanding engagement displayed during a life- and property-saving mission, President Milanovi\u0107 presented the \u201cEXCEPTIONAL UNDERTAKING\u201d Medal to Sergeant Nikola Luki\u0107.<\/p>\n\n\n\n<p>On the occasion of Croatian Armed Forces Day, Croatian Army Day, and the 31<sup>st <\/sup>anniversary of the formation of the Croatian Army, one hundred members of the Croatian Armed Forces have been promoted. During the ceremony, the President presented the rank of colonel to seven lieutenant colonels: Davor Banek, Darijo Klari\u0107, Valentina Klju\u010dari\u0107, Silvana Kova\u010di\u0107, Andrija Kri\u017eani\u0107, Zvonimir Rogi\u0107, and Ru\u017ea Stipi\u0107.<\/p>\n\n\n\n<p>For achieving above average results in carrying out set tasks, the President of the Republic and Commander in Chief of the Croatian Armed Forces presented commendations to: Colonel Davor Stipeti\u0107, Colonel Mato Toma\u0161evi\u0107, Captain Dario Bilje\u0161kovi\u0107, Sergeant Major Merica Ivi\u0107, Master Sergeant Drago Matja\u0161ec, and Master Sergeant Dragan Sveti\u0107.<\/p>\n\n\n\n<p>Speaking on behalf of the decorated, retired Colonel Bruno Zorica said that the decorations, recognitions and ranks are a tribute to all the Homeland War defenders who were killed, deceased and those living. \u201cAs war commander of Frankopan Battalion, we experienced the most difficult battlefields from eastern Slavonia and Baranja to the south battlefield. We were driven by honour, pride and loyalty to the homeland. Today in peace we must pass on these values to younger generations so that they never forget the sacrifices of their parents in the Homeland War\u201d, retired Colonel Zorica stated.<\/p>\n\n\n\n<p>Attending the ceremony in the Office of the President were the Chief of the General Staff of the Croatian Armed Forces Admiral Robert Hranj, Commander of the Croatian Army Lieutenant GeneralBoris \u0160eri\u0107, Commander of the Croatian Navy Rear Admiral Ivo Raffanelli,<\/p>\n\n\n\n<p>Commander of the Croatian Air Force and Air Defense Brigadier General Michael Kri\u017eanec, Commander of Support Command Colonel Mladen Fuzul, commanders and officers of the Croatian Armed Forces, Director of the Security and Intelligence Agency Daniel Marki\u0107, Chairperson of the Defense Committee of the Croatian Parliament Franko Vidovi\u0107, General Police Director Nikola Milina and a delegation of the Police Directorate, representatives of the Ministry of the Interior, Chief Firefighter Commander Slavko Tucakovi\u0107, Vicar general and envoy of the Military Ordinary Rev. Marko Medo, former Defense ministers and Chiefs of the General Staff of the CAF, representatives of defenders associations, members of the Croatian Generals Association, and representatives of the academic community.<\/p>\n\n\n\n<p>Alongside President Milanovi\u0107 were the Head of the Office of the President Orsat Miljeni\u0107, the Head of the Cabinet of the President Bartol \u0160imuni\u0107, the Adviser to the President for Defense and National Security Dragan Lozan\u010di\u0107, the Adviser to the President for Foreign and European Policy Neven Pelicari\u0107, the Adviser to the President for Education Jadranka \u017darkovi\u0107, the Secretary General of the Office of the President Dinko Suton, the Special Adviser to the President for Homeland War Veterans Marijan Marekovi\u0107, the Special Adviser to the President for the Economy Velibor Ma\u010dki\u0107, the Assistant Adviser to the President for the Economy Martina Ciglevi\u0107, and the Head of the Military Office in the Defense and National Security Cabinet Rear Admiral Predrag Stipanovi\u0107.<\/p>\n\n\n<!--GALLERY BLOCK-->\n<div class=\"c-lightbox-gallery js-lightbox\">\n                <!--single-->\n            <a data-no-swup class=\"c-lightbox-gallery__single js-lightbox-single\"\n               href=\"https:\/\/www.predsjednik.hr\/wp-content\/uploads\/2022\/05\/DSC_2182-1024x683.jpg\"\n               style=\"background-image: url('https:\/\/www.predsjednik.hr\/wp-content\/uploads\/2022\/05\/DSC_2182-768x512.jpg')\"><\/a>\n            <!--end single-->\n                    <!--single-->\n            <a data-no-swup class=\"c-lightbox-gallery__single js-lightbox-single\"\n               href=\"https:\/\/www.predsjednik.hr\/wp-content\/uploads\/2022\/05\/DSC_2185-1024x576.jpg\"\n               style=\"background-image: url('https:\/\/www.predsjednik.hr\/wp-content\/uploads\/2022\/05\/DSC_2185-768x432.jpg')\"><\/a>\n            <!--end single-->\n                    <!--single-->\n            <a data-no-swup class=\"c-lightbox-gallery__single js-lightbox-single\"\n               href=\"https:\/\/www.predsjednik.hr\/wp-content\/uploads\/2022\/05\/DSC_2237-1024x576.jpg\"\n               style=\"background-image: url('https:\/\/www.predsjednik.hr\/wp-content\/uploads\/2022\/05\/DSC_2237-768x432.jpg')\"><\/a>\n            <!--end single-->\n                    <!--single-->\n            <a data-no-swup class=\"c-lightbox-gallery__single js-lightbox-single\"\n               href=\"https:\/\/www.predsjednik.hr\/wp-content\/uploads\/2022\/05\/DSC_2247-1024x576.jpg\"\n               style=\"background-image: url('https:\/\/www.predsjednik.hr\/wp-content\/uploads\/2022\/05\/DSC_2247-768x432.jpg')\"><\/a>\n            <!--end single-->\n                    <!--single-->\n            <a data-no-swup class=\"c-lightbox-gallery__single js-lightbox-single\"\n               href=\"https:\/\/www.predsjednik.hr\/wp-content\/uploads\/2022\/05\/DSC_2421-1024x683.jpg\"\n               style=\"background-image: url('https:\/\/www.predsjednik.hr\/wp-content\/uploads\/2022\/05\/DSC_2421-768x512.jpg')\"><\/a>\n            <!--end single-->\n                    <!--single-->\n            <a data-no-swup class=\"c-lightbox-gallery__single js-lightbox-single\"\n               href=\"https:\/\/www.predsjednik.hr\/wp-content\/uploads\/2022\/05\/DSC_0215-1024x576.jpg\"\n               style=\"background-image: url('https:\/\/www.predsjednik.hr\/wp-content\/uploads\/2022\/05\/DSC_0215-768x432.jpg')\"><\/a>\n            <!--end single-->\n                    <!--single-->\n            <a data-no-swup class=\"c-lightbox-gallery__single js-lightbox-single\"\n               href=\"https:\/\/www.predsjednik.hr\/wp-content\/uploads\/2022\/05\/DSC_0384-1024x731.jpg\"\n               style=\"background-image: url('https:\/\/www.predsjednik.hr\/wp-content\/uploads\/2022\/05\/DSC_0384-768x549.jpg')\"><\/a>\n            <!--end single-->\n                    <!--single-->\n            <a data-no-swup class=\"c-lightbox-gallery__single js-lightbox-single\"\n               href=\"https:\/\/www.predsjednik.hr\/wp-content\/uploads\/2022\/05\/DSC_2611-1024x683.jpg\"\n               style=\"background-image: url('https:\/\/www.predsjednik.hr\/wp-content\/uploads\/2022\/05\/DSC_2611-768x512.jpg')\"><\/a>\n            <!--end single-->\n                    <!--single-->\n            <a data-no-swup class=\"c-lightbox-gallery__single js-lightbox-single\"\n               href=\"https:\/\/www.predsjednik.hr\/wp-content\/uploads\/2022\/05\/DSC_2743-1024x683.jpg\"\n               style=\"background-image: url('https:\/\/www.predsjednik.hr\/wp-content\/uploads\/2022\/05\/DSC_2743-768x512.jpg')\"><\/a>\n            <!--end single-->\n                    <!--single-->\n            <a data-no-swup class=\"c-lightbox-gallery__single js-lightbox-single\"\n               href=\"https:\/\/www.predsjednik.hr\/wp-content\/uploads\/2022\/05\/DSC_3096-1024x683.jpg\"\n               style=\"background-image: url('https:\/\/www.predsjednik.hr\/wp-content\/uploads\/2022\/05\/DSC_3096-768x512.jpg')\"><\/a>\n            <!--end single-->\n                    <!--single-->\n            <a data-no-swup class=\"c-lightbox-gallery__single js-lightbox-single\"\n               href=\"https:\/\/www.predsjednik.hr\/wp-content\/uploads\/2022\/05\/DSC_3141-1024x683.jpg\"\n               style=\"background-image: url('https:\/\/www.predsjednik.hr\/wp-content\/uploads\/2022\/05\/DSC_3141-768x512.jpg')\"><\/a>\n            <!--end single-->\n                    <!--single-->\n            <a data-no-swup class=\"c-lightbox-gallery__single js-lightbox-single\"\n               href=\"https:\/\/www.predsjednik.hr\/wp-content\/uploads\/2022\/05\/DSC_0913-1024x576.jpg\"\n               style=\"background-image: url('https:\/\/www.predsjednik.hr\/wp-content\/uploads\/2022\/05\/DSC_0913-768x432.jpg')\"><\/a>\n            <!--end single-->\n                    <!--single-->\n            <a data-no-swup class=\"c-lightbox-gallery__single js-lightbox-single\"\n               href=\"https:\/\/www.predsjednik.hr\/wp-content\/uploads\/2022\/05\/DSC_0575-1024x732.jpg\"\n               style=\"background-image: url('https:\/\/www.predsjednik.hr\/wp-content\/uploads\/2022\/05\/DSC_0575-768x549.jpg')\"><\/a>\n            <!--end single-->\n                    <!--single-->\n            <a data-no-swup class=\"c-lightbox-gallery__single js-lightbox-single\"\n               href=\"https:\/\/www.predsjednik.hr\/wp-content\/uploads\/2022\/05\/DSC_1021-1024x576.jpg\"\n               style=\"background-image: url('https:\/\/www.predsjednik.hr\/wp-content\/uploads\/2022\/05\/DSC_1021-768x432.jpg')\"><\/a>\n            <!--end single-->\n                    <!--single-->\n            <a data-no-swup class=\"c-lightbox-gallery__single js-lightbox-single\"\n               href=\"https:\/\/www.predsjednik.hr\/wp-content\/uploads\/2022\/05\/DSC_1130-1024x683.jpg\"\n               style=\"background-image: url('https:\/\/www.predsjednik.hr\/wp-content\/uploads\/2022\/05\/DSC_1130-768x512.jpg')\"><\/a>\n            <!--end single-->\n                    <!--single-->\n            <a data-no-swup class=\"c-lightbox-gallery__single js-lightbox-single\"\n               href=\"https:\/\/www.predsjednik.hr\/wp-content\/uploads\/2022\/05\/DSC_1273-1024x576.jpg\"\n               style=\"background-image: url('https:\/\/www.predsjednik.hr\/wp-content\/uploads\/2022\/05\/DSC_1273-768x432.jpg')\"><\/a>\n            <!--end single-->\n                    <!--single-->\n            <a data-no-swup class=\"c-lightbox-gallery__single js-lightbox-single\"\n               href=\"https:\/\/www.predsjednik.hr\/wp-content\/uploads\/2022\/05\/DSC_3172-1024x683.jpg\"\n               style=\"background-image: url('https:\/\/www.predsjednik.hr\/wp-content\/uploads\/2022\/05\/DSC_3172-768x512.jpg')\"><\/a>\n            <!--end single-->\n                    <!--single-->\n            <a data-no-swup class=\"c-lightbox-gallery__single js-lightbox-single\"\n               href=\"https:\/\/www.predsjednik.hr\/wp-content\/uploads\/2022\/05\/DSC_3198-1024x683.jpg\"\n               style=\"background-image: url('https:\/\/www.predsjednik.hr\/wp-content\/uploads\/2022\/05\/DSC_3198-768x512.jpg')\"><\/a>\n            <!--end single-->\n                    <!--single-->\n            <a data-no-swup class=\"c-lightbox-gallery__single js-lightbox-single\"\n               href=\"https:\/\/www.predsjednik.hr\/wp-content\/uploads\/2022\/05\/DSC_3254-1024x682.jpg\"\n               style=\"background-image: url('https:\/\/www.predsjednik.hr\/wp-content\/uploads\/2022\/05\/DSC_3254-768x512.jpg')\"><\/a>\n            <!--end single-->\n                    <!--single-->\n            <a data-no-swup class=\"c-lightbox-gallery__single js-lightbox-single\"\n               href=\"https:\/\/www.predsjednik.hr\/wp-content\/uploads\/2022\/05\/DSC_3302-1024x683.jpg\"\n               style=\"background-image: url('https:\/\/www.predsjednik.hr\/wp-content\/uploads\/2022\/05\/DSC_3302-768x512.jpg')\"><\/a>\n            <!--end single-->\n                    <!--single-->\n            <a data-no-swup class=\"c-lightbox-gallery__single js-lightbox-single\"\n               href=\"\"\n               style=\"background-image: url('')\"><\/a>\n            <!--end single-->\n        <\/div>\n<!--end GALLERY BLOCK-->\n\n\n\n<p>PHOTO: Office of the President of the Republic of Croatia \/ Tomislav Bu\u0161ljeta, Dario Andri\u0161ek<\/p>\n","protected":false},"excerpt":{"rendered":"<p>The President of the Republic and Commander in Chief of the Croatian Armed Forces Zoran Milanovi\u0107 hosted an official reception on the occasion of Croatian Armed Forces Day, Croatian Army, and the 31st anniversary of the formation of the Croatian Army.<\/p>\n","protected":false},"featured_media":17554,"template":"","news-cat":[12],"class_list":["post-17568","news","type-news","status-publish","has-post-thumbnail","hentry","news-cat-news"],"acf":[],"yoast_head":"<!-- This site is optimized with the Yoast SEO plugin v27.4 - https:\/\/yoast.com\/product\/yoast-seo-wordpress\/ -->\n<title>President Milanovi\u0107 congratulates soldiers on Armed Forces Day: Let\u2019s nurture our alliances and friends, but first and foremost our Croatia, which you have created - President of the Republic of Croatia - Zoran Milanovi\u0107<\/title>\n<meta name=\"robots\" content=\"index, follow, max-snippet:-1, max-image-preview:large, max-video-preview:-1\" \/>\n<link rel=\"canonical\" href=\"https:\/\/www.predsjednik.hr\/en\/news\/president-milanovic-congratulates-soldiers-on-armed-forces-day-lets-nurture-our-alliances-and-friends-but-first-and-foremost-our-croatia-which-you-have-created\/\" \/>\n<meta property=\"og:locale\" content=\"en_US\" \/>\n<meta property=\"og:type\" content=\"article\" \/>\n<meta property=\"og:title\" content=\"President Milanovi\u0107 congratulates soldiers on Armed Forces Day: Let\u2019s nurture our alliances and friends, but first and foremost our Croatia, which you have created - President of the Republic of Croatia - Zoran Milanovi\u0107\" \/>\n<meta property=\"og:description\" content=\"The President of the Republic and Commander in Chief of the Croatian Armed Forces Zoran Milanovi\u0107 hosted an official reception on the occasion of Croatian Armed Forces Day, Croatian Army, and the 31st anniversary of the formation of the Croatian Army.\" \/>\n<meta property=\"og:url\" content=\"https:\/\/www.predsjednik.hr\/en\/news\/president-milanovic-congratulates-soldiers-on-armed-forces-day-lets-nurture-our-alliances-and-friends-but-first-and-foremost-our-croatia-which-you-have-created\/\" \/>\n<meta property=\"og:site_name\" content=\"President of the Republic of Croatia - Zoran Milanovi\u0107\" \/>\n<meta property=\"article:modified_time\" content=\"2022-05-31T15:12:57+00:00\" \/>\n<meta property=\"og:image\" content=\"https:\/\/www.predsjednik.hr\/wp-content\/uploads\/2022\/05\/DSC_2185-1.jpg\" \/>\n\t<meta property=\"og:image:width\" content=\"5443\" \/>\n\t<meta property=\"og:image:height\" content=\"3062\" \/>\n\t<meta property=\"og:image:type\" content=\"image\/jpeg\" \/>\n<meta name=\"twitter:card\" content=\"summary_large_image\" \/>\n<meta name=\"twitter:label1\" content=\"Est. reading time\" \/>\n\t<meta name=\"twitter:data1\" content=\"9 minutes\" \/>\n<script type=\"application\/ld+json\" class=\"yoast-schema-graph\">{\"@context\":\"https:\\\/\\\/schema.org\",\"@graph\":[{\"@type\":\"WebPage\",\"@id\":\"https:\\\/\\\/www.predsjednik.hr\\\/en\\\/news\\\/president-milanovic-congratulates-soldiers-on-armed-forces-day-lets-nurture-our-alliances-and-friends-but-first-and-foremost-our-croatia-which-you-have-created\\\/\",\"url\":\"https:\\\/\\\/www.predsjednik.hr\\\/en\\\/news\\\/president-milanovic-congratulates-soldiers-on-armed-forces-day-lets-nurture-our-alliances-and-friends-but-first-and-foremost-our-croatia-which-you-have-created\\\/\",\"name\":\"President Milanovi\u0107 congratulates soldiers on Armed Forces Day: Let\u2019s nurture our alliances and friends, but first and foremost our Croatia, which you have created - President of the Republic of Croatia - Zoran Milanovi\u0107\",\"isPartOf\":{\"@id\":\"https:\\\/\\\/www.predsjednik.hr\\\/en\\\/#website\"},\"primaryImageOfPage\":{\"@id\":\"https:\\\/\\\/www.predsjednik.hr\\\/en\\\/news\\\/president-milanovic-congratulates-soldiers-on-armed-forces-day-lets-nurture-our-alliances-and-friends-but-first-and-foremost-our-croatia-which-you-have-created\\\/#primaryimage\"},\"image\":{\"@id\":\"https:\\\/\\\/www.predsjednik.hr\\\/en\\\/news\\\/president-milanovic-congratulates-soldiers-on-armed-forces-day-lets-nurture-our-alliances-and-friends-but-first-and-foremost-our-croatia-which-you-have-created\\\/#primaryimage\"},\"thumbnailUrl\":\"https:\\\/\\\/www.predsjednik.hr\\\/wp-content\\\/uploads\\\/2022\\\/05\\\/DSC_2185-1.jpg\",\"datePublished\":\"2022-05-31T13:00:00+00:00\",\"dateModified\":\"2022-05-31T15:12:57+00:00\",\"breadcrumb\":{\"@id\":\"https:\\\/\\\/www.predsjednik.hr\\\/en\\\/news\\\/president-milanovic-congratulates-soldiers-on-armed-forces-day-lets-nurture-our-alliances-and-friends-but-first-and-foremost-our-croatia-which-you-have-created\\\/#breadcrumb\"},\"inLanguage\":\"en-US\",\"potentialAction\":[{\"@type\":\"ReadAction\",\"target\":[\"https:\\\/\\\/www.predsjednik.hr\\\/en\\\/news\\\/president-milanovic-congratulates-soldiers-on-armed-forces-day-lets-nurture-our-alliances-and-friends-but-first-and-foremost-our-croatia-which-you-have-created\\\/\"]}]},{\"@type\":\"ImageObject\",\"inLanguage\":\"en-US\",\"@id\":\"https:\\\/\\\/www.predsjednik.hr\\\/en\\\/news\\\/president-milanovic-congratulates-soldiers-on-armed-forces-day-lets-nurture-our-alliances-and-friends-but-first-and-foremost-our-croatia-which-you-have-created\\\/#primaryimage\",\"url\":\"https:\\\/\\\/www.predsjednik.hr\\\/wp-content\\\/uploads\\\/2022\\\/05\\\/DSC_2185-1.jpg\",\"contentUrl\":\"https:\\\/\\\/www.predsjednik.hr\\\/wp-content\\\/uploads\\\/2022\\\/05\\\/DSC_2185-1.jpg\",\"width\":5443,\"height\":3062},{\"@type\":\"BreadcrumbList\",\"@id\":\"https:\\\/\\\/www.predsjednik.hr\\\/en\\\/news\\\/president-milanovic-congratulates-soldiers-on-armed-forces-day-lets-nurture-our-alliances-and-friends-but-first-and-foremost-our-croatia-which-you-have-created\\\/#breadcrumb\",\"itemListElement\":[{\"@type\":\"ListItem\",\"position\":1,\"name\":\"Home\",\"item\":\"https:\\\/\\\/www.predsjednik.hr\\\/en\\\/\"},{\"@type\":\"ListItem\",\"position\":2,\"name\":\"Vijesti\",\"item\":\"https:\\\/\\\/www.predsjednik.hr\\\/en\\\/news\\\/\"},{\"@type\":\"ListItem\",\"position\":3,\"name\":\"President Milanovi\u0107 congratulates soldiers on Armed Forces Day: Let\u2019s nurture our alliances and friends, but first and foremost our Croatia, which you have created\"}]},{\"@type\":\"WebSite\",\"@id\":\"https:\\\/\\\/www.predsjednik.hr\\\/en\\\/#website\",\"url\":\"https:\\\/\\\/www.predsjednik.hr\\\/en\\\/\",\"name\":\"President of the Republic of Croatia - Zoran Milanovi\u0107\",\"description\":\"Just another WordPress site\",\"potentialAction\":[{\"@type\":\"SearchAction\",\"target\":{\"@type\":\"EntryPoint\",\"urlTemplate\":\"https:\\\/\\\/www.predsjednik.hr\\\/en\\\/?s={search_term_string}\"},\"query-input\":{\"@type\":\"PropertyValueSpecification\",\"valueRequired\":true,\"valueName\":\"search_term_string\"}}],\"inLanguage\":\"en-US\"}]}<\/script>\n<!-- \/ Yoast SEO plugin. -->","yoast_head_json":{"title":"President Milanovi\u0107 congratulates soldiers on Armed Forces Day: Let\u2019s nurture our alliances and friends, but first and foremost our Croatia, which you have created - President of the Republic of Croatia - Zoran Milanovi\u0107","robots":{"index":"index","follow":"follow","max-snippet":"max-snippet:-1","max-image-preview":"max-image-preview:large","max-video-preview":"max-video-preview:-1"},"canonical":"https:\/\/www.predsjednik.hr\/en\/news\/president-milanovic-congratulates-soldiers-on-armed-forces-day-lets-nurture-our-alliances-and-friends-but-first-and-foremost-our-croatia-which-you-have-created\/","og_locale":"en_US","og_type":"article","og_title":"President Milanovi\u0107 congratulates soldiers on Armed Forces Day: Let\u2019s nurture our alliances and friends, but first and foremost our Croatia, which you have created - President of the Republic of Croatia - Zoran Milanovi\u0107","og_description":"The President of the Republic and Commander in Chief of the Croatian Armed Forces Zoran Milanovi\u0107 hosted an official reception on the occasion of Croatian Armed Forces Day, Croatian Army, and the 31st anniversary of the formation of the Croatian Army.","og_url":"https:\/\/www.predsjednik.hr\/en\/news\/president-milanovic-congratulates-soldiers-on-armed-forces-day-lets-nurture-our-alliances-and-friends-but-first-and-foremost-our-croatia-which-you-have-created\/","og_site_name":"President of the Republic of Croatia - Zoran Milanovi\u0107","article_modified_time":"2022-05-31T15:12:57+00:00","og_image":[{"width":5443,"height":3062,"url":"https:\/\/www.predsjednik.hr\/wp-content\/uploads\/2022\/05\/DSC_2185-1.jpg","type":"image\/jpeg"}],"twitter_card":"summary_large_image","twitter_misc":{"Est. reading time":"9 minutes"},"schema":{"@context":"https:\/\/schema.org","@graph":[{"@type":"WebPage","@id":"https:\/\/www.predsjednik.hr\/en\/news\/president-milanovic-congratulates-soldiers-on-armed-forces-day-lets-nurture-our-alliances-and-friends-but-first-and-foremost-our-croatia-which-you-have-created\/","url":"https:\/\/www.predsjednik.hr\/en\/news\/president-milanovic-congratulates-soldiers-on-armed-forces-day-lets-nurture-our-alliances-and-friends-but-first-and-foremost-our-croatia-which-you-have-created\/","name":"President Milanovi\u0107 congratulates soldiers on Armed Forces Day: Let\u2019s nurture our alliances and friends, but first and foremost our Croatia, which you have created - President of the Republic of Croatia - Zoran Milanovi\u0107","isPartOf":{"@id":"https:\/\/www.predsjednik.hr\/en\/#website"},"primaryImageOfPage":{"@id":"https:\/\/www.predsjednik.hr\/en\/news\/president-milanovic-congratulates-soldiers-on-armed-forces-day-lets-nurture-our-alliances-and-friends-but-first-and-foremost-our-croatia-which-you-have-created\/#primaryimage"},"image":{"@id":"https:\/\/www.predsjednik.hr\/en\/news\/president-milanovic-congratulates-soldiers-on-armed-forces-day-lets-nurture-our-alliances-and-friends-but-first-and-foremost-our-croatia-which-you-have-created\/#primaryimage"},"thumbnailUrl":"https:\/\/www.predsjednik.hr\/wp-content\/uploads\/2022\/05\/DSC_2185-1.jpg","datePublished":"2022-05-31T13:00:00+00:00","dateModified":"2022-05-31T15:12:57+00:00","breadcrumb":{"@id":"https:\/\/www.predsjednik.hr\/en\/news\/president-milanovic-congratulates-soldiers-on-armed-forces-day-lets-nurture-our-alliances-and-friends-but-first-and-foremost-our-croatia-which-you-have-created\/#breadcrumb"},"inLanguage":"en-US","potentialAction":[{"@type":"ReadAction","target":["https:\/\/www.predsjednik.hr\/en\/news\/president-milanovic-congratulates-soldiers-on-armed-forces-day-lets-nurture-our-alliances-and-friends-but-first-and-foremost-our-croatia-which-you-have-created\/"]}]},{"@type":"ImageObject","inLanguage":"en-US","@id":"https:\/\/www.predsjednik.hr\/en\/news\/president-milanovic-congratulates-soldiers-on-armed-forces-day-lets-nurture-our-alliances-and-friends-but-first-and-foremost-our-croatia-which-you-have-created\/#primaryimage","url":"https:\/\/www.predsjednik.hr\/wp-content\/uploads\/2022\/05\/DSC_2185-1.jpg","contentUrl":"https:\/\/www.predsjednik.hr\/wp-content\/uploads\/2022\/05\/DSC_2185-1.jpg","width":5443,"height":3062},{"@type":"BreadcrumbList","@id":"https:\/\/www.predsjednik.hr\/en\/news\/president-milanovic-congratulates-soldiers-on-armed-forces-day-lets-nurture-our-alliances-and-friends-but-first-and-foremost-our-croatia-which-you-have-created\/#breadcrumb","itemListElement":[{"@type":"ListItem","position":1,"name":"Home","item":"https:\/\/www.predsjednik.hr\/en\/"},{"@type":"ListItem","position":2,"name":"Vijesti","item":"https:\/\/www.predsjednik.hr\/en\/news\/"},{"@type":"ListItem","position":3,"name":"President Milanovi\u0107 congratulates soldiers on Armed Forces Day: Let\u2019s nurture our alliances and friends, but first and foremost our Croatia, which you have created"}]},{"@type":"WebSite","@id":"https:\/\/www.predsjednik.hr\/en\/#website","url":"https:\/\/www.predsjednik.hr\/en\/","name":"President of the Republic of Croatia - Zoran Milanovi\u0107","description":"Just another WordPress site","potentialAction":[{"@type":"SearchAction","target":{"@type":"EntryPoint","urlTemplate":"https:\/\/www.predsjednik.hr\/en\/?s={search_term_string}"},"query-input":{"@type":"PropertyValueSpecification","valueRequired":true,"valueName":"search_term_string"}}],"inLanguage":"en-US"}]}},"_links":{"self":[{"href":"https:\/\/www.predsjednik.hr\/en\/wp-json\/wp\/v2\/news\/17568","targetHints":{"allow":["GET"]}}],"collection":[{"href":"https:\/\/www.predsjednik.hr\/en\/wp-json\/wp\/v2\/news"}],"about":[{"href":"https:\/\/www.predsjednik.hr\/en\/wp-json\/wp\/v2\/types\/news"}],"wp:featuredmedia":[{"embeddable":true,"href":"https:\/\/www.predsjednik.hr\/en\/wp-json\/wp\/v2\/media\/17554"}],"wp:attachment":[{"href":"https:\/\/www.predsjednik.hr\/en\/wp-json\/wp\/v2\/media?parent=17568"}],"wp:term":[{"taxonomy":"news-cat","embeddable":true,"href":"https:\/\/www.predsjednik.hr\/en\/wp-json\/wp\/v2\/news-cat?post=17568"}],"curies":[{"name":"wp","href":"https:\/\/api.w.org\/{rel}","templated":true}]}}