{"id":17585,"date":"2022-03-06T12:41:37","date_gmt":"2022-03-06T11:41:37","guid":{"rendered":"https:\/\/www.predsjednik.hr\/?post_type=news&#038;p=17585"},"modified":"2022-06-06T12:44:20","modified_gmt":"2022-06-06T10:44:20","slug":"presidents-milanovic-pahor-and-van-der-bellen-to-meet-on-brijuni-islands-on-friday","status":"publish","type":"news","link":"https:\/\/www.predsjednik.hr\/en\/news\/presidents-milanovic-pahor-and-van-der-bellen-to-meet-on-brijuni-islands-on-friday\/","title":{"rendered":"Presidents Milanovi\u0107, Pahor and Van der Bellen to Meet on Brijuni Islands on Friday"},"content":{"rendered":"\n<p>The President of the Republic of Croatia Zoran Milanovi\u0107 will host the 9<sup>th<\/sup> Trilateral meeting at which his guests will be the President of the Republic of Slovenia Borut Pahor, and the Federal President of the Republic of Austria Alexander Van der Bellen. The Trilateral meeting will take place on Brijuni Islands on Friday.<\/p>\n\n\n\n<p>At this year\u2019s Trilateral meeting, the topics that will be discussed are relations between the Republic of Croatia, the Republic of Slovenia, and the Republic of Austria, and strengthening relations between the three states. Furthermore, the crisis resulting from the Russian aggression against Ukraine and its consequences for the European Union and its member states will be addressed. Focus will be on the situation in South East Europe, including the current situation in Bosnia and Herzegovina, and European prospects of South East Europe states.<\/p>\n\n\n\n<p>The first Trilateral meeting of the presidents of the Republic of Croatia, the Republic of Slovenia, and the Republic of Austria was held in Vienna in 2014. There it was agreed to make these meetings a tradition in order to exchange views on current issues in international relations, the situation in the EU and the region, and on relations between the three states. Since then these meetings have been held regularly each year, with the host alternating. President Milanovi\u0107 has participated until now in two meetings: 2020 in Vienna, Austria, and in 2021 in Kostanjevica na Krki in Slovenia.<\/p>\n","protected":false},"excerpt":{"rendered":"<p>The President of the Republic of Croatia Zoran Milanovi\u0107 will host the 9th Trilateral meeting at which his guests will be the President of the Republic of Slovenia Borut Pahor, and the Federal President of the Republic of Austria Alexander Van der Bellen. The Trilateral meeting will take place on Brijuni Islands on Friday.<\/p>\n","protected":false},"featured_media":17573,"template":"","news-cat":[12],"class_list":["post-17585","news","type-news","status-publish","has-post-thumbnail","hentry","news-cat-news"],"acf":[],"yoast_head":"<!-- This site is optimized with the Yoast SEO plugin v27.4 - https:\/\/yoast.com\/product\/yoast-seo-wordpress\/ -->\n<title>Presidents Milanovi\u0107, Pahor and Van der Bellen to Meet on Brijuni Islands on Friday - President of the Republic of Croatia - Zoran Milanovi\u0107<\/title>\n<meta name=\"robots\" content=\"index, follow, max-snippet:-1, max-image-preview:large, max-video-preview:-1\" \/>\n<link rel=\"canonical\" href=\"https:\/\/www.predsjednik.hr\/en\/news\/presidents-milanovic-pahor-and-van-der-bellen-to-meet-on-brijuni-islands-on-friday\/\" \/>\n<meta property=\"og:locale\" content=\"en_US\" \/>\n<meta property=\"og:type\" content=\"article\" \/>\n<meta property=\"og:title\" content=\"Presidents Milanovi\u0107, Pahor and Van der Bellen to Meet on Brijuni Islands on Friday - President of the Republic of Croatia - Zoran Milanovi\u0107\" \/>\n<meta property=\"og:description\" content=\"The President of the Republic of Croatia Zoran Milanovi\u0107 will host the 9th Trilateral meeting at which his guests will be the President of the Republic of Slovenia Borut Pahor, and the Federal President of the Republic of Austria Alexander Van der Bellen. The Trilateral meeting will take place on Brijuni Islands on Friday.\" \/>\n<meta property=\"og:url\" content=\"https:\/\/www.predsjednik.hr\/en\/news\/presidents-milanovic-pahor-and-van-der-bellen-to-meet-on-brijuni-islands-on-friday\/\" \/>\n<meta property=\"og:site_name\" content=\"President of the Republic of Croatia - Zoran Milanovi\u0107\" \/>\n<meta property=\"article:modified_time\" content=\"2022-06-06T10:44:20+00:00\" \/>\n<meta property=\"og:image\" content=\"https:\/\/www.predsjednik.hr\/wp-content\/uploads\/2022\/06\/DSC_0447-1-1-1024x683-1.jpg\" \/>\n\t<meta property=\"og:image:width\" content=\"1024\" \/>\n\t<meta property=\"og:image:height\" content=\"683\" \/>\n\t<meta property=\"og:image:type\" content=\"image\/jpeg\" \/>\n<meta name=\"twitter:card\" content=\"summary_large_image\" \/>\n<meta name=\"twitter:label1\" content=\"Est. reading time\" \/>\n\t<meta name=\"twitter:data1\" content=\"2 minutes\" \/>\n<script type=\"application\/ld+json\" class=\"yoast-schema-graph\">{\"@context\":\"https:\\\/\\\/schema.org\",\"@graph\":[{\"@type\":\"WebPage\",\"@id\":\"https:\\\/\\\/www.predsjednik.hr\\\/en\\\/news\\\/presidents-milanovic-pahor-and-van-der-bellen-to-meet-on-brijuni-islands-on-friday\\\/\",\"url\":\"https:\\\/\\\/www.predsjednik.hr\\\/en\\\/news\\\/presidents-milanovic-pahor-and-van-der-bellen-to-meet-on-brijuni-islands-on-friday\\\/\",\"name\":\"Presidents Milanovi\u0107, Pahor and Van der Bellen to Meet on Brijuni Islands on Friday - President of the Republic of Croatia - Zoran Milanovi\u0107\",\"isPartOf\":{\"@id\":\"https:\\\/\\\/www.predsjednik.hr\\\/en\\\/#website\"},\"primaryImageOfPage\":{\"@id\":\"https:\\\/\\\/www.predsjednik.hr\\\/en\\\/news\\\/presidents-milanovic-pahor-and-van-der-bellen-to-meet-on-brijuni-islands-on-friday\\\/#primaryimage\"},\"image\":{\"@id\":\"https:\\\/\\\/www.predsjednik.hr\\\/en\\\/news\\\/presidents-milanovic-pahor-and-van-der-bellen-to-meet-on-brijuni-islands-on-friday\\\/#primaryimage\"},\"thumbnailUrl\":\"https:\\\/\\\/www.predsjednik.hr\\\/wp-content\\\/uploads\\\/2022\\\/06\\\/DSC_0447-1-1-1024x683-1.jpg\",\"datePublished\":\"2022-03-06T11:41:37+00:00\",\"dateModified\":\"2022-06-06T10:44:20+00:00\",\"breadcrumb\":{\"@id\":\"https:\\\/\\\/www.predsjednik.hr\\\/en\\\/news\\\/presidents-milanovic-pahor-and-van-der-bellen-to-meet-on-brijuni-islands-on-friday\\\/#breadcrumb\"},\"inLanguage\":\"en-US\",\"potentialAction\":[{\"@type\":\"ReadAction\",\"target\":[\"https:\\\/\\\/www.predsjednik.hr\\\/en\\\/news\\\/presidents-milanovic-pahor-and-van-der-bellen-to-meet-on-brijuni-islands-on-friday\\\/\"]}]},{\"@type\":\"ImageObject\",\"inLanguage\":\"en-US\",\"@id\":\"https:\\\/\\\/www.predsjednik.hr\\\/en\\\/news\\\/presidents-milanovic-pahor-and-van-der-bellen-to-meet-on-brijuni-islands-on-friday\\\/#primaryimage\",\"url\":\"https:\\\/\\\/www.predsjednik.hr\\\/wp-content\\\/uploads\\\/2022\\\/06\\\/DSC_0447-1-1-1024x683-1.jpg\",\"contentUrl\":\"https:\\\/\\\/www.predsjednik.hr\\\/wp-content\\\/uploads\\\/2022\\\/06\\\/DSC_0447-1-1-1024x683-1.jpg\",\"width\":1024,\"height\":683,\"caption\":\"Predsjednik Republike Hrvatske Zoran Milanovi\u0107 doma\u0107in je 9. Trilateralnog sastanka na kojem \u0107e ugostiti predsjednika Republike Slovenije Boruta Pahora i predsjednika Republike Austrije Alexandera Van der Bellena. Trilateralni sastanak predsjednika Milanovi\u0107a, Pahora i Van der Bellena odr\u017eat \u0107e se u petak na Brijunima.\"},{\"@type\":\"BreadcrumbList\",\"@id\":\"https:\\\/\\\/www.predsjednik.hr\\\/en\\\/news\\\/presidents-milanovic-pahor-and-van-der-bellen-to-meet-on-brijuni-islands-on-friday\\\/#breadcrumb\",\"itemListElement\":[{\"@type\":\"ListItem\",\"position\":1,\"name\":\"Home\",\"item\":\"https:\\\/\\\/www.predsjednik.hr\\\/en\\\/\"},{\"@type\":\"ListItem\",\"position\":2,\"name\":\"Vijesti\",\"item\":\"https:\\\/\\\/www.predsjednik.hr\\\/en\\\/news\\\/\"},{\"@type\":\"ListItem\",\"position\":3,\"name\":\"Presidents Milanovi\u0107, Pahor and Van der Bellen to Meet on Brijuni Islands on Friday\"}]},{\"@type\":\"WebSite\",\"@id\":\"https:\\\/\\\/www.predsjednik.hr\\\/en\\\/#website\",\"url\":\"https:\\\/\\\/www.predsjednik.hr\\\/en\\\/\",\"name\":\"President of the Republic of Croatia - Zoran Milanovi\u0107\",\"description\":\"Just another WordPress site\",\"potentialAction\":[{\"@type\":\"SearchAction\",\"target\":{\"@type\":\"EntryPoint\",\"urlTemplate\":\"https:\\\/\\\/www.predsjednik.hr\\\/en\\\/?s={search_term_string}\"},\"query-input\":{\"@type\":\"PropertyValueSpecification\",\"valueRequired\":true,\"valueName\":\"search_term_string\"}}],\"inLanguage\":\"en-US\"}]}<\/script>\n<!-- \/ Yoast SEO plugin. -->","yoast_head_json":{"title":"Presidents Milanovi\u0107, Pahor and Van der Bellen to Meet on Brijuni Islands on Friday - President of the Republic of Croatia - Zoran Milanovi\u0107","robots":{"index":"index","follow":"follow","max-snippet":"max-snippet:-1","max-image-preview":"max-image-preview:large","max-video-preview":"max-video-preview:-1"},"canonical":"https:\/\/www.predsjednik.hr\/en\/news\/presidents-milanovic-pahor-and-van-der-bellen-to-meet-on-brijuni-islands-on-friday\/","og_locale":"en_US","og_type":"article","og_title":"Presidents Milanovi\u0107, Pahor and Van der Bellen to Meet on Brijuni Islands on Friday - President of the Republic of Croatia - Zoran Milanovi\u0107","og_description":"The President of the Republic of Croatia Zoran Milanovi\u0107 will host the 9th Trilateral meeting at which his guests will be the President of the Republic of Slovenia Borut Pahor, and the Federal President of the Republic of Austria Alexander Van der Bellen. The Trilateral meeting will take place on Brijuni Islands on Friday.","og_url":"https:\/\/www.predsjednik.hr\/en\/news\/presidents-milanovic-pahor-and-van-der-bellen-to-meet-on-brijuni-islands-on-friday\/","og_site_name":"President of the Republic of Croatia - Zoran Milanovi\u0107","article_modified_time":"2022-06-06T10:44:20+00:00","og_image":[{"width":1024,"height":683,"url":"https:\/\/www.predsjednik.hr\/wp-content\/uploads\/2022\/06\/DSC_0447-1-1-1024x683-1.jpg","type":"image\/jpeg"}],"twitter_card":"summary_large_image","twitter_misc":{"Est. reading time":"2 minutes"},"schema":{"@context":"https:\/\/schema.org","@graph":[{"@type":"WebPage","@id":"https:\/\/www.predsjednik.hr\/en\/news\/presidents-milanovic-pahor-and-van-der-bellen-to-meet-on-brijuni-islands-on-friday\/","url":"https:\/\/www.predsjednik.hr\/en\/news\/presidents-milanovic-pahor-and-van-der-bellen-to-meet-on-brijuni-islands-on-friday\/","name":"Presidents Milanovi\u0107, Pahor and Van der Bellen to Meet on Brijuni Islands on Friday - President of the Republic of Croatia - Zoran Milanovi\u0107","isPartOf":{"@id":"https:\/\/www.predsjednik.hr\/en\/#website"},"primaryImageOfPage":{"@id":"https:\/\/www.predsjednik.hr\/en\/news\/presidents-milanovic-pahor-and-van-der-bellen-to-meet-on-brijuni-islands-on-friday\/#primaryimage"},"image":{"@id":"https:\/\/www.predsjednik.hr\/en\/news\/presidents-milanovic-pahor-and-van-der-bellen-to-meet-on-brijuni-islands-on-friday\/#primaryimage"},"thumbnailUrl":"https:\/\/www.predsjednik.hr\/wp-content\/uploads\/2022\/06\/DSC_0447-1-1-1024x683-1.jpg","datePublished":"2022-03-06T11:41:37+00:00","dateModified":"2022-06-06T10:44:20+00:00","breadcrumb":{"@id":"https:\/\/www.predsjednik.hr\/en\/news\/presidents-milanovic-pahor-and-van-der-bellen-to-meet-on-brijuni-islands-on-friday\/#breadcrumb"},"inLanguage":"en-US","potentialAction":[{"@type":"ReadAction","target":["https:\/\/www.predsjednik.hr\/en\/news\/presidents-milanovic-pahor-and-van-der-bellen-to-meet-on-brijuni-islands-on-friday\/"]}]},{"@type":"ImageObject","inLanguage":"en-US","@id":"https:\/\/www.predsjednik.hr\/en\/news\/presidents-milanovic-pahor-and-van-der-bellen-to-meet-on-brijuni-islands-on-friday\/#primaryimage","url":"https:\/\/www.predsjednik.hr\/wp-content\/uploads\/2022\/06\/DSC_0447-1-1-1024x683-1.jpg","contentUrl":"https:\/\/www.predsjednik.hr\/wp-content\/uploads\/2022\/06\/DSC_0447-1-1-1024x683-1.jpg","width":1024,"height":683,"caption":"Predsjednik Republike Hrvatske Zoran Milanovi\u0107 doma\u0107in je 9. Trilateralnog sastanka na kojem \u0107e ugostiti predsjednika Republike Slovenije Boruta Pahora i predsjednika Republike Austrije Alexandera Van der Bellena. Trilateralni sastanak predsjednika Milanovi\u0107a, Pahora i Van der Bellena odr\u017eat \u0107e se u petak na Brijunima."},{"@type":"BreadcrumbList","@id":"https:\/\/www.predsjednik.hr\/en\/news\/presidents-milanovic-pahor-and-van-der-bellen-to-meet-on-brijuni-islands-on-friday\/#breadcrumb","itemListElement":[{"@type":"ListItem","position":1,"name":"Home","item":"https:\/\/www.predsjednik.hr\/en\/"},{"@type":"ListItem","position":2,"name":"Vijesti","item":"https:\/\/www.predsjednik.hr\/en\/news\/"},{"@type":"ListItem","position":3,"name":"Presidents Milanovi\u0107, Pahor and Van der Bellen to Meet on Brijuni Islands on Friday"}]},{"@type":"WebSite","@id":"https:\/\/www.predsjednik.hr\/en\/#website","url":"https:\/\/www.predsjednik.hr\/en\/","name":"President of the Republic of Croatia - Zoran Milanovi\u0107","description":"Just another WordPress site","potentialAction":[{"@type":"SearchAction","target":{"@type":"EntryPoint","urlTemplate":"https:\/\/www.predsjednik.hr\/en\/?s={search_term_string}"},"query-input":{"@type":"PropertyValueSpecification","valueRequired":true,"valueName":"search_term_string"}}],"inLanguage":"en-US"}]}},"_links":{"self":[{"href":"https:\/\/www.predsjednik.hr\/en\/wp-json\/wp\/v2\/news\/17585","targetHints":{"allow":["GET"]}}],"collection":[{"href":"https:\/\/www.predsjednik.hr\/en\/wp-json\/wp\/v2\/news"}],"about":[{"href":"https:\/\/www.predsjednik.hr\/en\/wp-json\/wp\/v2\/types\/news"}],"wp:featuredmedia":[{"embeddable":true,"href":"https:\/\/www.predsjednik.hr\/en\/wp-json\/wp\/v2\/media\/17573"}],"wp:attachment":[{"href":"https:\/\/www.predsjednik.hr\/en\/wp-json\/wp\/v2\/media?parent=17585"}],"wp:term":[{"taxonomy":"news-cat","embeddable":true,"href":"https:\/\/www.predsjednik.hr\/en\/wp-json\/wp\/v2\/news-cat?post=17585"}],"curies":[{"name":"wp","href":"https:\/\/api.w.org\/{rel}","templated":true}]}}