{"id":17610,"date":"2022-06-08T15:09:47","date_gmt":"2022-06-08T13:09:47","guid":{"rendered":"https:\/\/www.predsjednik.hr\/?post_type=news&#038;p=17610"},"modified":"2022-06-08T15:09:49","modified_gmt":"2022-06-08T13:09:49","slug":"president-milanovic-receives-delegation-of-diabetic-association-of-split-celebrating-75-years-of-activity","status":"publish","type":"news","link":"https:\/\/www.predsjednik.hr\/en\/news\/president-milanovic-receives-delegation-of-diabetic-association-of-split-celebrating-75-years-of-activity\/","title":{"rendered":"President Milanovi\u0107 receives delegation of Diabetic Association of Split celebrating 75 years of activity"},"content":{"rendered":"\n<p>The President of the Republic Zoran Milanovi\u0107 received in the Office of the President today a delegation of the \u201cSplitsko dijabeti\u010dko dru\u0161tvo\u201d (Diabetic Association of Split) on the occasion of their 75 years of activity. Through various projects and programmes over the years, they strived to help diabetic patients, and cooperated with professionals and institutions in order to prevent the occurrence of this disorder, treat it successfully and rehabilitate the patients.<\/p>\n\n\n\n<p>Representatives of the Diabetic Association of Split: president Branko Luli\u0107, vice-presidents Liljana Repani\u0107 and Vesna Zec, secretary Ivan Petri\u010devi\u0107 and active volunteer Miro Katavi\u0107 introduced their Association to President Milanovi\u0107, and noted that it has been operating since 1947, the year diabetes was recognized as a major health hazard for individuals and society as a whole. The 75<sup>th<\/sup> anniversary celebration took place on 19 May 2022 in Split under the patronage of the President of the Republic who thanked them for their efforts and dedication in helping diabetics.<\/p>\n\n\n\n<p>In the past 25 years the Diabetic Association of Split has completed a large number of projects and healthcare prevention programmes including numerous round tables and public forums on healthcare and social services topics, public lectures related to diabetes and counselling in individual counselling clinics with frequent blood sugar level testing and measuring of blood pressure. The Association currently has 102 members, and gets assistance from the Healthcare Administrative Department of the City of Split and Split-Dalmatia County, the Ministry of Health, the real sector and the media.<\/p>\n\n\n\n<p>Attending the meeting alongside President Milanovi\u0107 was the Adviser for Education Jadranka \u017darkovi\u0107.<\/p>\n\n\n<!--GALLERY BLOCK-->\n<div class=\"c-lightbox-gallery js-lightbox\">\n                <!--single-->\n            <a data-no-swup class=\"c-lightbox-gallery__single js-lightbox-single\"\n               href=\"https:\/\/www.predsjednik.hr\/wp-content\/uploads\/2022\/06\/DSC_3201-1024x576.jpg\"\n               style=\"background-image: url('https:\/\/www.predsjednik.hr\/wp-content\/uploads\/2022\/06\/DSC_3201-768x432.jpg')\"><\/a>\n            <!--end single-->\n                    <!--single-->\n            <a data-no-swup class=\"c-lightbox-gallery__single js-lightbox-single\"\n               href=\"https:\/\/www.predsjednik.hr\/wp-content\/uploads\/2022\/06\/DSC_3226-1024x576.jpg\"\n               style=\"background-image: url('https:\/\/www.predsjednik.hr\/wp-content\/uploads\/2022\/06\/DSC_3226-768x432.jpg')\"><\/a>\n            <!--end single-->\n                    <!--single-->\n            <a data-no-swup class=\"c-lightbox-gallery__single js-lightbox-single\"\n               href=\"https:\/\/www.predsjednik.hr\/wp-content\/uploads\/2022\/06\/DSC_3232-1024x576.jpg\"\n               style=\"background-image: url('https:\/\/www.predsjednik.hr\/wp-content\/uploads\/2022\/06\/DSC_3232-768x432.jpg')\"><\/a>\n            <!--end single-->\n                    <!--single-->\n            <a data-no-swup class=\"c-lightbox-gallery__single js-lightbox-single\"\n               href=\"https:\/\/www.predsjednik.hr\/wp-content\/uploads\/2022\/06\/DSC_3240-1024x576.jpg\"\n               style=\"background-image: url('https:\/\/www.predsjednik.hr\/wp-content\/uploads\/2022\/06\/DSC_3240-768x432.jpg')\"><\/a>\n            <!--end single-->\n        <\/div>\n<!--end GALLERY BLOCK-->\n\n\n\n<p>PHOTO: Office of the President of the Republic of Croatia \/ Ana Marija Kati\u0107<\/p>\n","protected":false},"excerpt":{"rendered":"<p>The President of the Republic Zoran Milanovi\u0107 received in the Office of the President today a delegation of the \u201cSplitsko dijabeti\u010dko dru\u0161tvo\u201d (Diabetic Association of Split) on the occasion of their 75 years of activity. Through various projects and programmes over the years, they strived to help diabetic patients, and cooperated with professionals and institutions in order to prevent the occurrence of this disorder, treat it successfully and rehabilitate the patients.<\/p>\n","protected":false},"featured_media":17602,"template":"","news-cat":[12],"class_list":["post-17610","news","type-news","status-publish","has-post-thumbnail","hentry","news-cat-news"],"acf":[],"yoast_head":"<!-- This site is optimized with the Yoast SEO plugin v27.4 - https:\/\/yoast.com\/product\/yoast-seo-wordpress\/ -->\n<title>President Milanovi\u0107 receives delegation of Diabetic Association of Split celebrating 75 years of activity - President of the Republic of Croatia - Zoran Milanovi\u0107<\/title>\n<meta name=\"robots\" content=\"index, follow, max-snippet:-1, max-image-preview:large, max-video-preview:-1\" \/>\n<link rel=\"canonical\" href=\"https:\/\/www.predsjednik.hr\/en\/news\/president-milanovic-receives-delegation-of-diabetic-association-of-split-celebrating-75-years-of-activity\/\" \/>\n<meta property=\"og:locale\" content=\"en_US\" \/>\n<meta property=\"og:type\" content=\"article\" \/>\n<meta property=\"og:title\" content=\"President Milanovi\u0107 receives delegation of Diabetic Association of Split celebrating 75 years of activity - President of the Republic of Croatia - Zoran Milanovi\u0107\" \/>\n<meta property=\"og:description\" content=\"The President of the Republic Zoran Milanovi\u0107 received in the Office of the President today a delegation of the \u201cSplitsko dijabeti\u010dko dru\u0161tvo\u201d (Diabetic Association of Split) on the occasion of their 75 years of activity. Through various projects and programmes over the years, they strived to help diabetic patients, and cooperated with professionals and institutions in order to prevent the occurrence of this disorder, treat it successfully and rehabilitate the patients.\" \/>\n<meta property=\"og:url\" content=\"https:\/\/www.predsjednik.hr\/en\/news\/president-milanovic-receives-delegation-of-diabetic-association-of-split-celebrating-75-years-of-activity\/\" \/>\n<meta property=\"og:site_name\" content=\"President of the Republic of Croatia - Zoran Milanovi\u0107\" \/>\n<meta property=\"article:modified_time\" content=\"2022-06-08T13:09:49+00:00\" \/>\n<meta property=\"og:image\" content=\"https:\/\/www.predsjednik.hr\/wp-content\/uploads\/2022\/06\/DSC_3201.jpg\" \/>\n\t<meta property=\"og:image:width\" content=\"4610\" \/>\n\t<meta property=\"og:image:height\" content=\"2593\" \/>\n\t<meta property=\"og:image:type\" content=\"image\/jpeg\" \/>\n<meta name=\"twitter:card\" content=\"summary_large_image\" \/>\n<meta name=\"twitter:label1\" content=\"Est. reading time\" \/>\n\t<meta name=\"twitter:data1\" content=\"2 minutes\" \/>\n<script type=\"application\/ld+json\" class=\"yoast-schema-graph\">{\"@context\":\"https:\\\/\\\/schema.org\",\"@graph\":[{\"@type\":\"WebPage\",\"@id\":\"https:\\\/\\\/www.predsjednik.hr\\\/en\\\/news\\\/president-milanovic-receives-delegation-of-diabetic-association-of-split-celebrating-75-years-of-activity\\\/\",\"url\":\"https:\\\/\\\/www.predsjednik.hr\\\/en\\\/news\\\/president-milanovic-receives-delegation-of-diabetic-association-of-split-celebrating-75-years-of-activity\\\/\",\"name\":\"President Milanovi\u0107 receives delegation of Diabetic Association of Split celebrating 75 years of activity - President of the Republic of Croatia - Zoran Milanovi\u0107\",\"isPartOf\":{\"@id\":\"https:\\\/\\\/www.predsjednik.hr\\\/en\\\/#website\"},\"primaryImageOfPage\":{\"@id\":\"https:\\\/\\\/www.predsjednik.hr\\\/en\\\/news\\\/president-milanovic-receives-delegation-of-diabetic-association-of-split-celebrating-75-years-of-activity\\\/#primaryimage\"},\"image\":{\"@id\":\"https:\\\/\\\/www.predsjednik.hr\\\/en\\\/news\\\/president-milanovic-receives-delegation-of-diabetic-association-of-split-celebrating-75-years-of-activity\\\/#primaryimage\"},\"thumbnailUrl\":\"https:\\\/\\\/www.predsjednik.hr\\\/wp-content\\\/uploads\\\/2022\\\/06\\\/DSC_3201.jpg\",\"datePublished\":\"2022-06-08T13:09:47+00:00\",\"dateModified\":\"2022-06-08T13:09:49+00:00\",\"breadcrumb\":{\"@id\":\"https:\\\/\\\/www.predsjednik.hr\\\/en\\\/news\\\/president-milanovic-receives-delegation-of-diabetic-association-of-split-celebrating-75-years-of-activity\\\/#breadcrumb\"},\"inLanguage\":\"en-US\",\"potentialAction\":[{\"@type\":\"ReadAction\",\"target\":[\"https:\\\/\\\/www.predsjednik.hr\\\/en\\\/news\\\/president-milanovic-receives-delegation-of-diabetic-association-of-split-celebrating-75-years-of-activity\\\/\"]}]},{\"@type\":\"ImageObject\",\"inLanguage\":\"en-US\",\"@id\":\"https:\\\/\\\/www.predsjednik.hr\\\/en\\\/news\\\/president-milanovic-receives-delegation-of-diabetic-association-of-split-celebrating-75-years-of-activity\\\/#primaryimage\",\"url\":\"https:\\\/\\\/www.predsjednik.hr\\\/wp-content\\\/uploads\\\/2022\\\/06\\\/DSC_3201.jpg\",\"contentUrl\":\"https:\\\/\\\/www.predsjednik.hr\\\/wp-content\\\/uploads\\\/2022\\\/06\\\/DSC_3201.jpg\",\"width\":4610,\"height\":2593,\"caption\":\"President Milanovi\u0107 receives delegation of Diabetic Association of Split celebrating 75 years of activity\"},{\"@type\":\"BreadcrumbList\",\"@id\":\"https:\\\/\\\/www.predsjednik.hr\\\/en\\\/news\\\/president-milanovic-receives-delegation-of-diabetic-association-of-split-celebrating-75-years-of-activity\\\/#breadcrumb\",\"itemListElement\":[{\"@type\":\"ListItem\",\"position\":1,\"name\":\"Home\",\"item\":\"https:\\\/\\\/www.predsjednik.hr\\\/en\\\/\"},{\"@type\":\"ListItem\",\"position\":2,\"name\":\"Vijesti\",\"item\":\"https:\\\/\\\/www.predsjednik.hr\\\/en\\\/news\\\/\"},{\"@type\":\"ListItem\",\"position\":3,\"name\":\"President Milanovi\u0107 receives delegation of Diabetic Association of Split celebrating 75 years of activity\"}]},{\"@type\":\"WebSite\",\"@id\":\"https:\\\/\\\/www.predsjednik.hr\\\/en\\\/#website\",\"url\":\"https:\\\/\\\/www.predsjednik.hr\\\/en\\\/\",\"name\":\"President of the Republic of Croatia - Zoran Milanovi\u0107\",\"description\":\"Just another WordPress site\",\"potentialAction\":[{\"@type\":\"SearchAction\",\"target\":{\"@type\":\"EntryPoint\",\"urlTemplate\":\"https:\\\/\\\/www.predsjednik.hr\\\/en\\\/?s={search_term_string}\"},\"query-input\":{\"@type\":\"PropertyValueSpecification\",\"valueRequired\":true,\"valueName\":\"search_term_string\"}}],\"inLanguage\":\"en-US\"}]}<\/script>\n<!-- \/ Yoast SEO plugin. -->","yoast_head_json":{"title":"President Milanovi\u0107 receives delegation of Diabetic Association of Split celebrating 75 years of activity - President of the Republic of Croatia - Zoran Milanovi\u0107","robots":{"index":"index","follow":"follow","max-snippet":"max-snippet:-1","max-image-preview":"max-image-preview:large","max-video-preview":"max-video-preview:-1"},"canonical":"https:\/\/www.predsjednik.hr\/en\/news\/president-milanovic-receives-delegation-of-diabetic-association-of-split-celebrating-75-years-of-activity\/","og_locale":"en_US","og_type":"article","og_title":"President Milanovi\u0107 receives delegation of Diabetic Association of Split celebrating 75 years of activity - President of the Republic of Croatia - Zoran Milanovi\u0107","og_description":"The President of the Republic Zoran Milanovi\u0107 received in the Office of the President today a delegation of the \u201cSplitsko dijabeti\u010dko dru\u0161tvo\u201d (Diabetic Association of Split) on the occasion of their 75 years of activity. Through various projects and programmes over the years, they strived to help diabetic patients, and cooperated with professionals and institutions in order to prevent the occurrence of this disorder, treat it successfully and rehabilitate the patients.","og_url":"https:\/\/www.predsjednik.hr\/en\/news\/president-milanovic-receives-delegation-of-diabetic-association-of-split-celebrating-75-years-of-activity\/","og_site_name":"President of the Republic of Croatia - Zoran Milanovi\u0107","article_modified_time":"2022-06-08T13:09:49+00:00","og_image":[{"width":4610,"height":2593,"url":"https:\/\/www.predsjednik.hr\/wp-content\/uploads\/2022\/06\/DSC_3201.jpg","type":"image\/jpeg"}],"twitter_card":"summary_large_image","twitter_misc":{"Est. reading time":"2 minutes"},"schema":{"@context":"https:\/\/schema.org","@graph":[{"@type":"WebPage","@id":"https:\/\/www.predsjednik.hr\/en\/news\/president-milanovic-receives-delegation-of-diabetic-association-of-split-celebrating-75-years-of-activity\/","url":"https:\/\/www.predsjednik.hr\/en\/news\/president-milanovic-receives-delegation-of-diabetic-association-of-split-celebrating-75-years-of-activity\/","name":"President Milanovi\u0107 receives delegation of Diabetic Association of Split celebrating 75 years of activity - President of the Republic of Croatia - Zoran Milanovi\u0107","isPartOf":{"@id":"https:\/\/www.predsjednik.hr\/en\/#website"},"primaryImageOfPage":{"@id":"https:\/\/www.predsjednik.hr\/en\/news\/president-milanovic-receives-delegation-of-diabetic-association-of-split-celebrating-75-years-of-activity\/#primaryimage"},"image":{"@id":"https:\/\/www.predsjednik.hr\/en\/news\/president-milanovic-receives-delegation-of-diabetic-association-of-split-celebrating-75-years-of-activity\/#primaryimage"},"thumbnailUrl":"https:\/\/www.predsjednik.hr\/wp-content\/uploads\/2022\/06\/DSC_3201.jpg","datePublished":"2022-06-08T13:09:47+00:00","dateModified":"2022-06-08T13:09:49+00:00","breadcrumb":{"@id":"https:\/\/www.predsjednik.hr\/en\/news\/president-milanovic-receives-delegation-of-diabetic-association-of-split-celebrating-75-years-of-activity\/#breadcrumb"},"inLanguage":"en-US","potentialAction":[{"@type":"ReadAction","target":["https:\/\/www.predsjednik.hr\/en\/news\/president-milanovic-receives-delegation-of-diabetic-association-of-split-celebrating-75-years-of-activity\/"]}]},{"@type":"ImageObject","inLanguage":"en-US","@id":"https:\/\/www.predsjednik.hr\/en\/news\/president-milanovic-receives-delegation-of-diabetic-association-of-split-celebrating-75-years-of-activity\/#primaryimage","url":"https:\/\/www.predsjednik.hr\/wp-content\/uploads\/2022\/06\/DSC_3201.jpg","contentUrl":"https:\/\/www.predsjednik.hr\/wp-content\/uploads\/2022\/06\/DSC_3201.jpg","width":4610,"height":2593,"caption":"President Milanovi\u0107 receives delegation of Diabetic Association of Split celebrating 75 years of activity"},{"@type":"BreadcrumbList","@id":"https:\/\/www.predsjednik.hr\/en\/news\/president-milanovic-receives-delegation-of-diabetic-association-of-split-celebrating-75-years-of-activity\/#breadcrumb","itemListElement":[{"@type":"ListItem","position":1,"name":"Home","item":"https:\/\/www.predsjednik.hr\/en\/"},{"@type":"ListItem","position":2,"name":"Vijesti","item":"https:\/\/www.predsjednik.hr\/en\/news\/"},{"@type":"ListItem","position":3,"name":"President Milanovi\u0107 receives delegation of Diabetic Association of Split celebrating 75 years of activity"}]},{"@type":"WebSite","@id":"https:\/\/www.predsjednik.hr\/en\/#website","url":"https:\/\/www.predsjednik.hr\/en\/","name":"President of the Republic of Croatia - Zoran Milanovi\u0107","description":"Just another WordPress site","potentialAction":[{"@type":"SearchAction","target":{"@type":"EntryPoint","urlTemplate":"https:\/\/www.predsjednik.hr\/en\/?s={search_term_string}"},"query-input":{"@type":"PropertyValueSpecification","valueRequired":true,"valueName":"search_term_string"}}],"inLanguage":"en-US"}]}},"_links":{"self":[{"href":"https:\/\/www.predsjednik.hr\/en\/wp-json\/wp\/v2\/news\/17610","targetHints":{"allow":["GET"]}}],"collection":[{"href":"https:\/\/www.predsjednik.hr\/en\/wp-json\/wp\/v2\/news"}],"about":[{"href":"https:\/\/www.predsjednik.hr\/en\/wp-json\/wp\/v2\/types\/news"}],"wp:featuredmedia":[{"embeddable":true,"href":"https:\/\/www.predsjednik.hr\/en\/wp-json\/wp\/v2\/media\/17602"}],"wp:attachment":[{"href":"https:\/\/www.predsjednik.hr\/en\/wp-json\/wp\/v2\/media?parent=17610"}],"wp:term":[{"taxonomy":"news-cat","embeddable":true,"href":"https:\/\/www.predsjednik.hr\/en\/wp-json\/wp\/v2\/news-cat?post=17610"}],"curies":[{"name":"wp","href":"https:\/\/api.w.org\/{rel}","templated":true}]}}