{"id":17670,"date":"2022-06-10T15:49:16","date_gmt":"2022-06-10T13:49:16","guid":{"rendered":"https:\/\/www.predsjednik.hr\/?post_type=news&#038;p=17670"},"modified":"2022-06-10T15:49:19","modified_gmt":"2022-06-10T13:49:19","slug":"president-milanovic-speaks-with-finnish-president-niinisto","status":"publish","type":"news","link":"https:\/\/www.predsjednik.hr\/en\/news\/president-milanovic-speaks-with-finnish-president-niinisto\/","title":{"rendered":"President Milanovi\u0107 speaks with Finnish President Niinist\u00f6"},"content":{"rendered":"\n<p>The President of the Republic Zoran Milanovi\u0107 spoke on the phone today with the President of the Republic of Finland Sauli Niinist\u00f6. The topic of their conversation, initiated by President Niinist\u00f6, was Finland\u2019s application for membership in NATO, and the forthcoming meeting of NATO heads of state and governments to be held in Madrid at the end of June.<\/p>\n\n\n\n<p>President Milanovi\u0107 informed the Finnish president of his position as regards NATO enlargement. He said that in principle he does not oppose Finland\u2019s membership in NATO, but acquainted him with the serious political crisis in Bosnia and Herzegovina threatening the survival of Croats as a constituent people in BiH and also jeopardizing the national interests of the Republic of Croatia. In the phone call, President Milanovi\u0107 explained in detail to President Niinist\u00f6 that the Croats in BiH have been subjected to election manipulations for years, and that once again they are being forced to participate in elections that will be held according to unconstitutional election rules.<\/p>\n\n\n\n<p>The Croats in BiH have been deprived of the possibility of electing their legitimate representatives in government bodies, which is contrary to the letter and spirit of the Dayton Agreement, and discriminates the Croats as a constituent people of BiH, President MIlanovi\u0107 told the Finnish President in their telephone conversation. President Milanovi\u0107 underlined that Croatia\u2019s interest is a politically and security stable BiH in which all three constituent peoples will be allowed to choose their legitimate representatives, and this should be in the interest of the European Union and NATO&nbsp; as well.<\/p>\n\n\n\n<p>The Republic of Croatia expects understanding from its partners in the EU and NATO in terms of the need to protect the rights of Croats in BiH, and consequently the protection of its national interests, including Finland\u2019s understanding, which is Croatia\u2019s partner in the EU, President Milanovi\u0107 told President Niinist\u00f6 in their telephone conversation.<\/p>\n\n\n\n<p>During the phone call, Finnish President Niinist\u00f6 invited President Milanovi\u0107 to pay an Official visit to the Republic of Finland, which the Croatian President accepted.<\/p>\n","protected":false},"excerpt":{"rendered":"<p>The President of the Republic Zoran Milanovi\u0107 spoke on the phone today with the President of the Republic of Finland Sauli Niinist\u00f6. The topic of their conversation, initiated by President Niinist\u00f6, was Finland\u2019s application for membership in NATO, and the forthcoming meeting of NATO heads of state and governments to be held in Madrid at the end of June.<\/p>\n","protected":false},"featured_media":17668,"template":"","news-cat":[12],"class_list":["post-17670","news","type-news","status-publish","has-post-thumbnail","hentry","news-cat-news"],"acf":[],"yoast_head":"<!-- This site is optimized with the Yoast SEO plugin v27.4 - https:\/\/yoast.com\/product\/yoast-seo-wordpress\/ -->\n<title>President Milanovi\u0107 speaks with Finnish President Niinist\u00f6 - President of the Republic of Croatia - Zoran Milanovi\u0107<\/title>\n<meta name=\"robots\" content=\"index, follow, max-snippet:-1, max-image-preview:large, max-video-preview:-1\" \/>\n<link rel=\"canonical\" href=\"https:\/\/www.predsjednik.hr\/en\/news\/president-milanovic-speaks-with-finnish-president-niinisto\/\" \/>\n<meta property=\"og:locale\" content=\"en_US\" \/>\n<meta property=\"og:type\" content=\"article\" \/>\n<meta property=\"og:title\" content=\"President Milanovi\u0107 speaks with Finnish President Niinist\u00f6 - President of the Republic of Croatia - Zoran Milanovi\u0107\" \/>\n<meta property=\"og:description\" content=\"The President of the Republic Zoran Milanovi\u0107 spoke on the phone today with the President of the Republic of Finland Sauli Niinist\u00f6. The topic of their conversation, initiated by President Niinist\u00f6, was Finland\u2019s application for membership in NATO, and the forthcoming meeting of NATO heads of state and governments to be held in Madrid at the end of June.\" \/>\n<meta property=\"og:url\" content=\"https:\/\/www.predsjednik.hr\/en\/news\/president-milanovic-speaks-with-finnish-president-niinisto\/\" \/>\n<meta property=\"og:site_name\" content=\"President of the Republic of Croatia - Zoran Milanovi\u0107\" \/>\n<meta property=\"article:modified_time\" content=\"2022-06-10T13:49:19+00:00\" \/>\n<meta property=\"og:image\" content=\"https:\/\/www.predsjednik.hr\/wp-content\/uploads\/2022\/06\/DSC_6492.jpg\" \/>\n\t<meta property=\"og:image:width\" content=\"1919\" \/>\n\t<meta property=\"og:image:height\" content=\"1079\" \/>\n\t<meta property=\"og:image:type\" content=\"image\/jpeg\" \/>\n<meta name=\"twitter:card\" content=\"summary_large_image\" \/>\n<meta name=\"twitter:label1\" content=\"Est. reading time\" \/>\n\t<meta name=\"twitter:data1\" content=\"2 minutes\" \/>\n<script type=\"application\/ld+json\" class=\"yoast-schema-graph\">{\"@context\":\"https:\\\/\\\/schema.org\",\"@graph\":[{\"@type\":\"WebPage\",\"@id\":\"https:\\\/\\\/www.predsjednik.hr\\\/en\\\/news\\\/president-milanovic-speaks-with-finnish-president-niinisto\\\/\",\"url\":\"https:\\\/\\\/www.predsjednik.hr\\\/en\\\/news\\\/president-milanovic-speaks-with-finnish-president-niinisto\\\/\",\"name\":\"President Milanovi\u0107 speaks with Finnish President Niinist\u00f6 - President of the Republic of Croatia - Zoran Milanovi\u0107\",\"isPartOf\":{\"@id\":\"https:\\\/\\\/www.predsjednik.hr\\\/en\\\/#website\"},\"primaryImageOfPage\":{\"@id\":\"https:\\\/\\\/www.predsjednik.hr\\\/en\\\/news\\\/president-milanovic-speaks-with-finnish-president-niinisto\\\/#primaryimage\"},\"image\":{\"@id\":\"https:\\\/\\\/www.predsjednik.hr\\\/en\\\/news\\\/president-milanovic-speaks-with-finnish-president-niinisto\\\/#primaryimage\"},\"thumbnailUrl\":\"https:\\\/\\\/www.predsjednik.hr\\\/wp-content\\\/uploads\\\/2022\\\/06\\\/DSC_6492.jpg\",\"datePublished\":\"2022-06-10T13:49:16+00:00\",\"dateModified\":\"2022-06-10T13:49:19+00:00\",\"breadcrumb\":{\"@id\":\"https:\\\/\\\/www.predsjednik.hr\\\/en\\\/news\\\/president-milanovic-speaks-with-finnish-president-niinisto\\\/#breadcrumb\"},\"inLanguage\":\"en-US\",\"potentialAction\":[{\"@type\":\"ReadAction\",\"target\":[\"https:\\\/\\\/www.predsjednik.hr\\\/en\\\/news\\\/president-milanovic-speaks-with-finnish-president-niinisto\\\/\"]}]},{\"@type\":\"ImageObject\",\"inLanguage\":\"en-US\",\"@id\":\"https:\\\/\\\/www.predsjednik.hr\\\/en\\\/news\\\/president-milanovic-speaks-with-finnish-president-niinisto\\\/#primaryimage\",\"url\":\"https:\\\/\\\/www.predsjednik.hr\\\/wp-content\\\/uploads\\\/2022\\\/06\\\/DSC_6492.jpg\",\"contentUrl\":\"https:\\\/\\\/www.predsjednik.hr\\\/wp-content\\\/uploads\\\/2022\\\/06\\\/DSC_6492.jpg\",\"width\":1919,\"height\":1079},{\"@type\":\"BreadcrumbList\",\"@id\":\"https:\\\/\\\/www.predsjednik.hr\\\/en\\\/news\\\/president-milanovic-speaks-with-finnish-president-niinisto\\\/#breadcrumb\",\"itemListElement\":[{\"@type\":\"ListItem\",\"position\":1,\"name\":\"Home\",\"item\":\"https:\\\/\\\/www.predsjednik.hr\\\/en\\\/\"},{\"@type\":\"ListItem\",\"position\":2,\"name\":\"Vijesti\",\"item\":\"https:\\\/\\\/www.predsjednik.hr\\\/en\\\/news\\\/\"},{\"@type\":\"ListItem\",\"position\":3,\"name\":\"President Milanovi\u0107 speaks with Finnish President Niinist\u00f6\"}]},{\"@type\":\"WebSite\",\"@id\":\"https:\\\/\\\/www.predsjednik.hr\\\/en\\\/#website\",\"url\":\"https:\\\/\\\/www.predsjednik.hr\\\/en\\\/\",\"name\":\"President of the Republic of Croatia - Zoran Milanovi\u0107\",\"description\":\"Just another WordPress site\",\"potentialAction\":[{\"@type\":\"SearchAction\",\"target\":{\"@type\":\"EntryPoint\",\"urlTemplate\":\"https:\\\/\\\/www.predsjednik.hr\\\/en\\\/?s={search_term_string}\"},\"query-input\":{\"@type\":\"PropertyValueSpecification\",\"valueRequired\":true,\"valueName\":\"search_term_string\"}}],\"inLanguage\":\"en-US\"}]}<\/script>\n<!-- \/ Yoast SEO plugin. -->","yoast_head_json":{"title":"President Milanovi\u0107 speaks with Finnish President Niinist\u00f6 - President of the Republic of Croatia - Zoran Milanovi\u0107","robots":{"index":"index","follow":"follow","max-snippet":"max-snippet:-1","max-image-preview":"max-image-preview:large","max-video-preview":"max-video-preview:-1"},"canonical":"https:\/\/www.predsjednik.hr\/en\/news\/president-milanovic-speaks-with-finnish-president-niinisto\/","og_locale":"en_US","og_type":"article","og_title":"President Milanovi\u0107 speaks with Finnish President Niinist\u00f6 - President of the Republic of Croatia - Zoran Milanovi\u0107","og_description":"The President of the Republic Zoran Milanovi\u0107 spoke on the phone today with the President of the Republic of Finland Sauli Niinist\u00f6. The topic of their conversation, initiated by President Niinist\u00f6, was Finland\u2019s application for membership in NATO, and the forthcoming meeting of NATO heads of state and governments to be held in Madrid at the end of June.","og_url":"https:\/\/www.predsjednik.hr\/en\/news\/president-milanovic-speaks-with-finnish-president-niinisto\/","og_site_name":"President of the Republic of Croatia - Zoran Milanovi\u0107","article_modified_time":"2022-06-10T13:49:19+00:00","og_image":[{"width":1919,"height":1079,"url":"https:\/\/www.predsjednik.hr\/wp-content\/uploads\/2022\/06\/DSC_6492.jpg","type":"image\/jpeg"}],"twitter_card":"summary_large_image","twitter_misc":{"Est. reading time":"2 minutes"},"schema":{"@context":"https:\/\/schema.org","@graph":[{"@type":"WebPage","@id":"https:\/\/www.predsjednik.hr\/en\/news\/president-milanovic-speaks-with-finnish-president-niinisto\/","url":"https:\/\/www.predsjednik.hr\/en\/news\/president-milanovic-speaks-with-finnish-president-niinisto\/","name":"President Milanovi\u0107 speaks with Finnish President Niinist\u00f6 - President of the Republic of Croatia - Zoran Milanovi\u0107","isPartOf":{"@id":"https:\/\/www.predsjednik.hr\/en\/#website"},"primaryImageOfPage":{"@id":"https:\/\/www.predsjednik.hr\/en\/news\/president-milanovic-speaks-with-finnish-president-niinisto\/#primaryimage"},"image":{"@id":"https:\/\/www.predsjednik.hr\/en\/news\/president-milanovic-speaks-with-finnish-president-niinisto\/#primaryimage"},"thumbnailUrl":"https:\/\/www.predsjednik.hr\/wp-content\/uploads\/2022\/06\/DSC_6492.jpg","datePublished":"2022-06-10T13:49:16+00:00","dateModified":"2022-06-10T13:49:19+00:00","breadcrumb":{"@id":"https:\/\/www.predsjednik.hr\/en\/news\/president-milanovic-speaks-with-finnish-president-niinisto\/#breadcrumb"},"inLanguage":"en-US","potentialAction":[{"@type":"ReadAction","target":["https:\/\/www.predsjednik.hr\/en\/news\/president-milanovic-speaks-with-finnish-president-niinisto\/"]}]},{"@type":"ImageObject","inLanguage":"en-US","@id":"https:\/\/www.predsjednik.hr\/en\/news\/president-milanovic-speaks-with-finnish-president-niinisto\/#primaryimage","url":"https:\/\/www.predsjednik.hr\/wp-content\/uploads\/2022\/06\/DSC_6492.jpg","contentUrl":"https:\/\/www.predsjednik.hr\/wp-content\/uploads\/2022\/06\/DSC_6492.jpg","width":1919,"height":1079},{"@type":"BreadcrumbList","@id":"https:\/\/www.predsjednik.hr\/en\/news\/president-milanovic-speaks-with-finnish-president-niinisto\/#breadcrumb","itemListElement":[{"@type":"ListItem","position":1,"name":"Home","item":"https:\/\/www.predsjednik.hr\/en\/"},{"@type":"ListItem","position":2,"name":"Vijesti","item":"https:\/\/www.predsjednik.hr\/en\/news\/"},{"@type":"ListItem","position":3,"name":"President Milanovi\u0107 speaks with Finnish President Niinist\u00f6"}]},{"@type":"WebSite","@id":"https:\/\/www.predsjednik.hr\/en\/#website","url":"https:\/\/www.predsjednik.hr\/en\/","name":"President of the Republic of Croatia - Zoran Milanovi\u0107","description":"Just another WordPress site","potentialAction":[{"@type":"SearchAction","target":{"@type":"EntryPoint","urlTemplate":"https:\/\/www.predsjednik.hr\/en\/?s={search_term_string}"},"query-input":{"@type":"PropertyValueSpecification","valueRequired":true,"valueName":"search_term_string"}}],"inLanguage":"en-US"}]}},"_links":{"self":[{"href":"https:\/\/www.predsjednik.hr\/en\/wp-json\/wp\/v2\/news\/17670","targetHints":{"allow":["GET"]}}],"collection":[{"href":"https:\/\/www.predsjednik.hr\/en\/wp-json\/wp\/v2\/news"}],"about":[{"href":"https:\/\/www.predsjednik.hr\/en\/wp-json\/wp\/v2\/types\/news"}],"wp:featuredmedia":[{"embeddable":true,"href":"https:\/\/www.predsjednik.hr\/en\/wp-json\/wp\/v2\/media\/17668"}],"wp:attachment":[{"href":"https:\/\/www.predsjednik.hr\/en\/wp-json\/wp\/v2\/media?parent=17670"}],"wp:term":[{"taxonomy":"news-cat","embeddable":true,"href":"https:\/\/www.predsjednik.hr\/en\/wp-json\/wp\/v2\/news-cat?post=17670"}],"curies":[{"name":"wp","href":"https:\/\/api.w.org\/{rel}","templated":true}]}}