{"id":17731,"date":"2022-06-12T21:05:00","date_gmt":"2022-06-12T19:05:00","guid":{"rendered":"https:\/\/www.predsjednik.hr\/?post_type=news&#038;p=17731"},"modified":"2022-06-13T11:07:42","modified_gmt":"2022-06-13T09:07:42","slug":"president-milanovic-at-opening-of-10th-edition-of-becarfest-in-babina-greda-you-are-the-custodians-of-the-centuries-old-heritage-of-our-people","status":"publish","type":"news","link":"https:\/\/www.predsjednik.hr\/en\/news\/president-milanovic-at-opening-of-10th-edition-of-becarfest-in-babina-greda-you-are-the-custodians-of-the-centuries-old-heritage-of-our-people\/","title":{"rendered":"President Milanovi\u0107 at Opening of 10th Edition of Be\u0107arfest in Babina Greda: You are the custodians of the centuries-old heritage of our people"},"content":{"rendered":"\n<p>The President of the Republic Zoran Milanovi\u0107 attended tonight the opening of the 10<sup>th<\/sup> &nbsp;edition of Be\u0107arfest, a festival featuring the <em>be\u0107arac <\/em>folk song singing and playing of Slavonia, Baranya and Syrmia organised as part of the three-day event \u201cNema sela nad Babine Grede.\u201d The jubilee was held under the auspices of President Milanovi\u0107.<\/p>\n\n\n\n<p>At the opening of the Be\u0107arfest festival, President Milanovi\u0107 said he had come to listen to the performers and custodians of Croatian heritage. \u201cMy dear friends, the \u0160okci from our beautiful Slavonian, Croatian \u0160okadija. We have come here to listen to the performers, the custodians of the heritage of our people, our centuries-old heritage. I have come here with joy and pleasure and I will come again given some luck and time, and I will do my best to find it. I hereby declare Be\u0107arfest open. Stay healthy and merry. Long live Babina Greda! Long live the Croatian \u0160okadija!\u201d, President Milanovi\u0107 told those present.<\/p>\n\n\n\n<p>\u201cNema sela nad Babine Grede\u201d [There is no village above Babina Greda] is a culinary and cultural event that lasts for three days in June, and the Be\u0107arfest festival evening is its central celebration. The goal of the event is to preserve, pass on and present the most popular melody of this region \u2013 the <em>be\u0107arac<\/em>, which is on the UNESCO list of intangible cultural heritage. This year, Be\u0107arfest is being held for the 10<sup>th<\/sup> time and traditionally gathers men\u2019s and women\u2019s tamburitza ensembles from the local county and the wider area. The traditional event \u201cKonji bijelci\u201d [White Horses] is also held during the three-day celebration in Babina Greda. Adviser to the President of the Republic for Human Rights and Civil Society Melita Muli\u0107 and Special Adviser to the President of the Republic for Homeland War Veterans Marijan Marekovi\u0107 were in the company of President Milanovi\u0107 in the community of Babina Greda.<\/p>\n\n\n<!--GALLERY BLOCK-->\n<div class=\"c-lightbox-gallery js-lightbox\">\n                <!--single-->\n            <a data-no-swup class=\"c-lightbox-gallery__single js-lightbox-single\"\n               href=\"https:\/\/www.predsjednik.hr\/wp-content\/uploads\/2022\/06\/DSC_5522-1024x683.jpg\"\n               style=\"background-image: url('https:\/\/www.predsjednik.hr\/wp-content\/uploads\/2022\/06\/DSC_5522-768x512.jpg')\"><\/a>\n            <!--end single-->\n                    <!--single-->\n            <a data-no-swup class=\"c-lightbox-gallery__single js-lightbox-single\"\n               href=\"https:\/\/www.predsjednik.hr\/wp-content\/uploads\/2022\/06\/DSC_5595-1024x810.jpg\"\n               style=\"background-image: url('https:\/\/www.predsjednik.hr\/wp-content\/uploads\/2022\/06\/DSC_5595-768x608.jpg')\"><\/a>\n            <!--end single-->\n                    <!--single-->\n            <a data-no-swup class=\"c-lightbox-gallery__single js-lightbox-single\"\n               href=\"https:\/\/www.predsjednik.hr\/wp-content\/uploads\/2022\/06\/DSC_5623-1024x683.jpg\"\n               style=\"background-image: url('https:\/\/www.predsjednik.hr\/wp-content\/uploads\/2022\/06\/DSC_5623-768x512.jpg')\"><\/a>\n            <!--end single-->\n                    <!--single-->\n            <a data-no-swup class=\"c-lightbox-gallery__single js-lightbox-single\"\n               href=\"https:\/\/www.predsjednik.hr\/wp-content\/uploads\/2022\/06\/DSC_5699-1024x583.jpg\"\n               style=\"background-image: url('https:\/\/www.predsjednik.hr\/wp-content\/uploads\/2022\/06\/DSC_5699-768x437.jpg')\"><\/a>\n            <!--end single-->\n                    <!--single-->\n            <a data-no-swup class=\"c-lightbox-gallery__single js-lightbox-single\"\n               href=\"https:\/\/www.predsjednik.hr\/wp-content\/uploads\/2022\/06\/DSC_5742-1024x683.jpg\"\n               style=\"background-image: url('https:\/\/www.predsjednik.hr\/wp-content\/uploads\/2022\/06\/DSC_5742-768x512.jpg')\"><\/a>\n            <!--end single-->\n                    <!--single-->\n            <a data-no-swup class=\"c-lightbox-gallery__single js-lightbox-single\"\n               href=\"https:\/\/www.predsjednik.hr\/wp-content\/uploads\/2022\/06\/DSC_5839-1024x623.jpg\"\n               style=\"background-image: url('https:\/\/www.predsjednik.hr\/wp-content\/uploads\/2022\/06\/DSC_5839-768x467.jpg')\"><\/a>\n            <!--end single-->\n                    <!--single-->\n            <a data-no-swup class=\"c-lightbox-gallery__single js-lightbox-single\"\n               href=\"https:\/\/www.predsjednik.hr\/wp-content\/uploads\/2022\/06\/DSC_5934-1024x683.jpg\"\n               style=\"background-image: url('https:\/\/www.predsjednik.hr\/wp-content\/uploads\/2022\/06\/DSC_5934-768x512.jpg')\"><\/a>\n            <!--end single-->\n                    <!--single-->\n            <a data-no-swup class=\"c-lightbox-gallery__single js-lightbox-single\"\n               href=\"https:\/\/www.predsjednik.hr\/wp-content\/uploads\/2022\/06\/DSC_5963-1024x576.jpg\"\n               style=\"background-image: url('https:\/\/www.predsjednik.hr\/wp-content\/uploads\/2022\/06\/DSC_5963-768x432.jpg')\"><\/a>\n            <!--end single-->\n        <\/div>\n<!--end GALLERY BLOCK-->\n\n\n\n<p>PHOTO: Office of the President of the Republic of Croatia \/ Tomislav Bu\u0161ljeta<\/p>\n","protected":false},"excerpt":{"rendered":"<p>The President of the Republic Zoran Milanovi\u0107 attended tonight the opening of the 10th \u00a0edition of Be\u0107arfest, a festival featuring the be\u0107arac folk song singing and playing of Slavonia, Baranya and Syrmia organised as part of the three-day event \u201cNema sela nad Babine Grede.\u201d The jubilee was held under the auspices of President Milanovi\u0107.<\/p>\n","protected":false},"featured_media":17714,"template":"","news-cat":[12],"class_list":["post-17731","news","type-news","status-publish","has-post-thumbnail","hentry","news-cat-news"],"acf":[],"yoast_head":"<!-- This site is optimized with the Yoast SEO plugin v27.4 - https:\/\/yoast.com\/product\/yoast-seo-wordpress\/ -->\n<title>President Milanovi\u0107 at Opening of 10th Edition of Be\u0107arfest in Babina Greda: You are the custodians of the centuries-old heritage of our people - President of the Republic of Croatia - Zoran Milanovi\u0107<\/title>\n<meta name=\"robots\" content=\"index, follow, max-snippet:-1, max-image-preview:large, max-video-preview:-1\" \/>\n<link rel=\"canonical\" href=\"https:\/\/www.predsjednik.hr\/en\/news\/president-milanovic-at-opening-of-10th-edition-of-becarfest-in-babina-greda-you-are-the-custodians-of-the-centuries-old-heritage-of-our-people\/\" \/>\n<meta property=\"og:locale\" content=\"en_US\" \/>\n<meta property=\"og:type\" content=\"article\" \/>\n<meta property=\"og:title\" content=\"President Milanovi\u0107 at Opening of 10th Edition of Be\u0107arfest in Babina Greda: You are the custodians of the centuries-old heritage of our people - President of the Republic of Croatia - Zoran Milanovi\u0107\" \/>\n<meta property=\"og:description\" content=\"The President of the Republic Zoran Milanovi\u0107 attended tonight the opening of the 10th \u00a0edition of Be\u0107arfest, a festival featuring the be\u0107arac folk song singing and playing of Slavonia, Baranya and Syrmia organised as part of the three-day event \u201cNema sela nad Babine Grede.\u201d The jubilee was held under the auspices of President Milanovi\u0107.\" \/>\n<meta property=\"og:url\" content=\"https:\/\/www.predsjednik.hr\/en\/news\/president-milanovic-at-opening-of-10th-edition-of-becarfest-in-babina-greda-you-are-the-custodians-of-the-centuries-old-heritage-of-our-people\/\" \/>\n<meta property=\"og:site_name\" content=\"President of the Republic of Croatia - Zoran Milanovi\u0107\" \/>\n<meta property=\"article:modified_time\" content=\"2022-06-13T09:07:42+00:00\" \/>\n<meta property=\"og:image\" content=\"https:\/\/www.predsjednik.hr\/wp-content\/uploads\/2022\/06\/DSC_5522.jpg\" \/>\n\t<meta property=\"og:image:width\" content=\"5629\" \/>\n\t<meta property=\"og:image:height\" content=\"3753\" \/>\n\t<meta property=\"og:image:type\" content=\"image\/jpeg\" \/>\n<meta name=\"twitter:card\" content=\"summary_large_image\" \/>\n<meta name=\"twitter:label1\" content=\"Est. reading time\" \/>\n\t<meta name=\"twitter:data1\" content=\"2 minutes\" \/>\n<script type=\"application\/ld+json\" class=\"yoast-schema-graph\">{\"@context\":\"https:\\\/\\\/schema.org\",\"@graph\":[{\"@type\":\"WebPage\",\"@id\":\"https:\\\/\\\/www.predsjednik.hr\\\/en\\\/news\\\/president-milanovic-at-opening-of-10th-edition-of-becarfest-in-babina-greda-you-are-the-custodians-of-the-centuries-old-heritage-of-our-people\\\/\",\"url\":\"https:\\\/\\\/www.predsjednik.hr\\\/en\\\/news\\\/president-milanovic-at-opening-of-10th-edition-of-becarfest-in-babina-greda-you-are-the-custodians-of-the-centuries-old-heritage-of-our-people\\\/\",\"name\":\"President Milanovi\u0107 at Opening of 10th Edition of Be\u0107arfest in Babina Greda: You are the custodians of the centuries-old heritage of our people - President of the Republic of Croatia - Zoran Milanovi\u0107\",\"isPartOf\":{\"@id\":\"https:\\\/\\\/www.predsjednik.hr\\\/en\\\/#website\"},\"primaryImageOfPage\":{\"@id\":\"https:\\\/\\\/www.predsjednik.hr\\\/en\\\/news\\\/president-milanovic-at-opening-of-10th-edition-of-becarfest-in-babina-greda-you-are-the-custodians-of-the-centuries-old-heritage-of-our-people\\\/#primaryimage\"},\"image\":{\"@id\":\"https:\\\/\\\/www.predsjednik.hr\\\/en\\\/news\\\/president-milanovic-at-opening-of-10th-edition-of-becarfest-in-babina-greda-you-are-the-custodians-of-the-centuries-old-heritage-of-our-people\\\/#primaryimage\"},\"thumbnailUrl\":\"https:\\\/\\\/www.predsjednik.hr\\\/wp-content\\\/uploads\\\/2022\\\/06\\\/DSC_5522.jpg\",\"datePublished\":\"2022-06-12T19:05:00+00:00\",\"dateModified\":\"2022-06-13T09:07:42+00:00\",\"breadcrumb\":{\"@id\":\"https:\\\/\\\/www.predsjednik.hr\\\/en\\\/news\\\/president-milanovic-at-opening-of-10th-edition-of-becarfest-in-babina-greda-you-are-the-custodians-of-the-centuries-old-heritage-of-our-people\\\/#breadcrumb\"},\"inLanguage\":\"en-US\",\"potentialAction\":[{\"@type\":\"ReadAction\",\"target\":[\"https:\\\/\\\/www.predsjednik.hr\\\/en\\\/news\\\/president-milanovic-at-opening-of-10th-edition-of-becarfest-in-babina-greda-you-are-the-custodians-of-the-centuries-old-heritage-of-our-people\\\/\"]}]},{\"@type\":\"ImageObject\",\"inLanguage\":\"en-US\",\"@id\":\"https:\\\/\\\/www.predsjednik.hr\\\/en\\\/news\\\/president-milanovic-at-opening-of-10th-edition-of-becarfest-in-babina-greda-you-are-the-custodians-of-the-centuries-old-heritage-of-our-people\\\/#primaryimage\",\"url\":\"https:\\\/\\\/www.predsjednik.hr\\\/wp-content\\\/uploads\\\/2022\\\/06\\\/DSC_5522.jpg\",\"contentUrl\":\"https:\\\/\\\/www.predsjednik.hr\\\/wp-content\\\/uploads\\\/2022\\\/06\\\/DSC_5522.jpg\",\"width\":5629,\"height\":3753,\"caption\":\"The President of the Republic Zoran Milanovi\u0107 attended tonight the opening of the 10th \u00a0edition of Be\u0107arfest, a festival featuring the be\u0107arac folk song singing and playing of Slavonia, Baranya and Syrmia organised as part of the three-day event \u201cNema sela nad Babine Grede.\"},{\"@type\":\"BreadcrumbList\",\"@id\":\"https:\\\/\\\/www.predsjednik.hr\\\/en\\\/news\\\/president-milanovic-at-opening-of-10th-edition-of-becarfest-in-babina-greda-you-are-the-custodians-of-the-centuries-old-heritage-of-our-people\\\/#breadcrumb\",\"itemListElement\":[{\"@type\":\"ListItem\",\"position\":1,\"name\":\"Home\",\"item\":\"https:\\\/\\\/www.predsjednik.hr\\\/en\\\/\"},{\"@type\":\"ListItem\",\"position\":2,\"name\":\"Vijesti\",\"item\":\"https:\\\/\\\/www.predsjednik.hr\\\/en\\\/news\\\/\"},{\"@type\":\"ListItem\",\"position\":3,\"name\":\"President Milanovi\u0107 at Opening of 10th Edition of Be\u0107arfest in Babina Greda: You are the custodians of the centuries-old heritage of our people\"}]},{\"@type\":\"WebSite\",\"@id\":\"https:\\\/\\\/www.predsjednik.hr\\\/en\\\/#website\",\"url\":\"https:\\\/\\\/www.predsjednik.hr\\\/en\\\/\",\"name\":\"President of the Republic of Croatia - Zoran Milanovi\u0107\",\"description\":\"Just another WordPress site\",\"potentialAction\":[{\"@type\":\"SearchAction\",\"target\":{\"@type\":\"EntryPoint\",\"urlTemplate\":\"https:\\\/\\\/www.predsjednik.hr\\\/en\\\/?s={search_term_string}\"},\"query-input\":{\"@type\":\"PropertyValueSpecification\",\"valueRequired\":true,\"valueName\":\"search_term_string\"}}],\"inLanguage\":\"en-US\"}]}<\/script>\n<!-- \/ Yoast SEO plugin. -->","yoast_head_json":{"title":"President Milanovi\u0107 at Opening of 10th Edition of Be\u0107arfest in Babina Greda: You are the custodians of the centuries-old heritage of our people - President of the Republic of Croatia - Zoran Milanovi\u0107","robots":{"index":"index","follow":"follow","max-snippet":"max-snippet:-1","max-image-preview":"max-image-preview:large","max-video-preview":"max-video-preview:-1"},"canonical":"https:\/\/www.predsjednik.hr\/en\/news\/president-milanovic-at-opening-of-10th-edition-of-becarfest-in-babina-greda-you-are-the-custodians-of-the-centuries-old-heritage-of-our-people\/","og_locale":"en_US","og_type":"article","og_title":"President Milanovi\u0107 at Opening of 10th Edition of Be\u0107arfest in Babina Greda: You are the custodians of the centuries-old heritage of our people - President of the Republic of Croatia - Zoran Milanovi\u0107","og_description":"The President of the Republic Zoran Milanovi\u0107 attended tonight the opening of the 10th \u00a0edition of Be\u0107arfest, a festival featuring the be\u0107arac folk song singing and playing of Slavonia, Baranya and Syrmia organised as part of the three-day event \u201cNema sela nad Babine Grede.\u201d The jubilee was held under the auspices of President Milanovi\u0107.","og_url":"https:\/\/www.predsjednik.hr\/en\/news\/president-milanovic-at-opening-of-10th-edition-of-becarfest-in-babina-greda-you-are-the-custodians-of-the-centuries-old-heritage-of-our-people\/","og_site_name":"President of the Republic of Croatia - Zoran Milanovi\u0107","article_modified_time":"2022-06-13T09:07:42+00:00","og_image":[{"width":5629,"height":3753,"url":"https:\/\/www.predsjednik.hr\/wp-content\/uploads\/2022\/06\/DSC_5522.jpg","type":"image\/jpeg"}],"twitter_card":"summary_large_image","twitter_misc":{"Est. reading time":"2 minutes"},"schema":{"@context":"https:\/\/schema.org","@graph":[{"@type":"WebPage","@id":"https:\/\/www.predsjednik.hr\/en\/news\/president-milanovic-at-opening-of-10th-edition-of-becarfest-in-babina-greda-you-are-the-custodians-of-the-centuries-old-heritage-of-our-people\/","url":"https:\/\/www.predsjednik.hr\/en\/news\/president-milanovic-at-opening-of-10th-edition-of-becarfest-in-babina-greda-you-are-the-custodians-of-the-centuries-old-heritage-of-our-people\/","name":"President Milanovi\u0107 at Opening of 10th Edition of Be\u0107arfest in Babina Greda: You are the custodians of the centuries-old heritage of our people - President of the Republic of Croatia - Zoran Milanovi\u0107","isPartOf":{"@id":"https:\/\/www.predsjednik.hr\/en\/#website"},"primaryImageOfPage":{"@id":"https:\/\/www.predsjednik.hr\/en\/news\/president-milanovic-at-opening-of-10th-edition-of-becarfest-in-babina-greda-you-are-the-custodians-of-the-centuries-old-heritage-of-our-people\/#primaryimage"},"image":{"@id":"https:\/\/www.predsjednik.hr\/en\/news\/president-milanovic-at-opening-of-10th-edition-of-becarfest-in-babina-greda-you-are-the-custodians-of-the-centuries-old-heritage-of-our-people\/#primaryimage"},"thumbnailUrl":"https:\/\/www.predsjednik.hr\/wp-content\/uploads\/2022\/06\/DSC_5522.jpg","datePublished":"2022-06-12T19:05:00+00:00","dateModified":"2022-06-13T09:07:42+00:00","breadcrumb":{"@id":"https:\/\/www.predsjednik.hr\/en\/news\/president-milanovic-at-opening-of-10th-edition-of-becarfest-in-babina-greda-you-are-the-custodians-of-the-centuries-old-heritage-of-our-people\/#breadcrumb"},"inLanguage":"en-US","potentialAction":[{"@type":"ReadAction","target":["https:\/\/www.predsjednik.hr\/en\/news\/president-milanovic-at-opening-of-10th-edition-of-becarfest-in-babina-greda-you-are-the-custodians-of-the-centuries-old-heritage-of-our-people\/"]}]},{"@type":"ImageObject","inLanguage":"en-US","@id":"https:\/\/www.predsjednik.hr\/en\/news\/president-milanovic-at-opening-of-10th-edition-of-becarfest-in-babina-greda-you-are-the-custodians-of-the-centuries-old-heritage-of-our-people\/#primaryimage","url":"https:\/\/www.predsjednik.hr\/wp-content\/uploads\/2022\/06\/DSC_5522.jpg","contentUrl":"https:\/\/www.predsjednik.hr\/wp-content\/uploads\/2022\/06\/DSC_5522.jpg","width":5629,"height":3753,"caption":"The President of the Republic Zoran Milanovi\u0107 attended tonight the opening of the 10th \u00a0edition of Be\u0107arfest, a festival featuring the be\u0107arac folk song singing and playing of Slavonia, Baranya and Syrmia organised as part of the three-day event \u201cNema sela nad Babine Grede."},{"@type":"BreadcrumbList","@id":"https:\/\/www.predsjednik.hr\/en\/news\/president-milanovic-at-opening-of-10th-edition-of-becarfest-in-babina-greda-you-are-the-custodians-of-the-centuries-old-heritage-of-our-people\/#breadcrumb","itemListElement":[{"@type":"ListItem","position":1,"name":"Home","item":"https:\/\/www.predsjednik.hr\/en\/"},{"@type":"ListItem","position":2,"name":"Vijesti","item":"https:\/\/www.predsjednik.hr\/en\/news\/"},{"@type":"ListItem","position":3,"name":"President Milanovi\u0107 at Opening of 10th Edition of Be\u0107arfest in Babina Greda: You are the custodians of the centuries-old heritage of our people"}]},{"@type":"WebSite","@id":"https:\/\/www.predsjednik.hr\/en\/#website","url":"https:\/\/www.predsjednik.hr\/en\/","name":"President of the Republic of Croatia - Zoran Milanovi\u0107","description":"Just another WordPress site","potentialAction":[{"@type":"SearchAction","target":{"@type":"EntryPoint","urlTemplate":"https:\/\/www.predsjednik.hr\/en\/?s={search_term_string}"},"query-input":{"@type":"PropertyValueSpecification","valueRequired":true,"valueName":"search_term_string"}}],"inLanguage":"en-US"}]}},"_links":{"self":[{"href":"https:\/\/www.predsjednik.hr\/en\/wp-json\/wp\/v2\/news\/17731","targetHints":{"allow":["GET"]}}],"collection":[{"href":"https:\/\/www.predsjednik.hr\/en\/wp-json\/wp\/v2\/news"}],"about":[{"href":"https:\/\/www.predsjednik.hr\/en\/wp-json\/wp\/v2\/types\/news"}],"wp:featuredmedia":[{"embeddable":true,"href":"https:\/\/www.predsjednik.hr\/en\/wp-json\/wp\/v2\/media\/17714"}],"wp:attachment":[{"href":"https:\/\/www.predsjednik.hr\/en\/wp-json\/wp\/v2\/media?parent=17731"}],"wp:term":[{"taxonomy":"news-cat","embeddable":true,"href":"https:\/\/www.predsjednik.hr\/en\/wp-json\/wp\/v2\/news-cat?post=17731"}],"curies":[{"name":"wp","href":"https:\/\/api.w.org\/{rel}","templated":true}]}}