{"id":17761,"date":"2022-06-13T14:13:01","date_gmt":"2022-06-13T12:13:01","guid":{"rendered":"https:\/\/www.predsjednik.hr\/?post_type=news&#038;p=17761"},"modified":"2022-06-13T14:13:04","modified_gmt":"2022-06-13T12:13:04","slug":"president-milanovic-at-support-command-20th-anniversary-ceremony","status":"publish","type":"news","link":"https:\/\/www.predsjednik.hr\/en\/news\/president-milanovic-at-support-command-20th-anniversary-ceremony\/","title":{"rendered":"President Milanovi\u0107 at Support Command 20th Anniversary Ceremony"},"content":{"rendered":"\n<p>The President of the Republic and Commander in Chief of the Croatian Armed Forces Zoran Milanovi\u0107 attended the 20<sup>th<\/sup> anniversary ceremony marking the establishment of Support Command of the Croatian Armed Forces at the 1<sup>st<\/sup> Guards Brigade Tigers Barracks in Zagreb.<\/p>\n\n\n\n<p>\u201cYou are the service in the army that the general public understands the least and appreciates disproportionately given the importance of the jobs and tasks you perform,\u201d President Milanovi\u0107 told members of the Support Command, adding that logistics specialists in the army are people who set the groundwork for those who fight and win. \u201cYou live and work in such a shadow. In the war in Ukraine, we also see the importance of logistics, support and how perilous this work is, in which resources are lost, but people as well,\u201d the President added.<\/p>\n\n\n\n<p>President Milanovi\u0107 believes that the task of Croatian politics and the political leadership is, in his words, \u201cto invest in you all the time, continuously and smartly, in a targeted and focused manner, and to never bring you and other Croatian citizens and people into peril of this kind. In other words, so you never really need to show what you know and can do.\u201d<\/p>\n\n\n\n<p>The President said that the war in Ukraine also has some messages for those who want to watch and learn. He noted that resources are limited in this context. \u201cOne must be careful and weigh very well what is being procured and in what quantity because, as I said, resources, money and people are limited. So even when decisions are made about the procurement of combat systems, it is better to weigh things several times and then make cuts, and only make a decision in the end and see what we can really afford and pay for, and most importantly \u2013 in case of undesirable developments \u2013 what will benefit us more in the end,\u201d President Milanovi\u0107 underscored, concluding that this is a topic that the military profession, politics and ultimately the Croatian Parliament must constantly take into consideration.<\/p>\n\n\n\n<p>On the anniversary of the establishment of the Support Command, the President of the Republic and Commander in Chief of the Croatian Armed Forces Zoran Milanovi\u0107, the Chief of the General Staff of the Croatian Armed Forces Admiral Robert Hranj and the Commander of Support Command Lieutenant General Mladen Fuzul handed out promotions, commendations and awards to members of the Support Command.<\/p>\n\n\n\n<p>Attending the anniversary ceremony in the company of President Milanovi\u0107 were the Head of the Cabinet of the President of the Republic Bartol \u0160imuni\u0107, Adviser to the President of the Republic for Defence and National Security Dragan Lozan\u010di\u0107 and Special Adviser to the President of the Republic for Homeland War Veterans Marijan Marekovi\u0107.<\/p>\n\n\n<!--GALLERY BLOCK-->\n<div class=\"c-lightbox-gallery js-lightbox\">\n                <!--single-->\n            <a data-no-swup class=\"c-lightbox-gallery__single js-lightbox-single\"\n               href=\"https:\/\/www.predsjednik.hr\/wp-content\/uploads\/2022\/06\/DSC_6112-1024x576.jpg\"\n               style=\"background-image: url('https:\/\/www.predsjednik.hr\/wp-content\/uploads\/2022\/06\/DSC_6112-768x432.jpg')\"><\/a>\n            <!--end single-->\n                    <!--single-->\n            <a data-no-swup class=\"c-lightbox-gallery__single js-lightbox-single\"\n               href=\"https:\/\/www.predsjednik.hr\/wp-content\/uploads\/2022\/06\/DSC_6197-1024x576.jpg\"\n               style=\"background-image: url('https:\/\/www.predsjednik.hr\/wp-content\/uploads\/2022\/06\/DSC_6197-768x432.jpg')\"><\/a>\n            <!--end single-->\n                    <!--single-->\n            <a data-no-swup class=\"c-lightbox-gallery__single js-lightbox-single\"\n               href=\"https:\/\/www.predsjednik.hr\/wp-content\/uploads\/2022\/06\/DSC_6290-1024x731.jpg\"\n               style=\"background-image: url('https:\/\/www.predsjednik.hr\/wp-content\/uploads\/2022\/06\/DSC_6290-768x548.jpg')\"><\/a>\n            <!--end single-->\n                    <!--single-->\n            <a data-no-swup class=\"c-lightbox-gallery__single js-lightbox-single\"\n               href=\"https:\/\/www.predsjednik.hr\/wp-content\/uploads\/2022\/06\/DSC_6338-1024x732.jpg\"\n               style=\"background-image: url('https:\/\/www.predsjednik.hr\/wp-content\/uploads\/2022\/06\/DSC_6338-768x549.jpg')\"><\/a>\n            <!--end single-->\n                    <!--single-->\n            <a data-no-swup class=\"c-lightbox-gallery__single js-lightbox-single\"\n               href=\"https:\/\/www.predsjednik.hr\/wp-content\/uploads\/2022\/06\/DSC_6422-1024x731.jpg\"\n               style=\"background-image: url('https:\/\/www.predsjednik.hr\/wp-content\/uploads\/2022\/06\/DSC_6422-768x548.jpg')\"><\/a>\n            <!--end single-->\n                    <!--single-->\n            <a data-no-swup class=\"c-lightbox-gallery__single js-lightbox-single\"\n               href=\"https:\/\/www.predsjednik.hr\/wp-content\/uploads\/2022\/06\/DSC_6570-1-1024x576.jpg\"\n               style=\"background-image: url('https:\/\/www.predsjednik.hr\/wp-content\/uploads\/2022\/06\/DSC_6570-1-768x432.jpg')\"><\/a>\n            <!--end single-->\n                    <!--single-->\n            <a data-no-swup class=\"c-lightbox-gallery__single js-lightbox-single\"\n               href=\"https:\/\/www.predsjednik.hr\/wp-content\/uploads\/2022\/06\/DSC_6598-1024x576.jpg\"\n               style=\"background-image: url('https:\/\/www.predsjednik.hr\/wp-content\/uploads\/2022\/06\/DSC_6598-768x432.jpg')\"><\/a>\n            <!--end single-->\n                    <!--single-->\n            <a data-no-swup class=\"c-lightbox-gallery__single js-lightbox-single\"\n               href=\"https:\/\/www.predsjednik.hr\/wp-content\/uploads\/2022\/06\/DSC_6606-1024x576.jpg\"\n               style=\"background-image: url('https:\/\/www.predsjednik.hr\/wp-content\/uploads\/2022\/06\/DSC_6606-768x432.jpg')\"><\/a>\n            <!--end single-->\n                    <!--single-->\n            <a data-no-swup class=\"c-lightbox-gallery__single js-lightbox-single\"\n               href=\"https:\/\/www.predsjednik.hr\/wp-content\/uploads\/2022\/06\/DSC_6646-1024x576.jpg\"\n               style=\"background-image: url('https:\/\/www.predsjednik.hr\/wp-content\/uploads\/2022\/06\/DSC_6646-768x432.jpg')\"><\/a>\n            <!--end single-->\n                    <!--single-->\n            <a data-no-swup class=\"c-lightbox-gallery__single js-lightbox-single\"\n               href=\"https:\/\/www.predsjednik.hr\/wp-content\/uploads\/2022\/06\/DSC_6667-1024x576.jpg\"\n               style=\"background-image: url('https:\/\/www.predsjednik.hr\/wp-content\/uploads\/2022\/06\/DSC_6667-768x432.jpg')\"><\/a>\n            <!--end single-->\n                    <!--single-->\n            <a data-no-swup class=\"c-lightbox-gallery__single js-lightbox-single\"\n               href=\"https:\/\/www.predsjednik.hr\/wp-content\/uploads\/2022\/06\/DSC_6732-1024x732.jpg\"\n               style=\"background-image: url('https:\/\/www.predsjednik.hr\/wp-content\/uploads\/2022\/06\/DSC_6732-768x549.jpg')\"><\/a>\n            <!--end single-->\n                    <!--single-->\n            <a data-no-swup class=\"c-lightbox-gallery__single js-lightbox-single\"\n               href=\"https:\/\/www.predsjednik.hr\/wp-content\/uploads\/2022\/06\/DSC_6750-1024x576.jpg\"\n               style=\"background-image: url('https:\/\/www.predsjednik.hr\/wp-content\/uploads\/2022\/06\/DSC_6750-768x432.jpg')\"><\/a>\n            <!--end single-->\n        <\/div>\n<!--end GALLERY BLOCK-->\n\n\n\n<p>PHOTO: Office of the President of the Republic of Croatia \/ Filip Glas<\/p>\n","protected":false},"excerpt":{"rendered":"<p>The President of the Republic and Commander in Chief of the Croatian Armed Forces Zoran Milanovi\u0107 attended the 20th anniversary ceremony marking the establishment of Support Command of the Croatian Armed Forces at the 1st Guards Brigade Tigers Barracks in Zagreb.<\/p>\n","protected":false},"featured_media":17754,"template":"","news-cat":[12],"class_list":["post-17761","news","type-news","status-publish","has-post-thumbnail","hentry","news-cat-news"],"acf":[],"yoast_head":"<!-- This site is optimized with the Yoast SEO plugin v27.4 - https:\/\/yoast.com\/product\/yoast-seo-wordpress\/ -->\n<title>President Milanovi\u0107 at Support Command 20th Anniversary Ceremony - President of the Republic of Croatia - Zoran Milanovi\u0107<\/title>\n<meta name=\"robots\" content=\"index, follow, max-snippet:-1, max-image-preview:large, max-video-preview:-1\" \/>\n<link rel=\"canonical\" href=\"https:\/\/www.predsjednik.hr\/en\/news\/president-milanovic-at-support-command-20th-anniversary-ceremony\/\" \/>\n<meta property=\"og:locale\" content=\"en_US\" \/>\n<meta property=\"og:type\" content=\"article\" \/>\n<meta property=\"og:title\" content=\"President Milanovi\u0107 at Support Command 20th Anniversary Ceremony - President of the Republic of Croatia - Zoran Milanovi\u0107\" \/>\n<meta property=\"og:description\" content=\"The President of the Republic and Commander in Chief of the Croatian Armed Forces Zoran Milanovi\u0107 attended the 20th anniversary ceremony marking the establishment of Support Command of the Croatian Armed Forces at the 1st Guards Brigade Tigers Barracks in Zagreb.\" \/>\n<meta property=\"og:url\" content=\"https:\/\/www.predsjednik.hr\/en\/news\/president-milanovic-at-support-command-20th-anniversary-ceremony\/\" \/>\n<meta property=\"og:site_name\" content=\"President of the Republic of Croatia - Zoran Milanovi\u0107\" \/>\n<meta property=\"article:modified_time\" content=\"2022-06-13T12:13:04+00:00\" \/>\n<meta property=\"og:image\" content=\"https:\/\/www.predsjednik.hr\/wp-content\/uploads\/2022\/06\/DSC_6732.jpg\" \/>\n\t<meta property=\"og:image:width\" content=\"5431\" \/>\n\t<meta property=\"og:image:height\" content=\"3880\" \/>\n\t<meta property=\"og:image:type\" content=\"image\/jpeg\" \/>\n<meta name=\"twitter:card\" content=\"summary_large_image\" \/>\n<meta name=\"twitter:label1\" content=\"Est. reading time\" \/>\n\t<meta name=\"twitter:data1\" content=\"3 minutes\" \/>\n<script type=\"application\/ld+json\" class=\"yoast-schema-graph\">{\"@context\":\"https:\\\/\\\/schema.org\",\"@graph\":[{\"@type\":\"WebPage\",\"@id\":\"https:\\\/\\\/www.predsjednik.hr\\\/en\\\/news\\\/president-milanovic-at-support-command-20th-anniversary-ceremony\\\/\",\"url\":\"https:\\\/\\\/www.predsjednik.hr\\\/en\\\/news\\\/president-milanovic-at-support-command-20th-anniversary-ceremony\\\/\",\"name\":\"President Milanovi\u0107 at Support Command 20th Anniversary Ceremony - President of the Republic of Croatia - Zoran Milanovi\u0107\",\"isPartOf\":{\"@id\":\"https:\\\/\\\/www.predsjednik.hr\\\/en\\\/#website\"},\"primaryImageOfPage\":{\"@id\":\"https:\\\/\\\/www.predsjednik.hr\\\/en\\\/news\\\/president-milanovic-at-support-command-20th-anniversary-ceremony\\\/#primaryimage\"},\"image\":{\"@id\":\"https:\\\/\\\/www.predsjednik.hr\\\/en\\\/news\\\/president-milanovic-at-support-command-20th-anniversary-ceremony\\\/#primaryimage\"},\"thumbnailUrl\":\"https:\\\/\\\/www.predsjednik.hr\\\/wp-content\\\/uploads\\\/2022\\\/06\\\/DSC_6732.jpg\",\"datePublished\":\"2022-06-13T12:13:01+00:00\",\"dateModified\":\"2022-06-13T12:13:04+00:00\",\"breadcrumb\":{\"@id\":\"https:\\\/\\\/www.predsjednik.hr\\\/en\\\/news\\\/president-milanovic-at-support-command-20th-anniversary-ceremony\\\/#breadcrumb\"},\"inLanguage\":\"en-US\",\"potentialAction\":[{\"@type\":\"ReadAction\",\"target\":[\"https:\\\/\\\/www.predsjednik.hr\\\/en\\\/news\\\/president-milanovic-at-support-command-20th-anniversary-ceremony\\\/\"]}]},{\"@type\":\"ImageObject\",\"inLanguage\":\"en-US\",\"@id\":\"https:\\\/\\\/www.predsjednik.hr\\\/en\\\/news\\\/president-milanovic-at-support-command-20th-anniversary-ceremony\\\/#primaryimage\",\"url\":\"https:\\\/\\\/www.predsjednik.hr\\\/wp-content\\\/uploads\\\/2022\\\/06\\\/DSC_6732.jpg\",\"contentUrl\":\"https:\\\/\\\/www.predsjednik.hr\\\/wp-content\\\/uploads\\\/2022\\\/06\\\/DSC_6732.jpg\",\"width\":5431,\"height\":3880,\"caption\":\"The President of the Republic and Commander in Chief of the Croatian Armed Forces Zoran Milanovi\u0107 attended the 20th anniversary ceremony marking the establishment of Support Command of the Croatian Armed Forces at the 1st Guards Brigade Tigers Barracks in Zagreb.\"},{\"@type\":\"BreadcrumbList\",\"@id\":\"https:\\\/\\\/www.predsjednik.hr\\\/en\\\/news\\\/president-milanovic-at-support-command-20th-anniversary-ceremony\\\/#breadcrumb\",\"itemListElement\":[{\"@type\":\"ListItem\",\"position\":1,\"name\":\"Home\",\"item\":\"https:\\\/\\\/www.predsjednik.hr\\\/en\\\/\"},{\"@type\":\"ListItem\",\"position\":2,\"name\":\"Vijesti\",\"item\":\"https:\\\/\\\/www.predsjednik.hr\\\/en\\\/news\\\/\"},{\"@type\":\"ListItem\",\"position\":3,\"name\":\"President Milanovi\u0107 at Support Command 20th Anniversary Ceremony\"}]},{\"@type\":\"WebSite\",\"@id\":\"https:\\\/\\\/www.predsjednik.hr\\\/en\\\/#website\",\"url\":\"https:\\\/\\\/www.predsjednik.hr\\\/en\\\/\",\"name\":\"President of the Republic of Croatia - Zoran Milanovi\u0107\",\"description\":\"Just another WordPress site\",\"potentialAction\":[{\"@type\":\"SearchAction\",\"target\":{\"@type\":\"EntryPoint\",\"urlTemplate\":\"https:\\\/\\\/www.predsjednik.hr\\\/en\\\/?s={search_term_string}\"},\"query-input\":{\"@type\":\"PropertyValueSpecification\",\"valueRequired\":true,\"valueName\":\"search_term_string\"}}],\"inLanguage\":\"en-US\"}]}<\/script>\n<!-- \/ Yoast SEO plugin. -->","yoast_head_json":{"title":"President Milanovi\u0107 at Support Command 20th Anniversary Ceremony - President of the Republic of Croatia - Zoran Milanovi\u0107","robots":{"index":"index","follow":"follow","max-snippet":"max-snippet:-1","max-image-preview":"max-image-preview:large","max-video-preview":"max-video-preview:-1"},"canonical":"https:\/\/www.predsjednik.hr\/en\/news\/president-milanovic-at-support-command-20th-anniversary-ceremony\/","og_locale":"en_US","og_type":"article","og_title":"President Milanovi\u0107 at Support Command 20th Anniversary Ceremony - President of the Republic of Croatia - Zoran Milanovi\u0107","og_description":"The President of the Republic and Commander in Chief of the Croatian Armed Forces Zoran Milanovi\u0107 attended the 20th anniversary ceremony marking the establishment of Support Command of the Croatian Armed Forces at the 1st Guards Brigade Tigers Barracks in Zagreb.","og_url":"https:\/\/www.predsjednik.hr\/en\/news\/president-milanovic-at-support-command-20th-anniversary-ceremony\/","og_site_name":"President of the Republic of Croatia - Zoran Milanovi\u0107","article_modified_time":"2022-06-13T12:13:04+00:00","og_image":[{"width":5431,"height":3880,"url":"https:\/\/www.predsjednik.hr\/wp-content\/uploads\/2022\/06\/DSC_6732.jpg","type":"image\/jpeg"}],"twitter_card":"summary_large_image","twitter_misc":{"Est. reading time":"3 minutes"},"schema":{"@context":"https:\/\/schema.org","@graph":[{"@type":"WebPage","@id":"https:\/\/www.predsjednik.hr\/en\/news\/president-milanovic-at-support-command-20th-anniversary-ceremony\/","url":"https:\/\/www.predsjednik.hr\/en\/news\/president-milanovic-at-support-command-20th-anniversary-ceremony\/","name":"President Milanovi\u0107 at Support Command 20th Anniversary Ceremony - President of the Republic of Croatia - Zoran Milanovi\u0107","isPartOf":{"@id":"https:\/\/www.predsjednik.hr\/en\/#website"},"primaryImageOfPage":{"@id":"https:\/\/www.predsjednik.hr\/en\/news\/president-milanovic-at-support-command-20th-anniversary-ceremony\/#primaryimage"},"image":{"@id":"https:\/\/www.predsjednik.hr\/en\/news\/president-milanovic-at-support-command-20th-anniversary-ceremony\/#primaryimage"},"thumbnailUrl":"https:\/\/www.predsjednik.hr\/wp-content\/uploads\/2022\/06\/DSC_6732.jpg","datePublished":"2022-06-13T12:13:01+00:00","dateModified":"2022-06-13T12:13:04+00:00","breadcrumb":{"@id":"https:\/\/www.predsjednik.hr\/en\/news\/president-milanovic-at-support-command-20th-anniversary-ceremony\/#breadcrumb"},"inLanguage":"en-US","potentialAction":[{"@type":"ReadAction","target":["https:\/\/www.predsjednik.hr\/en\/news\/president-milanovic-at-support-command-20th-anniversary-ceremony\/"]}]},{"@type":"ImageObject","inLanguage":"en-US","@id":"https:\/\/www.predsjednik.hr\/en\/news\/president-milanovic-at-support-command-20th-anniversary-ceremony\/#primaryimage","url":"https:\/\/www.predsjednik.hr\/wp-content\/uploads\/2022\/06\/DSC_6732.jpg","contentUrl":"https:\/\/www.predsjednik.hr\/wp-content\/uploads\/2022\/06\/DSC_6732.jpg","width":5431,"height":3880,"caption":"The President of the Republic and Commander in Chief of the Croatian Armed Forces Zoran Milanovi\u0107 attended the 20th anniversary ceremony marking the establishment of Support Command of the Croatian Armed Forces at the 1st Guards Brigade Tigers Barracks in Zagreb."},{"@type":"BreadcrumbList","@id":"https:\/\/www.predsjednik.hr\/en\/news\/president-milanovic-at-support-command-20th-anniversary-ceremony\/#breadcrumb","itemListElement":[{"@type":"ListItem","position":1,"name":"Home","item":"https:\/\/www.predsjednik.hr\/en\/"},{"@type":"ListItem","position":2,"name":"Vijesti","item":"https:\/\/www.predsjednik.hr\/en\/news\/"},{"@type":"ListItem","position":3,"name":"President Milanovi\u0107 at Support Command 20th Anniversary Ceremony"}]},{"@type":"WebSite","@id":"https:\/\/www.predsjednik.hr\/en\/#website","url":"https:\/\/www.predsjednik.hr\/en\/","name":"President of the Republic of Croatia - Zoran Milanovi\u0107","description":"Just another WordPress site","potentialAction":[{"@type":"SearchAction","target":{"@type":"EntryPoint","urlTemplate":"https:\/\/www.predsjednik.hr\/en\/?s={search_term_string}"},"query-input":{"@type":"PropertyValueSpecification","valueRequired":true,"valueName":"search_term_string"}}],"inLanguage":"en-US"}]}},"_links":{"self":[{"href":"https:\/\/www.predsjednik.hr\/en\/wp-json\/wp\/v2\/news\/17761","targetHints":{"allow":["GET"]}}],"collection":[{"href":"https:\/\/www.predsjednik.hr\/en\/wp-json\/wp\/v2\/news"}],"about":[{"href":"https:\/\/www.predsjednik.hr\/en\/wp-json\/wp\/v2\/types\/news"}],"wp:featuredmedia":[{"embeddable":true,"href":"https:\/\/www.predsjednik.hr\/en\/wp-json\/wp\/v2\/media\/17754"}],"wp:attachment":[{"href":"https:\/\/www.predsjednik.hr\/en\/wp-json\/wp\/v2\/media?parent=17761"}],"wp:term":[{"taxonomy":"news-cat","embeddable":true,"href":"https:\/\/www.predsjednik.hr\/en\/wp-json\/wp\/v2\/news-cat?post=17761"}],"curies":[{"name":"wp","href":"https:\/\/api.w.org\/{rel}","templated":true}]}}