{"id":17849,"date":"2022-06-15T17:21:00","date_gmt":"2022-06-15T15:21:00","guid":{"rendered":"https:\/\/www.predsjednik.hr\/?post_type=news&#038;p=17849"},"modified":"2022-06-17T09:22:49","modified_gmt":"2022-06-17T07:22:49","slug":"president-milanovic-to-participate-in-international-prespa-forum-dialogue-in-ohrid","status":"publish","type":"news","link":"https:\/\/www.predsjednik.hr\/en\/news\/president-milanovic-to-participate-in-international-prespa-forum-dialogue-in-ohrid\/","title":{"rendered":"President Milanovi\u0107 to Participate in International Prespa Forum Dialogue in Ohrid"},"content":{"rendered":"\n<p>The President of the Republic Zoran Milanovi\u0107 will be on a working visit to Ohrid, Republic of North Macedonia, on Thursday and Friday 16 &amp; 17 June 2022, where he will participate in an international Prespa Forum Dialogue.<\/p>\n\n\n\n<p>The host of the Prespa Forum is the President of the Republic of North Macedonia Stevo Pendarovski, and the theme of this year\u2019s edition of the Prespa Forum is \u201cShaping Western Balkans Future in the Contemporary European Security Architecture\u201d.<\/p>\n\n\n\n<p>President Milanovi\u0107 will participate in the official high level opening session of the Prespa Forum, which will also include the following participants: the President of the Republic of Slovenia Borut Pahor, the President of the Republic of Kosovo Vjosa Osmani, the President of Montenegro Milo \u0110ukanovi\u0107, and the President of the European Council Charles Michel. Planned for the opening session is discussion on the integration of countries of South East Europe to the European Union, including challenges associated with this process, and the impact of the war in Ukraine on the European Union\u2019s enlargement policy.&nbsp;<\/p>\n\n\n\n<p>During his visit to Ohrid, President Milanovi\u0107 will hold a working meeting with the host of the Forum the President of the Republic of North Macedonia Stevo Pendarovski, as well as a bilateral meeting with the Minister of Foreign Affairs of T\u00fcrkiye Mevl\u00fct \u00c7avu\u015fo\u011flu who will also participate in a part of the Forum.<\/p>\n\n\n\n<p>The Prespa Forum Dialogue (PFD) is a platform created by the Government of the Republic of North Macedonia to enable countries, leaders, organizations, and citizens to build long-term relationships and strengthen partnerships. The Forum aims to inspire and promote good-neighbourly relations and cooperation.<\/p>\n","protected":false},"excerpt":{"rendered":"<p>The President of the Republic Zoran Milanovi\u0107 will be on a working visit to Ohrid, Republic of North Macedonia, on Thursday and Friday 16 &#038; 17 June 2022, where he will participate in an international Prespa Forum Dialogue.<\/p>\n","protected":false},"featured_media":17827,"template":"","news-cat":[12],"class_list":["post-17849","news","type-news","status-publish","has-post-thumbnail","hentry","news-cat-news"],"acf":[],"yoast_head":"<!-- This site is optimized with the Yoast SEO plugin v27.4 - https:\/\/yoast.com\/product\/yoast-seo-wordpress\/ -->\n<title>President Milanovi\u0107 to Participate in International Prespa Forum Dialogue in Ohrid - President of the Republic of Croatia - Zoran Milanovi\u0107<\/title>\n<meta name=\"robots\" content=\"index, follow, max-snippet:-1, max-image-preview:large, max-video-preview:-1\" \/>\n<link rel=\"canonical\" href=\"https:\/\/www.predsjednik.hr\/en\/news\/president-milanovic-to-participate-in-international-prespa-forum-dialogue-in-ohrid\/\" \/>\n<meta property=\"og:locale\" content=\"en_US\" \/>\n<meta property=\"og:type\" content=\"article\" \/>\n<meta property=\"og:title\" content=\"President Milanovi\u0107 to Participate in International Prespa Forum Dialogue in Ohrid - President of the Republic of Croatia - Zoran Milanovi\u0107\" \/>\n<meta property=\"og:description\" content=\"The President of the Republic Zoran Milanovi\u0107 will be on a working visit to Ohrid, Republic of North Macedonia, on Thursday and Friday 16 &amp; 17 June 2022, where he will participate in an international Prespa Forum Dialogue.\" \/>\n<meta property=\"og:url\" content=\"https:\/\/www.predsjednik.hr\/en\/news\/president-milanovic-to-participate-in-international-prespa-forum-dialogue-in-ohrid\/\" \/>\n<meta property=\"og:site_name\" content=\"President of the Republic of Croatia - Zoran Milanovi\u0107\" \/>\n<meta property=\"article:modified_time\" content=\"2022-06-17T07:22:49+00:00\" \/>\n<meta property=\"og:image\" content=\"https:\/\/www.predsjednik.hr\/wp-content\/uploads\/2022\/06\/DSC_0934-1024x576.jpg\" \/>\n\t<meta property=\"og:image:width\" content=\"1024\" \/>\n\t<meta property=\"og:image:height\" content=\"576\" \/>\n\t<meta property=\"og:image:type\" content=\"image\/jpeg\" \/>\n<meta name=\"twitter:card\" content=\"summary_large_image\" \/>\n<meta name=\"twitter:label1\" content=\"Est. reading time\" \/>\n\t<meta name=\"twitter:data1\" content=\"2 minutes\" \/>\n<script type=\"application\/ld+json\" class=\"yoast-schema-graph\">{\"@context\":\"https:\\\/\\\/schema.org\",\"@graph\":[{\"@type\":\"WebPage\",\"@id\":\"https:\\\/\\\/www.predsjednik.hr\\\/en\\\/news\\\/president-milanovic-to-participate-in-international-prespa-forum-dialogue-in-ohrid\\\/\",\"url\":\"https:\\\/\\\/www.predsjednik.hr\\\/en\\\/news\\\/president-milanovic-to-participate-in-international-prespa-forum-dialogue-in-ohrid\\\/\",\"name\":\"President Milanovi\u0107 to Participate in International Prespa Forum Dialogue in Ohrid - President of the Republic of Croatia - Zoran Milanovi\u0107\",\"isPartOf\":{\"@id\":\"https:\\\/\\\/www.predsjednik.hr\\\/en\\\/#website\"},\"primaryImageOfPage\":{\"@id\":\"https:\\\/\\\/www.predsjednik.hr\\\/en\\\/news\\\/president-milanovic-to-participate-in-international-prespa-forum-dialogue-in-ohrid\\\/#primaryimage\"},\"image\":{\"@id\":\"https:\\\/\\\/www.predsjednik.hr\\\/en\\\/news\\\/president-milanovic-to-participate-in-international-prespa-forum-dialogue-in-ohrid\\\/#primaryimage\"},\"thumbnailUrl\":\"https:\\\/\\\/www.predsjednik.hr\\\/wp-content\\\/uploads\\\/2022\\\/06\\\/DSC_0934.jpg\",\"datePublished\":\"2022-06-15T15:21:00+00:00\",\"dateModified\":\"2022-06-17T07:22:49+00:00\",\"breadcrumb\":{\"@id\":\"https:\\\/\\\/www.predsjednik.hr\\\/en\\\/news\\\/president-milanovic-to-participate-in-international-prespa-forum-dialogue-in-ohrid\\\/#breadcrumb\"},\"inLanguage\":\"en-US\",\"potentialAction\":[{\"@type\":\"ReadAction\",\"target\":[\"https:\\\/\\\/www.predsjednik.hr\\\/en\\\/news\\\/president-milanovic-to-participate-in-international-prespa-forum-dialogue-in-ohrid\\\/\"]}]},{\"@type\":\"ImageObject\",\"inLanguage\":\"en-US\",\"@id\":\"https:\\\/\\\/www.predsjednik.hr\\\/en\\\/news\\\/president-milanovic-to-participate-in-international-prespa-forum-dialogue-in-ohrid\\\/#primaryimage\",\"url\":\"https:\\\/\\\/www.predsjednik.hr\\\/wp-content\\\/uploads\\\/2022\\\/06\\\/DSC_0934.jpg\",\"contentUrl\":\"https:\\\/\\\/www.predsjednik.hr\\\/wp-content\\\/uploads\\\/2022\\\/06\\\/DSC_0934.jpg\",\"width\":6192,\"height\":3483},{\"@type\":\"BreadcrumbList\",\"@id\":\"https:\\\/\\\/www.predsjednik.hr\\\/en\\\/news\\\/president-milanovic-to-participate-in-international-prespa-forum-dialogue-in-ohrid\\\/#breadcrumb\",\"itemListElement\":[{\"@type\":\"ListItem\",\"position\":1,\"name\":\"Home\",\"item\":\"https:\\\/\\\/www.predsjednik.hr\\\/en\\\/\"},{\"@type\":\"ListItem\",\"position\":2,\"name\":\"Vijesti\",\"item\":\"https:\\\/\\\/www.predsjednik.hr\\\/en\\\/news\\\/\"},{\"@type\":\"ListItem\",\"position\":3,\"name\":\"President Milanovi\u0107 to Participate in International Prespa Forum Dialogue in Ohrid\"}]},{\"@type\":\"WebSite\",\"@id\":\"https:\\\/\\\/www.predsjednik.hr\\\/en\\\/#website\",\"url\":\"https:\\\/\\\/www.predsjednik.hr\\\/en\\\/\",\"name\":\"President of the Republic of Croatia - Zoran Milanovi\u0107\",\"description\":\"Just another WordPress site\",\"potentialAction\":[{\"@type\":\"SearchAction\",\"target\":{\"@type\":\"EntryPoint\",\"urlTemplate\":\"https:\\\/\\\/www.predsjednik.hr\\\/en\\\/?s={search_term_string}\"},\"query-input\":{\"@type\":\"PropertyValueSpecification\",\"valueRequired\":true,\"valueName\":\"search_term_string\"}}],\"inLanguage\":\"en-US\"}]}<\/script>\n<!-- \/ Yoast SEO plugin. -->","yoast_head_json":{"title":"President Milanovi\u0107 to Participate in International Prespa Forum Dialogue in Ohrid - President of the Republic of Croatia - Zoran Milanovi\u0107","robots":{"index":"index","follow":"follow","max-snippet":"max-snippet:-1","max-image-preview":"max-image-preview:large","max-video-preview":"max-video-preview:-1"},"canonical":"https:\/\/www.predsjednik.hr\/en\/news\/president-milanovic-to-participate-in-international-prespa-forum-dialogue-in-ohrid\/","og_locale":"en_US","og_type":"article","og_title":"President Milanovi\u0107 to Participate in International Prespa Forum Dialogue in Ohrid - President of the Republic of Croatia - Zoran Milanovi\u0107","og_description":"The President of the Republic Zoran Milanovi\u0107 will be on a working visit to Ohrid, Republic of North Macedonia, on Thursday and Friday 16 & 17 June 2022, where he will participate in an international Prespa Forum Dialogue.","og_url":"https:\/\/www.predsjednik.hr\/en\/news\/president-milanovic-to-participate-in-international-prespa-forum-dialogue-in-ohrid\/","og_site_name":"President of the Republic of Croatia - Zoran Milanovi\u0107","article_modified_time":"2022-06-17T07:22:49+00:00","og_image":[{"width":1024,"height":576,"url":"https:\/\/www.predsjednik.hr\/wp-content\/uploads\/2022\/06\/DSC_0934-1024x576.jpg","type":"image\/jpeg"}],"twitter_card":"summary_large_image","twitter_misc":{"Est. reading time":"2 minutes"},"schema":{"@context":"https:\/\/schema.org","@graph":[{"@type":"WebPage","@id":"https:\/\/www.predsjednik.hr\/en\/news\/president-milanovic-to-participate-in-international-prespa-forum-dialogue-in-ohrid\/","url":"https:\/\/www.predsjednik.hr\/en\/news\/president-milanovic-to-participate-in-international-prespa-forum-dialogue-in-ohrid\/","name":"President Milanovi\u0107 to Participate in International Prespa Forum Dialogue in Ohrid - President of the Republic of Croatia - Zoran Milanovi\u0107","isPartOf":{"@id":"https:\/\/www.predsjednik.hr\/en\/#website"},"primaryImageOfPage":{"@id":"https:\/\/www.predsjednik.hr\/en\/news\/president-milanovic-to-participate-in-international-prespa-forum-dialogue-in-ohrid\/#primaryimage"},"image":{"@id":"https:\/\/www.predsjednik.hr\/en\/news\/president-milanovic-to-participate-in-international-prespa-forum-dialogue-in-ohrid\/#primaryimage"},"thumbnailUrl":"https:\/\/www.predsjednik.hr\/wp-content\/uploads\/2022\/06\/DSC_0934.jpg","datePublished":"2022-06-15T15:21:00+00:00","dateModified":"2022-06-17T07:22:49+00:00","breadcrumb":{"@id":"https:\/\/www.predsjednik.hr\/en\/news\/president-milanovic-to-participate-in-international-prespa-forum-dialogue-in-ohrid\/#breadcrumb"},"inLanguage":"en-US","potentialAction":[{"@type":"ReadAction","target":["https:\/\/www.predsjednik.hr\/en\/news\/president-milanovic-to-participate-in-international-prespa-forum-dialogue-in-ohrid\/"]}]},{"@type":"ImageObject","inLanguage":"en-US","@id":"https:\/\/www.predsjednik.hr\/en\/news\/president-milanovic-to-participate-in-international-prespa-forum-dialogue-in-ohrid\/#primaryimage","url":"https:\/\/www.predsjednik.hr\/wp-content\/uploads\/2022\/06\/DSC_0934.jpg","contentUrl":"https:\/\/www.predsjednik.hr\/wp-content\/uploads\/2022\/06\/DSC_0934.jpg","width":6192,"height":3483},{"@type":"BreadcrumbList","@id":"https:\/\/www.predsjednik.hr\/en\/news\/president-milanovic-to-participate-in-international-prespa-forum-dialogue-in-ohrid\/#breadcrumb","itemListElement":[{"@type":"ListItem","position":1,"name":"Home","item":"https:\/\/www.predsjednik.hr\/en\/"},{"@type":"ListItem","position":2,"name":"Vijesti","item":"https:\/\/www.predsjednik.hr\/en\/news\/"},{"@type":"ListItem","position":3,"name":"President Milanovi\u0107 to Participate in International Prespa Forum Dialogue in Ohrid"}]},{"@type":"WebSite","@id":"https:\/\/www.predsjednik.hr\/en\/#website","url":"https:\/\/www.predsjednik.hr\/en\/","name":"President of the Republic of Croatia - Zoran Milanovi\u0107","description":"Just another WordPress site","potentialAction":[{"@type":"SearchAction","target":{"@type":"EntryPoint","urlTemplate":"https:\/\/www.predsjednik.hr\/en\/?s={search_term_string}"},"query-input":{"@type":"PropertyValueSpecification","valueRequired":true,"valueName":"search_term_string"}}],"inLanguage":"en-US"}]}},"_links":{"self":[{"href":"https:\/\/www.predsjednik.hr\/en\/wp-json\/wp\/v2\/news\/17849","targetHints":{"allow":["GET"]}}],"collection":[{"href":"https:\/\/www.predsjednik.hr\/en\/wp-json\/wp\/v2\/news"}],"about":[{"href":"https:\/\/www.predsjednik.hr\/en\/wp-json\/wp\/v2\/types\/news"}],"wp:featuredmedia":[{"embeddable":true,"href":"https:\/\/www.predsjednik.hr\/en\/wp-json\/wp\/v2\/media\/17827"}],"wp:attachment":[{"href":"https:\/\/www.predsjednik.hr\/en\/wp-json\/wp\/v2\/media?parent=17849"}],"wp:term":[{"taxonomy":"news-cat","embeddable":true,"href":"https:\/\/www.predsjednik.hr\/en\/wp-json\/wp\/v2\/news-cat?post=17849"}],"curies":[{"name":"wp","href":"https:\/\/api.w.org\/{rel}","templated":true}]}}