{"id":17852,"date":"2022-06-16T22:20:00","date_gmt":"2022-06-16T20:20:00","guid":{"rendered":"https:\/\/www.predsjednik.hr\/?post_type=news&#038;p=17852"},"modified":"2022-06-17T11:25:21","modified_gmt":"2022-06-17T09:25:21","slug":"president-milanovic-in-ohrid-reciprocal-recognition-of-serbia-and-kosovo-a-must-otherwise-no-progress","status":"publish","type":"news","link":"https:\/\/www.predsjednik.hr\/en\/news\/president-milanovic-in-ohrid-reciprocal-recognition-of-serbia-and-kosovo-a-must-otherwise-no-progress\/","title":{"rendered":"President Milanovi\u0107 in Ohrid: Reciprocal recognition of Serbia and Kosovo a must, otherwise no progress"},"content":{"rendered":"\n<p>The President of the Republic Zoran Milanovi\u0107 participated in Ohrid today in the official high level opening session of the Prespa Forum Dialogue held under the theme &#8220;Shaping Western Balkan Future in the Contemporary European Security Architecture&#8221;.<\/p>\n\n\n\n<p>Focusing on the prospects of South East Europe countries, particularly Bosnia and Herzegovina, North Macedonia, Albania, Kosovo and Serbia, in his address President Milanovi\u0107 stated: \u201cTwo months ago I heard the phrase \u201ceastern part\u201d, countries exposed to Russian influence \u2013 Bosnia and Herzegovina, Georgia and Moldova. When it came my turn to speak, I was the first one to mention Serbia and Kosovo, we all know countries that haven\u2019t reciprocally recognized each other, but are part of the Western Balkans too. That is precisely what will determine everything, they must reciprocally recognize each other otherwise there will be no progress. \u201cBrussels\u201d is not mentioned in such major decisions, with the exception of Germany, France, Nordic countries and of course Slovenia and Croatia that are actively included. We know who opposes this in Europe. I\u2019m not here to blame them, but we\u2019re not the ones standing in the way, the bureaucracy in Brussels does not stand in the way, neither does Slovenia, nor probably Bulgaria. German chancellor Scholz visited Belgrade the other day where he clearly indicated a condition to Serbia, namely that it must recognize Kosovo to make life easier for them. Of course as expected, Serbian president Vu\u010di\u0107 wondered why this is being mentioned as a condition at this time, and has never been discussed to date. Scholz answered him that he was just being sincere \u2013 it won\u2019t go without it.\u201d<\/p>\n\n\n\n<p>Furthermore, he explained his point of view on EU enlargement to the Western Balkan countries: \u201cAll of this isn\u2019t very encouraging because, for a whole range of reasons, I can\u2019t even imagine Serbia recognizing Kosovo. But if this doesn\u2019t happen, the problems won\u2019t be solved. The Western Balkans is just a drop in the ocean of the European economy, social events, just plain everything. No economic reason exists that would prevent the richest EU countries from accepting these countries into their ranks. They would adapt in one way or other. Security and reciprocal recognition are the key on which we have to focus, and send a message to Serbia that they must choose what they want. Any choice is legitimate, there are only two: in or out. Relations between Serbia and Kosovo are crucial for the Western Balkans. Everything else is something that can be solved, something we can live with\u201d, President Milanovi\u0107 stated.<\/p>\n\n\n\n<p>Asked about his thoughts on the initiative to grant Ukraine EU candidate status under a fast-track procedure, he said: \u201cYou ask me about Ukraine and its candidate status? It\u2019s all right with me, but we mustn\u2019t forget Bosnia and Herzegovina! What\u2019s stopping us from doing the same for BiH? Constant procrastination is destroying BiH\u201d, President Milanovi\u0107 replied.<\/p>\n\n\n\n<p>The host of the Prespa Forum Dialogue is the President of the Republic of North Macedonia Stevo Pendarovski, and besides President Milanovi\u0107 participating in the official high level opening session were the President of the Republic of Slovenia Borut Pahor, the President of the Republic of Kosovo Vjosa Osmani, and the President of Montenegro Milo \u0110ukanovi\u0107.<\/p>\n\n\n\n<p>The Prespa Forum Dialogue (PFD) is a platform created by the Government of the Republic of North Macedonia to enable countries, leaders, organizations, and citizens to build long-term relationships and strengthen partnerships. The Forum aims to inspire and promote good-neighbourly relations and cooperation.<\/p>\n\n\n\n<p>After participating in the Prespa Forum Dialogue, President Milanovi\u0107 held a bilateral meeting with the Minister of Foreign Affairs of T\u00fcrkiye Mevl\u00fct \u00c7avu\u015fo\u011flu who also participated in a part of the Forum. Following the meeting, President Milanovi\u0107 stated that he also discussed Bosnia and Herzegovina with the Turkish Foreign Minister.<\/p>\n\n\n\n<p>Asked by the press whether their views coincide on Sweden\u2019s and Finland\u2019s accession to NATO, President Milanovi\u0107 stated: \u201cWe don\u2019t have the same position \u2013 they\u2019re against these states, at least they were, especially in Sweden\u2019s case. Croatia, i.e. I\u2019m not against Finland and Sweden, but I don\u2019t see any other way. If there will be an opportunity to discuss their membership in NATO, but it doesn\u2019t seem like it today. What will happen tomorrow, we\u2019ll see, but if so, the security problem that Croatia has in the broad sense of the word should be addressed, a problem very much oppressing us. A war broke out in Ukraine, Finland and Sweden have become insecure, and want to join NATO. Ok, but what about us? We\u2019re insecure too, we\u2019re angry, you\u2019re not listening to us. We just want order in which the Croats will know that their representatives in democratic institutions won\u2019t be elected by just anyone, by someone falsely presenting himself as a Croat\u201d, President Milanovi\u0107 explained in his statement to the press after the meeting.<\/p>\n\n\n<!--GALLERY BLOCK-->\n<div class=\"c-lightbox-gallery js-lightbox\">\n                <!--single-->\n            <a data-no-swup class=\"c-lightbox-gallery__single js-lightbox-single\"\n               href=\"https:\/\/www.predsjednik.hr\/wp-content\/uploads\/2022\/06\/DSC_0077-1-1024x683.jpg\"\n               style=\"background-image: url('https:\/\/www.predsjednik.hr\/wp-content\/uploads\/2022\/06\/DSC_0077-1-768x512.jpg')\"><\/a>\n            <!--end single-->\n                    <!--single-->\n            <a data-no-swup class=\"c-lightbox-gallery__single js-lightbox-single\"\n               href=\"https:\/\/www.predsjednik.hr\/wp-content\/uploads\/2022\/06\/DSC_0122-1024x576.jpg\"\n               style=\"background-image: url('https:\/\/www.predsjednik.hr\/wp-content\/uploads\/2022\/06\/DSC_0122-768x432.jpg')\"><\/a>\n            <!--end single-->\n                    <!--single-->\n            <a data-no-swup class=\"c-lightbox-gallery__single js-lightbox-single\"\n               href=\"https:\/\/www.predsjednik.hr\/wp-content\/uploads\/2022\/06\/DSC_0269-1024x768.jpg\"\n               style=\"background-image: url('https:\/\/www.predsjednik.hr\/wp-content\/uploads\/2022\/06\/DSC_0269-768x576.jpg')\"><\/a>\n            <!--end single-->\n                    <!--single-->\n            <a data-no-swup class=\"c-lightbox-gallery__single js-lightbox-single\"\n               href=\"https:\/\/www.predsjednik.hr\/wp-content\/uploads\/2022\/06\/DSC_0334-1-1024x576.jpg\"\n               style=\"background-image: url('https:\/\/www.predsjednik.hr\/wp-content\/uploads\/2022\/06\/DSC_0334-1-768x432.jpg')\"><\/a>\n            <!--end single-->\n                    <!--single-->\n            <a data-no-swup class=\"c-lightbox-gallery__single js-lightbox-single\"\n               href=\"https:\/\/www.predsjednik.hr\/wp-content\/uploads\/2022\/06\/DSC_0397-1024x576.jpg\"\n               style=\"background-image: url('https:\/\/www.predsjednik.hr\/wp-content\/uploads\/2022\/06\/DSC_0397-768x432.jpg')\"><\/a>\n            <!--end single-->\n                    <!--single-->\n            <a data-no-swup class=\"c-lightbox-gallery__single js-lightbox-single\"\n               href=\"https:\/\/www.predsjednik.hr\/wp-content\/uploads\/2022\/06\/DSC_0497-1024x576.jpg\"\n               style=\"background-image: url('https:\/\/www.predsjednik.hr\/wp-content\/uploads\/2022\/06\/DSC_0497-768x432.jpg')\"><\/a>\n            <!--end single-->\n                    <!--single-->\n            <a data-no-swup class=\"c-lightbox-gallery__single js-lightbox-single\"\n               href=\"https:\/\/www.predsjednik.hr\/wp-content\/uploads\/2022\/06\/DSC_0659-1024x768.jpg\"\n               style=\"background-image: url('https:\/\/www.predsjednik.hr\/wp-content\/uploads\/2022\/06\/DSC_0659-768x576.jpg')\"><\/a>\n            <!--end single-->\n                    <!--single-->\n            <a data-no-swup class=\"c-lightbox-gallery__single js-lightbox-single\"\n               href=\"https:\/\/www.predsjednik.hr\/wp-content\/uploads\/2022\/06\/DSC_0687-1024x576.jpg\"\n               style=\"background-image: url('https:\/\/www.predsjednik.hr\/wp-content\/uploads\/2022\/06\/DSC_0687-768x432.jpg')\"><\/a>\n            <!--end single-->\n        <\/div>\n<!--end GALLERY BLOCK-->\n\n\n\n<p>PHOTO: Office of the President of the Republic of Croatia \/ Dario Andri\u0161ek<\/p>\n","protected":false},"excerpt":{"rendered":"<p>The President of the Republic Zoran Milanovi\u0107 participated in Ohrid today in the official high level opening session of the Prespa Forum Dialogue held under the theme &#8220;Shaping Western Balkan Future in the Contemporary European Security Architecture&#8221;.<\/p>\n","protected":false},"featured_media":17848,"template":"","news-cat":[12],"class_list":["post-17852","news","type-news","status-publish","has-post-thumbnail","hentry","news-cat-news"],"acf":[],"yoast_head":"<!-- This site is optimized with the Yoast SEO plugin v27.4 - https:\/\/yoast.com\/product\/yoast-seo-wordpress\/ -->\n<title>President Milanovi\u0107 in Ohrid: Reciprocal recognition of Serbia and Kosovo a must, otherwise no progress - President of the Republic of Croatia - Zoran Milanovi\u0107<\/title>\n<meta name=\"robots\" content=\"index, follow, max-snippet:-1, max-image-preview:large, max-video-preview:-1\" \/>\n<link rel=\"canonical\" href=\"https:\/\/www.predsjednik.hr\/en\/news\/president-milanovic-in-ohrid-reciprocal-recognition-of-serbia-and-kosovo-a-must-otherwise-no-progress\/\" \/>\n<meta property=\"og:locale\" content=\"en_US\" \/>\n<meta property=\"og:type\" content=\"article\" \/>\n<meta property=\"og:title\" content=\"President Milanovi\u0107 in Ohrid: Reciprocal recognition of Serbia and Kosovo a must, otherwise no progress - President of the Republic of Croatia - Zoran Milanovi\u0107\" \/>\n<meta property=\"og:description\" content=\"The President of the Republic Zoran Milanovi\u0107 participated in Ohrid today in the official high level opening session of the Prespa Forum Dialogue held under the theme &quot;Shaping Western Balkan Future in the Contemporary European Security Architecture&quot;.\" \/>\n<meta property=\"og:url\" content=\"https:\/\/www.predsjednik.hr\/en\/news\/president-milanovic-in-ohrid-reciprocal-recognition-of-serbia-and-kosovo-a-must-otherwise-no-progress\/\" \/>\n<meta property=\"og:site_name\" content=\"President of the Republic of Croatia - Zoran Milanovi\u0107\" \/>\n<meta property=\"article:modified_time\" content=\"2022-06-17T09:25:21+00:00\" \/>\n<meta property=\"og:image\" content=\"https:\/\/www.predsjednik.hr\/wp-content\/uploads\/2022\/06\/DSC_0497-1.jpg\" \/>\n\t<meta property=\"og:image:width\" content=\"3665\" \/>\n\t<meta property=\"og:image:height\" content=\"2062\" \/>\n\t<meta property=\"og:image:type\" content=\"image\/jpeg\" \/>\n<meta name=\"twitter:card\" content=\"summary_large_image\" \/>\n<meta name=\"twitter:label1\" content=\"Est. reading time\" \/>\n\t<meta name=\"twitter:data1\" content=\"5 minutes\" \/>\n<script type=\"application\/ld+json\" class=\"yoast-schema-graph\">{\"@context\":\"https:\\\/\\\/schema.org\",\"@graph\":[{\"@type\":\"WebPage\",\"@id\":\"https:\\\/\\\/www.predsjednik.hr\\\/en\\\/news\\\/president-milanovic-in-ohrid-reciprocal-recognition-of-serbia-and-kosovo-a-must-otherwise-no-progress\\\/\",\"url\":\"https:\\\/\\\/www.predsjednik.hr\\\/en\\\/news\\\/president-milanovic-in-ohrid-reciprocal-recognition-of-serbia-and-kosovo-a-must-otherwise-no-progress\\\/\",\"name\":\"President Milanovi\u0107 in Ohrid: Reciprocal recognition of Serbia and Kosovo a must, otherwise no progress - President of the Republic of Croatia - Zoran Milanovi\u0107\",\"isPartOf\":{\"@id\":\"https:\\\/\\\/www.predsjednik.hr\\\/en\\\/#website\"},\"primaryImageOfPage\":{\"@id\":\"https:\\\/\\\/www.predsjednik.hr\\\/en\\\/news\\\/president-milanovic-in-ohrid-reciprocal-recognition-of-serbia-and-kosovo-a-must-otherwise-no-progress\\\/#primaryimage\"},\"image\":{\"@id\":\"https:\\\/\\\/www.predsjednik.hr\\\/en\\\/news\\\/president-milanovic-in-ohrid-reciprocal-recognition-of-serbia-and-kosovo-a-must-otherwise-no-progress\\\/#primaryimage\"},\"thumbnailUrl\":\"https:\\\/\\\/www.predsjednik.hr\\\/wp-content\\\/uploads\\\/2022\\\/06\\\/DSC_0497-1.jpg\",\"datePublished\":\"2022-06-16T20:20:00+00:00\",\"dateModified\":\"2022-06-17T09:25:21+00:00\",\"breadcrumb\":{\"@id\":\"https:\\\/\\\/www.predsjednik.hr\\\/en\\\/news\\\/president-milanovic-in-ohrid-reciprocal-recognition-of-serbia-and-kosovo-a-must-otherwise-no-progress\\\/#breadcrumb\"},\"inLanguage\":\"en-US\",\"potentialAction\":[{\"@type\":\"ReadAction\",\"target\":[\"https:\\\/\\\/www.predsjednik.hr\\\/en\\\/news\\\/president-milanovic-in-ohrid-reciprocal-recognition-of-serbia-and-kosovo-a-must-otherwise-no-progress\\\/\"]}]},{\"@type\":\"ImageObject\",\"inLanguage\":\"en-US\",\"@id\":\"https:\\\/\\\/www.predsjednik.hr\\\/en\\\/news\\\/president-milanovic-in-ohrid-reciprocal-recognition-of-serbia-and-kosovo-a-must-otherwise-no-progress\\\/#primaryimage\",\"url\":\"https:\\\/\\\/www.predsjednik.hr\\\/wp-content\\\/uploads\\\/2022\\\/06\\\/DSC_0497-1.jpg\",\"contentUrl\":\"https:\\\/\\\/www.predsjednik.hr\\\/wp-content\\\/uploads\\\/2022\\\/06\\\/DSC_0497-1.jpg\",\"width\":3665,\"height\":2062,\"caption\":\"Predsjednik Republike Zoran Milanovi\u0107 sudjelovao je danas u Ohridu na uvodnoj sjednici Prespa foruma na visokoj razini na temu oblikovanja budu\u0107nosti zapadnog Balkana u suvremenoj europskoj sigurnosnoj arhitekturi.\"},{\"@type\":\"BreadcrumbList\",\"@id\":\"https:\\\/\\\/www.predsjednik.hr\\\/en\\\/news\\\/president-milanovic-in-ohrid-reciprocal-recognition-of-serbia-and-kosovo-a-must-otherwise-no-progress\\\/#breadcrumb\",\"itemListElement\":[{\"@type\":\"ListItem\",\"position\":1,\"name\":\"Home\",\"item\":\"https:\\\/\\\/www.predsjednik.hr\\\/en\\\/\"},{\"@type\":\"ListItem\",\"position\":2,\"name\":\"Vijesti\",\"item\":\"https:\\\/\\\/www.predsjednik.hr\\\/en\\\/news\\\/\"},{\"@type\":\"ListItem\",\"position\":3,\"name\":\"President Milanovi\u0107 in Ohrid: Reciprocal recognition of Serbia and Kosovo a must, otherwise no progress\"}]},{\"@type\":\"WebSite\",\"@id\":\"https:\\\/\\\/www.predsjednik.hr\\\/en\\\/#website\",\"url\":\"https:\\\/\\\/www.predsjednik.hr\\\/en\\\/\",\"name\":\"President of the Republic of Croatia - Zoran Milanovi\u0107\",\"description\":\"Just another WordPress site\",\"potentialAction\":[{\"@type\":\"SearchAction\",\"target\":{\"@type\":\"EntryPoint\",\"urlTemplate\":\"https:\\\/\\\/www.predsjednik.hr\\\/en\\\/?s={search_term_string}\"},\"query-input\":{\"@type\":\"PropertyValueSpecification\",\"valueRequired\":true,\"valueName\":\"search_term_string\"}}],\"inLanguage\":\"en-US\"}]}<\/script>\n<!-- \/ Yoast SEO plugin. -->","yoast_head_json":{"title":"President Milanovi\u0107 in Ohrid: Reciprocal recognition of Serbia and Kosovo a must, otherwise no progress - President of the Republic of Croatia - Zoran Milanovi\u0107","robots":{"index":"index","follow":"follow","max-snippet":"max-snippet:-1","max-image-preview":"max-image-preview:large","max-video-preview":"max-video-preview:-1"},"canonical":"https:\/\/www.predsjednik.hr\/en\/news\/president-milanovic-in-ohrid-reciprocal-recognition-of-serbia-and-kosovo-a-must-otherwise-no-progress\/","og_locale":"en_US","og_type":"article","og_title":"President Milanovi\u0107 in Ohrid: Reciprocal recognition of Serbia and Kosovo a must, otherwise no progress - President of the Republic of Croatia - Zoran Milanovi\u0107","og_description":"The President of the Republic Zoran Milanovi\u0107 participated in Ohrid today in the official high level opening session of the Prespa Forum Dialogue held under the theme \"Shaping Western Balkan Future in the Contemporary European Security Architecture\".","og_url":"https:\/\/www.predsjednik.hr\/en\/news\/president-milanovic-in-ohrid-reciprocal-recognition-of-serbia-and-kosovo-a-must-otherwise-no-progress\/","og_site_name":"President of the Republic of Croatia - Zoran Milanovi\u0107","article_modified_time":"2022-06-17T09:25:21+00:00","og_image":[{"width":3665,"height":2062,"url":"https:\/\/www.predsjednik.hr\/wp-content\/uploads\/2022\/06\/DSC_0497-1.jpg","type":"image\/jpeg"}],"twitter_card":"summary_large_image","twitter_misc":{"Est. reading time":"5 minutes"},"schema":{"@context":"https:\/\/schema.org","@graph":[{"@type":"WebPage","@id":"https:\/\/www.predsjednik.hr\/en\/news\/president-milanovic-in-ohrid-reciprocal-recognition-of-serbia-and-kosovo-a-must-otherwise-no-progress\/","url":"https:\/\/www.predsjednik.hr\/en\/news\/president-milanovic-in-ohrid-reciprocal-recognition-of-serbia-and-kosovo-a-must-otherwise-no-progress\/","name":"President Milanovi\u0107 in Ohrid: Reciprocal recognition of Serbia and Kosovo a must, otherwise no progress - President of the Republic of Croatia - Zoran Milanovi\u0107","isPartOf":{"@id":"https:\/\/www.predsjednik.hr\/en\/#website"},"primaryImageOfPage":{"@id":"https:\/\/www.predsjednik.hr\/en\/news\/president-milanovic-in-ohrid-reciprocal-recognition-of-serbia-and-kosovo-a-must-otherwise-no-progress\/#primaryimage"},"image":{"@id":"https:\/\/www.predsjednik.hr\/en\/news\/president-milanovic-in-ohrid-reciprocal-recognition-of-serbia-and-kosovo-a-must-otherwise-no-progress\/#primaryimage"},"thumbnailUrl":"https:\/\/www.predsjednik.hr\/wp-content\/uploads\/2022\/06\/DSC_0497-1.jpg","datePublished":"2022-06-16T20:20:00+00:00","dateModified":"2022-06-17T09:25:21+00:00","breadcrumb":{"@id":"https:\/\/www.predsjednik.hr\/en\/news\/president-milanovic-in-ohrid-reciprocal-recognition-of-serbia-and-kosovo-a-must-otherwise-no-progress\/#breadcrumb"},"inLanguage":"en-US","potentialAction":[{"@type":"ReadAction","target":["https:\/\/www.predsjednik.hr\/en\/news\/president-milanovic-in-ohrid-reciprocal-recognition-of-serbia-and-kosovo-a-must-otherwise-no-progress\/"]}]},{"@type":"ImageObject","inLanguage":"en-US","@id":"https:\/\/www.predsjednik.hr\/en\/news\/president-milanovic-in-ohrid-reciprocal-recognition-of-serbia-and-kosovo-a-must-otherwise-no-progress\/#primaryimage","url":"https:\/\/www.predsjednik.hr\/wp-content\/uploads\/2022\/06\/DSC_0497-1.jpg","contentUrl":"https:\/\/www.predsjednik.hr\/wp-content\/uploads\/2022\/06\/DSC_0497-1.jpg","width":3665,"height":2062,"caption":"Predsjednik Republike Zoran Milanovi\u0107 sudjelovao je danas u Ohridu na uvodnoj sjednici Prespa foruma na visokoj razini na temu oblikovanja budu\u0107nosti zapadnog Balkana u suvremenoj europskoj sigurnosnoj arhitekturi."},{"@type":"BreadcrumbList","@id":"https:\/\/www.predsjednik.hr\/en\/news\/president-milanovic-in-ohrid-reciprocal-recognition-of-serbia-and-kosovo-a-must-otherwise-no-progress\/#breadcrumb","itemListElement":[{"@type":"ListItem","position":1,"name":"Home","item":"https:\/\/www.predsjednik.hr\/en\/"},{"@type":"ListItem","position":2,"name":"Vijesti","item":"https:\/\/www.predsjednik.hr\/en\/news\/"},{"@type":"ListItem","position":3,"name":"President Milanovi\u0107 in Ohrid: Reciprocal recognition of Serbia and Kosovo a must, otherwise no progress"}]},{"@type":"WebSite","@id":"https:\/\/www.predsjednik.hr\/en\/#website","url":"https:\/\/www.predsjednik.hr\/en\/","name":"President of the Republic of Croatia - Zoran Milanovi\u0107","description":"Just another WordPress site","potentialAction":[{"@type":"SearchAction","target":{"@type":"EntryPoint","urlTemplate":"https:\/\/www.predsjednik.hr\/en\/?s={search_term_string}"},"query-input":{"@type":"PropertyValueSpecification","valueRequired":true,"valueName":"search_term_string"}}],"inLanguage":"en-US"}]}},"_links":{"self":[{"href":"https:\/\/www.predsjednik.hr\/en\/wp-json\/wp\/v2\/news\/17852","targetHints":{"allow":["GET"]}}],"collection":[{"href":"https:\/\/www.predsjednik.hr\/en\/wp-json\/wp\/v2\/news"}],"about":[{"href":"https:\/\/www.predsjednik.hr\/en\/wp-json\/wp\/v2\/types\/news"}],"wp:featuredmedia":[{"embeddable":true,"href":"https:\/\/www.predsjednik.hr\/en\/wp-json\/wp\/v2\/media\/17848"}],"wp:attachment":[{"href":"https:\/\/www.predsjednik.hr\/en\/wp-json\/wp\/v2\/media?parent=17852"}],"wp:term":[{"taxonomy":"news-cat","embeddable":true,"href":"https:\/\/www.predsjednik.hr\/en\/wp-json\/wp\/v2\/news-cat?post=17852"}],"curies":[{"name":"wp","href":"https:\/\/api.w.org\/{rel}","templated":true}]}}