{"id":17976,"date":"2022-06-23T16:04:35","date_gmt":"2022-06-23T14:04:35","guid":{"rendered":"https:\/\/www.predsjednik.hr\/?post_type=news&#038;p=17976"},"modified":"2022-06-23T16:04:38","modified_gmt":"2022-06-23T14:04:38","slug":"president-milanovic-conditioning-bosnia-and-herzegovinas-eu-candidate-status-with-amendments-to-its-election-law-is-cynicism","status":"publish","type":"news","link":"https:\/\/www.predsjednik.hr\/en\/news\/president-milanovic-conditioning-bosnia-and-herzegovinas-eu-candidate-status-with-amendments-to-its-election-law-is-cynicism\/","title":{"rendered":"President Milanovi\u0107: Conditioning Bosnia and Herzegovina\u2019s EU candidate status with amendments to its election law is cynicism"},"content":{"rendered":"\n<p>\u201cWe want the situation in Bosnia and Herzegovina to be settled, that BiH becomes a member of the European Union. We have to work towards that. An opportunity has now arisen that should be put to good use. All right, let Ukraine get candidate status, but Ukraine has huge problems, so does Moldova. This is an opportunity for BiH to be granted candidate status, as an act of trust and hope. Who can be against that?\u201d, the President of the Republic Zoran Milanovi\u0107 stated at a press conference held prior to a session of the Council of the European Union during which Ukraine and Moldova should get EU candidate status.<\/p>\n\n\n\n<p>He reminded that the chairman of the House of Representatives Neboj\u0161a Radmanovi\u0107 and the chairman of the House of Peoples Dragan \u010covi\u0107 on Wednesday sent a Request for granting candidate status to Bosnia and Herzegovina, and that Slovenian President Borut Pahor also sent a letter with the same request. He explained that this was arranged with President Pahor at the Trilateral meeting on Brijuni islands, and he was also supported by Federal Austrian President Alexander Van der Bellen. This matter was discussed too at the conference in Ohrid last week. Asked why he did not also sign the letter, President Milanovi\u0107 answered: \u201cIt\u2019s as though I did, who started talking about this matter if not I. We concluded at Brijuni that it is better for Borut to sign it. He will make the proposal, I will support him because I initiated it. So that others see how Slovenes think. It was a tactic.\u201d<\/p>\n\n\n\n<p>The President also talked about the reasons why he feels BiH should be granted EU candidate status. \u201cBiH is left to itself. The international community in BiH has brought it to its knees, and we are now requesting that in a unique moment, not to be repeated, BiH is lent a hand. But it cannot. Why not? Let Plenkovi\u0107 explain this. There are evidently some priorities. Are they his personal priorities, is it personnel policies of installing his assistants for salaries of seven, eight of ten thousand euros, is it fear that it will jeopardize Croatia\u2019s entry into Schengen and the euro? Let him say that entry into Schengen and the euro are more important than peace and order in BiH and the fate of the people who live there. If Plenkovi\u0107 would speak frankly, we could sit down and discuss to see what would be the danger if that happened\u201d, President Milanovi\u0107 stated.<\/p>\n\n\n\n<p>Since BiH is being conditioned to amend its election law, he warned that \u201cthe predominantly political group in BiH is obstructing and will obstruct this until the last day\u201d. To condition BiH for obtaining candidate status with a reform of the election law is in his view \u201ccynicism\u201d. The only person who currently can solve the issue of the reform of the election law is the High Representative of the International community Christian Schmidt, the Croatian President claims, and he can do so by using the so-called Bonn powers, and say&nbsp;like so many times before \u2013 that&#8217;s the law, and the basis for this is the ruling of the Constitutional Court of BiH. \u201cJust as he has imposed the decision on the financing of the elections in BiH\u201d, the President reminded, and added that by amending the election law he \u201cwould be doing the right thing\u201d. Convinced that the High Representative is not acting autonomously, but that someone is \u201cgiving him cues and tips\u201d, the President added that the Americans should tell him to do so, and the problem with the election law would be solved.<\/p>\n\n\n\n<p>The President of the Republic once again criticized \u201cthe international community\u2019s level of ignorance and lack of understanding of Bosnia and Herzegovina, which is a Central European country\u201d. He also blames the Croatian diplomacy for this. \u201cThe criminal inertness of the&nbsp;Ministry of Foreign and European Affairs has led to the present state. Why do all those with whom I speak show incredible ignorance about BiH? The Finnish Prime Minister doesn\u2019t even know that BiH has already requested candidate status. Whose job was it to convey this message to the Office of the Finnish Prime Minister at least in the past month? The work is not being done so that it does not compromise someone\u2019s personal plans\u201d, President Milanovi\u0107 stated.<\/p>\n\n\n\n<p>Asked what he expects from Prime Minister Plenkovi\u0107 in this situation, he replied: \u201cI don\u2019t expect anything, his behaviour and his actions indicate that he won\u2019t do anything. But it\u2019s my obligation to say this\u201d. Journalists were interested in hearing his view on which of the countries mentioned deserve candidate status. \u201cThey all do. For Ukraine I say \u2013 it can because the reasons are political, there are no technical conditions. And it should not be tied to these criteria, it will never meet them. Neither will BiH. And one should turn a blind eye in BiH\u2019s case\u201d, he replied.<\/p>\n","protected":false},"excerpt":{"rendered":"<p>\u201cWe want the situation in Bosnia and Herzegovina to be settled, that BiH becomes a member of the European Union. We have to work towards that. An opportunity has now arisen that should be put to good use. All right, let Ukraine get candidate status, but Ukraine has huge problems, so does Moldova. This is an opportunity for BiH to be granted candidate status, as an act of trust and hope. Who can be against that?\u201d, the President of the Republic Zoran Milanovi\u0107 stated at a press conference held prior to a session of the Council of the European Union during which Ukraine and Moldova should get EU candidate status.<\/p>\n","protected":false},"featured_media":17973,"template":"","news-cat":[12],"class_list":["post-17976","news","type-news","status-publish","has-post-thumbnail","hentry","news-cat-news"],"acf":[],"yoast_head":"<!-- This site is optimized with the Yoast SEO plugin v27.5 - https:\/\/yoast.com\/product\/yoast-seo-wordpress\/ -->\n<title>President Milanovi\u0107: Conditioning Bosnia and Herzegovina\u2019s EU candidate status with amendments to its election law is cynicism - President of the Republic of Croatia - Zoran Milanovi\u0107<\/title>\n<meta name=\"robots\" content=\"index, follow, max-snippet:-1, max-image-preview:large, max-video-preview:-1\" \/>\n<link rel=\"canonical\" href=\"https:\/\/www.predsjednik.hr\/en\/news\/president-milanovic-conditioning-bosnia-and-herzegovinas-eu-candidate-status-with-amendments-to-its-election-law-is-cynicism\/\" \/>\n<meta property=\"og:locale\" content=\"en_US\" \/>\n<meta property=\"og:type\" content=\"article\" \/>\n<meta property=\"og:title\" content=\"President Milanovi\u0107: Conditioning Bosnia and Herzegovina\u2019s EU candidate status with amendments to its election law is cynicism - President of the Republic of Croatia - Zoran Milanovi\u0107\" \/>\n<meta property=\"og:description\" content=\"\u201cWe want the situation in Bosnia and Herzegovina to be settled, that BiH becomes a member of the European Union. We have to work towards that. An opportunity has now arisen that should be put to good use. All right, let Ukraine get candidate status, but Ukraine has huge problems, so does Moldova. This is an opportunity for BiH to be granted candidate status, as an act of trust and hope. Who can be against that?\u201d, the President of the Republic Zoran Milanovi\u0107 stated at a press conference held prior to a session of the Council of the European Union during which Ukraine and Moldova should get EU candidate status.\" \/>\n<meta property=\"og:url\" content=\"https:\/\/www.predsjednik.hr\/en\/news\/president-milanovic-conditioning-bosnia-and-herzegovinas-eu-candidate-status-with-amendments-to-its-election-law-is-cynicism\/\" \/>\n<meta property=\"og:site_name\" content=\"President of the Republic of Croatia - Zoran Milanovi\u0107\" \/>\n<meta property=\"article:modified_time\" content=\"2022-06-23T14:04:38+00:00\" \/>\n<meta property=\"og:image\" content=\"https:\/\/www.predsjednik.hr\/wp-content\/uploads\/2022\/06\/DSC_0869.jpg\" \/>\n\t<meta property=\"og:image:width\" content=\"6192\" \/>\n\t<meta property=\"og:image:height\" content=\"3483\" \/>\n\t<meta property=\"og:image:type\" content=\"image\/jpeg\" \/>\n<meta name=\"twitter:card\" content=\"summary_large_image\" \/>\n<meta name=\"twitter:label1\" content=\"Est. reading time\" \/>\n\t<meta name=\"twitter:data1\" content=\"5 minutes\" \/>\n<script type=\"application\/ld+json\" class=\"yoast-schema-graph\">{\"@context\":\"https:\\\/\\\/schema.org\",\"@graph\":[{\"@type\":\"WebPage\",\"@id\":\"https:\\\/\\\/www.predsjednik.hr\\\/en\\\/news\\\/president-milanovic-conditioning-bosnia-and-herzegovinas-eu-candidate-status-with-amendments-to-its-election-law-is-cynicism\\\/\",\"url\":\"https:\\\/\\\/www.predsjednik.hr\\\/en\\\/news\\\/president-milanovic-conditioning-bosnia-and-herzegovinas-eu-candidate-status-with-amendments-to-its-election-law-is-cynicism\\\/\",\"name\":\"President Milanovi\u0107: Conditioning Bosnia and Herzegovina\u2019s EU candidate status with amendments to its election law is cynicism - President of the Republic of Croatia - Zoran Milanovi\u0107\",\"isPartOf\":{\"@id\":\"https:\\\/\\\/www.predsjednik.hr\\\/en\\\/#website\"},\"primaryImageOfPage\":{\"@id\":\"https:\\\/\\\/www.predsjednik.hr\\\/en\\\/news\\\/president-milanovic-conditioning-bosnia-and-herzegovinas-eu-candidate-status-with-amendments-to-its-election-law-is-cynicism\\\/#primaryimage\"},\"image\":{\"@id\":\"https:\\\/\\\/www.predsjednik.hr\\\/en\\\/news\\\/president-milanovic-conditioning-bosnia-and-herzegovinas-eu-candidate-status-with-amendments-to-its-election-law-is-cynicism\\\/#primaryimage\"},\"thumbnailUrl\":\"https:\\\/\\\/www.predsjednik.hr\\\/wp-content\\\/uploads\\\/2022\\\/06\\\/DSC_0869.jpg\",\"datePublished\":\"2022-06-23T14:04:35+00:00\",\"dateModified\":\"2022-06-23T14:04:38+00:00\",\"breadcrumb\":{\"@id\":\"https:\\\/\\\/www.predsjednik.hr\\\/en\\\/news\\\/president-milanovic-conditioning-bosnia-and-herzegovinas-eu-candidate-status-with-amendments-to-its-election-law-is-cynicism\\\/#breadcrumb\"},\"inLanguage\":\"en-US\",\"potentialAction\":[{\"@type\":\"ReadAction\",\"target\":[\"https:\\\/\\\/www.predsjednik.hr\\\/en\\\/news\\\/president-milanovic-conditioning-bosnia-and-herzegovinas-eu-candidate-status-with-amendments-to-its-election-law-is-cynicism\\\/\"]}]},{\"@type\":\"ImageObject\",\"inLanguage\":\"en-US\",\"@id\":\"https:\\\/\\\/www.predsjednik.hr\\\/en\\\/news\\\/president-milanovic-conditioning-bosnia-and-herzegovinas-eu-candidate-status-with-amendments-to-its-election-law-is-cynicism\\\/#primaryimage\",\"url\":\"https:\\\/\\\/www.predsjednik.hr\\\/wp-content\\\/uploads\\\/2022\\\/06\\\/DSC_0869.jpg\",\"contentUrl\":\"https:\\\/\\\/www.predsjednik.hr\\\/wp-content\\\/uploads\\\/2022\\\/06\\\/DSC_0869.jpg\",\"width\":6192,\"height\":3483},{\"@type\":\"BreadcrumbList\",\"@id\":\"https:\\\/\\\/www.predsjednik.hr\\\/en\\\/news\\\/president-milanovic-conditioning-bosnia-and-herzegovinas-eu-candidate-status-with-amendments-to-its-election-law-is-cynicism\\\/#breadcrumb\",\"itemListElement\":[{\"@type\":\"ListItem\",\"position\":1,\"name\":\"Home\",\"item\":\"https:\\\/\\\/www.predsjednik.hr\\\/en\\\/\"},{\"@type\":\"ListItem\",\"position\":2,\"name\":\"Vijesti\",\"item\":\"https:\\\/\\\/www.predsjednik.hr\\\/en\\\/news\\\/\"},{\"@type\":\"ListItem\",\"position\":3,\"name\":\"President Milanovi\u0107: Conditioning Bosnia and Herzegovina\u2019s EU candidate status with amendments to its election law is cynicism\"}]},{\"@type\":\"WebSite\",\"@id\":\"https:\\\/\\\/www.predsjednik.hr\\\/en\\\/#website\",\"url\":\"https:\\\/\\\/www.predsjednik.hr\\\/en\\\/\",\"name\":\"President of the Republic of Croatia - Zoran Milanovi\u0107\",\"description\":\"Just another WordPress site\",\"potentialAction\":[{\"@type\":\"SearchAction\",\"target\":{\"@type\":\"EntryPoint\",\"urlTemplate\":\"https:\\\/\\\/www.predsjednik.hr\\\/en\\\/?s={search_term_string}\"},\"query-input\":{\"@type\":\"PropertyValueSpecification\",\"valueRequired\":true,\"valueName\":\"search_term_string\"}}],\"inLanguage\":\"en-US\"}]}<\/script>\n<!-- \/ Yoast SEO plugin. -->","yoast_head_json":{"title":"President Milanovi\u0107: Conditioning Bosnia and Herzegovina\u2019s EU candidate status with amendments to its election law is cynicism - President of the Republic of Croatia - Zoran Milanovi\u0107","robots":{"index":"index","follow":"follow","max-snippet":"max-snippet:-1","max-image-preview":"max-image-preview:large","max-video-preview":"max-video-preview:-1"},"canonical":"https:\/\/www.predsjednik.hr\/en\/news\/president-milanovic-conditioning-bosnia-and-herzegovinas-eu-candidate-status-with-amendments-to-its-election-law-is-cynicism\/","og_locale":"en_US","og_type":"article","og_title":"President Milanovi\u0107: Conditioning Bosnia and Herzegovina\u2019s EU candidate status with amendments to its election law is cynicism - President of the Republic of Croatia - Zoran Milanovi\u0107","og_description":"\u201cWe want the situation in Bosnia and Herzegovina to be settled, that BiH becomes a member of the European Union. We have to work towards that. An opportunity has now arisen that should be put to good use. All right, let Ukraine get candidate status, but Ukraine has huge problems, so does Moldova. This is an opportunity for BiH to be granted candidate status, as an act of trust and hope. Who can be against that?\u201d, the President of the Republic Zoran Milanovi\u0107 stated at a press conference held prior to a session of the Council of the European Union during which Ukraine and Moldova should get EU candidate status.","og_url":"https:\/\/www.predsjednik.hr\/en\/news\/president-milanovic-conditioning-bosnia-and-herzegovinas-eu-candidate-status-with-amendments-to-its-election-law-is-cynicism\/","og_site_name":"President of the Republic of Croatia - Zoran Milanovi\u0107","article_modified_time":"2022-06-23T14:04:38+00:00","og_image":[{"width":6192,"height":3483,"url":"https:\/\/www.predsjednik.hr\/wp-content\/uploads\/2022\/06\/DSC_0869.jpg","type":"image\/jpeg"}],"twitter_card":"summary_large_image","twitter_misc":{"Est. reading time":"5 minutes"},"schema":{"@context":"https:\/\/schema.org","@graph":[{"@type":"WebPage","@id":"https:\/\/www.predsjednik.hr\/en\/news\/president-milanovic-conditioning-bosnia-and-herzegovinas-eu-candidate-status-with-amendments-to-its-election-law-is-cynicism\/","url":"https:\/\/www.predsjednik.hr\/en\/news\/president-milanovic-conditioning-bosnia-and-herzegovinas-eu-candidate-status-with-amendments-to-its-election-law-is-cynicism\/","name":"President Milanovi\u0107: Conditioning Bosnia and Herzegovina\u2019s EU candidate status with amendments to its election law is cynicism - President of the Republic of Croatia - Zoran Milanovi\u0107","isPartOf":{"@id":"https:\/\/www.predsjednik.hr\/en\/#website"},"primaryImageOfPage":{"@id":"https:\/\/www.predsjednik.hr\/en\/news\/president-milanovic-conditioning-bosnia-and-herzegovinas-eu-candidate-status-with-amendments-to-its-election-law-is-cynicism\/#primaryimage"},"image":{"@id":"https:\/\/www.predsjednik.hr\/en\/news\/president-milanovic-conditioning-bosnia-and-herzegovinas-eu-candidate-status-with-amendments-to-its-election-law-is-cynicism\/#primaryimage"},"thumbnailUrl":"https:\/\/www.predsjednik.hr\/wp-content\/uploads\/2022\/06\/DSC_0869.jpg","datePublished":"2022-06-23T14:04:35+00:00","dateModified":"2022-06-23T14:04:38+00:00","breadcrumb":{"@id":"https:\/\/www.predsjednik.hr\/en\/news\/president-milanovic-conditioning-bosnia-and-herzegovinas-eu-candidate-status-with-amendments-to-its-election-law-is-cynicism\/#breadcrumb"},"inLanguage":"en-US","potentialAction":[{"@type":"ReadAction","target":["https:\/\/www.predsjednik.hr\/en\/news\/president-milanovic-conditioning-bosnia-and-herzegovinas-eu-candidate-status-with-amendments-to-its-election-law-is-cynicism\/"]}]},{"@type":"ImageObject","inLanguage":"en-US","@id":"https:\/\/www.predsjednik.hr\/en\/news\/president-milanovic-conditioning-bosnia-and-herzegovinas-eu-candidate-status-with-amendments-to-its-election-law-is-cynicism\/#primaryimage","url":"https:\/\/www.predsjednik.hr\/wp-content\/uploads\/2022\/06\/DSC_0869.jpg","contentUrl":"https:\/\/www.predsjednik.hr\/wp-content\/uploads\/2022\/06\/DSC_0869.jpg","width":6192,"height":3483},{"@type":"BreadcrumbList","@id":"https:\/\/www.predsjednik.hr\/en\/news\/president-milanovic-conditioning-bosnia-and-herzegovinas-eu-candidate-status-with-amendments-to-its-election-law-is-cynicism\/#breadcrumb","itemListElement":[{"@type":"ListItem","position":1,"name":"Home","item":"https:\/\/www.predsjednik.hr\/en\/"},{"@type":"ListItem","position":2,"name":"Vijesti","item":"https:\/\/www.predsjednik.hr\/en\/news\/"},{"@type":"ListItem","position":3,"name":"President Milanovi\u0107: Conditioning Bosnia and Herzegovina\u2019s EU candidate status with amendments to its election law is cynicism"}]},{"@type":"WebSite","@id":"https:\/\/www.predsjednik.hr\/en\/#website","url":"https:\/\/www.predsjednik.hr\/en\/","name":"President of the Republic of Croatia - Zoran Milanovi\u0107","description":"Just another WordPress site","potentialAction":[{"@type":"SearchAction","target":{"@type":"EntryPoint","urlTemplate":"https:\/\/www.predsjednik.hr\/en\/?s={search_term_string}"},"query-input":{"@type":"PropertyValueSpecification","valueRequired":true,"valueName":"search_term_string"}}],"inLanguage":"en-US"}]}},"_links":{"self":[{"href":"https:\/\/www.predsjednik.hr\/en\/wp-json\/wp\/v2\/news\/17976","targetHints":{"allow":["GET"]}}],"collection":[{"href":"https:\/\/www.predsjednik.hr\/en\/wp-json\/wp\/v2\/news"}],"about":[{"href":"https:\/\/www.predsjednik.hr\/en\/wp-json\/wp\/v2\/types\/news"}],"wp:featuredmedia":[{"embeddable":true,"href":"https:\/\/www.predsjednik.hr\/en\/wp-json\/wp\/v2\/media\/17973"}],"wp:attachment":[{"href":"https:\/\/www.predsjednik.hr\/en\/wp-json\/wp\/v2\/media?parent=17976"}],"wp:term":[{"taxonomy":"news-cat","embeddable":true,"href":"https:\/\/www.predsjednik.hr\/en\/wp-json\/wp\/v2\/news-cat?post=17976"}],"curies":[{"name":"wp","href":"https:\/\/api.w.org\/{rel}","templated":true}]}}