{"id":18092,"date":"2022-06-29T17:34:00","date_gmt":"2022-06-29T15:34:00","guid":{"rendered":"https:\/\/www.predsjednik.hr\/?post_type=news&#038;p=18092"},"modified":"2022-06-30T10:37:29","modified_gmt":"2022-06-30T08:37:29","slug":"president-milanovic-at-madrid-summit-finlands-and-swedens-membership-in-nato-now-in-the-hands-of-the-croatian-parliament","status":"publish","type":"news","link":"https:\/\/www.predsjednik.hr\/en\/news\/president-milanovic-at-madrid-summit-finlands-and-swedens-membership-in-nato-now-in-the-hands-of-the-croatian-parliament\/","title":{"rendered":"President Milanovi\u0107 at Madrid Summit: Finland\u2019s and Sweden\u2019s Membership in NATO now in the Hands of the Croatian Parliament"},"content":{"rendered":"\n<p>\u201cFinland and Sweden received an invitation, we\u2019ll see what the future holds, one supposes that everything will be fine, but one never knows\u201d, the President of the Republic Milanovi\u0107 stated today in Madrid after participating in the meeting of heads of state and government of NATO members which included the two mentioned states\u2019 applicatIon for membership in NATO.<\/p>\n\n\n\n<p>During the NATO Summit, President Milanovi\u0107 also held a bilateral meeting with the President of the Republic of Finland Sauli Niinist\u00f6. Asked by journalists whether he supported Finland\u2019s and Sweden\u2019s membership in the Alliance, President Milanovi\u0107 replied that the membership of those states in NATO \u201cdepends on the Croatian Parliament, it\u2019s the exclusive responsibility of the Croatian members of Parliament\u201d.<\/p>\n\n\n\n<p>&#8220;I have reiterated a number of times in a telephone conversation with the Finnish president that there is nothing personal as far as I&#8217;m concerned. These are states that meet high criteria. What Turkey is asking of them is a lot. In principle, I&#8217;m more on Sweden&#8217;s side than on Turkey&#8217;s on this issue. We&#8217;ll see how this will unfold, whether there will be a monitoring of these criteria, it\u2019s hard to say. My top priority is Croatia and its interests, how I see and interpret them, although I may be mistaken. For some time now this has been out of my reach, out of my power and the political instruments that are available to me, it\u2019s now on the conscience of Croatian MPs\u201d, President Milanovi\u0107 added.<\/p>\n\n\n\n<p>He went on to say that at the meeting of NATO heads of state and government he discussed the problem of Bosnia and Herzegovina noting that \u201cit\u2019s a security problem, minor in comparison with the one that the northern and Baltic states are facing, nevertheless our security problem. This makes life in the neighbourhood unstable and bad&nbsp;for us, and which endangers at least half a million of EU citizens, Dayton rules are being violated. It\u2019s a matter of Croatia\u2019s pride and credibility, and I want this matter settled. Who heard me, heard me, I can&#8217;t do much more about it&#8221;, the Croatian President told journalists.<\/p>\n\n\n\n<p>He further stated that there are two kinds of people at the NATO Summit. \u201cI\u2019m referring to statesmen who know little or nothing. Nobody is working with them and their associates. It\u2019s known who can work, and who has been taking the time to acquaint them with the problem Croatia has been living with and facing. Those who know nothing are a minor problem, they\u2019re the majority, because one can work with them, talk to them, answer their questions. A few are narrow-minded in their prejudices, which will be hard to change, but one has to work on that. And in some situations, such as the one at the European Council meeting in Brussels \u2013 when Ukraine and Moldova were absolutely unconditionally granted candidate status, and Bosnia and Herzegovina the status quo \u2013 that&#8217;s a situation in which a state uses veto rights and eventually everyone would have received candidate status. BiH received empty promises,&#8221; President Milanovi\u0107 underlined.<\/p>\n\n\n\n<p>\u201cHad others done their job, had they been active, aggressive in presenting their views, the states would behave differently\u201d, the President added, and remarked that nobody from the Croatian government was present in Madrid at ministerial meetings.<\/p>\n\n\n\n<p>\u201cSomebody should be present at these meetings, they don\u2019t have to be in my company, but somebody has to represent the government, that\u2019s their duty. Who will attend the meetings instead of them? The Ambassador? And what if I say that the ambassador\u2019s presence is required with me? That\u2019s what happens with such behaviour. It\u2019s very irresponsible, amateur\u201d, the President said.<\/p>\n\n\n\n<p>In the remainder of the day President Milanovi\u0107 will participate in a meeting of heads of state and government of NATO members with the invited heads of state and government that aren\u2019t members: Australia, Republic of Finland, Georgia, Japan, Republic of Korea, New Zealand and the Kingdom of Sweden, as well as the European Council President and the European Commission President.<\/p>\n\n\n\n<p>On Tuesday evening, on the first day of the NATO Summit, President Milanovi\u0107 and his wife Sanja Musi\u0107 Milanovi\u0107 together with all the heads of state and government attended a gala dinner hosted by Spanish King Felipe VI and Queen Letizia in the Royal Palace. The President told reporters that during the dinner there was talk of the war in Ukraine, but that he also talked about the situation in BiH with a number of heads of state and government.<\/p>\n\n\n\n<p>The Summit of NATO heads of state and government is a regular summit of the Alliance, and the Kingdom of Spain is the host on the occasion of the fortieth anniversary of its membership in NATO.<\/p>\n\n\n<!--GALLERY BLOCK-->\n<div class=\"c-lightbox-gallery js-lightbox\">\n                <!--single-->\n            <a data-no-swup class=\"c-lightbox-gallery__single js-lightbox-single\"\n               href=\"https:\/\/www.predsjednik.hr\/wp-content\/uploads\/2022\/06\/DSC_4053-1024x576.jpg\"\n               style=\"background-image: url('https:\/\/www.predsjednik.hr\/wp-content\/uploads\/2022\/06\/DSC_4053-768x432.jpg')\"><\/a>\n            <!--end single-->\n                    <!--single-->\n            <a data-no-swup class=\"c-lightbox-gallery__single js-lightbox-single\"\n               href=\"https:\/\/www.predsjednik.hr\/wp-content\/uploads\/2022\/06\/DSC_4859-1024x819.jpg\"\n               style=\"background-image: url('https:\/\/www.predsjednik.hr\/wp-content\/uploads\/2022\/06\/DSC_4859-768x614.jpg')\"><\/a>\n            <!--end single-->\n                    <!--single-->\n            <a data-no-swup class=\"c-lightbox-gallery__single js-lightbox-single\"\n               href=\"https:\/\/www.predsjednik.hr\/wp-content\/uploads\/2022\/06\/DSC_5164-1024x576.jpg\"\n               style=\"background-image: url('https:\/\/www.predsjednik.hr\/wp-content\/uploads\/2022\/06\/DSC_5164-768x432.jpg')\"><\/a>\n            <!--end single-->\n                    <!--single-->\n            <a data-no-swup class=\"c-lightbox-gallery__single js-lightbox-single\"\n               href=\"https:\/\/www.predsjednik.hr\/wp-content\/uploads\/2022\/06\/DSC_5354-1024x576.jpg\"\n               style=\"background-image: url('https:\/\/www.predsjednik.hr\/wp-content\/uploads\/2022\/06\/DSC_5354-768x432.jpg')\"><\/a>\n            <!--end single-->\n                    <!--single-->\n            <a data-no-swup class=\"c-lightbox-gallery__single js-lightbox-single\"\n               href=\"https:\/\/www.predsjednik.hr\/wp-content\/uploads\/2022\/06\/DSC_5766-1024x576.jpg\"\n               style=\"background-image: url('https:\/\/www.predsjednik.hr\/wp-content\/uploads\/2022\/06\/DSC_5766-768x432.jpg')\"><\/a>\n            <!--end single-->\n                    <!--single-->\n            <a data-no-swup class=\"c-lightbox-gallery__single js-lightbox-single\"\n               href=\"https:\/\/www.predsjednik.hr\/wp-content\/uploads\/2022\/06\/DSC_5781-1024x576.jpg\"\n               style=\"background-image: url('https:\/\/www.predsjednik.hr\/wp-content\/uploads\/2022\/06\/DSC_5781-768x432.jpg')\"><\/a>\n            <!--end single-->\n                    <!--single-->\n            <a data-no-swup class=\"c-lightbox-gallery__single js-lightbox-single\"\n               href=\"https:\/\/www.predsjednik.hr\/wp-content\/uploads\/2022\/06\/DSC_5906-1024x576.jpg\"\n               style=\"background-image: url('https:\/\/www.predsjednik.hr\/wp-content\/uploads\/2022\/06\/DSC_5906-768x432.jpg')\"><\/a>\n            <!--end single-->\n                    <!--single-->\n            <a data-no-swup class=\"c-lightbox-gallery__single js-lightbox-single\"\n               href=\"https:\/\/www.predsjednik.hr\/wp-content\/uploads\/2022\/06\/DSC_5952-1024x576.jpg\"\n               style=\"background-image: url('https:\/\/www.predsjednik.hr\/wp-content\/uploads\/2022\/06\/DSC_5952-768x432.jpg')\"><\/a>\n            <!--end single-->\n                    <!--single-->\n            <a data-no-swup class=\"c-lightbox-gallery__single js-lightbox-single\"\n               href=\"https:\/\/www.predsjednik.hr\/wp-content\/uploads\/2022\/06\/FCO1530-1024x684.jpg\"\n               style=\"background-image: url('https:\/\/www.predsjednik.hr\/wp-content\/uploads\/2022\/06\/FCO1530-768x513.jpg')\"><\/a>\n            <!--end single-->\n                    <!--single-->\n            <a data-no-swup class=\"c-lightbox-gallery__single js-lightbox-single\"\n               href=\"https:\/\/www.predsjednik.hr\/wp-content\/uploads\/2022\/06\/FCO0725.JPG-1-1024x684.jpg\"\n               style=\"background-image: url('https:\/\/www.predsjednik.hr\/wp-content\/uploads\/2022\/06\/FCO0725.JPG-1-768x513.jpg')\"><\/a>\n            <!--end single-->\n        <\/div>\n<!--end GALLERY BLOCK-->\n\n\n\n<p>PHOTO: Office of the President of the Republic of Croatia \/ Marko Beljan, NATO, Casa de S.M. el Rey\u201c<\/p>\n","protected":false},"excerpt":{"rendered":"<p>\u201cFinland and Sweden received an invitation, we\u2019ll see what the future holds, one supposes that everything will be fine, but one never knows\u201d, the President of the Republic Milanovi\u0107 stated today in Madrid after participating in the meeting of heads of state and government of NATO members which included the two mentioned states\u2019 applicatIon for membership in NATO.<\/p>\n","protected":false},"featured_media":18076,"template":"","news-cat":[12],"class_list":["post-18092","news","type-news","status-publish","has-post-thumbnail","hentry","news-cat-news"],"acf":[],"yoast_head":"<!-- This site is optimized with the Yoast SEO plugin v27.4 - https:\/\/yoast.com\/product\/yoast-seo-wordpress\/ -->\n<title>President Milanovi\u0107 at Madrid Summit: Finland\u2019s and Sweden\u2019s Membership in NATO now in the Hands of the Croatian Parliament - President of the Republic of Croatia - Zoran Milanovi\u0107<\/title>\n<meta name=\"robots\" content=\"index, follow, max-snippet:-1, max-image-preview:large, max-video-preview:-1\" \/>\n<link rel=\"canonical\" href=\"https:\/\/www.predsjednik.hr\/en\/news\/president-milanovic-at-madrid-summit-finlands-and-swedens-membership-in-nato-now-in-the-hands-of-the-croatian-parliament\/\" \/>\n<meta property=\"og:locale\" content=\"en_US\" \/>\n<meta property=\"og:type\" content=\"article\" \/>\n<meta property=\"og:title\" content=\"President Milanovi\u0107 at Madrid Summit: Finland\u2019s and Sweden\u2019s Membership in NATO now in the Hands of the Croatian Parliament - President of the Republic of Croatia - Zoran Milanovi\u0107\" \/>\n<meta property=\"og:description\" content=\"\u201cFinland and Sweden received an invitation, we\u2019ll see what the future holds, one supposes that everything will be fine, but one never knows\u201d, the President of the Republic Milanovi\u0107 stated today in Madrid after participating in the meeting of heads of state and government of NATO members which included the two mentioned states\u2019 applicatIon for membership in NATO.\" \/>\n<meta property=\"og:url\" content=\"https:\/\/www.predsjednik.hr\/en\/news\/president-milanovic-at-madrid-summit-finlands-and-swedens-membership-in-nato-now-in-the-hands-of-the-croatian-parliament\/\" \/>\n<meta property=\"og:site_name\" content=\"President of the Republic of Croatia - Zoran Milanovi\u0107\" \/>\n<meta property=\"article:modified_time\" content=\"2022-06-30T08:37:29+00:00\" \/>\n<meta property=\"og:image\" content=\"https:\/\/www.predsjednik.hr\/wp-content\/uploads\/2022\/06\/DSC_5164.jpg\" \/>\n\t<meta property=\"og:image:width\" content=\"5962\" \/>\n\t<meta property=\"og:image:height\" content=\"3354\" \/>\n\t<meta property=\"og:image:type\" content=\"image\/jpeg\" \/>\n<meta name=\"twitter:card\" content=\"summary_large_image\" \/>\n<meta name=\"twitter:label1\" content=\"Est. reading time\" \/>\n\t<meta name=\"twitter:data1\" content=\"5 minutes\" \/>\n<script type=\"application\/ld+json\" class=\"yoast-schema-graph\">{\"@context\":\"https:\\\/\\\/schema.org\",\"@graph\":[{\"@type\":\"WebPage\",\"@id\":\"https:\\\/\\\/www.predsjednik.hr\\\/en\\\/news\\\/president-milanovic-at-madrid-summit-finlands-and-swedens-membership-in-nato-now-in-the-hands-of-the-croatian-parliament\\\/\",\"url\":\"https:\\\/\\\/www.predsjednik.hr\\\/en\\\/news\\\/president-milanovic-at-madrid-summit-finlands-and-swedens-membership-in-nato-now-in-the-hands-of-the-croatian-parliament\\\/\",\"name\":\"President Milanovi\u0107 at Madrid Summit: Finland\u2019s and Sweden\u2019s Membership in NATO now in the Hands of the Croatian Parliament - President of the Republic of Croatia - Zoran Milanovi\u0107\",\"isPartOf\":{\"@id\":\"https:\\\/\\\/www.predsjednik.hr\\\/en\\\/#website\"},\"primaryImageOfPage\":{\"@id\":\"https:\\\/\\\/www.predsjednik.hr\\\/en\\\/news\\\/president-milanovic-at-madrid-summit-finlands-and-swedens-membership-in-nato-now-in-the-hands-of-the-croatian-parliament\\\/#primaryimage\"},\"image\":{\"@id\":\"https:\\\/\\\/www.predsjednik.hr\\\/en\\\/news\\\/president-milanovic-at-madrid-summit-finlands-and-swedens-membership-in-nato-now-in-the-hands-of-the-croatian-parliament\\\/#primaryimage\"},\"thumbnailUrl\":\"https:\\\/\\\/www.predsjednik.hr\\\/wp-content\\\/uploads\\\/2022\\\/06\\\/DSC_5164.jpg\",\"datePublished\":\"2022-06-29T15:34:00+00:00\",\"dateModified\":\"2022-06-30T08:37:29+00:00\",\"breadcrumb\":{\"@id\":\"https:\\\/\\\/www.predsjednik.hr\\\/en\\\/news\\\/president-milanovic-at-madrid-summit-finlands-and-swedens-membership-in-nato-now-in-the-hands-of-the-croatian-parliament\\\/#breadcrumb\"},\"inLanguage\":\"en-US\",\"potentialAction\":[{\"@type\":\"ReadAction\",\"target\":[\"https:\\\/\\\/www.predsjednik.hr\\\/en\\\/news\\\/president-milanovic-at-madrid-summit-finlands-and-swedens-membership-in-nato-now-in-the-hands-of-the-croatian-parliament\\\/\"]}]},{\"@type\":\"ImageObject\",\"inLanguage\":\"en-US\",\"@id\":\"https:\\\/\\\/www.predsjednik.hr\\\/en\\\/news\\\/president-milanovic-at-madrid-summit-finlands-and-swedens-membership-in-nato-now-in-the-hands-of-the-croatian-parliament\\\/#primaryimage\",\"url\":\"https:\\\/\\\/www.predsjednik.hr\\\/wp-content\\\/uploads\\\/2022\\\/06\\\/DSC_5164.jpg\",\"contentUrl\":\"https:\\\/\\\/www.predsjednik.hr\\\/wp-content\\\/uploads\\\/2022\\\/06\\\/DSC_5164.jpg\",\"width\":5962,\"height\":3354,\"caption\":\"President Milanovi\u0107 at Madrid Summit: Finland\u2019s and Sweden\u2019s Membership in NATO now in the Hands of the Croatian Parliament\"},{\"@type\":\"BreadcrumbList\",\"@id\":\"https:\\\/\\\/www.predsjednik.hr\\\/en\\\/news\\\/president-milanovic-at-madrid-summit-finlands-and-swedens-membership-in-nato-now-in-the-hands-of-the-croatian-parliament\\\/#breadcrumb\",\"itemListElement\":[{\"@type\":\"ListItem\",\"position\":1,\"name\":\"Home\",\"item\":\"https:\\\/\\\/www.predsjednik.hr\\\/en\\\/\"},{\"@type\":\"ListItem\",\"position\":2,\"name\":\"Vijesti\",\"item\":\"https:\\\/\\\/www.predsjednik.hr\\\/en\\\/news\\\/\"},{\"@type\":\"ListItem\",\"position\":3,\"name\":\"President Milanovi\u0107 at Madrid Summit: Finland\u2019s and Sweden\u2019s Membership in NATO now in the Hands of the Croatian Parliament\"}]},{\"@type\":\"WebSite\",\"@id\":\"https:\\\/\\\/www.predsjednik.hr\\\/en\\\/#website\",\"url\":\"https:\\\/\\\/www.predsjednik.hr\\\/en\\\/\",\"name\":\"President of the Republic of Croatia - Zoran Milanovi\u0107\",\"description\":\"Just another WordPress site\",\"potentialAction\":[{\"@type\":\"SearchAction\",\"target\":{\"@type\":\"EntryPoint\",\"urlTemplate\":\"https:\\\/\\\/www.predsjednik.hr\\\/en\\\/?s={search_term_string}\"},\"query-input\":{\"@type\":\"PropertyValueSpecification\",\"valueRequired\":true,\"valueName\":\"search_term_string\"}}],\"inLanguage\":\"en-US\"}]}<\/script>\n<!-- \/ Yoast SEO plugin. -->","yoast_head_json":{"title":"President Milanovi\u0107 at Madrid Summit: Finland\u2019s and Sweden\u2019s Membership in NATO now in the Hands of the Croatian Parliament - President of the Republic of Croatia - Zoran Milanovi\u0107","robots":{"index":"index","follow":"follow","max-snippet":"max-snippet:-1","max-image-preview":"max-image-preview:large","max-video-preview":"max-video-preview:-1"},"canonical":"https:\/\/www.predsjednik.hr\/en\/news\/president-milanovic-at-madrid-summit-finlands-and-swedens-membership-in-nato-now-in-the-hands-of-the-croatian-parliament\/","og_locale":"en_US","og_type":"article","og_title":"President Milanovi\u0107 at Madrid Summit: Finland\u2019s and Sweden\u2019s Membership in NATO now in the Hands of the Croatian Parliament - President of the Republic of Croatia - Zoran Milanovi\u0107","og_description":"\u201cFinland and Sweden received an invitation, we\u2019ll see what the future holds, one supposes that everything will be fine, but one never knows\u201d, the President of the Republic Milanovi\u0107 stated today in Madrid after participating in the meeting of heads of state and government of NATO members which included the two mentioned states\u2019 applicatIon for membership in NATO.","og_url":"https:\/\/www.predsjednik.hr\/en\/news\/president-milanovic-at-madrid-summit-finlands-and-swedens-membership-in-nato-now-in-the-hands-of-the-croatian-parliament\/","og_site_name":"President of the Republic of Croatia - Zoran Milanovi\u0107","article_modified_time":"2022-06-30T08:37:29+00:00","og_image":[{"width":5962,"height":3354,"url":"https:\/\/www.predsjednik.hr\/wp-content\/uploads\/2022\/06\/DSC_5164.jpg","type":"image\/jpeg"}],"twitter_card":"summary_large_image","twitter_misc":{"Est. reading time":"5 minutes"},"schema":{"@context":"https:\/\/schema.org","@graph":[{"@type":"WebPage","@id":"https:\/\/www.predsjednik.hr\/en\/news\/president-milanovic-at-madrid-summit-finlands-and-swedens-membership-in-nato-now-in-the-hands-of-the-croatian-parliament\/","url":"https:\/\/www.predsjednik.hr\/en\/news\/president-milanovic-at-madrid-summit-finlands-and-swedens-membership-in-nato-now-in-the-hands-of-the-croatian-parliament\/","name":"President Milanovi\u0107 at Madrid Summit: Finland\u2019s and Sweden\u2019s Membership in NATO now in the Hands of the Croatian Parliament - President of the Republic of Croatia - Zoran Milanovi\u0107","isPartOf":{"@id":"https:\/\/www.predsjednik.hr\/en\/#website"},"primaryImageOfPage":{"@id":"https:\/\/www.predsjednik.hr\/en\/news\/president-milanovic-at-madrid-summit-finlands-and-swedens-membership-in-nato-now-in-the-hands-of-the-croatian-parliament\/#primaryimage"},"image":{"@id":"https:\/\/www.predsjednik.hr\/en\/news\/president-milanovic-at-madrid-summit-finlands-and-swedens-membership-in-nato-now-in-the-hands-of-the-croatian-parliament\/#primaryimage"},"thumbnailUrl":"https:\/\/www.predsjednik.hr\/wp-content\/uploads\/2022\/06\/DSC_5164.jpg","datePublished":"2022-06-29T15:34:00+00:00","dateModified":"2022-06-30T08:37:29+00:00","breadcrumb":{"@id":"https:\/\/www.predsjednik.hr\/en\/news\/president-milanovic-at-madrid-summit-finlands-and-swedens-membership-in-nato-now-in-the-hands-of-the-croatian-parliament\/#breadcrumb"},"inLanguage":"en-US","potentialAction":[{"@type":"ReadAction","target":["https:\/\/www.predsjednik.hr\/en\/news\/president-milanovic-at-madrid-summit-finlands-and-swedens-membership-in-nato-now-in-the-hands-of-the-croatian-parliament\/"]}]},{"@type":"ImageObject","inLanguage":"en-US","@id":"https:\/\/www.predsjednik.hr\/en\/news\/president-milanovic-at-madrid-summit-finlands-and-swedens-membership-in-nato-now-in-the-hands-of-the-croatian-parliament\/#primaryimage","url":"https:\/\/www.predsjednik.hr\/wp-content\/uploads\/2022\/06\/DSC_5164.jpg","contentUrl":"https:\/\/www.predsjednik.hr\/wp-content\/uploads\/2022\/06\/DSC_5164.jpg","width":5962,"height":3354,"caption":"President Milanovi\u0107 at Madrid Summit: Finland\u2019s and Sweden\u2019s Membership in NATO now in the Hands of the Croatian Parliament"},{"@type":"BreadcrumbList","@id":"https:\/\/www.predsjednik.hr\/en\/news\/president-milanovic-at-madrid-summit-finlands-and-swedens-membership-in-nato-now-in-the-hands-of-the-croatian-parliament\/#breadcrumb","itemListElement":[{"@type":"ListItem","position":1,"name":"Home","item":"https:\/\/www.predsjednik.hr\/en\/"},{"@type":"ListItem","position":2,"name":"Vijesti","item":"https:\/\/www.predsjednik.hr\/en\/news\/"},{"@type":"ListItem","position":3,"name":"President Milanovi\u0107 at Madrid Summit: Finland\u2019s and Sweden\u2019s Membership in NATO now in the Hands of the Croatian Parliament"}]},{"@type":"WebSite","@id":"https:\/\/www.predsjednik.hr\/en\/#website","url":"https:\/\/www.predsjednik.hr\/en\/","name":"President of the Republic of Croatia - Zoran Milanovi\u0107","description":"Just another WordPress site","potentialAction":[{"@type":"SearchAction","target":{"@type":"EntryPoint","urlTemplate":"https:\/\/www.predsjednik.hr\/en\/?s={search_term_string}"},"query-input":{"@type":"PropertyValueSpecification","valueRequired":true,"valueName":"search_term_string"}}],"inLanguage":"en-US"}]}},"_links":{"self":[{"href":"https:\/\/www.predsjednik.hr\/en\/wp-json\/wp\/v2\/news\/18092","targetHints":{"allow":["GET"]}}],"collection":[{"href":"https:\/\/www.predsjednik.hr\/en\/wp-json\/wp\/v2\/news"}],"about":[{"href":"https:\/\/www.predsjednik.hr\/en\/wp-json\/wp\/v2\/types\/news"}],"wp:featuredmedia":[{"embeddable":true,"href":"https:\/\/www.predsjednik.hr\/en\/wp-json\/wp\/v2\/media\/18076"}],"wp:attachment":[{"href":"https:\/\/www.predsjednik.hr\/en\/wp-json\/wp\/v2\/media?parent=18092"}],"wp:term":[{"taxonomy":"news-cat","embeddable":true,"href":"https:\/\/www.predsjednik.hr\/en\/wp-json\/wp\/v2\/news-cat?post=18092"}],"curies":[{"name":"wp","href":"https:\/\/api.w.org\/{rel}","templated":true}]}}