{"id":18120,"date":"2022-07-01T11:53:07","date_gmt":"2022-07-01T09:53:07","guid":{"rendered":"https:\/\/www.predsjednik.hr\/?post_type=news&#038;p=18120"},"modified":"2022-07-01T11:53:08","modified_gmt":"2022-07-01T09:53:08","slug":"first-lady-sanja-music-milanovic-in-the-company-of-queen-letizia-of-spain-and-spouses-of-nato-heads-of-state-and-government-in-madrid","status":"publish","type":"news","link":"https:\/\/www.predsjednik.hr\/en\/news\/first-lady-sanja-music-milanovic-in-the-company-of-queen-letizia-of-spain-and-spouses-of-nato-heads-of-state-and-government-in-madrid\/","title":{"rendered":"First Lady Sanja Musi\u0107 Milanovi\u0107 in the Company of Queen Letizia of Spain and Spouses of NATO Heads of State and Government in Madrid"},"content":{"rendered":"\n<p>The wife of the President of the Republic of Croatia Zoran Milanovi\u0107, Mrs. Sanja Musi\u0107 Milanovi\u0107, attended a number of activities including a visit to the Madrid theatre \u201cTeatrol Real\u201d in the company of Her Majesty Queen Letizia of Spain and the first ladies and first gentlemen, spouses of heads of state and government attending the NATO Summit, which was held in Madrid, Spain, from 28 to 30 June 1922.<\/p>\n\n\n\n<p>In addition to watching a performance of the famous style of dancing flamenco and a rehearsal of a part of the \u201cNabucco\u201d opera, Mrs. Sanja Musi\u0107 Milanovi\u0107 was acquainted with the invaluable work of costume design and tailoring efforts underlying the impressive performances. It should be noted that during the two-day visit, the First Lady was very active in making contacts and establishing mutual trust in her many informal encounters and conversations with the other first ladies and first gentlemen in attendance.<\/p>\n\n\n\n<p>Mrs. Sanja Musi\u0107 Milanovi\u0107 also accompanied the President of the Republic of Croatia at a gala dinner on the first day of the NATO Summit hosted by His Majesty King Felipe VI and Her Majesty Queen Letizia in the Royal Palace, and on the second day at a dinner in the Prado Museum hosted by the Prime Minister of Spain Summit Pedro S\u00e1nchez P\u00e9rez-Castej\u00f3n and his wife Mar\u00eda Bego\u0148a G\u00f3mez Fern\u00e1ndez for all the heads of state and government participating in the NATO Summit.<\/p>\n\n\n<!--GALLERY BLOCK-->\n<div class=\"c-lightbox-gallery js-lightbox\">\n                <!--single-->\n            <a data-no-swup class=\"c-lightbox-gallery__single js-lightbox-single\"\n               href=\"https:\/\/www.predsjednik.hr\/wp-content\/uploads\/2022\/07\/1.jpg\"\n               style=\"background-image: url('https:\/\/www.predsjednik.hr\/wp-content\/uploads\/2022\/07\/1-768x512.jpg')\"><\/a>\n            <!--end single-->\n                    <!--single-->\n            <a data-no-swup class=\"c-lightbox-gallery__single js-lightbox-single\"\n               href=\"https:\/\/www.predsjednik.hr\/wp-content\/uploads\/2022\/07\/2.jpg\"\n               style=\"background-image: url('https:\/\/www.predsjednik.hr\/wp-content\/uploads\/2022\/07\/2-768x432.jpg')\"><\/a>\n            <!--end single-->\n                    <!--single-->\n            <a data-no-swup class=\"c-lightbox-gallery__single js-lightbox-single\"\n               href=\"https:\/\/www.predsjednik.hr\/wp-content\/uploads\/2022\/07\/3.jpg\"\n               style=\"background-image: url('https:\/\/www.predsjednik.hr\/wp-content\/uploads\/2022\/07\/3-768x576.jpg')\"><\/a>\n            <!--end single-->\n        <\/div>\n<!--end GALLERY BLOCK-->\n\n\n\n<p>PHOTO: Office of the President of the Republic of Croatia \/ Marko Beljan , Casa de S.M. el Rey<\/p>\n","protected":false},"excerpt":{"rendered":"<p>The wife of the President of the Republic of Croatia Zoran Milanovi\u0107, Mrs. Sanja Musi\u0107 Milanovi\u0107, attended a number of activities including a visit to the Madrid theatre \u201cTeatrol Real\u201d in the company of Her Majesty Queen Letizia of Spain and the first ladies and first gentlemen, spouses of heads of state and government attending the NATO Summit, which was held in Madrid, Spain, from 28 to 30 June 1922.<\/p>\n","protected":false},"featured_media":18117,"template":"","news-cat":[12],"class_list":["post-18120","news","type-news","status-publish","has-post-thumbnail","hentry","news-cat-news"],"acf":[],"yoast_head":"<!-- This site is optimized with the Yoast SEO plugin v27.4 - https:\/\/yoast.com\/product\/yoast-seo-wordpress\/ -->\n<title>First Lady Sanja Musi\u0107 Milanovi\u0107 in the Company of Queen Letizia of Spain and Spouses of NATO Heads of State and Government in Madrid - President of the Republic of Croatia - Zoran Milanovi\u0107<\/title>\n<meta name=\"robots\" content=\"index, follow, max-snippet:-1, max-image-preview:large, max-video-preview:-1\" \/>\n<link rel=\"canonical\" href=\"https:\/\/www.predsjednik.hr\/en\/news\/first-lady-sanja-music-milanovic-in-the-company-of-queen-letizia-of-spain-and-spouses-of-nato-heads-of-state-and-government-in-madrid\/\" \/>\n<meta property=\"og:locale\" content=\"en_US\" \/>\n<meta property=\"og:type\" content=\"article\" \/>\n<meta property=\"og:title\" content=\"First Lady Sanja Musi\u0107 Milanovi\u0107 in the Company of Queen Letizia of Spain and Spouses of NATO Heads of State and Government in Madrid - President of the Republic of Croatia - Zoran Milanovi\u0107\" \/>\n<meta property=\"og:description\" content=\"The wife of the President of the Republic of Croatia Zoran Milanovi\u0107, Mrs. Sanja Musi\u0107 Milanovi\u0107, attended a number of activities including a visit to the Madrid theatre \u201cTeatrol Real\u201d in the company of Her Majesty Queen Letizia of Spain and the first ladies and first gentlemen, spouses of heads of state and government attending the NATO Summit, which was held in Madrid, Spain, from 28 to 30 June 1922.\" \/>\n<meta property=\"og:url\" content=\"https:\/\/www.predsjednik.hr\/en\/news\/first-lady-sanja-music-milanovic-in-the-company-of-queen-letizia-of-spain-and-spouses-of-nato-heads-of-state-and-government-in-madrid\/\" \/>\n<meta property=\"og:site_name\" content=\"President of the Republic of Croatia - Zoran Milanovi\u0107\" \/>\n<meta property=\"article:modified_time\" content=\"2022-07-01T09:53:08+00:00\" \/>\n<meta property=\"og:image\" content=\"https:\/\/www.predsjednik.hr\/wp-content\/uploads\/2022\/07\/3.jpg\" \/>\n\t<meta property=\"og:image:width\" content=\"1024\" \/>\n\t<meta property=\"og:image:height\" content=\"768\" \/>\n\t<meta property=\"og:image:type\" content=\"image\/jpeg\" \/>\n<meta name=\"twitter:card\" content=\"summary_large_image\" \/>\n<meta name=\"twitter:label1\" content=\"Est. reading time\" \/>\n\t<meta name=\"twitter:data1\" content=\"2 minutes\" \/>\n<script type=\"application\/ld+json\" class=\"yoast-schema-graph\">{\"@context\":\"https:\\\/\\\/schema.org\",\"@graph\":[{\"@type\":\"WebPage\",\"@id\":\"https:\\\/\\\/www.predsjednik.hr\\\/en\\\/news\\\/first-lady-sanja-music-milanovic-in-the-company-of-queen-letizia-of-spain-and-spouses-of-nato-heads-of-state-and-government-in-madrid\\\/\",\"url\":\"https:\\\/\\\/www.predsjednik.hr\\\/en\\\/news\\\/first-lady-sanja-music-milanovic-in-the-company-of-queen-letizia-of-spain-and-spouses-of-nato-heads-of-state-and-government-in-madrid\\\/\",\"name\":\"First Lady Sanja Musi\u0107 Milanovi\u0107 in the Company of Queen Letizia of Spain and Spouses of NATO Heads of State and Government in Madrid - President of the Republic of Croatia - Zoran Milanovi\u0107\",\"isPartOf\":{\"@id\":\"https:\\\/\\\/www.predsjednik.hr\\\/en\\\/#website\"},\"primaryImageOfPage\":{\"@id\":\"https:\\\/\\\/www.predsjednik.hr\\\/en\\\/news\\\/first-lady-sanja-music-milanovic-in-the-company-of-queen-letizia-of-spain-and-spouses-of-nato-heads-of-state-and-government-in-madrid\\\/#primaryimage\"},\"image\":{\"@id\":\"https:\\\/\\\/www.predsjednik.hr\\\/en\\\/news\\\/first-lady-sanja-music-milanovic-in-the-company-of-queen-letizia-of-spain-and-spouses-of-nato-heads-of-state-and-government-in-madrid\\\/#primaryimage\"},\"thumbnailUrl\":\"https:\\\/\\\/www.predsjednik.hr\\\/wp-content\\\/uploads\\\/2022\\\/07\\\/3.jpg\",\"datePublished\":\"2022-07-01T09:53:07+00:00\",\"dateModified\":\"2022-07-01T09:53:08+00:00\",\"breadcrumb\":{\"@id\":\"https:\\\/\\\/www.predsjednik.hr\\\/en\\\/news\\\/first-lady-sanja-music-milanovic-in-the-company-of-queen-letizia-of-spain-and-spouses-of-nato-heads-of-state-and-government-in-madrid\\\/#breadcrumb\"},\"inLanguage\":\"en-US\",\"potentialAction\":[{\"@type\":\"ReadAction\",\"target\":[\"https:\\\/\\\/www.predsjednik.hr\\\/en\\\/news\\\/first-lady-sanja-music-milanovic-in-the-company-of-queen-letizia-of-spain-and-spouses-of-nato-heads-of-state-and-government-in-madrid\\\/\"]}]},{\"@type\":\"ImageObject\",\"inLanguage\":\"en-US\",\"@id\":\"https:\\\/\\\/www.predsjednik.hr\\\/en\\\/news\\\/first-lady-sanja-music-milanovic-in-the-company-of-queen-letizia-of-spain-and-spouses-of-nato-heads-of-state-and-government-in-madrid\\\/#primaryimage\",\"url\":\"https:\\\/\\\/www.predsjednik.hr\\\/wp-content\\\/uploads\\\/2022\\\/07\\\/3.jpg\",\"contentUrl\":\"https:\\\/\\\/www.predsjednik.hr\\\/wp-content\\\/uploads\\\/2022\\\/07\\\/3.jpg\",\"width\":1024,\"height\":768,\"caption\":\"First Lady Sanja Musi\u0107 Milanovi\u0107 in the Company of Queen Letizia of Spain and Spouses of NATO Heads of State and Government in Madrid\"},{\"@type\":\"BreadcrumbList\",\"@id\":\"https:\\\/\\\/www.predsjednik.hr\\\/en\\\/news\\\/first-lady-sanja-music-milanovic-in-the-company-of-queen-letizia-of-spain-and-spouses-of-nato-heads-of-state-and-government-in-madrid\\\/#breadcrumb\",\"itemListElement\":[{\"@type\":\"ListItem\",\"position\":1,\"name\":\"Home\",\"item\":\"https:\\\/\\\/www.predsjednik.hr\\\/en\\\/\"},{\"@type\":\"ListItem\",\"position\":2,\"name\":\"Vijesti\",\"item\":\"https:\\\/\\\/www.predsjednik.hr\\\/en\\\/news\\\/\"},{\"@type\":\"ListItem\",\"position\":3,\"name\":\"First Lady Sanja Musi\u0107 Milanovi\u0107 in the Company of Queen Letizia of Spain and Spouses of NATO Heads of State and Government in Madrid\"}]},{\"@type\":\"WebSite\",\"@id\":\"https:\\\/\\\/www.predsjednik.hr\\\/en\\\/#website\",\"url\":\"https:\\\/\\\/www.predsjednik.hr\\\/en\\\/\",\"name\":\"President of the Republic of Croatia - Zoran Milanovi\u0107\",\"description\":\"Just another WordPress site\",\"potentialAction\":[{\"@type\":\"SearchAction\",\"target\":{\"@type\":\"EntryPoint\",\"urlTemplate\":\"https:\\\/\\\/www.predsjednik.hr\\\/en\\\/?s={search_term_string}\"},\"query-input\":{\"@type\":\"PropertyValueSpecification\",\"valueRequired\":true,\"valueName\":\"search_term_string\"}}],\"inLanguage\":\"en-US\"}]}<\/script>\n<!-- \/ Yoast SEO plugin. -->","yoast_head_json":{"title":"First Lady Sanja Musi\u0107 Milanovi\u0107 in the Company of Queen Letizia of Spain and Spouses of NATO Heads of State and Government in Madrid - President of the Republic of Croatia - Zoran Milanovi\u0107","robots":{"index":"index","follow":"follow","max-snippet":"max-snippet:-1","max-image-preview":"max-image-preview:large","max-video-preview":"max-video-preview:-1"},"canonical":"https:\/\/www.predsjednik.hr\/en\/news\/first-lady-sanja-music-milanovic-in-the-company-of-queen-letizia-of-spain-and-spouses-of-nato-heads-of-state-and-government-in-madrid\/","og_locale":"en_US","og_type":"article","og_title":"First Lady Sanja Musi\u0107 Milanovi\u0107 in the Company of Queen Letizia of Spain and Spouses of NATO Heads of State and Government in Madrid - President of the Republic of Croatia - Zoran Milanovi\u0107","og_description":"The wife of the President of the Republic of Croatia Zoran Milanovi\u0107, Mrs. Sanja Musi\u0107 Milanovi\u0107, attended a number of activities including a visit to the Madrid theatre \u201cTeatrol Real\u201d in the company of Her Majesty Queen Letizia of Spain and the first ladies and first gentlemen, spouses of heads of state and government attending the NATO Summit, which was held in Madrid, Spain, from 28 to 30 June 1922.","og_url":"https:\/\/www.predsjednik.hr\/en\/news\/first-lady-sanja-music-milanovic-in-the-company-of-queen-letizia-of-spain-and-spouses-of-nato-heads-of-state-and-government-in-madrid\/","og_site_name":"President of the Republic of Croatia - Zoran Milanovi\u0107","article_modified_time":"2022-07-01T09:53:08+00:00","og_image":[{"width":1024,"height":768,"url":"https:\/\/www.predsjednik.hr\/wp-content\/uploads\/2022\/07\/3.jpg","type":"image\/jpeg"}],"twitter_card":"summary_large_image","twitter_misc":{"Est. reading time":"2 minutes"},"schema":{"@context":"https:\/\/schema.org","@graph":[{"@type":"WebPage","@id":"https:\/\/www.predsjednik.hr\/en\/news\/first-lady-sanja-music-milanovic-in-the-company-of-queen-letizia-of-spain-and-spouses-of-nato-heads-of-state-and-government-in-madrid\/","url":"https:\/\/www.predsjednik.hr\/en\/news\/first-lady-sanja-music-milanovic-in-the-company-of-queen-letizia-of-spain-and-spouses-of-nato-heads-of-state-and-government-in-madrid\/","name":"First Lady Sanja Musi\u0107 Milanovi\u0107 in the Company of Queen Letizia of Spain and Spouses of NATO Heads of State and Government in Madrid - President of the Republic of Croatia - Zoran Milanovi\u0107","isPartOf":{"@id":"https:\/\/www.predsjednik.hr\/en\/#website"},"primaryImageOfPage":{"@id":"https:\/\/www.predsjednik.hr\/en\/news\/first-lady-sanja-music-milanovic-in-the-company-of-queen-letizia-of-spain-and-spouses-of-nato-heads-of-state-and-government-in-madrid\/#primaryimage"},"image":{"@id":"https:\/\/www.predsjednik.hr\/en\/news\/first-lady-sanja-music-milanovic-in-the-company-of-queen-letizia-of-spain-and-spouses-of-nato-heads-of-state-and-government-in-madrid\/#primaryimage"},"thumbnailUrl":"https:\/\/www.predsjednik.hr\/wp-content\/uploads\/2022\/07\/3.jpg","datePublished":"2022-07-01T09:53:07+00:00","dateModified":"2022-07-01T09:53:08+00:00","breadcrumb":{"@id":"https:\/\/www.predsjednik.hr\/en\/news\/first-lady-sanja-music-milanovic-in-the-company-of-queen-letizia-of-spain-and-spouses-of-nato-heads-of-state-and-government-in-madrid\/#breadcrumb"},"inLanguage":"en-US","potentialAction":[{"@type":"ReadAction","target":["https:\/\/www.predsjednik.hr\/en\/news\/first-lady-sanja-music-milanovic-in-the-company-of-queen-letizia-of-spain-and-spouses-of-nato-heads-of-state-and-government-in-madrid\/"]}]},{"@type":"ImageObject","inLanguage":"en-US","@id":"https:\/\/www.predsjednik.hr\/en\/news\/first-lady-sanja-music-milanovic-in-the-company-of-queen-letizia-of-spain-and-spouses-of-nato-heads-of-state-and-government-in-madrid\/#primaryimage","url":"https:\/\/www.predsjednik.hr\/wp-content\/uploads\/2022\/07\/3.jpg","contentUrl":"https:\/\/www.predsjednik.hr\/wp-content\/uploads\/2022\/07\/3.jpg","width":1024,"height":768,"caption":"First Lady Sanja Musi\u0107 Milanovi\u0107 in the Company of Queen Letizia of Spain and Spouses of NATO Heads of State and Government in Madrid"},{"@type":"BreadcrumbList","@id":"https:\/\/www.predsjednik.hr\/en\/news\/first-lady-sanja-music-milanovic-in-the-company-of-queen-letizia-of-spain-and-spouses-of-nato-heads-of-state-and-government-in-madrid\/#breadcrumb","itemListElement":[{"@type":"ListItem","position":1,"name":"Home","item":"https:\/\/www.predsjednik.hr\/en\/"},{"@type":"ListItem","position":2,"name":"Vijesti","item":"https:\/\/www.predsjednik.hr\/en\/news\/"},{"@type":"ListItem","position":3,"name":"First Lady Sanja Musi\u0107 Milanovi\u0107 in the Company of Queen Letizia of Spain and Spouses of NATO Heads of State and Government in Madrid"}]},{"@type":"WebSite","@id":"https:\/\/www.predsjednik.hr\/en\/#website","url":"https:\/\/www.predsjednik.hr\/en\/","name":"President of the Republic of Croatia - Zoran Milanovi\u0107","description":"Just another WordPress site","potentialAction":[{"@type":"SearchAction","target":{"@type":"EntryPoint","urlTemplate":"https:\/\/www.predsjednik.hr\/en\/?s={search_term_string}"},"query-input":{"@type":"PropertyValueSpecification","valueRequired":true,"valueName":"search_term_string"}}],"inLanguage":"en-US"}]}},"_links":{"self":[{"href":"https:\/\/www.predsjednik.hr\/en\/wp-json\/wp\/v2\/news\/18120","targetHints":{"allow":["GET"]}}],"collection":[{"href":"https:\/\/www.predsjednik.hr\/en\/wp-json\/wp\/v2\/news"}],"about":[{"href":"https:\/\/www.predsjednik.hr\/en\/wp-json\/wp\/v2\/types\/news"}],"wp:featuredmedia":[{"embeddable":true,"href":"https:\/\/www.predsjednik.hr\/en\/wp-json\/wp\/v2\/media\/18117"}],"wp:attachment":[{"href":"https:\/\/www.predsjednik.hr\/en\/wp-json\/wp\/v2\/media?parent=18120"}],"wp:term":[{"taxonomy":"news-cat","embeddable":true,"href":"https:\/\/www.predsjednik.hr\/en\/wp-json\/wp\/v2\/news-cat?post=18120"}],"curies":[{"name":"wp","href":"https:\/\/api.w.org\/{rel}","templated":true}]}}