{"id":18133,"date":"2022-07-01T17:13:00","date_gmt":"2022-07-01T15:13:00","guid":{"rendered":"https:\/\/www.predsjednik.hr\/?post_type=news&#038;p=18133"},"modified":"2022-07-04T09:15:42","modified_gmt":"2022-07-04T07:15:42","slug":"president-milanovic-at-croatian-chamber-of-trades-and-crafts-day-ceremony-inflation-and-labour-shortage-are-main-challenges-for-tradespeople","status":"publish","type":"news","link":"https:\/\/www.predsjednik.hr\/en\/news\/president-milanovic-at-croatian-chamber-of-trades-and-crafts-day-ceremony-inflation-and-labour-shortage-are-main-challenges-for-tradespeople\/","title":{"rendered":"President Milanovi\u0107 at Croatian Chamber of Trades and Crafts Day Ceremony: Inflation and labour shortage are main challenges for tradespeople"},"content":{"rendered":"\n<p>The President of the Republic Zoran Milanovi\u0107 attended today a formal session held on the occasion of Croatian Chamber of Trades and Crafts Day. He told the gathering that together with the Croatian Chamber of Trades and Crafts we faced a number of challenges during 28 years. In this context he underlined the lack of workers, vocational education and plus this year \u2013 inflation.<\/p>\n\n\n\n<p>President Milanovi\u0107 stated that the Croatian Chamber of Trades and Crafts has a positive role in Croatian society; it is indispensable because it presents an example of how interest groups in Croatia should operate. Furthermore, he said that one of the key reasons for our weaker economic results in the past thirty years is that politics is present in every sphere of life.<\/p>\n\n\n\n<p>\u201cChanges are the key term describing our past 30 years. Some of these changes hadn\u2019t been planned. They weren\u2019t even welcome. Some were by accident, some were a result of global economic trends and circumstances not inclined to us. But most of the changes are a result of our decisions and domestic public policies. We expect them even now\u201d, President Milanovi\u0107 stated, calling upon those who will make the decisions to avoid reflexive interventionism and to take energy transition into account. \u201cI\u2019m referring to policies on fuel prices in Croatia. I\u2019m thinking of energy transition and the cost of electric energy as the most important energy source in trades and in the entire business community. It is the energy source that is the future of energy transition. Despite the present moment, petroleum products are not\u201d, he added.<\/p>\n\n\n\n<p>President Milanovi\u0107 said that in the present circumstances tradespeople and craftspeople, small and medium enterprises are exposed to the greatest risk stressing that it\u2019s not fair to expect tradespeople to bear the brunt of the price increases of energy sources and the forthcoming energy and technological (digital) transition, which isn\u2019t the case in other EU countries. \u201cAs long as energy and digital transition is a precondition for the survival of trades and crafts, small and medium enterprises in a competitive environment, the duty of the state is to take an active role. In that process a delaying strategy cannot be an optimum choice as was the case in the past\u201d, he added.<\/p>\n\n\n\n<p>Noting that economic growth and employment growth is unimaginable without tradespeople, small and medium enterprises, President Milanovi\u0107 said that the business demography of craftsmanship in the past 10 years confirms their resilience to challenges. \u201cIn order to keep the positive trends, it is necessary to pay attention to the shortage of labour and vocational education in addition to inflation. All of this has to be coordinated with the goal of implementing the Croatian economy\u2019s energy and digital transition\u201d, President Milanovi\u0107 remarked. He added that in the process he sees room for a smart immigration policy that would help fill the deficit occupations, accelerate the reconstruction of Zagreb and Banija and contribute to the integration of new residents of the Republic of Croatia into Croatian society with the due attention and an active role of all levels of government.<\/p>\n\n\n\n<p>Referring to the stigmatization of vocational education in Croatia, President Milanovi\u0107 said that a quality and well-paid job isn\u2019t everything, but is a precondition for the quality of life of all of us. \u201cWhat remains to be done is to jointly and constructively adopt public policies aimed at developing a system that would support solutions for all three problems. Everything else is a poor economy. Everything else won\u2019t make Croatia a home for all of its people. They will continue to vote with their feet, and we will have the same problems, but with fewer good people ready to deal with them\u201d, he said.<\/p>\n\n\n\n<p>President Milanovi\u0107 noted that the development of diversified, sustainable, competitive innovative and green economies cannot succeed without tradespeople and craftspeople, and he finished by telling them to absorb money from European funds. \u201cOur responsibility for every euro from European funds in the Croatian economy and society is huge, and our goal and focus must be to achieve 100 percent. In every job, effort, national enthusiasm, energy, it is essential to clearly define things, and then motivate people to know where they\u2019re going. Our aspiration, our effort just begins to produce results and that\u2019s why European funds are both ours and yours. It\u2019s not money taken from Croatia that gave it in a negotiated arrangement and now is taking it back. Nearly ten years have passed and only can now we talk about a surplus, and you tradespeople and craftspeople very well know what that means\u201d, President Milanovi\u0107 said in concluding his address.<\/p>\n\n\n\n<p>On the occasion of Croatian Chamber of Trades and Crafts Day the most successful tradespeople and craftspeople were presented with the highest recognitions of the Croatian Chamber of Trades and Crafts \u2013 the \u201cGolden Hands\u201d statue and new master craftsmen were promoted. Also speaking at the ceremony in addition to President Milanovi\u0107 were the president of the Croatian Chamber of Trades and Crafts Dragutin Ranogajec, and the Minister of the Economy and Sustainable Development and envoy of the Prime Minister Davor Filipovi\u0107. Alongside President Milanovi\u0107 was the Special Adviser to the President for the Economy Velibor Ma\u010dki\u0107.<\/p>\n\n\n<!--GALLERY BLOCK-->\n<div class=\"c-lightbox-gallery js-lightbox\">\n                <!--single-->\n            <a data-no-swup class=\"c-lightbox-gallery__single js-lightbox-single\"\n               href=\"https:\/\/www.predsjednik.hr\/wp-content\/uploads\/2022\/07\/DSC_6169-1024x683.jpg\"\n               style=\"background-image: url('https:\/\/www.predsjednik.hr\/wp-content\/uploads\/2022\/07\/DSC_6169-768x512.jpg')\"><\/a>\n            <!--end single-->\n                    <!--single-->\n            <a data-no-swup class=\"c-lightbox-gallery__single js-lightbox-single\"\n               href=\"https:\/\/www.predsjednik.hr\/wp-content\/uploads\/2022\/07\/DSC_6183-1024x683.jpg\"\n               style=\"background-image: url('https:\/\/www.predsjednik.hr\/wp-content\/uploads\/2022\/07\/DSC_6183-768x512.jpg')\"><\/a>\n            <!--end single-->\n                    <!--single-->\n            <a data-no-swup class=\"c-lightbox-gallery__single js-lightbox-single\"\n               href=\"https:\/\/www.predsjednik.hr\/wp-content\/uploads\/2022\/07\/DSC_6203-1024x576.jpg\"\n               style=\"background-image: url('https:\/\/www.predsjednik.hr\/wp-content\/uploads\/2022\/07\/DSC_6203-768x432.jpg')\"><\/a>\n            <!--end single-->\n                    <!--single-->\n            <a data-no-swup class=\"c-lightbox-gallery__single js-lightbox-single\"\n               href=\"https:\/\/www.predsjednik.hr\/wp-content\/uploads\/2022\/07\/DSC_6258-1024x683.jpg\"\n               style=\"background-image: url('https:\/\/www.predsjednik.hr\/wp-content\/uploads\/2022\/07\/DSC_6258-768x512.jpg')\"><\/a>\n            <!--end single-->\n                    <!--single-->\n            <a data-no-swup class=\"c-lightbox-gallery__single js-lightbox-single\"\n               href=\"https:\/\/www.predsjednik.hr\/wp-content\/uploads\/2022\/07\/DSC_6321-1024x576.jpg\"\n               style=\"background-image: url('https:\/\/www.predsjednik.hr\/wp-content\/uploads\/2022\/07\/DSC_6321-768x432.jpg')\"><\/a>\n            <!--end single-->\n        <\/div>\n<!--end GALLERY BLOCK-->\n\n\n\n<p>PHOTO: Office of the President of the Republic of Croatia \/ Ana Marija Kati\u0107<\/p>\n","protected":false},"excerpt":{"rendered":"<p>The President of the Republic Zoran Milanovi\u0107 attended today a formal session held on the occasion of Croatian Chamber of Trades and Crafts Day. He told the gathering that together with the Croatian Chamber of Trades and Crafts we faced a number of challenges during 28 years. In this context he underlined the lack of workers, vocational education and plus this year \u2013 inflation.<\/p>\n","protected":false},"featured_media":18131,"template":"","news-cat":[12],"class_list":["post-18133","news","type-news","status-publish","has-post-thumbnail","hentry","news-cat-news"],"acf":[],"yoast_head":"<!-- This site is optimized with the Yoast SEO plugin v27.4 - https:\/\/yoast.com\/product\/yoast-seo-wordpress\/ -->\n<title>President Milanovi\u0107 at Croatian Chamber of Trades and Crafts Day Ceremony: Inflation and labour shortage are main challenges for tradespeople - President of the Republic of Croatia - Zoran Milanovi\u0107<\/title>\n<meta name=\"robots\" content=\"index, follow, max-snippet:-1, max-image-preview:large, max-video-preview:-1\" \/>\n<link rel=\"canonical\" href=\"https:\/\/www.predsjednik.hr\/en\/news\/president-milanovic-at-croatian-chamber-of-trades-and-crafts-day-ceremony-inflation-and-labour-shortage-are-main-challenges-for-tradespeople\/\" \/>\n<meta property=\"og:locale\" content=\"en_US\" \/>\n<meta property=\"og:type\" content=\"article\" \/>\n<meta property=\"og:title\" content=\"President Milanovi\u0107 at Croatian Chamber of Trades and Crafts Day Ceremony: Inflation and labour shortage are main challenges for tradespeople - President of the Republic of Croatia - Zoran Milanovi\u0107\" \/>\n<meta property=\"og:description\" content=\"The President of the Republic Zoran Milanovi\u0107 attended today a formal session held on the occasion of Croatian Chamber of Trades and Crafts Day. He told the gathering that together with the Croatian Chamber of Trades and Crafts we faced a number of challenges during 28 years. In this context he underlined the lack of workers, vocational education and plus this year \u2013 inflation.\" \/>\n<meta property=\"og:url\" content=\"https:\/\/www.predsjednik.hr\/en\/news\/president-milanovic-at-croatian-chamber-of-trades-and-crafts-day-ceremony-inflation-and-labour-shortage-are-main-challenges-for-tradespeople\/\" \/>\n<meta property=\"og:site_name\" content=\"President of the Republic of Croatia - Zoran Milanovi\u0107\" \/>\n<meta property=\"article:modified_time\" content=\"2022-07-04T07:15:42+00:00\" \/>\n<meta property=\"og:image\" content=\"https:\/\/www.predsjednik.hr\/wp-content\/uploads\/2022\/07\/DSC_6321.jpg\" \/>\n\t<meta property=\"og:image:width\" content=\"5823\" \/>\n\t<meta property=\"og:image:height\" content=\"3275\" \/>\n\t<meta property=\"og:image:type\" content=\"image\/jpeg\" \/>\n<meta name=\"twitter:card\" content=\"summary_large_image\" \/>\n<meta name=\"twitter:label1\" content=\"Est. reading time\" \/>\n\t<meta name=\"twitter:data1\" content=\"5 minutes\" \/>\n<script type=\"application\/ld+json\" class=\"yoast-schema-graph\">{\"@context\":\"https:\\\/\\\/schema.org\",\"@graph\":[{\"@type\":\"WebPage\",\"@id\":\"https:\\\/\\\/www.predsjednik.hr\\\/en\\\/news\\\/president-milanovic-at-croatian-chamber-of-trades-and-crafts-day-ceremony-inflation-and-labour-shortage-are-main-challenges-for-tradespeople\\\/\",\"url\":\"https:\\\/\\\/www.predsjednik.hr\\\/en\\\/news\\\/president-milanovic-at-croatian-chamber-of-trades-and-crafts-day-ceremony-inflation-and-labour-shortage-are-main-challenges-for-tradespeople\\\/\",\"name\":\"President Milanovi\u0107 at Croatian Chamber of Trades and Crafts Day Ceremony: Inflation and labour shortage are main challenges for tradespeople - President of the Republic of Croatia - Zoran Milanovi\u0107\",\"isPartOf\":{\"@id\":\"https:\\\/\\\/www.predsjednik.hr\\\/en\\\/#website\"},\"primaryImageOfPage\":{\"@id\":\"https:\\\/\\\/www.predsjednik.hr\\\/en\\\/news\\\/president-milanovic-at-croatian-chamber-of-trades-and-crafts-day-ceremony-inflation-and-labour-shortage-are-main-challenges-for-tradespeople\\\/#primaryimage\"},\"image\":{\"@id\":\"https:\\\/\\\/www.predsjednik.hr\\\/en\\\/news\\\/president-milanovic-at-croatian-chamber-of-trades-and-crafts-day-ceremony-inflation-and-labour-shortage-are-main-challenges-for-tradespeople\\\/#primaryimage\"},\"thumbnailUrl\":\"https:\\\/\\\/www.predsjednik.hr\\\/wp-content\\\/uploads\\\/2022\\\/07\\\/DSC_6321.jpg\",\"datePublished\":\"2022-07-01T15:13:00+00:00\",\"dateModified\":\"2022-07-04T07:15:42+00:00\",\"breadcrumb\":{\"@id\":\"https:\\\/\\\/www.predsjednik.hr\\\/en\\\/news\\\/president-milanovic-at-croatian-chamber-of-trades-and-crafts-day-ceremony-inflation-and-labour-shortage-are-main-challenges-for-tradespeople\\\/#breadcrumb\"},\"inLanguage\":\"en-US\",\"potentialAction\":[{\"@type\":\"ReadAction\",\"target\":[\"https:\\\/\\\/www.predsjednik.hr\\\/en\\\/news\\\/president-milanovic-at-croatian-chamber-of-trades-and-crafts-day-ceremony-inflation-and-labour-shortage-are-main-challenges-for-tradespeople\\\/\"]}]},{\"@type\":\"ImageObject\",\"inLanguage\":\"en-US\",\"@id\":\"https:\\\/\\\/www.predsjednik.hr\\\/en\\\/news\\\/president-milanovic-at-croatian-chamber-of-trades-and-crafts-day-ceremony-inflation-and-labour-shortage-are-main-challenges-for-tradespeople\\\/#primaryimage\",\"url\":\"https:\\\/\\\/www.predsjednik.hr\\\/wp-content\\\/uploads\\\/2022\\\/07\\\/DSC_6321.jpg\",\"contentUrl\":\"https:\\\/\\\/www.predsjednik.hr\\\/wp-content\\\/uploads\\\/2022\\\/07\\\/DSC_6321.jpg\",\"width\":5823,\"height\":3275,\"caption\":\"President Milanovi\u0107 at Croatian Chamber of Trades and Crafts Day Ceremony\"},{\"@type\":\"BreadcrumbList\",\"@id\":\"https:\\\/\\\/www.predsjednik.hr\\\/en\\\/news\\\/president-milanovic-at-croatian-chamber-of-trades-and-crafts-day-ceremony-inflation-and-labour-shortage-are-main-challenges-for-tradespeople\\\/#breadcrumb\",\"itemListElement\":[{\"@type\":\"ListItem\",\"position\":1,\"name\":\"Home\",\"item\":\"https:\\\/\\\/www.predsjednik.hr\\\/en\\\/\"},{\"@type\":\"ListItem\",\"position\":2,\"name\":\"Vijesti\",\"item\":\"https:\\\/\\\/www.predsjednik.hr\\\/en\\\/news\\\/\"},{\"@type\":\"ListItem\",\"position\":3,\"name\":\"President Milanovi\u0107 at Croatian Chamber of Trades and Crafts Day Ceremony: Inflation and labour shortage are main challenges for tradespeople\"}]},{\"@type\":\"WebSite\",\"@id\":\"https:\\\/\\\/www.predsjednik.hr\\\/en\\\/#website\",\"url\":\"https:\\\/\\\/www.predsjednik.hr\\\/en\\\/\",\"name\":\"President of the Republic of Croatia - Zoran Milanovi\u0107\",\"description\":\"Just another WordPress site\",\"potentialAction\":[{\"@type\":\"SearchAction\",\"target\":{\"@type\":\"EntryPoint\",\"urlTemplate\":\"https:\\\/\\\/www.predsjednik.hr\\\/en\\\/?s={search_term_string}\"},\"query-input\":{\"@type\":\"PropertyValueSpecification\",\"valueRequired\":true,\"valueName\":\"search_term_string\"}}],\"inLanguage\":\"en-US\"}]}<\/script>\n<!-- \/ Yoast SEO plugin. -->","yoast_head_json":{"title":"President Milanovi\u0107 at Croatian Chamber of Trades and Crafts Day Ceremony: Inflation and labour shortage are main challenges for tradespeople - President of the Republic of Croatia - Zoran Milanovi\u0107","robots":{"index":"index","follow":"follow","max-snippet":"max-snippet:-1","max-image-preview":"max-image-preview:large","max-video-preview":"max-video-preview:-1"},"canonical":"https:\/\/www.predsjednik.hr\/en\/news\/president-milanovic-at-croatian-chamber-of-trades-and-crafts-day-ceremony-inflation-and-labour-shortage-are-main-challenges-for-tradespeople\/","og_locale":"en_US","og_type":"article","og_title":"President Milanovi\u0107 at Croatian Chamber of Trades and Crafts Day Ceremony: Inflation and labour shortage are main challenges for tradespeople - President of the Republic of Croatia - Zoran Milanovi\u0107","og_description":"The President of the Republic Zoran Milanovi\u0107 attended today a formal session held on the occasion of Croatian Chamber of Trades and Crafts Day. He told the gathering that together with the Croatian Chamber of Trades and Crafts we faced a number of challenges during 28 years. In this context he underlined the lack of workers, vocational education and plus this year \u2013 inflation.","og_url":"https:\/\/www.predsjednik.hr\/en\/news\/president-milanovic-at-croatian-chamber-of-trades-and-crafts-day-ceremony-inflation-and-labour-shortage-are-main-challenges-for-tradespeople\/","og_site_name":"President of the Republic of Croatia - Zoran Milanovi\u0107","article_modified_time":"2022-07-04T07:15:42+00:00","og_image":[{"width":5823,"height":3275,"url":"https:\/\/www.predsjednik.hr\/wp-content\/uploads\/2022\/07\/DSC_6321.jpg","type":"image\/jpeg"}],"twitter_card":"summary_large_image","twitter_misc":{"Est. reading time":"5 minutes"},"schema":{"@context":"https:\/\/schema.org","@graph":[{"@type":"WebPage","@id":"https:\/\/www.predsjednik.hr\/en\/news\/president-milanovic-at-croatian-chamber-of-trades-and-crafts-day-ceremony-inflation-and-labour-shortage-are-main-challenges-for-tradespeople\/","url":"https:\/\/www.predsjednik.hr\/en\/news\/president-milanovic-at-croatian-chamber-of-trades-and-crafts-day-ceremony-inflation-and-labour-shortage-are-main-challenges-for-tradespeople\/","name":"President Milanovi\u0107 at Croatian Chamber of Trades and Crafts Day Ceremony: Inflation and labour shortage are main challenges for tradespeople - President of the Republic of Croatia - Zoran Milanovi\u0107","isPartOf":{"@id":"https:\/\/www.predsjednik.hr\/en\/#website"},"primaryImageOfPage":{"@id":"https:\/\/www.predsjednik.hr\/en\/news\/president-milanovic-at-croatian-chamber-of-trades-and-crafts-day-ceremony-inflation-and-labour-shortage-are-main-challenges-for-tradespeople\/#primaryimage"},"image":{"@id":"https:\/\/www.predsjednik.hr\/en\/news\/president-milanovic-at-croatian-chamber-of-trades-and-crafts-day-ceremony-inflation-and-labour-shortage-are-main-challenges-for-tradespeople\/#primaryimage"},"thumbnailUrl":"https:\/\/www.predsjednik.hr\/wp-content\/uploads\/2022\/07\/DSC_6321.jpg","datePublished":"2022-07-01T15:13:00+00:00","dateModified":"2022-07-04T07:15:42+00:00","breadcrumb":{"@id":"https:\/\/www.predsjednik.hr\/en\/news\/president-milanovic-at-croatian-chamber-of-trades-and-crafts-day-ceremony-inflation-and-labour-shortage-are-main-challenges-for-tradespeople\/#breadcrumb"},"inLanguage":"en-US","potentialAction":[{"@type":"ReadAction","target":["https:\/\/www.predsjednik.hr\/en\/news\/president-milanovic-at-croatian-chamber-of-trades-and-crafts-day-ceremony-inflation-and-labour-shortage-are-main-challenges-for-tradespeople\/"]}]},{"@type":"ImageObject","inLanguage":"en-US","@id":"https:\/\/www.predsjednik.hr\/en\/news\/president-milanovic-at-croatian-chamber-of-trades-and-crafts-day-ceremony-inflation-and-labour-shortage-are-main-challenges-for-tradespeople\/#primaryimage","url":"https:\/\/www.predsjednik.hr\/wp-content\/uploads\/2022\/07\/DSC_6321.jpg","contentUrl":"https:\/\/www.predsjednik.hr\/wp-content\/uploads\/2022\/07\/DSC_6321.jpg","width":5823,"height":3275,"caption":"President Milanovi\u0107 at Croatian Chamber of Trades and Crafts Day Ceremony"},{"@type":"BreadcrumbList","@id":"https:\/\/www.predsjednik.hr\/en\/news\/president-milanovic-at-croatian-chamber-of-trades-and-crafts-day-ceremony-inflation-and-labour-shortage-are-main-challenges-for-tradespeople\/#breadcrumb","itemListElement":[{"@type":"ListItem","position":1,"name":"Home","item":"https:\/\/www.predsjednik.hr\/en\/"},{"@type":"ListItem","position":2,"name":"Vijesti","item":"https:\/\/www.predsjednik.hr\/en\/news\/"},{"@type":"ListItem","position":3,"name":"President Milanovi\u0107 at Croatian Chamber of Trades and Crafts Day Ceremony: Inflation and labour shortage are main challenges for tradespeople"}]},{"@type":"WebSite","@id":"https:\/\/www.predsjednik.hr\/en\/#website","url":"https:\/\/www.predsjednik.hr\/en\/","name":"President of the Republic of Croatia - Zoran Milanovi\u0107","description":"Just another WordPress site","potentialAction":[{"@type":"SearchAction","target":{"@type":"EntryPoint","urlTemplate":"https:\/\/www.predsjednik.hr\/en\/?s={search_term_string}"},"query-input":{"@type":"PropertyValueSpecification","valueRequired":true,"valueName":"search_term_string"}}],"inLanguage":"en-US"}]}},"_links":{"self":[{"href":"https:\/\/www.predsjednik.hr\/en\/wp-json\/wp\/v2\/news\/18133","targetHints":{"allow":["GET"]}}],"collection":[{"href":"https:\/\/www.predsjednik.hr\/en\/wp-json\/wp\/v2\/news"}],"about":[{"href":"https:\/\/www.predsjednik.hr\/en\/wp-json\/wp\/v2\/types\/news"}],"wp:featuredmedia":[{"embeddable":true,"href":"https:\/\/www.predsjednik.hr\/en\/wp-json\/wp\/v2\/media\/18131"}],"wp:attachment":[{"href":"https:\/\/www.predsjednik.hr\/en\/wp-json\/wp\/v2\/media?parent=18133"}],"wp:term":[{"taxonomy":"news-cat","embeddable":true,"href":"https:\/\/www.predsjednik.hr\/en\/wp-json\/wp\/v2\/news-cat?post=18133"}],"curies":[{"name":"wp","href":"https:\/\/api.w.org\/{rel}","templated":true}]}}