{"id":18155,"date":"2022-07-04T16:11:29","date_gmt":"2022-07-04T14:11:29","guid":{"rendered":"https:\/\/www.predsjednik.hr\/?post_type=news&#038;p=18155"},"modified":"2022-07-04T16:11:31","modified_gmt":"2022-07-04T14:11:31","slug":"president-milanovic-receives-delegation-of-association-of-homeland-war-veterans-of-114th-croatian-army-brigade","status":"publish","type":"news","link":"https:\/\/www.predsjednik.hr\/en\/news\/president-milanovic-receives-delegation-of-association-of-homeland-war-veterans-of-114th-croatian-army-brigade\/","title":{"rendered":"President Milanovi\u0107 Receives Delegation of Association of Homeland War Veterans of 114th Croatian Army Brigade"},"content":{"rendered":"\n<p>Today in the Office of the President, the President of the Republic Zoran Milanovi\u0107 received a delegation of the 114<sup>th<\/sup> Croatian Army brigade\u2019s Association of Homeland War Veterans. Attending the meeting were the president of the Association retired captain Ante Banovi\u0107-Krilnik, former commander of the 114<sup>th<\/sup> Croatian Army brigade Major general Slaven Zdilar and commander of the 114<sup>th<\/sup> Croatian Army brigade\u2019s 3<sup>rd<\/sup> battalion retired captain Stipe \u0106oso.<\/p>\n\n\n\n<p>At the meeting they discussed the past activities and future plans of the Association of Homeland War Veterans of the 114<sup>th<\/sup> Croatian Army brigade. The Association members informed President Milanovi\u0107 of the problems the Association and its members face. The Association has a membership of 300.<\/p>\n\n\n\n<p>Former commanders of the brigade and members of the Association presented their brigade&nbsp; to President Milanovi\u0107 and told him that it was founded on 1 June in Ka\u0161tel-Su\u0107urac from the \u2018shipyard battalion\u2019 of the Split shipyard and existing companies, and later on from other enterprises of Split, Solin and Ka\u0161tela, the reason why they were nicknamed the \u2018workers\u2019 brigade. The unit played a major role in many Croatian battlefields during the Homeland War, it was engaged on the South battlefield, and participated in operations Peru\u010da, Maslenica, Velebit, Winter &#8217;94, Summer &#8217;95 and Storm. During the war campaign more than 7,900 members passed through the unit, 88 of them were killed and several hundred were wounded.&nbsp;<\/p>\n\n\n\n<p>Alongside President Milanovi\u0107 was the Special Adviser to the President for Homeland War Veterans Marijan Marekovi\u0107.<\/p>\n\n\n<!--GALLERY BLOCK-->\n<div class=\"c-lightbox-gallery js-lightbox\">\n                <!--single-->\n            <a data-no-swup class=\"c-lightbox-gallery__single js-lightbox-single\"\n               href=\"https:\/\/www.predsjednik.hr\/wp-content\/uploads\/2022\/07\/DSC_6598-1024x576.jpg\"\n               style=\"background-image: url('https:\/\/www.predsjednik.hr\/wp-content\/uploads\/2022\/07\/DSC_6598-768x432.jpg')\"><\/a>\n            <!--end single-->\n                    <!--single-->\n            <a data-no-swup class=\"c-lightbox-gallery__single js-lightbox-single\"\n               href=\"https:\/\/www.predsjednik.hr\/wp-content\/uploads\/2022\/07\/DSC_6611-1024x576.jpg\"\n               style=\"background-image: url('https:\/\/www.predsjednik.hr\/wp-content\/uploads\/2022\/07\/DSC_6611-768x432.jpg')\"><\/a>\n            <!--end single-->\n                    <!--single-->\n            <a data-no-swup class=\"c-lightbox-gallery__single js-lightbox-single\"\n               href=\"https:\/\/www.predsjednik.hr\/wp-content\/uploads\/2022\/07\/DSC_6613-1024x576.jpg\"\n               style=\"background-image: url('https:\/\/www.predsjednik.hr\/wp-content\/uploads\/2022\/07\/DSC_6613-768x432.jpg')\"><\/a>\n            <!--end single-->\n                    <!--single-->\n            <a data-no-swup class=\"c-lightbox-gallery__single js-lightbox-single\"\n               href=\"https:\/\/www.predsjednik.hr\/wp-content\/uploads\/2022\/07\/DSC_6624-1024x576.jpg\"\n               style=\"background-image: url('https:\/\/www.predsjednik.hr\/wp-content\/uploads\/2022\/07\/DSC_6624-768x432.jpg')\"><\/a>\n            <!--end single-->\n        <\/div>\n<!--end GALLERY BLOCK-->\n\n\n\n<p>PHOTO: Office of the President of the Republic of Croatia \/ Marko Beljan<\/p>\n","protected":false},"excerpt":{"rendered":"<p>Today in the Office of the President, the President of the Republic Zoran Milanovi\u0107 received a delegation of the 114th Croatian Army brigade\u2019s Association of Homeland War Veterans. Attending the meeting were the president of the Association retired captain Ante Banovi\u0107-Krilnik, former commander of the 114th Croatian Army brigade Major general Slaven Zdilar and commander of the 114th Croatian Army brigade\u2019s 3rd battalion retired captain Stipe \u0106oso.<\/p>\n","protected":false},"featured_media":18149,"template":"","news-cat":[12],"class_list":["post-18155","news","type-news","status-publish","has-post-thumbnail","hentry","news-cat-news"],"acf":[],"yoast_head":"<!-- This site is optimized with the Yoast SEO plugin v27.4 - https:\/\/yoast.com\/product\/yoast-seo-wordpress\/ -->\n<title>President Milanovi\u0107 Receives Delegation of Association of Homeland War Veterans of 114th Croatian Army Brigade - President of the Republic of Croatia - Zoran Milanovi\u0107<\/title>\n<meta name=\"robots\" content=\"index, follow, max-snippet:-1, max-image-preview:large, max-video-preview:-1\" \/>\n<link rel=\"canonical\" href=\"https:\/\/www.predsjednik.hr\/en\/news\/president-milanovic-receives-delegation-of-association-of-homeland-war-veterans-of-114th-croatian-army-brigade\/\" \/>\n<meta property=\"og:locale\" content=\"en_US\" \/>\n<meta property=\"og:type\" content=\"article\" \/>\n<meta property=\"og:title\" content=\"President Milanovi\u0107 Receives Delegation of Association of Homeland War Veterans of 114th Croatian Army Brigade - President of the Republic of Croatia - Zoran Milanovi\u0107\" \/>\n<meta property=\"og:description\" content=\"Today in the Office of the President, the President of the Republic Zoran Milanovi\u0107 received a delegation of the 114th Croatian Army brigade\u2019s Association of Homeland War Veterans. Attending the meeting were the president of the Association retired captain Ante Banovi\u0107-Krilnik, former commander of the 114th Croatian Army brigade Major general Slaven Zdilar and commander of the 114th Croatian Army brigade\u2019s 3rd battalion retired captain Stipe \u0106oso.\" \/>\n<meta property=\"og:url\" content=\"https:\/\/www.predsjednik.hr\/en\/news\/president-milanovic-receives-delegation-of-association-of-homeland-war-veterans-of-114th-croatian-army-brigade\/\" \/>\n<meta property=\"og:site_name\" content=\"President of the Republic of Croatia - Zoran Milanovi\u0107\" \/>\n<meta property=\"article:modified_time\" content=\"2022-07-04T14:11:31+00:00\" \/>\n<meta property=\"og:image\" content=\"https:\/\/www.predsjednik.hr\/wp-content\/uploads\/2022\/07\/DSC_6613.jpg\" \/>\n\t<meta property=\"og:image:width\" content=\"5815\" \/>\n\t<meta property=\"og:image:height\" content=\"3271\" \/>\n\t<meta property=\"og:image:type\" content=\"image\/jpeg\" \/>\n<meta name=\"twitter:card\" content=\"summary_large_image\" \/>\n<meta name=\"twitter:label1\" content=\"Est. reading time\" \/>\n\t<meta name=\"twitter:data1\" content=\"2 minutes\" \/>\n<script type=\"application\/ld+json\" class=\"yoast-schema-graph\">{\"@context\":\"https:\\\/\\\/schema.org\",\"@graph\":[{\"@type\":\"WebPage\",\"@id\":\"https:\\\/\\\/www.predsjednik.hr\\\/en\\\/news\\\/president-milanovic-receives-delegation-of-association-of-homeland-war-veterans-of-114th-croatian-army-brigade\\\/\",\"url\":\"https:\\\/\\\/www.predsjednik.hr\\\/en\\\/news\\\/president-milanovic-receives-delegation-of-association-of-homeland-war-veterans-of-114th-croatian-army-brigade\\\/\",\"name\":\"President Milanovi\u0107 Receives Delegation of Association of Homeland War Veterans of 114th Croatian Army Brigade - President of the Republic of Croatia - Zoran Milanovi\u0107\",\"isPartOf\":{\"@id\":\"https:\\\/\\\/www.predsjednik.hr\\\/en\\\/#website\"},\"primaryImageOfPage\":{\"@id\":\"https:\\\/\\\/www.predsjednik.hr\\\/en\\\/news\\\/president-milanovic-receives-delegation-of-association-of-homeland-war-veterans-of-114th-croatian-army-brigade\\\/#primaryimage\"},\"image\":{\"@id\":\"https:\\\/\\\/www.predsjednik.hr\\\/en\\\/news\\\/president-milanovic-receives-delegation-of-association-of-homeland-war-veterans-of-114th-croatian-army-brigade\\\/#primaryimage\"},\"thumbnailUrl\":\"https:\\\/\\\/www.predsjednik.hr\\\/wp-content\\\/uploads\\\/2022\\\/07\\\/DSC_6613.jpg\",\"datePublished\":\"2022-07-04T14:11:29+00:00\",\"dateModified\":\"2022-07-04T14:11:31+00:00\",\"breadcrumb\":{\"@id\":\"https:\\\/\\\/www.predsjednik.hr\\\/en\\\/news\\\/president-milanovic-receives-delegation-of-association-of-homeland-war-veterans-of-114th-croatian-army-brigade\\\/#breadcrumb\"},\"inLanguage\":\"en-US\",\"potentialAction\":[{\"@type\":\"ReadAction\",\"target\":[\"https:\\\/\\\/www.predsjednik.hr\\\/en\\\/news\\\/president-milanovic-receives-delegation-of-association-of-homeland-war-veterans-of-114th-croatian-army-brigade\\\/\"]}]},{\"@type\":\"ImageObject\",\"inLanguage\":\"en-US\",\"@id\":\"https:\\\/\\\/www.predsjednik.hr\\\/en\\\/news\\\/president-milanovic-receives-delegation-of-association-of-homeland-war-veterans-of-114th-croatian-army-brigade\\\/#primaryimage\",\"url\":\"https:\\\/\\\/www.predsjednik.hr\\\/wp-content\\\/uploads\\\/2022\\\/07\\\/DSC_6613.jpg\",\"contentUrl\":\"https:\\\/\\\/www.predsjednik.hr\\\/wp-content\\\/uploads\\\/2022\\\/07\\\/DSC_6613.jpg\",\"width\":5815,\"height\":3271,\"caption\":\"President Milanovi\u0107 Receives Delegation of Association of Homeland War Veterans of 114th Croatian Army Brigade\"},{\"@type\":\"BreadcrumbList\",\"@id\":\"https:\\\/\\\/www.predsjednik.hr\\\/en\\\/news\\\/president-milanovic-receives-delegation-of-association-of-homeland-war-veterans-of-114th-croatian-army-brigade\\\/#breadcrumb\",\"itemListElement\":[{\"@type\":\"ListItem\",\"position\":1,\"name\":\"Home\",\"item\":\"https:\\\/\\\/www.predsjednik.hr\\\/en\\\/\"},{\"@type\":\"ListItem\",\"position\":2,\"name\":\"Vijesti\",\"item\":\"https:\\\/\\\/www.predsjednik.hr\\\/en\\\/news\\\/\"},{\"@type\":\"ListItem\",\"position\":3,\"name\":\"President Milanovi\u0107 Receives Delegation of Association of Homeland War Veterans of 114th Croatian Army Brigade\"}]},{\"@type\":\"WebSite\",\"@id\":\"https:\\\/\\\/www.predsjednik.hr\\\/en\\\/#website\",\"url\":\"https:\\\/\\\/www.predsjednik.hr\\\/en\\\/\",\"name\":\"President of the Republic of Croatia - Zoran Milanovi\u0107\",\"description\":\"Just another WordPress site\",\"potentialAction\":[{\"@type\":\"SearchAction\",\"target\":{\"@type\":\"EntryPoint\",\"urlTemplate\":\"https:\\\/\\\/www.predsjednik.hr\\\/en\\\/?s={search_term_string}\"},\"query-input\":{\"@type\":\"PropertyValueSpecification\",\"valueRequired\":true,\"valueName\":\"search_term_string\"}}],\"inLanguage\":\"en-US\"}]}<\/script>\n<!-- \/ Yoast SEO plugin. -->","yoast_head_json":{"title":"President Milanovi\u0107 Receives Delegation of Association of Homeland War Veterans of 114th Croatian Army Brigade - President of the Republic of Croatia - Zoran Milanovi\u0107","robots":{"index":"index","follow":"follow","max-snippet":"max-snippet:-1","max-image-preview":"max-image-preview:large","max-video-preview":"max-video-preview:-1"},"canonical":"https:\/\/www.predsjednik.hr\/en\/news\/president-milanovic-receives-delegation-of-association-of-homeland-war-veterans-of-114th-croatian-army-brigade\/","og_locale":"en_US","og_type":"article","og_title":"President Milanovi\u0107 Receives Delegation of Association of Homeland War Veterans of 114th Croatian Army Brigade - President of the Republic of Croatia - Zoran Milanovi\u0107","og_description":"Today in the Office of the President, the President of the Republic Zoran Milanovi\u0107 received a delegation of the 114th Croatian Army brigade\u2019s Association of Homeland War Veterans. Attending the meeting were the president of the Association retired captain Ante Banovi\u0107-Krilnik, former commander of the 114th Croatian Army brigade Major general Slaven Zdilar and commander of the 114th Croatian Army brigade\u2019s 3rd battalion retired captain Stipe \u0106oso.","og_url":"https:\/\/www.predsjednik.hr\/en\/news\/president-milanovic-receives-delegation-of-association-of-homeland-war-veterans-of-114th-croatian-army-brigade\/","og_site_name":"President of the Republic of Croatia - Zoran Milanovi\u0107","article_modified_time":"2022-07-04T14:11:31+00:00","og_image":[{"width":5815,"height":3271,"url":"https:\/\/www.predsjednik.hr\/wp-content\/uploads\/2022\/07\/DSC_6613.jpg","type":"image\/jpeg"}],"twitter_card":"summary_large_image","twitter_misc":{"Est. reading time":"2 minutes"},"schema":{"@context":"https:\/\/schema.org","@graph":[{"@type":"WebPage","@id":"https:\/\/www.predsjednik.hr\/en\/news\/president-milanovic-receives-delegation-of-association-of-homeland-war-veterans-of-114th-croatian-army-brigade\/","url":"https:\/\/www.predsjednik.hr\/en\/news\/president-milanovic-receives-delegation-of-association-of-homeland-war-veterans-of-114th-croatian-army-brigade\/","name":"President Milanovi\u0107 Receives Delegation of Association of Homeland War Veterans of 114th Croatian Army Brigade - President of the Republic of Croatia - Zoran Milanovi\u0107","isPartOf":{"@id":"https:\/\/www.predsjednik.hr\/en\/#website"},"primaryImageOfPage":{"@id":"https:\/\/www.predsjednik.hr\/en\/news\/president-milanovic-receives-delegation-of-association-of-homeland-war-veterans-of-114th-croatian-army-brigade\/#primaryimage"},"image":{"@id":"https:\/\/www.predsjednik.hr\/en\/news\/president-milanovic-receives-delegation-of-association-of-homeland-war-veterans-of-114th-croatian-army-brigade\/#primaryimage"},"thumbnailUrl":"https:\/\/www.predsjednik.hr\/wp-content\/uploads\/2022\/07\/DSC_6613.jpg","datePublished":"2022-07-04T14:11:29+00:00","dateModified":"2022-07-04T14:11:31+00:00","breadcrumb":{"@id":"https:\/\/www.predsjednik.hr\/en\/news\/president-milanovic-receives-delegation-of-association-of-homeland-war-veterans-of-114th-croatian-army-brigade\/#breadcrumb"},"inLanguage":"en-US","potentialAction":[{"@type":"ReadAction","target":["https:\/\/www.predsjednik.hr\/en\/news\/president-milanovic-receives-delegation-of-association-of-homeland-war-veterans-of-114th-croatian-army-brigade\/"]}]},{"@type":"ImageObject","inLanguage":"en-US","@id":"https:\/\/www.predsjednik.hr\/en\/news\/president-milanovic-receives-delegation-of-association-of-homeland-war-veterans-of-114th-croatian-army-brigade\/#primaryimage","url":"https:\/\/www.predsjednik.hr\/wp-content\/uploads\/2022\/07\/DSC_6613.jpg","contentUrl":"https:\/\/www.predsjednik.hr\/wp-content\/uploads\/2022\/07\/DSC_6613.jpg","width":5815,"height":3271,"caption":"President Milanovi\u0107 Receives Delegation of Association of Homeland War Veterans of 114th Croatian Army Brigade"},{"@type":"BreadcrumbList","@id":"https:\/\/www.predsjednik.hr\/en\/news\/president-milanovic-receives-delegation-of-association-of-homeland-war-veterans-of-114th-croatian-army-brigade\/#breadcrumb","itemListElement":[{"@type":"ListItem","position":1,"name":"Home","item":"https:\/\/www.predsjednik.hr\/en\/"},{"@type":"ListItem","position":2,"name":"Vijesti","item":"https:\/\/www.predsjednik.hr\/en\/news\/"},{"@type":"ListItem","position":3,"name":"President Milanovi\u0107 Receives Delegation of Association of Homeland War Veterans of 114th Croatian Army Brigade"}]},{"@type":"WebSite","@id":"https:\/\/www.predsjednik.hr\/en\/#website","url":"https:\/\/www.predsjednik.hr\/en\/","name":"President of the Republic of Croatia - Zoran Milanovi\u0107","description":"Just another WordPress site","potentialAction":[{"@type":"SearchAction","target":{"@type":"EntryPoint","urlTemplate":"https:\/\/www.predsjednik.hr\/en\/?s={search_term_string}"},"query-input":{"@type":"PropertyValueSpecification","valueRequired":true,"valueName":"search_term_string"}}],"inLanguage":"en-US"}]}},"_links":{"self":[{"href":"https:\/\/www.predsjednik.hr\/en\/wp-json\/wp\/v2\/news\/18155","targetHints":{"allow":["GET"]}}],"collection":[{"href":"https:\/\/www.predsjednik.hr\/en\/wp-json\/wp\/v2\/news"}],"about":[{"href":"https:\/\/www.predsjednik.hr\/en\/wp-json\/wp\/v2\/types\/news"}],"wp:featuredmedia":[{"embeddable":true,"href":"https:\/\/www.predsjednik.hr\/en\/wp-json\/wp\/v2\/media\/18149"}],"wp:attachment":[{"href":"https:\/\/www.predsjednik.hr\/en\/wp-json\/wp\/v2\/media?parent=18155"}],"wp:term":[{"taxonomy":"news-cat","embeddable":true,"href":"https:\/\/www.predsjednik.hr\/en\/wp-json\/wp\/v2\/news-cat?post=18155"}],"curies":[{"name":"wp","href":"https:\/\/api.w.org\/{rel}","templated":true}]}}