{"id":18177,"date":"2022-07-05T16:32:35","date_gmt":"2022-07-05T14:32:35","guid":{"rendered":"https:\/\/www.predsjednik.hr\/?post_type=news&#038;p=18177"},"modified":"2022-07-05T16:32:37","modified_gmt":"2022-07-05T14:32:37","slug":"president-milanovic-in-vukovar-sends-message-to-serbia-you-owe-us-information-on-the-missing-persons-without-that-you-wont-get-far-on-the-european-path","status":"publish","type":"news","link":"https:\/\/www.predsjednik.hr\/en\/news\/president-milanovic-in-vukovar-sends-message-to-serbia-you-owe-us-information-on-the-missing-persons-without-that-you-wont-get-far-on-the-european-path\/","title":{"rendered":"President Milanovi\u0107 in Vukovar sends message to Serbia: You owe us information on the missing persons, without that you won\u2019t get far on the European path"},"content":{"rendered":"\n<p>The President of the Republic and Commander in Chief of the Croatian Armed Forces Zoran Milanovi\u0107 took part today in a ceremony commemorating the 15<sup>th<\/sup> anniversary of the death of Vukovar\u2019s legendary defender, Croatian army Lieutenant colonel Marko Babi\u0107.<\/p>\n\n\n\n<p>\u201cOne cannot talk about Marko Babi\u0107 appropriately. It\u2019s not some landmark on the side of the road that shines from time to time, it\u2019s a solid foundation, new pillars of the Croatian state on which a small number of people is inscribed. It\u2019s a story of the defence and primarily the defence of an attacked and not yet recognized state whose institutions are bombed, whose president they tried to assassinate\u201d, President Milanovi\u0107 stated in his address, adding that Marko Babi\u0107 was an unusually intimidating courageous man.<\/p>\n\n\n\n<p>The President of the Republic said that from a conversation with Marko\u2019s sister and brother he could sense and see that he was a \u201cVukovarian born in Vukovar, that golden connection between the old Vukovar, Croats, Hungarians, Czechs and Germans, and that part of Vukovar without which there\u2019s no Vukovar, namely Dalmatia, Herzegovina, Bosnia \u2013 those parts of our homeland, of our being and our identity that are inscribed in this plain\u201d.<\/p>\n\n\n\n<p>As for Lieutenant colonel Marko Babi\u0107 President Milanovi\u0107 stated that he was great hero that wasn\u2019t created by circumstances. \u201cMarko Babi\u0107\u2019s sad tragedy was when he left his homeland and family as a young man \u2013 only as lieutenant colonel, but he is more than a lieutenant colonel and more than a general. People like that are few and far between. In all these young men and women of that time, what is special about Croatia, what is traditional, but also what is modern and brave and what is going after new victories, is united, grouped together, still lives and will live forever\u201d, the President noted, expressing hope that the Croatia that was created by the defenders, will be a strong and independent state and that it will have character, and if need be boldness.<\/p>\n\n\n\n<p>\u201cOur neighbours owe us information on the missing Croatian defenders and civilians. That\u2019s 2,000 people! That\u2019s not 2,000 signatures or 2,000 personal identity cards, that\u2019s 2,000 souls and that\u2019s thousands of people that knew them and will never forget them\u201d, President Milanovi\u0107 stated, and said that Serbia should respect this because without that it won\u2019t make progress on its European path.<\/p>\n\n\n\n<p>\u201cLet\u2019s go and build an independent and strong state that will be proud of where and what it is, and at the same time remind Europe, the west and NATO that this country defended itself, thanks only to its own energy, courage and craziness, with weapons that practically fell from the sky and were confiscated during an embargo, at a time when we weren\u2019t recognized, when nearly all the odds were against us. Thanks to that small number of right people Croatia was saved, literally saved and resurrected. That was the Croatian tragedy, a Croatian epic after that and hopefully some day \u2013 a Croatian rhapsody\u201d, President Milanovi\u0107 noted. Saying that unity and community spirit are not what we need but a stance, fortitude and boldness so that we\u2019re heard, the President concluded his address by saying: \u201cWithout that we\u2019re not a state, with that we can indeed be a state, a small one, but a strong one, be masters of our own destiny. Long live our homeland Croatia and faithful to the Homeland! \u2013 that\u2019s how Marko Babi\u0107 would probably have also concluded\u201d.<\/p>\n\n\n\n<p>Also speaking at the commemoration at the Croatian defenders\u2019 Memorial home on Trpinjska Street besides President Milanovi\u0107 were the president of the Council for the Defenders of the City of Vukovar Tomislav Josi\u0107, the State Secretary in the Ministry of Croatian Veterans and envoy of the Prime Minister \u0160piro Janovi\u0107, and the Mayor of Otok and envoy of the Speaker of the Croatian Parliament Josip \u0160ari\u0107.<\/p>\n\n\n\n<p>The commemoration began by a tribute at the Memorial cemetery to the Victims of the Homeland War where wreaths in addition to the President of the Republic and Commander in Chief of the Croatian Armed Forces were laid by many delegations. Accompanying President Milanovi\u0107 at the wreath laying ceremony was the Special Adviser to the President for Homeland War Veterans Marijan Marekovi\u0107 and Colonel Petar Matanovi\u0107 of the Croatian Armed Forces.<\/p>\n\n\n<!--GALLERY BLOCK-->\n<div class=\"c-lightbox-gallery js-lightbox\">\n                <!--single-->\n            <a data-no-swup class=\"c-lightbox-gallery__single js-lightbox-single\"\n               href=\"https:\/\/www.predsjednik.hr\/wp-content\/uploads\/2022\/07\/DSC_0235-1-1024x683.jpg\"\n               style=\"background-image: url('https:\/\/www.predsjednik.hr\/wp-content\/uploads\/2022\/07\/DSC_0235-1-768x512.jpg')\"><\/a>\n            <!--end single-->\n                    <!--single-->\n            <a data-no-swup class=\"c-lightbox-gallery__single js-lightbox-single\"\n               href=\"https:\/\/www.predsjednik.hr\/wp-content\/uploads\/2022\/07\/DSC_0254-1024x576.jpg\"\n               style=\"background-image: url('https:\/\/www.predsjednik.hr\/wp-content\/uploads\/2022\/07\/DSC_0254-768x432.jpg')\"><\/a>\n            <!--end single-->\n                    <!--single-->\n            <a data-no-swup class=\"c-lightbox-gallery__single js-lightbox-single\"\n               href=\"https:\/\/www.predsjednik.hr\/wp-content\/uploads\/2022\/07\/DSC_0375-1024x576.jpg\"\n               style=\"background-image: url('https:\/\/www.predsjednik.hr\/wp-content\/uploads\/2022\/07\/DSC_0375-768x432.jpg')\"><\/a>\n            <!--end single-->\n                    <!--single-->\n            <a data-no-swup class=\"c-lightbox-gallery__single js-lightbox-single\"\n               href=\"https:\/\/www.predsjednik.hr\/wp-content\/uploads\/2022\/07\/DSC_0811-1024x683.jpg\"\n               style=\"background-image: url('https:\/\/www.predsjednik.hr\/wp-content\/uploads\/2022\/07\/DSC_0811-768x512.jpg')\"><\/a>\n            <!--end single-->\n                    <!--single-->\n            <a data-no-swup class=\"c-lightbox-gallery__single js-lightbox-single\"\n               href=\"https:\/\/www.predsjednik.hr\/wp-content\/uploads\/2022\/07\/DSC_0819-1024x683.jpg\"\n               style=\"background-image: url('https:\/\/www.predsjednik.hr\/wp-content\/uploads\/2022\/07\/DSC_0819-768x512.jpg')\"><\/a>\n            <!--end single-->\n                    <!--single-->\n            <a data-no-swup class=\"c-lightbox-gallery__single js-lightbox-single\"\n               href=\"https:\/\/www.predsjednik.hr\/wp-content\/uploads\/2022\/07\/DSC_0867-1024x683.jpg\"\n               style=\"background-image: url('https:\/\/www.predsjednik.hr\/wp-content\/uploads\/2022\/07\/DSC_0867-768x512.jpg')\"><\/a>\n            <!--end single-->\n                    <!--single-->\n            <a data-no-swup class=\"c-lightbox-gallery__single js-lightbox-single\"\n               href=\"https:\/\/www.predsjednik.hr\/wp-content\/uploads\/2022\/07\/DSC_1028-1024x683.jpg\"\n               style=\"background-image: url('https:\/\/www.predsjednik.hr\/wp-content\/uploads\/2022\/07\/DSC_1028-768x512.jpg')\"><\/a>\n            <!--end single-->\n                    <!--single-->\n            <a data-no-swup class=\"c-lightbox-gallery__single js-lightbox-single\"\n               href=\"https:\/\/www.predsjednik.hr\/wp-content\/uploads\/2022\/07\/DSC_1036-1024x685.jpg\"\n               style=\"background-image: url('https:\/\/www.predsjednik.hr\/wp-content\/uploads\/2022\/07\/DSC_1036-768x514.jpg')\"><\/a>\n            <!--end single-->\n                    <!--single-->\n            <a data-no-swup class=\"c-lightbox-gallery__single js-lightbox-single\"\n               href=\"https:\/\/www.predsjednik.hr\/wp-content\/uploads\/2022\/07\/DSC_1096-1024x683.jpg\"\n               style=\"background-image: url('https:\/\/www.predsjednik.hr\/wp-content\/uploads\/2022\/07\/DSC_1096-768x512.jpg')\"><\/a>\n            <!--end single-->\n        <\/div>\n<!--end GALLERY BLOCK-->\n\n\n\n<p>PHOTO: Office of the President of the Republic of Croatia \/ Tomislav Bu\u0161ljeta<\/p>\n","protected":false},"excerpt":{"rendered":"<p>The President of the Republic and Commander in Chief of the Croatian Armed Forces Zoran Milanovi\u0107 took part today in a ceremony commemorating the 15th anniversary of the death of Vukovar\u2019s legendary defender, Croatian army Lieutenant colonel Marko Babi\u0107.<\/p>\n","protected":false},"featured_media":18173,"template":"","news-cat":[12],"class_list":["post-18177","news","type-news","status-publish","has-post-thumbnail","hentry","news-cat-news"],"acf":[],"yoast_head":"<!-- This site is optimized with the Yoast SEO plugin v27.4 - https:\/\/yoast.com\/product\/yoast-seo-wordpress\/ -->\n<title>President Milanovi\u0107 in Vukovar sends message to Serbia: You owe us information on the missing persons, without that you won\u2019t get far on the European path - President of the Republic of Croatia - Zoran Milanovi\u0107<\/title>\n<meta name=\"robots\" content=\"index, follow, max-snippet:-1, max-image-preview:large, max-video-preview:-1\" \/>\n<link rel=\"canonical\" href=\"https:\/\/www.predsjednik.hr\/en\/news\/president-milanovic-in-vukovar-sends-message-to-serbia-you-owe-us-information-on-the-missing-persons-without-that-you-wont-get-far-on-the-european-path\/\" \/>\n<meta property=\"og:locale\" content=\"en_US\" \/>\n<meta property=\"og:type\" content=\"article\" \/>\n<meta property=\"og:title\" content=\"President Milanovi\u0107 in Vukovar sends message to Serbia: You owe us information on the missing persons, without that you won\u2019t get far on the European path - President of the Republic of Croatia - Zoran Milanovi\u0107\" \/>\n<meta property=\"og:description\" content=\"The President of the Republic and Commander in Chief of the Croatian Armed Forces Zoran Milanovi\u0107 took part today in a ceremony commemorating the 15th anniversary of the death of Vukovar\u2019s legendary defender, Croatian army Lieutenant colonel Marko Babi\u0107.\" \/>\n<meta property=\"og:url\" content=\"https:\/\/www.predsjednik.hr\/en\/news\/president-milanovic-in-vukovar-sends-message-to-serbia-you-owe-us-information-on-the-missing-persons-without-that-you-wont-get-far-on-the-european-path\/\" \/>\n<meta property=\"og:site_name\" content=\"President of the Republic of Croatia - Zoran Milanovi\u0107\" \/>\n<meta property=\"article:modified_time\" content=\"2022-07-05T14:32:37+00:00\" \/>\n<meta property=\"og:image\" content=\"https:\/\/www.predsjednik.hr\/wp-content\/uploads\/2022\/07\/DSC_1036.jpg\" \/>\n\t<meta property=\"og:image:width\" content=\"5441\" \/>\n\t<meta property=\"og:image:height\" content=\"3639\" \/>\n\t<meta property=\"og:image:type\" content=\"image\/jpeg\" \/>\n<meta name=\"twitter:card\" content=\"summary_large_image\" \/>\n<meta name=\"twitter:label1\" content=\"Est. reading time\" \/>\n\t<meta name=\"twitter:data1\" content=\"4 minutes\" \/>\n<script type=\"application\/ld+json\" class=\"yoast-schema-graph\">{\"@context\":\"https:\\\/\\\/schema.org\",\"@graph\":[{\"@type\":\"WebPage\",\"@id\":\"https:\\\/\\\/www.predsjednik.hr\\\/en\\\/news\\\/president-milanovic-in-vukovar-sends-message-to-serbia-you-owe-us-information-on-the-missing-persons-without-that-you-wont-get-far-on-the-european-path\\\/\",\"url\":\"https:\\\/\\\/www.predsjednik.hr\\\/en\\\/news\\\/president-milanovic-in-vukovar-sends-message-to-serbia-you-owe-us-information-on-the-missing-persons-without-that-you-wont-get-far-on-the-european-path\\\/\",\"name\":\"President Milanovi\u0107 in Vukovar sends message to Serbia: You owe us information on the missing persons, without that you won\u2019t get far on the European path - President of the Republic of Croatia - Zoran Milanovi\u0107\",\"isPartOf\":{\"@id\":\"https:\\\/\\\/www.predsjednik.hr\\\/en\\\/#website\"},\"primaryImageOfPage\":{\"@id\":\"https:\\\/\\\/www.predsjednik.hr\\\/en\\\/news\\\/president-milanovic-in-vukovar-sends-message-to-serbia-you-owe-us-information-on-the-missing-persons-without-that-you-wont-get-far-on-the-european-path\\\/#primaryimage\"},\"image\":{\"@id\":\"https:\\\/\\\/www.predsjednik.hr\\\/en\\\/news\\\/president-milanovic-in-vukovar-sends-message-to-serbia-you-owe-us-information-on-the-missing-persons-without-that-you-wont-get-far-on-the-european-path\\\/#primaryimage\"},\"thumbnailUrl\":\"https:\\\/\\\/www.predsjednik.hr\\\/wp-content\\\/uploads\\\/2022\\\/07\\\/DSC_1036.jpg\",\"datePublished\":\"2022-07-05T14:32:35+00:00\",\"dateModified\":\"2022-07-05T14:32:37+00:00\",\"breadcrumb\":{\"@id\":\"https:\\\/\\\/www.predsjednik.hr\\\/en\\\/news\\\/president-milanovic-in-vukovar-sends-message-to-serbia-you-owe-us-information-on-the-missing-persons-without-that-you-wont-get-far-on-the-european-path\\\/#breadcrumb\"},\"inLanguage\":\"en-US\",\"potentialAction\":[{\"@type\":\"ReadAction\",\"target\":[\"https:\\\/\\\/www.predsjednik.hr\\\/en\\\/news\\\/president-milanovic-in-vukovar-sends-message-to-serbia-you-owe-us-information-on-the-missing-persons-without-that-you-wont-get-far-on-the-european-path\\\/\"]}]},{\"@type\":\"ImageObject\",\"inLanguage\":\"en-US\",\"@id\":\"https:\\\/\\\/www.predsjednik.hr\\\/en\\\/news\\\/president-milanovic-in-vukovar-sends-message-to-serbia-you-owe-us-information-on-the-missing-persons-without-that-you-wont-get-far-on-the-european-path\\\/#primaryimage\",\"url\":\"https:\\\/\\\/www.predsjednik.hr\\\/wp-content\\\/uploads\\\/2022\\\/07\\\/DSC_1036.jpg\",\"contentUrl\":\"https:\\\/\\\/www.predsjednik.hr\\\/wp-content\\\/uploads\\\/2022\\\/07\\\/DSC_1036.jpg\",\"width\":5441,\"height\":3639,\"caption\":\"The President of the Republic and Commander in Chief of the Croatian Armed Forces Zoran Milanovi\u0107 took part today in a ceremony commemorating the 15th anniversary of the death of Vukovar\u2019s legendary defender, Croatian army Lieutenant colonel Marko Babi\u0107.\"},{\"@type\":\"BreadcrumbList\",\"@id\":\"https:\\\/\\\/www.predsjednik.hr\\\/en\\\/news\\\/president-milanovic-in-vukovar-sends-message-to-serbia-you-owe-us-information-on-the-missing-persons-without-that-you-wont-get-far-on-the-european-path\\\/#breadcrumb\",\"itemListElement\":[{\"@type\":\"ListItem\",\"position\":1,\"name\":\"Home\",\"item\":\"https:\\\/\\\/www.predsjednik.hr\\\/en\\\/\"},{\"@type\":\"ListItem\",\"position\":2,\"name\":\"Vijesti\",\"item\":\"https:\\\/\\\/www.predsjednik.hr\\\/en\\\/news\\\/\"},{\"@type\":\"ListItem\",\"position\":3,\"name\":\"President Milanovi\u0107 in Vukovar sends message to Serbia: You owe us information on the missing persons, without that you won\u2019t get far on the European path\"}]},{\"@type\":\"WebSite\",\"@id\":\"https:\\\/\\\/www.predsjednik.hr\\\/en\\\/#website\",\"url\":\"https:\\\/\\\/www.predsjednik.hr\\\/en\\\/\",\"name\":\"President of the Republic of Croatia - Zoran Milanovi\u0107\",\"description\":\"Just another WordPress site\",\"potentialAction\":[{\"@type\":\"SearchAction\",\"target\":{\"@type\":\"EntryPoint\",\"urlTemplate\":\"https:\\\/\\\/www.predsjednik.hr\\\/en\\\/?s={search_term_string}\"},\"query-input\":{\"@type\":\"PropertyValueSpecification\",\"valueRequired\":true,\"valueName\":\"search_term_string\"}}],\"inLanguage\":\"en-US\"}]}<\/script>\n<!-- \/ Yoast SEO plugin. -->","yoast_head_json":{"title":"President Milanovi\u0107 in Vukovar sends message to Serbia: You owe us information on the missing persons, without that you won\u2019t get far on the European path - President of the Republic of Croatia - Zoran Milanovi\u0107","robots":{"index":"index","follow":"follow","max-snippet":"max-snippet:-1","max-image-preview":"max-image-preview:large","max-video-preview":"max-video-preview:-1"},"canonical":"https:\/\/www.predsjednik.hr\/en\/news\/president-milanovic-in-vukovar-sends-message-to-serbia-you-owe-us-information-on-the-missing-persons-without-that-you-wont-get-far-on-the-european-path\/","og_locale":"en_US","og_type":"article","og_title":"President Milanovi\u0107 in Vukovar sends message to Serbia: You owe us information on the missing persons, without that you won\u2019t get far on the European path - President of the Republic of Croatia - Zoran Milanovi\u0107","og_description":"The President of the Republic and Commander in Chief of the Croatian Armed Forces Zoran Milanovi\u0107 took part today in a ceremony commemorating the 15th anniversary of the death of Vukovar\u2019s legendary defender, Croatian army Lieutenant colonel Marko Babi\u0107.","og_url":"https:\/\/www.predsjednik.hr\/en\/news\/president-milanovic-in-vukovar-sends-message-to-serbia-you-owe-us-information-on-the-missing-persons-without-that-you-wont-get-far-on-the-european-path\/","og_site_name":"President of the Republic of Croatia - Zoran Milanovi\u0107","article_modified_time":"2022-07-05T14:32:37+00:00","og_image":[{"width":5441,"height":3639,"url":"https:\/\/www.predsjednik.hr\/wp-content\/uploads\/2022\/07\/DSC_1036.jpg","type":"image\/jpeg"}],"twitter_card":"summary_large_image","twitter_misc":{"Est. reading time":"4 minutes"},"schema":{"@context":"https:\/\/schema.org","@graph":[{"@type":"WebPage","@id":"https:\/\/www.predsjednik.hr\/en\/news\/president-milanovic-in-vukovar-sends-message-to-serbia-you-owe-us-information-on-the-missing-persons-without-that-you-wont-get-far-on-the-european-path\/","url":"https:\/\/www.predsjednik.hr\/en\/news\/president-milanovic-in-vukovar-sends-message-to-serbia-you-owe-us-information-on-the-missing-persons-without-that-you-wont-get-far-on-the-european-path\/","name":"President Milanovi\u0107 in Vukovar sends message to Serbia: You owe us information on the missing persons, without that you won\u2019t get far on the European path - President of the Republic of Croatia - Zoran Milanovi\u0107","isPartOf":{"@id":"https:\/\/www.predsjednik.hr\/en\/#website"},"primaryImageOfPage":{"@id":"https:\/\/www.predsjednik.hr\/en\/news\/president-milanovic-in-vukovar-sends-message-to-serbia-you-owe-us-information-on-the-missing-persons-without-that-you-wont-get-far-on-the-european-path\/#primaryimage"},"image":{"@id":"https:\/\/www.predsjednik.hr\/en\/news\/president-milanovic-in-vukovar-sends-message-to-serbia-you-owe-us-information-on-the-missing-persons-without-that-you-wont-get-far-on-the-european-path\/#primaryimage"},"thumbnailUrl":"https:\/\/www.predsjednik.hr\/wp-content\/uploads\/2022\/07\/DSC_1036.jpg","datePublished":"2022-07-05T14:32:35+00:00","dateModified":"2022-07-05T14:32:37+00:00","breadcrumb":{"@id":"https:\/\/www.predsjednik.hr\/en\/news\/president-milanovic-in-vukovar-sends-message-to-serbia-you-owe-us-information-on-the-missing-persons-without-that-you-wont-get-far-on-the-european-path\/#breadcrumb"},"inLanguage":"en-US","potentialAction":[{"@type":"ReadAction","target":["https:\/\/www.predsjednik.hr\/en\/news\/president-milanovic-in-vukovar-sends-message-to-serbia-you-owe-us-information-on-the-missing-persons-without-that-you-wont-get-far-on-the-european-path\/"]}]},{"@type":"ImageObject","inLanguage":"en-US","@id":"https:\/\/www.predsjednik.hr\/en\/news\/president-milanovic-in-vukovar-sends-message-to-serbia-you-owe-us-information-on-the-missing-persons-without-that-you-wont-get-far-on-the-european-path\/#primaryimage","url":"https:\/\/www.predsjednik.hr\/wp-content\/uploads\/2022\/07\/DSC_1036.jpg","contentUrl":"https:\/\/www.predsjednik.hr\/wp-content\/uploads\/2022\/07\/DSC_1036.jpg","width":5441,"height":3639,"caption":"The President of the Republic and Commander in Chief of the Croatian Armed Forces Zoran Milanovi\u0107 took part today in a ceremony commemorating the 15th anniversary of the death of Vukovar\u2019s legendary defender, Croatian army Lieutenant colonel Marko Babi\u0107."},{"@type":"BreadcrumbList","@id":"https:\/\/www.predsjednik.hr\/en\/news\/president-milanovic-in-vukovar-sends-message-to-serbia-you-owe-us-information-on-the-missing-persons-without-that-you-wont-get-far-on-the-european-path\/#breadcrumb","itemListElement":[{"@type":"ListItem","position":1,"name":"Home","item":"https:\/\/www.predsjednik.hr\/en\/"},{"@type":"ListItem","position":2,"name":"Vijesti","item":"https:\/\/www.predsjednik.hr\/en\/news\/"},{"@type":"ListItem","position":3,"name":"President Milanovi\u0107 in Vukovar sends message to Serbia: You owe us information on the missing persons, without that you won\u2019t get far on the European path"}]},{"@type":"WebSite","@id":"https:\/\/www.predsjednik.hr\/en\/#website","url":"https:\/\/www.predsjednik.hr\/en\/","name":"President of the Republic of Croatia - Zoran Milanovi\u0107","description":"Just another WordPress site","potentialAction":[{"@type":"SearchAction","target":{"@type":"EntryPoint","urlTemplate":"https:\/\/www.predsjednik.hr\/en\/?s={search_term_string}"},"query-input":{"@type":"PropertyValueSpecification","valueRequired":true,"valueName":"search_term_string"}}],"inLanguage":"en-US"}]}},"_links":{"self":[{"href":"https:\/\/www.predsjednik.hr\/en\/wp-json\/wp\/v2\/news\/18177","targetHints":{"allow":["GET"]}}],"collection":[{"href":"https:\/\/www.predsjednik.hr\/en\/wp-json\/wp\/v2\/news"}],"about":[{"href":"https:\/\/www.predsjednik.hr\/en\/wp-json\/wp\/v2\/types\/news"}],"wp:featuredmedia":[{"embeddable":true,"href":"https:\/\/www.predsjednik.hr\/en\/wp-json\/wp\/v2\/media\/18173"}],"wp:attachment":[{"href":"https:\/\/www.predsjednik.hr\/en\/wp-json\/wp\/v2\/media?parent=18177"}],"wp:term":[{"taxonomy":"news-cat","embeddable":true,"href":"https:\/\/www.predsjednik.hr\/en\/wp-json\/wp\/v2\/news-cat?post=18177"}],"curies":[{"name":"wp","href":"https:\/\/api.w.org\/{rel}","templated":true}]}}